{"id":986,"date":"2018-07-16T22:07:09","date_gmt":"2018-07-16T22:07:09","guid":{"rendered":"https:\/\/mexicocodigorojo.com.mx\/?p=986"},"modified":"2018-07-16T22:57:27","modified_gmt":"2018-07-16T22:57:27","slug":"acribillan-a-simon-el-americano-afuera-de-un-bar-en-manzanillo","status":"publish","type":"post","link":"https:\/\/mexicocodigorojo.com.mx\/?p=986","title":{"rendered":"Acribillan a \u2018Sim\u00f3n el Americano\u2019 afuera de un bar en Manzanillo"},"content":{"rendered":"<p>Las autoridades del Estado de Colima confirmaron la muerte de Luis Antonio Torres G., alias \u201cSim\u00f3n El Americano\u201d\u00a0fundador del grupo armado \u201cLos H3\u201d, estaba relacionado con El C\u00e1rtel de\u00a0Colima, donde limita su presencia a esa entidad federativa, revelaron\u00a0fuentes oficiales.<\/p>\n<p>Los hechos se suscitaron sobre el bulevar costero Miguel de la Madrid,\u00a0en la zona tur\u00edstica de Manzanillo, luego de que varios sujetos a bordo de motocicletas sacaran sus armas y dispararan en repetidas ocasiones contra\u00a0el quien fuera tambi\u00e9n fundador de \u201cLos Autodefensas en Buenavista Michoac\u00e1n\u201d.<\/p>\n<p>\u201cSim\u00f3n El Americano\u201d, como era conocido, se encontraba al\u00a0exterior de un table dance o sal\u00f3n de baile conocido como \u201cBar Nudus\u201d, en\u00a0el cual quedaron varios impactos sobre la fachada.<\/p>\n<p style=\"text-align: left;\">El cuerpo de Luis Antonio Torres, presenta cuatro impactos y qued\u00f3 en el interior del veh\u00edculo en el que se transportaba, del cual no se\u00a0mencionaron m\u00e1s datos, se desconoce si hab\u00eda acompa\u00f1antes o si hubo m\u00e1s.<\/p>\n","protected":false},"excerpt":{"rendered":"<p>Las autoridades del Estado de Colima confirmaron la muerte de Luis Antonio Torres G., alias \u201cSim\u00f3n El Americano\u201d\u00a0fundador del grupo armado \u201cLos H3\u201d, estaba relacionado con El C\u00e1rtel de\u00a0Colima, donde limita su presencia a esa entidad federativa, revelaron\u00a0fuentes oficiales. Los hechos se suscitaron sobre el bulevar costero Miguel de la Madrid,\u00a0en la zona tur\u00edstica de [&hellip;]<\/p>\n","protected":false},"author":5,"featured_media":987,"comment_status":"open","ping_status":"open","sticky":false,"template":"","format":"standard","meta":{"_uf_show_specific_survey":0,"_uf_disable_surveys":false,"advanced_seo_description":"","jetpack_seo_html_title":"","jetpack_seo_noindex":false,"jetpack_post_was_ever_published":false,"_jetpack_newsletter_access":"","_jetpack_dont_email_post_to_subs":false,"_jetpack_newsletter_tier_id":0,"_jetpack_memberships_contains_paywalled_content":false,"_jetpack_memberships_contains_paid_content":false,"footnotes":"","jetpack_publicize_message":"","jetpack_publicize_feature_enabled":true,"jetpack_social_post_already_shared":false,"jetpack_social_options":{"image_generator_settings":{"template":"highway","default_image_id":0,"font":"","enabled":false},"version":2}},"categories":[104],"tags":[],"class_list":{"0":"post-986","1":"post","2":"type-post","3":"status-publish","4":"format-standard","5":"has-post-thumbnail","7":"category-colima"},"jetpack_publicize_connections":[],"jetpack_featured_media_url":"https:\/\/i0.wp.com\/mexicocodigorojo.com.mx\/wp-content\/uploads\/2018\/07\/72858E0D-82A9-4A0F-AAD9-42808D736B56.png?fit=280%2C205&ssl=1","jetpack-related-posts":[{"id":56173,"url":"https:\/\/mexicocodigorojo.com.mx\/?p=56173","url_meta":{"origin":986,"position":0},"title":"\u201cLos Mezcales\u201d asesinan a aduanal de Manzanillo por no cumplir","author":"MexicoRojoCvmx","date":"mayo 29, 2023","format":false,"excerpt":"Colima.\u2014 El domingo 28 de mayo, Sergio Emmanuel Mart\u00ednez Covarrubias, quien hab\u00eda sido recientemente designado como subadministrador de Operaci\u00f3n Aduanera en Manzanillo, fue brutalmente asesinado mientras desayunaba en el restaurante Sabor Veracruzano, ubicado en el Boulevard Licenciado Miguel de la Madrid Hurtado 1521, en Playa Azul Salagua, Manzanillo, Colima. De\u2026","rel":"","context":"En \u00abFeatured\u00bb","block_context":{"text":"Featured","link":"https:\/\/mexicocodigorojo.com.mx\/?cat=1724"},"img":{"alt_text":"","src":"https:\/\/i0.wp.com\/mexicocodigorojo.com.mx\/wp-content\/uploads\/2023\/05\/notacolima.jpg?fit=768%2C512&ssl=1&resize=350%2C200","width":350,"height":200,"srcset":"https:\/\/i0.wp.com\/mexicocodigorojo.com.mx\/wp-content\/uploads\/2023\/05\/notacolima.jpg?fit=768%2C512&ssl=1&resize=350%2C200 1x, https:\/\/i0.wp.com\/mexicocodigorojo.com.mx\/wp-content\/uploads\/2023\/05\/notacolima.jpg?fit=768%2C512&ssl=1&resize=525%2C300 1.5x, https:\/\/i0.wp.com\/mexicocodigorojo.com.mx\/wp-content\/uploads\/2023\/05\/notacolima.jpg?fit=768%2C512&ssl=1&resize=700%2C400 2x"},"classes":[]},{"id":39018,"url":"https:\/\/mexicocodigorojo.com.mx\/?p=39018","url_meta":{"origin":986,"position":1},"title":"Localizan camioneta con polic\u00edas asesinados en Manzanillo","author":"Staff","date":"junio 2, 2020","format":false,"excerpt":"El hallazgo de los restos humanos ocurri\u00f3 junto a la cancha de futbol de la comunidad de Cedros, ubicada al norte del municipio de Manzanillo, Colima COLIMA Este lunes 1 de junio cerca de las 11 de la ma\u00f1ana, fue localizada una\u00a0camioneta con varios cad\u00e1veres\u00a0en su interior. El hecho ocurri\u00f3\u2026","rel":"","context":"En \u00abColima\u00bb","block_context":{"text":"Colima","link":"https:\/\/mexicocodigorojo.com.mx\/?cat=104"},"img":{"alt_text":"","src":"https:\/\/i0.wp.com\/mexicocodigorojo.com.mx\/wp-content\/uploads\/2020\/06\/2371712.jpg?fit=664%2C498&ssl=1&resize=350%2C200","width":350,"height":200,"srcset":"https:\/\/i0.wp.com\/mexicocodigorojo.com.mx\/wp-content\/uploads\/2020\/06\/2371712.jpg?fit=664%2C498&ssl=1&resize=350%2C200 1x, https:\/\/i0.wp.com\/mexicocodigorojo.com.mx\/wp-content\/uploads\/2020\/06\/2371712.jpg?fit=664%2C498&ssl=1&resize=525%2C300 1.5x"},"classes":[]},{"id":22096,"url":"https:\/\/mexicocodigorojo.com.mx\/?p=22096","url_meta":{"origin":986,"position":2},"title":"Asesinan a seis en centro de rehabilitaci\u00f3n de Manzanillo, Colima","author":"Staff","date":"agosto 15, 2019","format":false,"excerpt":"Hombres armados ingresaron al Centro de Rehabilitaci\u00f3n \u2018Grupo Nueva Vida\u2019 en\u00a0Manzanillo,\u00a0Colima, y asesinaron a seis personas que se encontraban internadas por problemas de alcohol y drogas. Seg\u00fan las investigaciones alrededor de las siete de la noche del pasado 14 de agosto, varios hombres armados entraron al lugar aprovechando que la\u2026","rel":"","context":"En \u00abColima\u00bb","block_context":{"text":"Colima","link":"https:\/\/mexicocodigorojo.com.mx\/?cat=104"},"img":{"alt_text":"","src":"https:\/\/i0.wp.com\/mexicocodigorojo.com.mx\/wp-content\/uploads\/2019\/08\/asesinan-a-seis-personas-en-manzanillo-colima.jpg?fit=675%2C470&ssl=1&resize=350%2C200","width":350,"height":200,"srcset":"https:\/\/i0.wp.com\/mexicocodigorojo.com.mx\/wp-content\/uploads\/2019\/08\/asesinan-a-seis-personas-en-manzanillo-colima.jpg?fit=675%2C470&ssl=1&resize=350%2C200 1x, https:\/\/i0.wp.com\/mexicocodigorojo.com.mx\/wp-content\/uploads\/2019\/08\/asesinan-a-seis-personas-en-manzanillo-colima.jpg?fit=675%2C470&ssl=1&resize=525%2C300 1.5x"},"classes":[]},{"id":23100,"url":"https:\/\/mexicocodigorojo.com.mx\/?p=23100","url_meta":{"origin":986,"position":3},"title":"Videos; As\u00ed se vio la impactante tromba marina en Manzanillo","author":"Staff","date":"septiembre 4, 2019","format":false,"excerpt":"Manzanillo, Colima.- La formaci\u00f3n de una tromba marina sorprendi\u00f3 la tarde de este mi\u00e9rcoles\u00a0a los habitantes y turistas del puerto de Manzanillo. El inusual fen\u00f3meno fue visto desde diferentes partes de Manzanillo, fue captado por decenas de personas, los videos y fotograf\u00edas se hicieron virales en las redes sociales. Hace\u2026","rel":"","context":"En \u00abColima\u00bb","block_context":{"text":"Colima","link":"https:\/\/mexicocodigorojo.com.mx\/?cat=104"},"img":{"alt_text":"","src":"https:\/\/i0.wp.com\/mexicocodigorojo.com.mx\/wp-content\/uploads\/2019\/09\/tromba_marina_en_manzanillo_crop1567632681183.jpg_219914347.jpg?fit=960%2C540&ssl=1&resize=350%2C200","width":350,"height":200,"srcset":"https:\/\/i0.wp.com\/mexicocodigorojo.com.mx\/wp-content\/uploads\/2019\/09\/tromba_marina_en_manzanillo_crop1567632681183.jpg_219914347.jpg?fit=960%2C540&ssl=1&resize=350%2C200 1x, https:\/\/i0.wp.com\/mexicocodigorojo.com.mx\/wp-content\/uploads\/2019\/09\/tromba_marina_en_manzanillo_crop1567632681183.jpg_219914347.jpg?fit=960%2C540&ssl=1&resize=525%2C300 1.5x, https:\/\/i0.wp.com\/mexicocodigorojo.com.mx\/wp-content\/uploads\/2019\/09\/tromba_marina_en_manzanillo_crop1567632681183.jpg_219914347.jpg?fit=960%2C540&ssl=1&resize=700%2C400 2x"},"classes":[]},{"id":9928,"url":"https:\/\/mexicocodigorojo.com.mx\/?p=9928","url_meta":{"origin":986,"position":4},"title":"La Secretar\u00eda de Marina-Armada de M\u00e9xico asegura aproximadamente 100 kg de presunta coca\u00edna en el recinto portuario de Manzanillo, Colima","author":"Staff","date":"diciembre 5, 2018","format":false,"excerpt":"Ciudad de M\u00e9xico, 30 de noviembre de 2018. - La Secretar\u00eda de Marina-Armada de M\u00e9xico como Autoridad Mar\u00edtima Nacional y en funciones de Guardia Costera informa que hoy, personal naval adscrito a la Sexta Regi\u00f3n Naval, en coordinaci\u00f3n con la Aduana Mar\u00edtima de Manzanillo, asegur\u00f3 tres maletas que conten\u00edan en\u2026","rel":"","context":"En \u00abColima\u00bb","block_context":{"text":"Colima","link":"https:\/\/mexicocodigorojo.com.mx\/?cat=104"},"img":{"alt_text":"","src":"https:\/\/i0.wp.com\/mexicocodigorojo.com.mx\/wp-content\/uploads\/2018\/12\/post_SEMAR_COMUNICADO_187_18_FOTO___2_.jpg?fit=385%2C227&ssl=1&resize=350%2C200","width":350,"height":200},"classes":[]},{"id":63463,"url":"https:\/\/mexicocodigorojo.com.mx\/?p=63463","url_meta":{"origin":986,"position":5},"title":"La Marina neutraliza al \u2018Chabelo\u2019, l\u00edder del C\u00e1rtel de Sinaloa en Manzanillo","author":"Staff","date":"diciembre 16, 2024","format":false,"excerpt":"Cuatro muertos fue el saldo de una balacera y una persecuci\u00f3n en el municipio de Manzanillo, la tarde de este domingo. La\u00a0Fiscal\u00eda General del Estado de Colima, confirm\u00f3 la muerte de Jos\u00e9 Isabel \u201cN\u201d, alias el \u2018Chabelo\u2019, quien se desempe\u00f1aba como l\u00edder del\u00a0C\u00e1rtel de Sinaloa\u00a0en el municipio de Manzanillo. Un\u2026","rel":"","context":"En \u00abColima\u00bb","block_context":{"text":"Colima","link":"https:\/\/mexicocodigorojo.com.mx\/?cat=104"},"img":{"alt_text":"","src":"https:\/\/i0.wp.com\/mexicocodigorojo.com.mx\/wp-content\/uploads\/2024\/12\/3229452-1.jpg?fit=1200%2C900&ssl=1&resize=350%2C200","width":350,"height":200,"srcset":"https:\/\/i0.wp.com\/mexicocodigorojo.com.mx\/wp-content\/uploads\/2024\/12\/3229452-1.jpg?fit=1200%2C900&ssl=1&resize=350%2C200 1x, https:\/\/i0.wp.com\/mexicocodigorojo.com.mx\/wp-content\/uploads\/2024\/12\/3229452-1.jpg?fit=1200%2C900&ssl=1&resize=525%2C300 1.5x, https:\/\/i0.wp.com\/mexicocodigorojo.com.mx\/wp-content\/uploads\/2024\/12\/3229452-1.jpg?fit=1200%2C900&ssl=1&resize=700%2C400 2x, https:\/\/i0.wp.com\/mexicocodigorojo.com.mx\/wp-content\/uploads\/2024\/12\/3229452-1.jpg?fit=1200%2C900&ssl=1&resize=1050%2C600 3x"},"classes":[]}],"jetpack_sharing_enabled":true,"jetpack_likes_enabled":true,"jetpack_shortlink":"https:\/\/wp.me\/p9TedA-fU","_links":{"self":[{"href":"https:\/\/mexicocodigorojo.com.mx\/index.php?rest_route=\/wp\/v2\/posts\/986","targetHints":{"allow":["GET"]}}],"collection":[{"href":"https:\/\/mexicocodigorojo.com.mx\/index.php?rest_route=\/wp\/v2\/posts"}],"about":[{"href":"https:\/\/mexicocodigorojo.com.mx\/index.php?rest_route=\/wp\/v2\/types\/post"}],"author":[{"embeddable":true,"href":"https:\/\/mexicocodigorojo.com.mx\/index.php?rest_route=\/wp\/v2\/users\/5"}],"replies":[{"embeddable":true,"href":"https:\/\/mexicocodigorojo.com.mx\/index.php?rest_route=%2Fwp%2Fv2%2Fcomments&post=986"}],"version-history":[{"count":0,"href":"https:\/\/mexicocodigorojo.com.mx\/index.php?rest_route=\/wp\/v2\/posts\/986\/revisions"}],"wp:featuredmedia":[{"embeddable":true,"href":"https:\/\/mexicocodigorojo.com.mx\/index.php?rest_route=\/wp\/v2\/media\/987"}],"wp:attachment":[{"href":"https:\/\/mexicocodigorojo.com.mx\/index.php?rest_route=%2Fwp%2Fv2%2Fmedia&parent=986"}],"wp:term":[{"taxonomy":"category","embeddable":true,"href":"https:\/\/mexicocodigorojo.com.mx\/index.php?rest_route=%2Fwp%2Fv2%2Fcategories&post=986"},{"taxonomy":"post_tag","embeddable":true,"href":"https:\/\/mexicocodigorojo.com.mx\/index.php?rest_route=%2Fwp%2Fv2%2Ftags&post=986"}],"curies":[{"name":"wp","href":"https:\/\/api.w.org\/{rel}","templated":true}]}}