{"id":972,"date":"2018-07-13T22:32:55","date_gmt":"2018-07-13T22:32:55","guid":{"rendered":"https:\/\/mexicocodigorojo.com.mx\/?p=972"},"modified":"2018-07-16T17:13:39","modified_gmt":"2018-07-16T17:13:39","slug":"grupo-armado-ejecuta-a-joven-en-la-gabriel-leyva","status":"publish","type":"post","link":"https:\/\/mexicocodigorojo.com.mx\/?p=972","title":{"rendered":"Grupo armado ejecuta a joven en la Gabriel Leyva"},"content":{"rendered":"<div>Un joven que est\u00e1 sin identificar fue asesinado de varios balazos de dos tipos de arma la tarde de este jueves.<\/div>\n<div><\/div>\n<div><img data-recalc-dims=\"1\" loading=\"lazy\" decoding=\"async\" data-attachment-id=\"974\" data-permalink=\"https:\/\/mexicocodigorojo.com.mx\/?attachment_id=974\" data-orig-file=\"https:\/\/i0.wp.com\/mexicocodigorojo.com.mx\/wp-content\/uploads\/2018\/07\/3E6B926E-17A6-43F7-B6C7-A027D78B234C.jpeg?fit=640%2C365&amp;ssl=1\" data-orig-size=\"640,365\" data-comments-opened=\"1\" data-image-meta=\"{&quot;aperture&quot;:&quot;0&quot;,&quot;credit&quot;:&quot;Alec&quot;,&quot;camera&quot;:&quot;&quot;,&quot;caption&quot;:&quot;&quot;,&quot;created_timestamp&quot;:&quot;0&quot;,&quot;copyright&quot;:&quot;&quot;,&quot;focal_length&quot;:&quot;0&quot;,&quot;iso&quot;:&quot;0&quot;,&quot;shutter_speed&quot;:&quot;0&quot;,&quot;title&quot;:&quot;&quot;,&quot;orientation&quot;:&quot;0&quot;}\" data-image-title=\"3E6B926E-17A6-43F7-B6C7-A027D78B234C\" data-image-description=\"\" data-image-caption=\"\" data-large-file=\"https:\/\/i0.wp.com\/mexicocodigorojo.com.mx\/wp-content\/uploads\/2018\/07\/3E6B926E-17A6-43F7-B6C7-A027D78B234C.jpeg?fit=640%2C365&amp;ssl=1\" class=\"alignnone size-medium wp-image-974\" src=\"https:\/\/i0.wp.com\/mexicocodigorojo.com.mx\/wp-content\/uploads\/2018\/07\/3E6B926E-17A6-43F7-B6C7-A027D78B234C.jpeg?resize=300%2C171&#038;ssl=1\" alt=\"\" width=\"300\" height=\"171\" srcset=\"https:\/\/i0.wp.com\/mexicocodigorojo.com.mx\/wp-content\/uploads\/2018\/07\/3E6B926E-17A6-43F7-B6C7-A027D78B234C.jpeg?resize=300%2C171&amp;ssl=1 300w, https:\/\/i0.wp.com\/mexicocodigorojo.com.mx\/wp-content\/uploads\/2018\/07\/3E6B926E-17A6-43F7-B6C7-A027D78B234C.jpeg?w=640&amp;ssl=1 640w\" sizes=\"auto, (max-width: 300px) 100vw, 300px\" \/><\/p>\n<p>Ello cuando conduc\u00eda una camioneta de la marca Chevrolet Cheyene modelo reciente color rojo sobre la avenida Eustaquio Buelna entre Mario Camelo y Mariano Romero de la colonia Gabriel Leyva.<\/p>\n<p>Las autoridades informaron que un grupo armado intercept\u00f3 al joven y posteriormente le realiz\u00f3 varios disparos con dos armas cortas los cuales les dieron muerte.<\/p><\/div>\n<div><img data-recalc-dims=\"1\" loading=\"lazy\" decoding=\"async\" data-attachment-id=\"975\" data-permalink=\"https:\/\/mexicocodigorojo.com.mx\/?attachment_id=975\" data-orig-file=\"https:\/\/i0.wp.com\/mexicocodigorojo.com.mx\/wp-content\/uploads\/2018\/07\/A99FCE69-22E2-41F7-92BF-5C74B0169E50.jpeg?fit=469%2C293&amp;ssl=1\" data-orig-size=\"469,293\" data-comments-opened=\"1\" data-image-meta=\"{&quot;aperture&quot;:&quot;0&quot;,&quot;credit&quot;:&quot;Alec&quot;,&quot;camera&quot;:&quot;&quot;,&quot;caption&quot;:&quot;&quot;,&quot;created_timestamp&quot;:&quot;0&quot;,&quot;copyright&quot;:&quot;&quot;,&quot;focal_length&quot;:&quot;0&quot;,&quot;iso&quot;:&quot;0&quot;,&quot;shutter_speed&quot;:&quot;0&quot;,&quot;title&quot;:&quot;&quot;,&quot;orientation&quot;:&quot;0&quot;}\" data-image-title=\"A99FCE69-22E2-41F7-92BF-5C74B0169E50\" data-image-description=\"\" data-image-caption=\"\" data-large-file=\"https:\/\/i0.wp.com\/mexicocodigorojo.com.mx\/wp-content\/uploads\/2018\/07\/A99FCE69-22E2-41F7-92BF-5C74B0169E50.jpeg?fit=469%2C293&amp;ssl=1\" class=\"alignnone size-medium wp-image-975\" src=\"https:\/\/i0.wp.com\/mexicocodigorojo.com.mx\/wp-content\/uploads\/2018\/07\/A99FCE69-22E2-41F7-92BF-5C74B0169E50.jpeg?resize=300%2C187&#038;ssl=1\" alt=\"\" width=\"300\" height=\"187\" srcset=\"https:\/\/i0.wp.com\/mexicocodigorojo.com.mx\/wp-content\/uploads\/2018\/07\/A99FCE69-22E2-41F7-92BF-5C74B0169E50.jpeg?resize=300%2C187&amp;ssl=1 300w, https:\/\/i0.wp.com\/mexicocodigorojo.com.mx\/wp-content\/uploads\/2018\/07\/A99FCE69-22E2-41F7-92BF-5C74B0169E50.jpeg?w=469&amp;ssl=1 469w\" sizes=\"auto, (max-width: 300px) 100vw, 300px\" \/><\/p>\n<p>Instantes despu\u00e9s falleci\u00f3 recostado sobre el asiento. Al lugar acudieron elementos de la Cruz Roja que confirmaron la muerte de la v\u00edctima mientras que las autoridades localizaron varios casquillos y cartuchos \u00fatiles de armas calibre 9 y 40 mil\u00edmetros.<\/p><\/div>\n","protected":false},"excerpt":{"rendered":"<p>Un joven que est\u00e1 sin identificar fue asesinado de varios balazos de dos tipos de arma la tarde de este jueves. Ello cuando conduc\u00eda una camioneta de la marca Chevrolet Cheyene modelo reciente color rojo sobre la avenida Eustaquio Buelna entre Mario Camelo y Mariano Romero de la colonia Gabriel Leyva. Las autoridades informaron que [&hellip;]<\/p>\n","protected":false},"author":5,"featured_media":973,"comment_status":"open","ping_status":"open","sticky":false,"template":"","format":"standard","meta":{"_uf_show_specific_survey":0,"_uf_disable_surveys":false,"advanced_seo_description":"","jetpack_seo_html_title":"","jetpack_seo_noindex":false,"jetpack_post_was_ever_published":false,"_jetpack_newsletter_access":"","_jetpack_dont_email_post_to_subs":false,"_jetpack_newsletter_tier_id":0,"_jetpack_memberships_contains_paywalled_content":false,"_jetpack_memberships_contains_paid_content":false,"footnotes":"","jetpack_publicize_message":"","jetpack_publicize_feature_enabled":true,"jetpack_social_post_already_shared":false,"jetpack_social_options":{"image_generator_settings":{"template":"highway","default_image_id":0,"font":"","enabled":false},"version":2}},"categories":[41],"tags":[69,12,60],"class_list":{"0":"post-972","1":"post","2":"type-post","3":"status-publish","4":"format-standard","5":"has-post-thumbnail","7":"category-sinaloa","8":"tag-asesinato","9":"tag-crimen-organizado","10":"tag-policiaca"},"jetpack_publicize_connections":[],"jetpack_featured_media_url":"https:\/\/i0.wp.com\/mexicocodigorojo.com.mx\/wp-content\/uploads\/2018\/07\/2B1C194D-4E96-4569-97AF-89C652166B9C.jpeg?fit=577%2C355&ssl=1","jetpack-related-posts":[{"id":16566,"url":"https:\/\/mexicocodigorojo.com.mx\/?p=16566","url_meta":{"origin":972,"position":0},"title":"Los Negros Grupo paramilitar de La Barbie con el que se enfrentaba a Los Zetas","author":"Staff","date":"abril 21, 2019","format":false,"excerpt":"Los Negros Grupo paramilitar de La Barbie con el que se enfrentaba a Los Zetas Los Negros fue una unidad paramilitar del c\u00e1rtel de los Beltr\u00e1n Leyva cuya misi\u00f3n era hacerle frente a Los Zetas. En sus inicios, los hermanos Beltr\u00e1n Leyva estaban en el centro de las operaciones de\u2026","rel":"","context":"En \u00abGuerrero\u00bb","block_context":{"text":"Guerrero","link":"https:\/\/mexicocodigorojo.com.mx\/?cat=26"},"img":{"alt_text":"","src":"https:\/\/i0.wp.com\/mexicocodigorojo.com.mx\/wp-content\/uploads\/2019\/04\/3-55-768x503-1.jpg?resize=350%2C200&ssl=1","width":350,"height":200,"srcset":"https:\/\/i0.wp.com\/mexicocodigorojo.com.mx\/wp-content\/uploads\/2019\/04\/3-55-768x503-1.jpg?resize=350%2C200&ssl=1 1x, https:\/\/i0.wp.com\/mexicocodigorojo.com.mx\/wp-content\/uploads\/2019\/04\/3-55-768x503-1.jpg?resize=525%2C300&ssl=1 1.5x, https:\/\/i0.wp.com\/mexicocodigorojo.com.mx\/wp-content\/uploads\/2019\/04\/3-55-768x503-1.jpg?resize=700%2C400&ssl=1 2x"},"classes":[]},{"id":16643,"url":"https:\/\/mexicocodigorojo.com.mx\/?p=16643","url_meta":{"origin":972,"position":1},"title":"CONFIRMAN LOS FAMILIARES LA MUERTE DEL BEBE QUE HABIA SOBREVIVIDO AL ATAQUE ARMADO AYER EN COMALCALCO TABASCO","author":"Staff","date":"abril 23, 2019","format":false,"excerpt":"CONFIRMAN LOS FAMILIARES LA MUERTE DEL BEBE QUE HABIA SOBREVIVIDO AL ATAQUE ARMADO AYER EN COMALCALCO TABASCO Luego del ataque armado contra dos mujeres en una carretera de Comalcalco, Tabasco, el beb\u00e9 que sobrevivi\u00f3, junto a otro menor de edad, lamentablemente muri\u00f3, seg\u00fan informaron sus familiares. Este domingo 21 de\u2026","rel":"","context":"En \u00abTabasco\u00bb","block_context":{"text":"Tabasco","link":"https:\/\/mexicocodigorojo.com.mx\/?cat=116"},"img":{"alt_text":"","src":"https:\/\/i0.wp.com\/mexicocodigorojo.com.mx\/wp-content\/uploads\/2019\/04\/FB_IMG_1555893807611-1.jpg?resize=350%2C200&ssl=1","width":350,"height":200,"srcset":"https:\/\/i0.wp.com\/mexicocodigorojo.com.mx\/wp-content\/uploads\/2019\/04\/FB_IMG_1555893807611-1.jpg?resize=350%2C200&ssl=1 1x, https:\/\/i0.wp.com\/mexicocodigorojo.com.mx\/wp-content\/uploads\/2019\/04\/FB_IMG_1555893807611-1.jpg?resize=525%2C300&ssl=1 1.5x"},"classes":[]},{"id":12510,"url":"https:\/\/mexicocodigorojo.com.mx\/?p=12510","url_meta":{"origin":972,"position":2},"title":"VIDEOS: Por radio aviso a sicarios que lo fueran a rescatar y llega un grupo armado del C\u00e1rtel de Sinaloa y se desata una balacera en Culiac\u00e1n Sinaloa","author":"Staff","date":"enero 19, 2019","format":false,"excerpt":"VIDEOS: Por radio aviso a sicarios que lo fueran a rescatar y llega un grupo armado del C\u00e1rtel de Sinaloa y se desata una balacera en Culiac\u00e1n Sinaloa Un joven sospechoso al que se le encontr\u00f3 un arma viajaba en una camioneta GMC cuando fue detenido por los polic\u00edas, durante\u2026","rel":"","context":"En \u00abFeatured\u00bb","block_context":{"text":"Featured","link":"https:\/\/mexicocodigorojo.com.mx\/?cat=1724"},"img":{"alt_text":"","src":"https:\/\/i0.wp.com\/mexicocodigorojo.com.mx\/wp-content\/uploads\/2019\/01\/photoeditor_20190119_062739486572430282.jpg?resize=350%2C200&ssl=1","width":350,"height":200,"srcset":"https:\/\/i0.wp.com\/mexicocodigorojo.com.mx\/wp-content\/uploads\/2019\/01\/photoeditor_20190119_062739486572430282.jpg?resize=350%2C200&ssl=1 1x, https:\/\/i0.wp.com\/mexicocodigorojo.com.mx\/wp-content\/uploads\/2019\/01\/photoeditor_20190119_062739486572430282.jpg?resize=525%2C300&ssl=1 1.5x, https:\/\/i0.wp.com\/mexicocodigorojo.com.mx\/wp-content\/uploads\/2019\/01\/photoeditor_20190119_062739486572430282.jpg?resize=700%2C400&ssl=1 2x, https:\/\/i0.wp.com\/mexicocodigorojo.com.mx\/wp-content\/uploads\/2019\/01\/photoeditor_20190119_062739486572430282.jpg?resize=1050%2C600&ssl=1 3x, https:\/\/i0.wp.com\/mexicocodigorojo.com.mx\/wp-content\/uploads\/2019\/01\/photoeditor_20190119_062739486572430282.jpg?resize=1400%2C800&ssl=1 4x"},"classes":[]},{"id":22627,"url":"https:\/\/mexicocodigorojo.com.mx\/?p=22627","url_meta":{"origin":972,"position":3},"title":"Detienen a grupo armado en San Pedro, Navolato","author":"Staff","date":"agosto 26, 2019","format":false,"excerpt":"Navolato, Sinaloa.- En un operativo conjunto entre autoridades federales y estatales lograron detener sin realizar ning\u00fan disparo a diez hombres, a quienes presuntamente les confiscaron un arsenal y cuatro veh\u00edculos, en hechos registrados en la comisar\u00eda de San Pedro, perteneciente al municipio de Navolato. En informaci\u00f3n proporcionada por la Secretar\u00eda\u2026","rel":"","context":"En \u00abSinaloa\u00bb","block_context":{"text":"Sinaloa","link":"https:\/\/mexicocodigorojo.com.mx\/?cat=41"},"img":{"alt_text":"","src":"https:\/\/i0.wp.com\/mexicocodigorojo.com.mx\/wp-content\/uploads\/2019\/08\/detienen_a_presunto_grupo_armado_en_san_pedrox_navolato_5.jpg_219914347.jpg?fit=960%2C540&ssl=1&resize=350%2C200","width":350,"height":200,"srcset":"https:\/\/i0.wp.com\/mexicocodigorojo.com.mx\/wp-content\/uploads\/2019\/08\/detienen_a_presunto_grupo_armado_en_san_pedrox_navolato_5.jpg_219914347.jpg?fit=960%2C540&ssl=1&resize=350%2C200 1x, https:\/\/i0.wp.com\/mexicocodigorojo.com.mx\/wp-content\/uploads\/2019\/08\/detienen_a_presunto_grupo_armado_en_san_pedrox_navolato_5.jpg_219914347.jpg?fit=960%2C540&ssl=1&resize=525%2C300 1.5x, https:\/\/i0.wp.com\/mexicocodigorojo.com.mx\/wp-content\/uploads\/2019\/08\/detienen_a_presunto_grupo_armado_en_san_pedrox_navolato_5.jpg_219914347.jpg?fit=960%2C540&ssl=1&resize=700%2C400 2x"},"classes":[]},{"id":20555,"url":"https:\/\/mexicocodigorojo.com.mx\/?p=20555","url_meta":{"origin":972,"position":4},"title":"Detienen al presunto asesino del jugador de Dorados de Sinaloa","author":"Staff","date":"julio 25, 2019","format":false,"excerpt":"Autoridades detuvieron al posible asesino de Mirsha Francisco N, el joven jugador de Dorados de Sinaloa muerto con arma blanca el pasado 16 de julio. Culiac\u00e1n, Sinaloa.- Durante esta ma\u00f1ana, se dio a conocer que el posible asesino del joven Mirsha Francisco N, jugador de Dorados de Sinaloa fue detenido\u2026","rel":"","context":"En \u00abSinaloa\u00bb","block_context":{"text":"Sinaloa","link":"https:\/\/mexicocodigorojo.com.mx\/?cat=41"},"img":{"alt_text":"","src":"https:\/\/i0.wp.com\/mexicocodigorojo.com.mx\/wp-content\/uploads\/2019\/07\/detienen_al_posible_asesino_del_jugador_de_dorados_de_sinaloa_crop1563993217905.jpg_1727466156.jpg?fit=960%2C540&ssl=1&resize=350%2C200","width":350,"height":200,"srcset":"https:\/\/i0.wp.com\/mexicocodigorojo.com.mx\/wp-content\/uploads\/2019\/07\/detienen_al_posible_asesino_del_jugador_de_dorados_de_sinaloa_crop1563993217905.jpg_1727466156.jpg?fit=960%2C540&ssl=1&resize=350%2C200 1x, https:\/\/i0.wp.com\/mexicocodigorojo.com.mx\/wp-content\/uploads\/2019\/07\/detienen_al_posible_asesino_del_jugador_de_dorados_de_sinaloa_crop1563993217905.jpg_1727466156.jpg?fit=960%2C540&ssl=1&resize=525%2C300 1.5x, https:\/\/i0.wp.com\/mexicocodigorojo.com.mx\/wp-content\/uploads\/2019\/07\/detienen_al_posible_asesino_del_jugador_de_dorados_de_sinaloa_crop1563993217905.jpg_1727466156.jpg?fit=960%2C540&ssl=1&resize=700%2C400 2x"},"classes":[]},{"id":9318,"url":"https:\/\/mexicocodigorojo.com.mx\/?p=9318","url_meta":{"origin":972,"position":5},"title":"INTENTARON ROBARSE EL CUERPO DE \u00abHECTOR BELTRAN LEYVA\u00bb EL H,PERO NO PUDIERON","author":"Staff","date":"noviembre 23, 2018","format":false,"excerpt":"Haci\u00e9ndose pasar por familiares, dos individuos pretendieron llevarse el cuerpo de H\u00e9ctor Beltr\u00e1n Leyva \"El H\". Un informe del Gobierno Federal detalla que a las 14:05 horas del lunes pasado dos hombres se presentaron en la Fiscal\u00eda General de Justicia del Estado de M\u00e9xico con el fin de reclamar el\u2026","rel":"","context":"En \u00abSinaloa\u00bb","block_context":{"text":"Sinaloa","link":"https:\/\/mexicocodigorojo.com.mx\/?cat=41"},"img":{"alt_text":"","src":"","width":0,"height":0},"classes":[]}],"jetpack_sharing_enabled":true,"jetpack_likes_enabled":true,"jetpack_shortlink":"https:\/\/wp.me\/p9TedA-fG","_links":{"self":[{"href":"https:\/\/mexicocodigorojo.com.mx\/index.php?rest_route=\/wp\/v2\/posts\/972","targetHints":{"allow":["GET"]}}],"collection":[{"href":"https:\/\/mexicocodigorojo.com.mx\/index.php?rest_route=\/wp\/v2\/posts"}],"about":[{"href":"https:\/\/mexicocodigorojo.com.mx\/index.php?rest_route=\/wp\/v2\/types\/post"}],"author":[{"embeddable":true,"href":"https:\/\/mexicocodigorojo.com.mx\/index.php?rest_route=\/wp\/v2\/users\/5"}],"replies":[{"embeddable":true,"href":"https:\/\/mexicocodigorojo.com.mx\/index.php?rest_route=%2Fwp%2Fv2%2Fcomments&post=972"}],"version-history":[{"count":0,"href":"https:\/\/mexicocodigorojo.com.mx\/index.php?rest_route=\/wp\/v2\/posts\/972\/revisions"}],"wp:featuredmedia":[{"embeddable":true,"href":"https:\/\/mexicocodigorojo.com.mx\/index.php?rest_route=\/wp\/v2\/media\/973"}],"wp:attachment":[{"href":"https:\/\/mexicocodigorojo.com.mx\/index.php?rest_route=%2Fwp%2Fv2%2Fmedia&parent=972"}],"wp:term":[{"taxonomy":"category","embeddable":true,"href":"https:\/\/mexicocodigorojo.com.mx\/index.php?rest_route=%2Fwp%2Fv2%2Fcategories&post=972"},{"taxonomy":"post_tag","embeddable":true,"href":"https:\/\/mexicocodigorojo.com.mx\/index.php?rest_route=%2Fwp%2Fv2%2Ftags&post=972"}],"curies":[{"name":"wp","href":"https:\/\/api.w.org\/{rel}","templated":true}]}}