{"id":946,"date":"2018-07-12T02:58:14","date_gmt":"2018-07-12T02:58:14","guid":{"rendered":"https:\/\/mexicocodigorojo.com.mx\/?p=946"},"modified":"2018-07-16T17:13:42","modified_gmt":"2018-07-16T17:13:42","slug":"lopez-obrador-anuncia-que-cancelara-la-compra-de-8-helicopteros-a-eu","status":"publish","type":"post","link":"https:\/\/mexicocodigorojo.com.mx\/?p=946","title":{"rendered":"L\u00d3PEZ OBRADOR ANUNCIA QUE CANCELAR\u00c1 LA COMPRA DE 8 HELIC\u00d3PTEROS A EU"},"content":{"rendered":"<p>\u201cLa compra ser\u00e1 cancelada porque no podemos hacer ese gasto\u201d, dijo el virtual presidente electo mexicano.<\/p>\n<p>El virtual ganador de la elecci\u00f3n presidencial en M\u00e9xico, Andr\u00e9s Manuel L\u00f3pez Obrador, anunci\u00f3 que cancelar\u00eda el plan para comprar ocho helic\u00f3pteros militares a Estados Unidos, como parte de su plan de reducci\u00f3n de costos y austeridad.<\/p>\n<p>Entre las promesas de L\u00f3pez Obrador, que tomar\u00e1 posesi\u00f3n como presidente el pr\u00f3ximo 1 de diciembre, se encuentra el luchar contra la corrupci\u00f3n y reducir el gasto gubernamental.<\/p>\n<p>El virtual ganador de la elecci\u00f3n presidencial en M\u00e9xico dijo que hab\u00eda planes para pagar 26,000 millones de pesos (unos 1,360 millones de d\u00f3lares) por los helic\u00f3pteros que utilizar\u00eda la Marina (Semar).<\/p>\n<p>\u201cLa compra ser\u00e1 cancelada porque no podemos hacer ese gasto\u201d, dijo AMLO a reporteros este mi\u00e9rcoles, luego de una reuni\u00f3n con los pr\u00f3ximos legisladores de Morena.<\/p>\n<p>El pasado mes de abril, el gobierno de Estados Unidos dio a conocer que M\u00e9xico hab\u00eda hecho la solicitud de compra de ocho helic\u00f3pteros MH-60R Seahawk multi-mision, y que la venta fortalecer\u00eda a M\u00e9xico en la lucha contra las organizaciones delictivas.<\/p>\n<p><a href=\"https:\/\/expansion.mx\/mundo\/2018\/04\/19\/eu-aprueba-posible-venta-de-helicopteros-militares-a-mexico\/amp\">El Departamento de Estado de EU aprob\u00f3 la venta de los helic\u00f3pteros<\/a>, construidos por Lockheed Martin, dijo una agencia del Pent\u00e1gono en abril.<\/p>\n<p>Los c\u00e1rteles de la droga hay incrementado sus env\u00edos de coca\u00edna por un exceso de producci\u00f3n en Sudam\u00e9rica a trav\u00e9s de rutas mar\u00edtimas hacia M\u00e9xico, esto de acuerdo con autoridades mexicanas y estadounidenses.<\/p>\n<p>El secretario de Marina, Vidal Francisco Sober\u00f3n Zepeda, no respondi\u00f3 inmediatamente a una solicitud de informaci\u00f3n.<\/p>\n<p>L\u00f3pez Obrador ha anunciado planes para modificar la estrategia nacional en la lucha contra los narcotraficantes, sugiriendo una negociaci\u00f3n de paz y amnist\u00eda para algunas de las personas perseguidas por las fuerzas de seguridad.<\/p>\n<p>Olga S\u00e1nchez, quien ha sido elegida para ser secretaria de Gobernaci\u00f3n, ha dicho que el nuevo gobierno analizar\u00e1 la despenalizaci\u00f3n de la mariguana y la regulaci\u00f3n de la amapola para fines medicinales.<\/p>\n<pre>Fuente: Expansi\u00f3n.mx<\/pre>\n","protected":false},"excerpt":{"rendered":"<p>\u201cLa compra ser\u00e1 cancelada porque no podemos hacer ese gasto\u201d, dijo el virtual presidente electo mexicano. El virtual ganador de la elecci\u00f3n presidencial en M\u00e9xico, Andr\u00e9s Manuel L\u00f3pez Obrador, anunci\u00f3 que cancelar\u00eda el plan para comprar ocho helic\u00f3pteros militares a Estados Unidos, como parte de su plan de reducci\u00f3n de costos y austeridad. Entre las [&hellip;]<\/p>\n","protected":false},"author":5,"featured_media":947,"comment_status":"open","ping_status":"open","sticky":false,"template":"","format":"standard","meta":{"_uf_show_specific_survey":0,"_uf_disable_surveys":false,"advanced_seo_description":"","jetpack_seo_html_title":"","jetpack_seo_noindex":false,"jetpack_post_was_ever_published":false,"_jetpack_newsletter_access":"","_jetpack_dont_email_post_to_subs":false,"_jetpack_newsletter_tier_id":0,"_jetpack_memberships_contains_paywalled_content":false,"_jetpack_memberships_contains_paid_content":false,"footnotes":"","jetpack_publicize_message":"","jetpack_publicize_feature_enabled":true,"jetpack_social_post_already_shared":false,"jetpack_social_options":{"image_generator_settings":{"template":"highway","default_image_id":0,"font":"","enabled":false},"version":2}},"categories":[101],"tags":[45],"class_list":{"0":"post-946","1":"post","2":"type-post","3":"status-publish","4":"format-standard","5":"has-post-thumbnail","7":"category-ciudad-de-mexico","8":"tag-politicos"},"jetpack_publicize_connections":[],"jetpack_featured_media_url":"https:\/\/i0.wp.com\/mexicocodigorojo.com.mx\/wp-content\/uploads\/2018\/07\/DDB5714D-E34E-40FE-B8E5-76059C1E4969.png?fit=600%2C337&ssl=1","jetpack-related-posts":[{"id":27112,"url":"https:\/\/mexicocodigorojo.com.mx\/?p=27112","url_meta":{"origin":946,"position":0},"title":"Sedena cuida a Evo Morales, el Estado Mayor Presidencial ya no existe: AMLO","author":"Staff","date":"noviembre 14, 2019","format":false,"excerpt":"Andr\u00e9s Manuel L\u00f3pez Obrador, presidente de M\u00e9xico, declar\u00f3 que \u00e9l dio la instrucci\u00f3n de que elementos de la\u00a0Secretar\u00eda de la Defensa\u00a0cuiden a\u00a0Evo Morales. Explic\u00f3 que esos elementos podr\u00edan haber formado parte del\u00a0Estado Mayor Presidencial, pero que ese cuerpo de \u00e9lite ya no existe y los oficiales no fueron liquidados, solo\u2026","rel":"","context":"En \u00abCiudad de M\u00e9xico\u00bb","block_context":{"text":"Ciudad de M\u00e9xico","link":"https:\/\/mexicocodigorojo.com.mx\/?cat=101"},"img":{"alt_text":"","src":"https:\/\/i0.wp.com\/mexicocodigorojo.com.mx\/wp-content\/uploads\/2019\/11\/amlo-sedena-cuida-evo-morales-estado-mayor-presidencial-no-existe.jpg?fit=1045%2C602&ssl=1&resize=350%2C200","width":350,"height":200,"srcset":"https:\/\/i0.wp.com\/mexicocodigorojo.com.mx\/wp-content\/uploads\/2019\/11\/amlo-sedena-cuida-evo-morales-estado-mayor-presidencial-no-existe.jpg?fit=1045%2C602&ssl=1&resize=350%2C200 1x, https:\/\/i0.wp.com\/mexicocodigorojo.com.mx\/wp-content\/uploads\/2019\/11\/amlo-sedena-cuida-evo-morales-estado-mayor-presidencial-no-existe.jpg?fit=1045%2C602&ssl=1&resize=525%2C300 1.5x, https:\/\/i0.wp.com\/mexicocodigorojo.com.mx\/wp-content\/uploads\/2019\/11\/amlo-sedena-cuida-evo-morales-estado-mayor-presidencial-no-existe.jpg?fit=1045%2C602&ssl=1&resize=700%2C400 2x"},"classes":[]},{"id":15380,"url":"https:\/\/mexicocodigorojo.com.mx\/?p=15380","url_meta":{"origin":946,"position":1},"title":"L\u00f3pez Obrador revela exceso en gasto de seguridad privada","author":"Staff","date":"marzo 15, 2019","format":false,"excerpt":"CIUDAD DE M\u00c9XICO. \u2013 El presidente Andr\u00e9s Manuel L\u00f3pez Obrador inform\u00f3 que se revisan diversos contratos que administraciones pasadas dieron a empresas privadas de seguridad para el resguardo de instalaciones federales. En ese sentido, el mandatario explic\u00f3 que se tiene informaci\u00f3n de contratos asignados a corporaciones para que al menos\u2026","rel":"","context":"En \u00abCiudad de M\u00e9xico\u00bb","block_context":{"text":"Ciudad de M\u00e9xico","link":"https:\/\/mexicocodigorojo.com.mx\/?cat=101"},"img":{"alt_text":"","src":"https:\/\/i0.wp.com\/mexicocodigorojo.com.mx\/wp-content\/uploads\/2019\/03\/WhatsApp-Image-2019-03-15-at-09.20.55-1078x808.jpeg?fit=1078%2C808&ssl=1&resize=350%2C200","width":350,"height":200,"srcset":"https:\/\/i0.wp.com\/mexicocodigorojo.com.mx\/wp-content\/uploads\/2019\/03\/WhatsApp-Image-2019-03-15-at-09.20.55-1078x808.jpeg?fit=1078%2C808&ssl=1&resize=350%2C200 1x, https:\/\/i0.wp.com\/mexicocodigorojo.com.mx\/wp-content\/uploads\/2019\/03\/WhatsApp-Image-2019-03-15-at-09.20.55-1078x808.jpeg?fit=1078%2C808&ssl=1&resize=525%2C300 1.5x, https:\/\/i0.wp.com\/mexicocodigorojo.com.mx\/wp-content\/uploads\/2019\/03\/WhatsApp-Image-2019-03-15-at-09.20.55-1078x808.jpeg?fit=1078%2C808&ssl=1&resize=700%2C400 2x, https:\/\/i0.wp.com\/mexicocodigorojo.com.mx\/wp-content\/uploads\/2019\/03\/WhatsApp-Image-2019-03-15-at-09.20.55-1078x808.jpeg?fit=1078%2C808&ssl=1&resize=1050%2C600 3x"},"classes":[]},{"id":29389,"url":"https:\/\/mexicocodigorojo.com.mx\/?p=29389","url_meta":{"origin":946,"position":2},"title":"Sedena revela que guardar el avi\u00f3n presidencial ha costado casi lo mismo que si operara","author":"Staff","date":"diciembre 30, 2019","format":false,"excerpt":"En nueve meses, el Gobierno de M\u00e9xico desembols\u00f3\u00a0597 mil 982 d\u00f3lares por mantener almacenado al TP-01 en Estados Unidos, lo que se traduce en 11 millones 956 mil 645 pesos. Por mes paga la suma de un mill\u00f3n\u00a0328 mil pesos, en un a\u00f1o se estar\u00edan erogando casi 16 millones de\u2026","rel":"","context":"En \u00abFeatured\u00bb","block_context":{"text":"Featured","link":"https:\/\/mexicocodigorojo.com.mx\/?cat=1724"},"img":{"alt_text":"","src":"","width":0,"height":0},"classes":[]},{"id":14677,"url":"https:\/\/mexicocodigorojo.com.mx\/?p=14677","url_meta":{"origin":946,"position":3},"title":"Se vendieron el 90 % de veh\u00edculos ofertados en subasta de Santa Luc\u00eda y se obtuvieron 60 mdp","author":"Staff","date":"febrero 25, 2019","format":false,"excerpt":"En la subasta que el Gobierno Federal llev\u00f3 a cabo durante el fin de semana en la Base Militar de Santa Luc\u00eda, se vendi\u00f3 el 90 por ciento de los veh\u00edculos oficiales y se obtuvieron m\u00e1s de 60 millones de pesos que ser\u00e1n destinados a programas sociales impulsados por la\u2026","rel":"","context":"En \u00abFeatured\u00bb","block_context":{"text":"Featured","link":"https:\/\/mexicocodigorojo.com.mx\/?cat=1724"},"img":{"alt_text":"","src":"https:\/\/i0.wp.com\/mexicocodigorojo.com.mx\/wp-content\/uploads\/2019\/02\/vehi-750x500.jpg?fit=750%2C500&ssl=1&resize=350%2C200","width":350,"height":200,"srcset":"https:\/\/i0.wp.com\/mexicocodigorojo.com.mx\/wp-content\/uploads\/2019\/02\/vehi-750x500.jpg?fit=750%2C500&ssl=1&resize=350%2C200 1x, https:\/\/i0.wp.com\/mexicocodigorojo.com.mx\/wp-content\/uploads\/2019\/02\/vehi-750x500.jpg?fit=750%2C500&ssl=1&resize=525%2C300 1.5x, https:\/\/i0.wp.com\/mexicocodigorojo.com.mx\/wp-content\/uploads\/2019\/02\/vehi-750x500.jpg?fit=750%2C500&ssl=1&resize=700%2C400 2x"},"classes":[]},{"id":54439,"url":"https:\/\/mexicocodigorojo.com.mx\/?p=54439","url_meta":{"origin":946,"position":4},"title":"\u2018Embarran\u2019 a AMLO con el Cartel de Sinaloa en corte americana","author":"Staff","date":"noviembre 24, 2022","format":false,"excerpt":"Dos testigos protegidos se\u00f1alaron entregas de cientos de millones de d\u00f3lares a operadores de campa\u00f1a del Presidente de M\u00e9xico en el 2006; el gobierno norteamericano busc\u00f3 bloquear la informaci\u00f3n, pero un Juez orden\u00f3 la difusi\u00f3n. Ser\u00eda Gregorio Sauceda Gamboa, \"Don Goyo\" o \"El Caramuela\", apresado en el 2009, quien lo\u2026","rel":"","context":"En \u00abCiudad de M\u00e9xico\u00bb","block_context":{"text":"Ciudad de M\u00e9xico","link":"https:\/\/mexicocodigorojo.com.mx\/?cat=101"},"img":{"alt_text":"","src":"https:\/\/i0.wp.com\/mexicocodigorojo.com.mx\/wp-content\/uploads\/2022\/11\/afbdd450-5a95-4e49-9f86-92243ee29ffd.jpg?fit=1200%2C675&ssl=1&resize=350%2C200","width":350,"height":200,"srcset":"https:\/\/i0.wp.com\/mexicocodigorojo.com.mx\/wp-content\/uploads\/2022\/11\/afbdd450-5a95-4e49-9f86-92243ee29ffd.jpg?fit=1200%2C675&ssl=1&resize=350%2C200 1x, https:\/\/i0.wp.com\/mexicocodigorojo.com.mx\/wp-content\/uploads\/2022\/11\/afbdd450-5a95-4e49-9f86-92243ee29ffd.jpg?fit=1200%2C675&ssl=1&resize=525%2C300 1.5x, https:\/\/i0.wp.com\/mexicocodigorojo.com.mx\/wp-content\/uploads\/2022\/11\/afbdd450-5a95-4e49-9f86-92243ee29ffd.jpg?fit=1200%2C675&ssl=1&resize=700%2C400 2x, https:\/\/i0.wp.com\/mexicocodigorojo.com.mx\/wp-content\/uploads\/2022\/11\/afbdd450-5a95-4e49-9f86-92243ee29ffd.jpg?fit=1200%2C675&ssl=1&resize=1050%2C600 3x"},"classes":[]},{"id":12688,"url":"https:\/\/mexicocodigorojo.com.mx\/?p=12688","url_meta":{"origin":946,"position":5},"title":"\u00a1Mega tianguis! AMLO presidente anuncia venta de camionetas blindadas en M\u00e9xico","author":"Staff","date":"enero 22, 2019","format":false,"excerpt":"AMLO presidente anuncia tianguis de camionetas blindadas que pertenec\u00edan al gobierno de M\u00e9xico, esto como parte de su sexenio austero. Andr\u00e9s Manuel L\u00f3pez Obrador, presidente de M\u00e9xico, anunci\u00f3 un pr\u00f3ximo tianguis; esta vez, ser\u00e1 para vender las camionetas blindadas y otros veh\u00edculos que pertenec\u00edan al Estado Mayor Presidencial. \"Estamos organizando\u2026","rel":"","context":"En \u00abFeatured\u00bb","block_context":{"text":"Featured","link":"https:\/\/mexicocodigorojo.com.mx\/?cat=1724"},"img":{"alt_text":"","src":"https:\/\/i0.wp.com\/mexicocodigorojo.com.mx\/wp-content\/uploads\/2019\/01\/amlo-corrupcion-presidencia-1.jpg_793492074.jpg?fit=718%2C452&ssl=1&resize=350%2C200","width":350,"height":200,"srcset":"https:\/\/i0.wp.com\/mexicocodigorojo.com.mx\/wp-content\/uploads\/2019\/01\/amlo-corrupcion-presidencia-1.jpg_793492074.jpg?fit=718%2C452&ssl=1&resize=350%2C200 1x, https:\/\/i0.wp.com\/mexicocodigorojo.com.mx\/wp-content\/uploads\/2019\/01\/amlo-corrupcion-presidencia-1.jpg_793492074.jpg?fit=718%2C452&ssl=1&resize=525%2C300 1.5x, https:\/\/i0.wp.com\/mexicocodigorojo.com.mx\/wp-content\/uploads\/2019\/01\/amlo-corrupcion-presidencia-1.jpg_793492074.jpg?fit=718%2C452&ssl=1&resize=700%2C400 2x"},"classes":[]}],"jetpack_sharing_enabled":true,"jetpack_likes_enabled":true,"jetpack_shortlink":"https:\/\/wp.me\/p9TedA-fg","_links":{"self":[{"href":"https:\/\/mexicocodigorojo.com.mx\/index.php?rest_route=\/wp\/v2\/posts\/946","targetHints":{"allow":["GET"]}}],"collection":[{"href":"https:\/\/mexicocodigorojo.com.mx\/index.php?rest_route=\/wp\/v2\/posts"}],"about":[{"href":"https:\/\/mexicocodigorojo.com.mx\/index.php?rest_route=\/wp\/v2\/types\/post"}],"author":[{"embeddable":true,"href":"https:\/\/mexicocodigorojo.com.mx\/index.php?rest_route=\/wp\/v2\/users\/5"}],"replies":[{"embeddable":true,"href":"https:\/\/mexicocodigorojo.com.mx\/index.php?rest_route=%2Fwp%2Fv2%2Fcomments&post=946"}],"version-history":[{"count":0,"href":"https:\/\/mexicocodigorojo.com.mx\/index.php?rest_route=\/wp\/v2\/posts\/946\/revisions"}],"wp:featuredmedia":[{"embeddable":true,"href":"https:\/\/mexicocodigorojo.com.mx\/index.php?rest_route=\/wp\/v2\/media\/947"}],"wp:attachment":[{"href":"https:\/\/mexicocodigorojo.com.mx\/index.php?rest_route=%2Fwp%2Fv2%2Fmedia&parent=946"}],"wp:term":[{"taxonomy":"category","embeddable":true,"href":"https:\/\/mexicocodigorojo.com.mx\/index.php?rest_route=%2Fwp%2Fv2%2Fcategories&post=946"},{"taxonomy":"post_tag","embeddable":true,"href":"https:\/\/mexicocodigorojo.com.mx\/index.php?rest_route=%2Fwp%2Fv2%2Ftags&post=946"}],"curies":[{"name":"wp","href":"https:\/\/api.w.org\/{rel}","templated":true}]}}