{"id":927,"date":"2018-07-10T21:33:40","date_gmt":"2018-07-10T21:33:40","guid":{"rendered":"https:\/\/mexicocodigorojo.com.mx\/?p=927"},"modified":"2018-07-16T17:13:44","modified_gmt":"2018-07-16T17:13:44","slug":"incluyen-el-centro-de-mando-y-control-de-la-semar-al-911","status":"publish","type":"post","link":"https:\/\/mexicocodigorojo.com.mx\/?p=927","title":{"rendered":"Incluyen el Centro de Mando y Control de la Semar al 911"},"content":{"rendered":"<p>Como parte del operativo \u2018Salvavidas \u2013 Verano 2018\u2019, por primera vez, se tuvo acceso al Centro de Mando y Control de la Secretar\u00eda de Marina Armada de M\u00e9xico.<\/p>\n<p>En este sitio, considerado el m\u00e1s moderno en Am\u00e9rica Latina, se coordina la inteligencia de las misiones de vigilancia, b\u00fasqueda y rescate de personas o embarcaciones en necesidad en altamar.<\/p>\n<p>El centro, conocido como el C2 la Marina, despliega las unidades a\u00e9reas, mar\u00edtimas y elementos a pie que sean necesarios en las costas del pa\u00eds.<\/p>\n<p>\u201cNos encontramos en el Centro, Control de la Armada de M\u00e9xico, cuya misi\u00f3n es dar seguimiento a las operaciones en curso, para generar un panorama operacional del entorno mar\u00edtimo y ayudar en la toma de decisiones a los mandos\u201d, se\u00f1al\u00f3 Mario Alberto Lima, director accidental del Centro Mando Control de la Semar.<\/p>\n<p>\u201cEl Centro de Mando est\u00e1 organizado en tres salas y el centro propiamente dicho. Nos encontramos actualmente en la sala de crisis, est\u00e1 sala da seguimiento a fen\u00f3menos de gran relevancia se integra con personal de especialistas de la instituci\u00f3n y en su caso con personal de las diferentes dependencias de los tres \u00f3rdenes o niveles de Gobierno\u201d, explic\u00f3 Marco Antonio Bautista, jefe de Grupo de Coordinador y Enlace Operativo del Centro de Mando, Control de la Semar.<\/p>\n<p>Desde 2008 que entr\u00f3 en operaci\u00f3n, gracias a las labores de este selecto grupo, han rescatado a m\u00e1s de nueve mil 719 personas.<\/p>\n<p>En este a\u00f1o 181 personas han sido auxiliadas. Cuenta con el mejor y m\u00e1s moderno equipo de vigilancia, computo e inteligencia.<\/p>\n<p>Muchos de los softwares que se utilizan, fueron dise\u00f1ados por especialistas de la Marina.<\/p>\n<p>En las distintas pantallas que tienen, monitorean en tiempo real las c\u00e1maras que tienen conectadas en embarcaciones, helic\u00f3pteros y puertos.<\/p>\n<p>\u201cNosotros aqu\u00ed adem\u00e1s de salvaguardar la vida humana en el mar, nosotros coordinamos acciones con las diferentes deferencias del Gobierno Federal para apoyo a la poblaci\u00f3n civil en casos y zonas de desastre. Nosotros coordinamos acciones para cuando hay eventos generales de gran o mediana magnitud\u201d, detall\u00f3 Marco Antonio Bautista.<\/p>\n<p>Con este Centro de Comando, las labores de coordinaci\u00f3n en las costas de M\u00e9xico son m\u00e1s eficientes.<\/p>\n<p>Fuente: Noticieros Televisa<\/p>\n","protected":false},"excerpt":{"rendered":"<p>Como parte del operativo \u2018Salvavidas \u2013 Verano 2018\u2019, por primera vez, se tuvo acceso al Centro de Mando y Control de la Secretar\u00eda de Marina Armada de M\u00e9xico. En este sitio, considerado el m\u00e1s moderno en Am\u00e9rica Latina, se coordina la inteligencia de las misiones de vigilancia, b\u00fasqueda y rescate de personas o embarcaciones en [&hellip;]<\/p>\n","protected":false},"author":5,"featured_media":928,"comment_status":"open","ping_status":"open","sticky":false,"template":"","format":"standard","meta":{"_uf_show_specific_survey":0,"_uf_disable_surveys":false,"advanced_seo_description":"","jetpack_seo_html_title":"","jetpack_seo_noindex":false,"jetpack_post_was_ever_published":false,"_jetpack_newsletter_access":"","_jetpack_dont_email_post_to_subs":false,"_jetpack_newsletter_tier_id":0,"_jetpack_memberships_contains_paywalled_content":false,"_jetpack_memberships_contains_paid_content":false,"footnotes":"","jetpack_publicize_message":"","jetpack_publicize_feature_enabled":true,"jetpack_social_post_already_shared":false,"jetpack_social_options":{"image_generator_settings":{"template":"highway","default_image_id":0,"font":"","enabled":false},"version":2}},"categories":[1724],"tags":[59,91],"class_list":{"0":"post-927","1":"post","2":"type-post","3":"status-publish","4":"format-standard","5":"has-post-thumbnail","7":"category-featured","8":"tag-seguridad","9":"tag-semar"},"jetpack_publicize_connections":[],"jetpack_featured_media_url":"https:\/\/i0.wp.com\/mexicocodigorojo.com.mx\/wp-content\/uploads\/2018\/07\/8D1764B9-2A72-4694-95CC-904FDA4871F4.jpeg?fit=680%2C388&ssl=1","jetpack-related-posts":[{"id":60739,"url":"https:\/\/mexicocodigorojo.com.mx\/?p=60739","url_meta":{"origin":927,"position":0},"title":"Sacrifican al segundo de abordo en Marina por caprichos y envidias del Secretario Ojeda","author":"Staff","date":"mayo 18, 2024","format":false,"excerpt":"La Semar no mencion\u00f3 que el almirante Arellano Ruiz pasar\u00e1 a situaci\u00f3n de retiro y tampoco destac\u00f3 su labor como n\u00famero dos del almirante Jos\u00e9 Rafael Ojeda Dur\u00e1n. A unos meses de que concluya el sexenio del Presidente, el secretario de Marina,\u00a0Jos\u00e9 Rafael Ojeda Dur\u00e1n, relev\u00f3 a su n\u00famero dos\u2026","rel":"","context":"En \u00abCiudad de M\u00e9xico\u00bb","block_context":{"text":"Ciudad de M\u00e9xico","link":"https:\/\/mexicocodigorojo.com.mx\/?cat=101"},"img":{"alt_text":"","src":"https:\/\/i0.wp.com\/mexicocodigorojo.com.mx\/wp-content\/uploads\/2024\/05\/img_5939.jpg?fit=482%2C276&ssl=1&resize=350%2C200","width":350,"height":200},"classes":[]},{"id":48681,"url":"https:\/\/mexicocodigorojo.com.mx\/?p=48681","url_meta":{"origin":927,"position":1},"title":"El regreso del almirante","author":"Staff","date":"abril 22, 2021","format":false,"excerpt":"ANALISIS\u00a0 \/ JUEVES 22 DE ABRIL DE 2021 Fuera de Agenda | El regreso del almirante Las ausencias de funcionarios del gabinete por problemas de salud, no hab\u00edan generado tantos rumores como los que rodearon la convalecencia del almirante Rafael Ojeda Dur\u00e1n, secretario de Marina, quien este lunes 19 de\u2026","rel":"","context":"En \u00abFeatured\u00bb","block_context":{"text":"Featured","link":"https:\/\/mexicocodigorojo.com.mx\/?cat=1724"},"img":{"alt_text":"","src":"https:\/\/i0.wp.com\/mexicocodigorojo.com.mx\/wp-content\/uploads\/2021\/04\/rafael-ojeda-dura-083143.jpg?fit=1200%2C675&ssl=1&resize=350%2C200","width":350,"height":200,"srcset":"https:\/\/i0.wp.com\/mexicocodigorojo.com.mx\/wp-content\/uploads\/2021\/04\/rafael-ojeda-dura-083143.jpg?fit=1200%2C675&ssl=1&resize=350%2C200 1x, https:\/\/i0.wp.com\/mexicocodigorojo.com.mx\/wp-content\/uploads\/2021\/04\/rafael-ojeda-dura-083143.jpg?fit=1200%2C675&ssl=1&resize=525%2C300 1.5x, https:\/\/i0.wp.com\/mexicocodigorojo.com.mx\/wp-content\/uploads\/2021\/04\/rafael-ojeda-dura-083143.jpg?fit=1200%2C675&ssl=1&resize=700%2C400 2x, https:\/\/i0.wp.com\/mexicocodigorojo.com.mx\/wp-content\/uploads\/2021\/04\/rafael-ojeda-dura-083143.jpg?fit=1200%2C675&ssl=1&resize=1050%2C600 3x"},"classes":[]},{"id":61008,"url":"https:\/\/mexicocodigorojo.com.mx\/?p=61008","url_meta":{"origin":927,"position":2},"title":"Petroleros impiden que la Marina tome control del Centro Naval","author":"MCR","date":"mayo 23, 2024","format":false,"excerpt":"Trabajadores petroleros, liderados por el dirigente local, Esdras Romero Vega, impidieron que elementos de la Secretar\u00eda de la Marina (Semar) tomaran el control total del Centro de Reparaciones Navales (Cerenav), antes terminal mar\u00edtima de Ciudad Madero. Esta ma\u00f1ana de jueves, m\u00e1s de 100 integrantes de la secci\u00f3n uno del Sindicato\u2026","rel":"","context":"En \u00abFeatured\u00bb","block_context":{"text":"Featured","link":"https:\/\/mexicocodigorojo.com.mx\/?cat=1724"},"img":{"alt_text":"","src":"https:\/\/i0.wp.com\/mexicocodigorojo.com.mx\/wp-content\/uploads\/2024\/05\/img_7802-1.jpg?fit=988%2C1200&ssl=1&resize=350%2C200","width":350,"height":200,"srcset":"https:\/\/i0.wp.com\/mexicocodigorojo.com.mx\/wp-content\/uploads\/2024\/05\/img_7802-1.jpg?fit=988%2C1200&ssl=1&resize=350%2C200 1x, https:\/\/i0.wp.com\/mexicocodigorojo.com.mx\/wp-content\/uploads\/2024\/05\/img_7802-1.jpg?fit=988%2C1200&ssl=1&resize=525%2C300 1.5x, https:\/\/i0.wp.com\/mexicocodigorojo.com.mx\/wp-content\/uploads\/2024\/05\/img_7802-1.jpg?fit=988%2C1200&ssl=1&resize=700%2C400 2x"},"classes":[]},{"id":9925,"url":"https:\/\/mexicocodigorojo.com.mx\/?p=9925","url_meta":{"origin":927,"position":3},"title":"Entrega\u2013Recepci\u00f3n de la Secretar\u00eda de Marina y del Mando de Armas de la Armada de M\u00e9xico","author":"Staff","date":"diciembre 5, 2018","format":false,"excerpt":"Almirante Jos\u00e9 Rafael Ojeda Dur\u00e1n:\u201dComo Secretario de Marina y Alto Mando de la Armada de M\u00e9xico, los exhorto a dar todo por nuestra naci\u00f3n, a cumplir con su juramento patrio y con su deber de marinos navales\u201d. Durante la ceremonia se efectu\u00f3 la presentaci\u00f3n y toma de protesta de los\u2026","rel":"","context":"En \u00abCiudad de M\u00e9xico\u00bb","block_context":{"text":"Ciudad de M\u00e9xico","link":"https:\/\/mexicocodigorojo.com.mx\/?cat=101"},"img":{"alt_text":"","src":"https:\/\/i0.wp.com\/mexicocodigorojo.com.mx\/wp-content\/uploads\/2018\/12\/post_JMF_5115.jpg?fit=385%2C227&ssl=1&resize=350%2C200","width":350,"height":200},"classes":[]},{"id":47084,"url":"https:\/\/mexicocodigorojo.com.mx\/?p=47084","url_meta":{"origin":927,"position":4},"title":"RESCATAN 130 TORTUGAS EN LA PESCA, TAMAULIPAS","author":"Staff","date":"febrero 20, 2021","format":false,"excerpt":"20 de febrero del 2021 La Pesca, Tamps La Secretar\u00eda de Marina-Armada de M\u00e9xico a trav\u00e9s del Sector Naval de La Pesca, informa que con el fin de preservar el medio ambiente, personal naval en coordinaci\u00f3n con la Comisi\u00f3n de Parques y Biodiversidad de Tamaulipas, rescataron 130 tortugas marinas en\u2026","rel":"","context":"En \u00abFeatured\u00bb","block_context":{"text":"Featured","link":"https:\/\/mexicocodigorojo.com.mx\/?cat=1724"},"img":{"alt_text":"","src":"https:\/\/i0.wp.com\/secureservercdn.net\/166.62.108.22\/cg1.af3.myftpupload.com\/wp-content\/uploads\/2021\/02\/img-20210220-wa00501481878072.jpg?resize=350%2C200&ssl=1","width":350,"height":200,"srcset":"https:\/\/i0.wp.com\/secureservercdn.net\/166.62.108.22\/cg1.af3.myftpupload.com\/wp-content\/uploads\/2021\/02\/img-20210220-wa00501481878072.jpg?resize=350%2C200&ssl=1 1x, https:\/\/i0.wp.com\/secureservercdn.net\/166.62.108.22\/cg1.af3.myftpupload.com\/wp-content\/uploads\/2021\/02\/img-20210220-wa00501481878072.jpg?resize=525%2C300&ssl=1 1.5x, https:\/\/i0.wp.com\/secureservercdn.net\/166.62.108.22\/cg1.af3.myftpupload.com\/wp-content\/uploads\/2021\/02\/img-20210220-wa00501481878072.jpg?resize=700%2C400&ssl=1 2x, https:\/\/i0.wp.com\/secureservercdn.net\/166.62.108.22\/cg1.af3.myftpupload.com\/wp-content\/uploads\/2021\/02\/img-20210220-wa00501481878072.jpg?resize=1050%2C600&ssl=1 3x"},"classes":[]},{"id":57576,"url":"https:\/\/mexicocodigorojo.com.mx\/?p=57576","url_meta":{"origin":927,"position":5},"title":"FGJ Y SEMAR REVIENTAN CENTRO DE VIGILANCIA AL CDG EN NUEVO PROGRESO","author":"Staff","date":"octubre 8, 2023","format":false,"excerpt":"Reynosa, Tamaulipas.- La Fiscal\u00eda General de Justicia del Estado de Tamaulipas informa que, derivado de labores de inteligencia e investigaci\u00f3n conjuntos con la Secretar\u00eda de Marina Armada de M\u00e9xico, en el poblado de Nuevo Progreso, municipio de R\u00edo Bravo, fue desmantelado un centro de monitoreo irregular operado por un grupo\u2026","rel":"","context":"En \u00abFeatured\u00bb","block_context":{"text":"Featured","link":"https:\/\/mexicocodigorojo.com.mx\/?cat=1724"},"img":{"alt_text":"","src":"https:\/\/i0.wp.com\/mexicocodigorojo.com.mx\/wp-content\/uploads\/2023\/10\/img_7820-1.jpg?fit=1200%2C900&ssl=1&resize=350%2C200","width":350,"height":200,"srcset":"https:\/\/i0.wp.com\/mexicocodigorojo.com.mx\/wp-content\/uploads\/2023\/10\/img_7820-1.jpg?fit=1200%2C900&ssl=1&resize=350%2C200 1x, https:\/\/i0.wp.com\/mexicocodigorojo.com.mx\/wp-content\/uploads\/2023\/10\/img_7820-1.jpg?fit=1200%2C900&ssl=1&resize=525%2C300 1.5x, https:\/\/i0.wp.com\/mexicocodigorojo.com.mx\/wp-content\/uploads\/2023\/10\/img_7820-1.jpg?fit=1200%2C900&ssl=1&resize=700%2C400 2x, https:\/\/i0.wp.com\/mexicocodigorojo.com.mx\/wp-content\/uploads\/2023\/10\/img_7820-1.jpg?fit=1200%2C900&ssl=1&resize=1050%2C600 3x"},"classes":[]}],"jetpack_sharing_enabled":true,"jetpack_likes_enabled":true,"jetpack_shortlink":"https:\/\/wp.me\/p9TedA-eX","_links":{"self":[{"href":"https:\/\/mexicocodigorojo.com.mx\/index.php?rest_route=\/wp\/v2\/posts\/927","targetHints":{"allow":["GET"]}}],"collection":[{"href":"https:\/\/mexicocodigorojo.com.mx\/index.php?rest_route=\/wp\/v2\/posts"}],"about":[{"href":"https:\/\/mexicocodigorojo.com.mx\/index.php?rest_route=\/wp\/v2\/types\/post"}],"author":[{"embeddable":true,"href":"https:\/\/mexicocodigorojo.com.mx\/index.php?rest_route=\/wp\/v2\/users\/5"}],"replies":[{"embeddable":true,"href":"https:\/\/mexicocodigorojo.com.mx\/index.php?rest_route=%2Fwp%2Fv2%2Fcomments&post=927"}],"version-history":[{"count":0,"href":"https:\/\/mexicocodigorojo.com.mx\/index.php?rest_route=\/wp\/v2\/posts\/927\/revisions"}],"wp:featuredmedia":[{"embeddable":true,"href":"https:\/\/mexicocodigorojo.com.mx\/index.php?rest_route=\/wp\/v2\/media\/928"}],"wp:attachment":[{"href":"https:\/\/mexicocodigorojo.com.mx\/index.php?rest_route=%2Fwp%2Fv2%2Fmedia&parent=927"}],"wp:term":[{"taxonomy":"category","embeddable":true,"href":"https:\/\/mexicocodigorojo.com.mx\/index.php?rest_route=%2Fwp%2Fv2%2Fcategories&post=927"},{"taxonomy":"post_tag","embeddable":true,"href":"https:\/\/mexicocodigorojo.com.mx\/index.php?rest_route=%2Fwp%2Fv2%2Ftags&post=927"}],"curies":[{"name":"wp","href":"https:\/\/api.w.org\/{rel}","templated":true}]}}