{"id":905,"date":"2018-07-10T18:25:19","date_gmt":"2018-07-10T18:25:19","guid":{"rendered":"https:\/\/mexicocodigorojo.com.mx\/?p=905"},"modified":"2018-07-16T17:13:45","modified_gmt":"2018-07-16T17:13:45","slug":"tratan-de-impedir-que-pgr-investigue-la-realidad-sobre-desaparecidos-de-nuevo-laredo","status":"publish","type":"post","link":"https:\/\/mexicocodigorojo.com.mx\/?p=905","title":{"rendered":"Tratan de impedir que PGR investigue la realidad sobre desaparecidos de Nuevo Laredo"},"content":{"rendered":"<p>Nuevo Laredo, Tamaulipas.- La fuerte balacera que ocurri\u00f3 ayer en la tarde en esta ciudad no es producto de la casualidad, ni de un top\u00f3n.<span class=\"Apple-converted-space\">\u00a0<\/span><\/p>\n<div style=\"width: 640px;\" class=\"wp-video\"><video class=\"wp-video-shortcode\" id=\"video-905-1\" width=\"640\" height=\"352\" preload=\"metadata\" controls=\"controls\"><source type=\"video\/mp4\" src=\"https:\/\/mexicocodigorojo.com.mx\/wp-content\/uploads\/2018\/07\/FEA59CA5-EA98-4974-8712-270F393B7223.mp4?_=1\" \/><a href=\"https:\/\/mexicocodigorojo.com.mx\/wp-content\/uploads\/2018\/07\/FEA59CA5-EA98-4974-8712-270F393B7223.mp4\">https:\/\/mexicocodigorojo.com.mx\/wp-content\/uploads\/2018\/07\/FEA59CA5-EA98-4974-8712-270F393B7223.mp4<\/a><\/video><\/div>\n<p>Detr\u00e1s de ello parece haber una intenci\u00f3n clara de obstaculizar o frenar las investigaciones sobre los supuestos casos de desapariciones, por parte de grupos de la delincuencia ya que podr\u00eda poner en evidencia que se trata s\u00f3lo de una pantalla para exigir la salida de las fuerzas armadas de Nuevo Laredo.<\/p>\n<div style=\"width: 222px;\" class=\"wp-video\"><video class=\"wp-video-shortcode\" id=\"video-905-2\" width=\"222\" height=\"400\" preload=\"metadata\" controls=\"controls\"><source type=\"video\/mp4\" src=\"https:\/\/mexicocodigorojo.com.mx\/wp-content\/uploads\/2018\/07\/54F1C439-0C87-4973-986E-137193D4A3AB.mp4?_=2\" \/><a href=\"https:\/\/mexicocodigorojo.com.mx\/wp-content\/uploads\/2018\/07\/54F1C439-0C87-4973-986E-137193D4A3AB.mp4\">https:\/\/mexicocodigorojo.com.mx\/wp-content\/uploads\/2018\/07\/54F1C439-0C87-4973-986E-137193D4A3AB.mp4<\/a><\/video><\/div>\n<p>Ayer, cuando circulaba un convoy de personal de la Fiscal\u00eda Especializada de Personas Desaparecidas de la Procuradur\u00eda General de la Rep\u00fablica (PGR), apoyada por militares, varios sujetos les empezaron a disparar desde un grupo de camionetas.<\/p>\n<div style=\"width: 640px;\" class=\"wp-video\"><video class=\"wp-video-shortcode\" id=\"video-905-3\" width=\"640\" height=\"352\" preload=\"metadata\" controls=\"controls\"><source type=\"video\/mp4\" src=\"https:\/\/mexicocodigorojo.com.mx\/wp-content\/uploads\/2018\/07\/5C38A4A3-E951-4267-A9AD-ABB2A7291440.mp4?_=3\" \/><a href=\"https:\/\/mexicocodigorojo.com.mx\/wp-content\/uploads\/2018\/07\/5C38A4A3-E951-4267-A9AD-ABB2A7291440.mp4\">https:\/\/mexicocodigorojo.com.mx\/wp-content\/uploads\/2018\/07\/5C38A4A3-E951-4267-A9AD-ABB2A7291440.mp4<\/a><\/video><\/div>\n<p>Un militar cay\u00f3 herido y se desat\u00f3 una persecuci\u00f3n que continu\u00f3 hasta las cercan\u00edas de un conjunto comercial sobre avenida Reforma. Es lo que se vio en diversos videos que andan circulando por las redes sociales desde ayer.<\/p>\n<p>En ese conjunto comercial est\u00e1 un WalMart donde aparecen atemorizadas varias familias, con ni\u00f1os en brazos, o gente tirada en el piso en estacionamiento.<\/p>\n<p>En el trayecto de la persecuci\u00f3n hubo detonaciones. Cuatro civiles resultaron con heridas por arma de fuego. Uno de estos lesionados es conductor de un autob\u00fas de pasajeros de la l\u00ednea Omnib\u00fas de M\u00e9xico.<\/p>\n<div style=\"width: 640px;\" class=\"wp-video\"><video class=\"wp-video-shortcode\" id=\"video-905-4\" width=\"640\" height=\"352\" preload=\"metadata\" controls=\"controls\"><source type=\"video\/mp4\" src=\"https:\/\/mexicocodigorojo.com.mx\/wp-content\/uploads\/2018\/07\/6A810E7B-585F-4F05-94DA-53194F6C0255.mp4?_=4\" \/><a href=\"https:\/\/mexicocodigorojo.com.mx\/wp-content\/uploads\/2018\/07\/6A810E7B-585F-4F05-94DA-53194F6C0255.mp4\">https:\/\/mexicocodigorojo.com.mx\/wp-content\/uploads\/2018\/07\/6A810E7B-585F-4F05-94DA-53194F6C0255.mp4<\/a><\/video><\/div>\n<p>Varios veh\u00edculos recibieron disparos, entre estos un cami\u00f3n de la l\u00ednea ETN que iba hacia Monterrey.<\/p>\n<p>Pero m\u00e1s all\u00e1 de los hechos est\u00e1 el fondo: la intenci\u00f3n de los grupos criminales de que no sigan adelante las investigaciones de los desaparecidos de Nuevo Laredo, asunto que han movido defensores de derechos humanos locales a nivel nacional e internacional y ha puesto en jaque la acci\u00f3n de la Marina.<\/p>\n<div style=\"width: 360px;\" class=\"wp-video\"><video class=\"wp-video-shortcode\" id=\"video-905-5\" width=\"360\" height=\"640\" preload=\"metadata\" controls=\"controls\"><source type=\"video\/mp4\" src=\"https:\/\/mexicocodigorojo.com.mx\/wp-content\/uploads\/2018\/07\/C606E293-6C8E-4605-83E4-674B745601BF.mp4?_=5\" \/><a href=\"https:\/\/mexicocodigorojo.com.mx\/wp-content\/uploads\/2018\/07\/C606E293-6C8E-4605-83E4-674B745601BF.mp4\">https:\/\/mexicocodigorojo.com.mx\/wp-content\/uploads\/2018\/07\/C606E293-6C8E-4605-83E4-674B745601BF.mp4<\/a><\/video><\/div>\n<p>Extra\u00f1o porque esos mismos defensores de derechos humanos han sido se\u00f1alados de probables v\u00ednculos con grupos delictivos, seg\u00fan consta en varios medios de prensa.<\/p>\n<div style=\"width: 398px;\" class=\"wp-video\"><video class=\"wp-video-shortcode\" id=\"video-905-6\" width=\"398\" height=\"720\" preload=\"metadata\" controls=\"controls\"><source type=\"video\/mp4\" src=\"https:\/\/mexicocodigorojo.com.mx\/wp-content\/uploads\/2018\/07\/2779AA82-C7D8-40DA-AD8C-955EEAFADBF4.mp4?_=6\" \/><a href=\"https:\/\/mexicocodigorojo.com.mx\/wp-content\/uploads\/2018\/07\/2779AA82-C7D8-40DA-AD8C-955EEAFADBF4.mp4\">https:\/\/mexicocodigorojo.com.mx\/wp-content\/uploads\/2018\/07\/2779AA82-C7D8-40DA-AD8C-955EEAFADBF4.mp4<\/a><\/video><\/div>\n<p>Pareciera que no se quiere llegar a la verdad de los hechos, de descubrir los nexos de quienes piden justicia por los desaparecidos, pero que han usado esa pantalla para sacar la jugada a militares y marinos que han dado fuertes golpes a la delincuencia en Nuevo Laredo.<\/p>\n","protected":false},"excerpt":{"rendered":"<p>Nuevo Laredo, Tamaulipas.- La fuerte balacera que ocurri\u00f3 ayer en la tarde en esta ciudad no es producto de la casualidad, ni de un top\u00f3n.\u00a0 Detr\u00e1s de ello parece haber una intenci\u00f3n clara de obstaculizar o frenar las investigaciones sobre los supuestos casos de desapariciones, por parte de grupos de la delincuencia ya que podr\u00eda [&hellip;]<\/p>\n","protected":false},"author":5,"featured_media":906,"comment_status":"open","ping_status":"open","sticky":false,"template":"","format":"standard","meta":{"_uf_show_specific_survey":0,"_uf_disable_surveys":false,"advanced_seo_description":"","jetpack_seo_html_title":"","jetpack_seo_noindex":false,"jetpack_post_was_ever_published":false,"_jetpack_newsletter_access":"","_jetpack_dont_email_post_to_subs":false,"_jetpack_newsletter_tier_id":0,"_jetpack_memberships_contains_paywalled_content":false,"_jetpack_memberships_contains_paid_content":false,"footnotes":"","jetpack_publicize_message":"","jetpack_publicize_feature_enabled":true,"jetpack_social_post_already_shared":false,"jetpack_social_options":{"image_generator_settings":{"template":"highway","default_image_id":0,"font":"","enabled":false},"version":2}},"categories":[2],"tags":[97,12,9,59],"class_list":{"0":"post-905","1":"post","2":"type-post","3":"status-publish","4":"format-standard","5":"has-post-thumbnail","7":"category-tamaulipas","8":"tag-balaceras","9":"tag-crimen-organizado","10":"tag-desaparecidos","11":"tag-seguridad"},"jetpack_publicize_connections":[],"jetpack_featured_media_url":"https:\/\/i0.wp.com\/mexicocodigorojo.com.mx\/wp-content\/uploads\/2018\/07\/A1940875-6E7B-4F60-AB4C-02127832914B.jpeg?fit=1242%2C687&ssl=1","jetpack-related-posts":[{"id":27394,"url":"https:\/\/mexicocodigorojo.com.mx\/?p=27394","url_meta":{"origin":905,"position":0},"title":"Videos: Balaceras y bloqueos en Nuevo Laredo; reportan un herido y dos detenidos","author":"Staff","date":"noviembre 20, 2019","format":false,"excerpt":"El Grupo de Coordinaci\u00f3n Estatal para la Paz de Tamaulipas inform\u00f3 hoy sobre un polic\u00eda estatal herido y dos miembros de la Tropa del Infierno detenidos, durante los hechos violentos ocurridos anoche en Nuevo Laredo. https:\/\/www.facebook.com\/TECLAREDO\/posts\/2513347015421208 El\u00a0Instituto Tecnol\u00f3gico de Nuevo Laredo\u00a0alert\u00f3 que ante estos hechos, los alumnos permanecer\u00e1n\u00a0concentrados en los\u2026","rel":"","context":"En \u00abTamaulipas\u00bb","block_context":{"text":"Tamaulipas","link":"https:\/\/mexicocodigorojo.com.mx\/?cat=2"},"img":{"alt_text":"","src":"https:\/\/i0.wp.com\/mexicocodigorojo.com.mx\/wp-content\/uploads\/2019\/11\/EJxid0XXsAAdFrD.jpg?fit=1068%2C1018&ssl=1&resize=350%2C200","width":350,"height":200,"srcset":"https:\/\/i0.wp.com\/mexicocodigorojo.com.mx\/wp-content\/uploads\/2019\/11\/EJxid0XXsAAdFrD.jpg?fit=1068%2C1018&ssl=1&resize=350%2C200 1x, https:\/\/i0.wp.com\/mexicocodigorojo.com.mx\/wp-content\/uploads\/2019\/11\/EJxid0XXsAAdFrD.jpg?fit=1068%2C1018&ssl=1&resize=525%2C300 1.5x, https:\/\/i0.wp.com\/mexicocodigorojo.com.mx\/wp-content\/uploads\/2019\/11\/EJxid0XXsAAdFrD.jpg?fit=1068%2C1018&ssl=1&resize=700%2C400 2x, https:\/\/i0.wp.com\/mexicocodigorojo.com.mx\/wp-content\/uploads\/2019\/11\/EJxid0XXsAAdFrD.jpg?fit=1068%2C1018&ssl=1&resize=1050%2C600 3x"},"classes":[]},{"id":18396,"url":"https:\/\/mexicocodigorojo.com.mx\/?p=18396","url_meta":{"origin":905,"position":1},"title":"VIDEO C\u00c1MARAS GRABAN PERSECUCI\u00d3N DE SICARIOS DEL CDN EN NUEVO LAREDO","author":"Staff","date":"junio 15, 2019","format":false,"excerpt":"Imagenes impactantes quedaron registradas en las c\u00e1maras de seguridad del Centro de Control,Comunicacion & Comando (C4) luego de que se diera una persecuci\u00f3n del CDN & un autom\u00f3vil familiar en plena carretera del estado de Tamaulipas. En las imagenes se mira un autom\u00f3vil blanco por el carril de alta velociudad\u2026","rel":"","context":"En \u00abTamaulipas\u00bb","block_context":{"text":"Tamaulipas","link":"https:\/\/mexicocodigorojo.com.mx\/?cat=2"},"img":{"alt_text":"","src":"","width":0,"height":0},"classes":[]},{"id":49976,"url":"https:\/\/mexicocodigorojo.com.mx\/?p=49976","url_meta":{"origin":905,"position":2},"title":"TRAS LEVANTONES REALIZAN OPERATIVOS DE B\u00daSQUEDA","author":"Staff","date":"julio 7, 2021","format":false,"excerpt":"Las Fiscal\u00edas Generales de Justicia de Tamaulipas y Nuevo Le\u00f3n y sus comisiones estatales, en coordinaci\u00f3n con la Comisi\u00f3n Nacional de B\u00fasqueda y el Colectivo \u201cTodos Somos Uno, Desaparecidos de Nuevo Laredo\u201d, iniciaron esta ma\u00f1ana operativos de b\u00fasqueda en diversos puntos de la carretera Monterrey\/Nuevo Laredo. Personal de la Polic\u00eda\u2026","rel":"","context":"En \u00abFeatured\u00bb","block_context":{"text":"Featured","link":"https:\/\/mexicocodigorojo.com.mx\/?cat=1724"},"img":{"alt_text":"","src":"https:\/\/i0.wp.com\/mexicocodigorojo.com.mx\/wp-content\/uploads\/2021\/07\/IMG-20210707-WA0155.jpg?fit=1156%2C868&ssl=1&resize=350%2C200","width":350,"height":200,"srcset":"https:\/\/i0.wp.com\/mexicocodigorojo.com.mx\/wp-content\/uploads\/2021\/07\/IMG-20210707-WA0155.jpg?fit=1156%2C868&ssl=1&resize=350%2C200 1x, https:\/\/i0.wp.com\/mexicocodigorojo.com.mx\/wp-content\/uploads\/2021\/07\/IMG-20210707-WA0155.jpg?fit=1156%2C868&ssl=1&resize=525%2C300 1.5x, https:\/\/i0.wp.com\/mexicocodigorojo.com.mx\/wp-content\/uploads\/2021\/07\/IMG-20210707-WA0155.jpg?fit=1156%2C868&ssl=1&resize=700%2C400 2x, https:\/\/i0.wp.com\/mexicocodigorojo.com.mx\/wp-content\/uploads\/2021\/07\/IMG-20210707-WA0155.jpg?fit=1156%2C868&ssl=1&resize=1050%2C600 3x"},"classes":[]},{"id":29758,"url":"https:\/\/mexicocodigorojo.com.mx\/?p=29758","url_meta":{"origin":905,"position":3},"title":"Video; Intentan despojarlo de camioneta en Nuevo Laredo","author":"Staff","date":"enero 8, 2020","format":false,"excerpt":"Ret\u00e9n de sicarios del C\u00e1rtel del Noreste se ubicaba en el Boulevard Colosio de la ciudad de Nuevo Laredo este viernes 3 de Enero a las 6:09 horas. En video quedo el momento en el que se\u00a0elude un\u00a0ret\u00e9n\u00a0de\u00a0presuntos sicarios\u00a0en\u00a0Nuevo Laredo, en el estado de\u00a0Tamaulipas. El ret\u00e9n se ubicaba en el\u2026","rel":"","context":"En \u00abTamaulipas\u00bb","block_context":{"text":"Tamaulipas","link":"https:\/\/mexicocodigorojo.com.mx\/?cat=2"},"img":{"alt_text":"","src":"https:\/\/i0.wp.com\/mexicocodigorojo.com.mx\/wp-content\/uploads\/2020\/01\/nuevo-laredo-reten-tamaulipas-sicarios-pareja-foto.jpg?fit=980%2C550&ssl=1&resize=350%2C200","width":350,"height":200,"srcset":"https:\/\/i0.wp.com\/mexicocodigorojo.com.mx\/wp-content\/uploads\/2020\/01\/nuevo-laredo-reten-tamaulipas-sicarios-pareja-foto.jpg?fit=980%2C550&ssl=1&resize=350%2C200 1x, https:\/\/i0.wp.com\/mexicocodigorojo.com.mx\/wp-content\/uploads\/2020\/01\/nuevo-laredo-reten-tamaulipas-sicarios-pareja-foto.jpg?fit=980%2C550&ssl=1&resize=525%2C300 1.5x, https:\/\/i0.wp.com\/mexicocodigorojo.com.mx\/wp-content\/uploads\/2020\/01\/nuevo-laredo-reten-tamaulipas-sicarios-pareja-foto.jpg?fit=980%2C550&ssl=1&resize=700%2C400 2x"},"classes":[]},{"id":57985,"url":"https:\/\/mexicocodigorojo.com.mx\/?p=57985","url_meta":{"origin":905,"position":4},"title":"Trabajo interestatal permite localizar a ciudadanos reportados como desaparecidos","author":"Staff","date":"noviembre 3, 2023","format":false,"excerpt":"Nuevo Laredo, Tamaulipas.- Resultado de un trabajo interinstitucional entre la Guardia Estatal, Ej\u00e9rcito Mexicano, Guardia Nacional y la Fiscal\u00eda General de Justicia de Tamaulipas, se localiz\u00f3 a dos ciudadanos reportados como desaparecidos en el municipio de Nuevo Laredo. Los masculinos de 47 y 50 a\u00f1os de edad, quienes llegaron a\u2026","rel":"","context":"En \u00abFeatured\u00bb","block_context":{"text":"Featured","link":"https:\/\/mexicocodigorojo.com.mx\/?cat=1724"},"img":{"alt_text":"","src":"https:\/\/i0.wp.com\/mexicocodigorojo.com.mx\/wp-content\/uploads\/2023\/11\/90554549-cbf0-4a95-9621-8246672915c6-1.jpg?fit=1200%2C900&ssl=1&resize=350%2C200","width":350,"height":200,"srcset":"https:\/\/i0.wp.com\/mexicocodigorojo.com.mx\/wp-content\/uploads\/2023\/11\/90554549-cbf0-4a95-9621-8246672915c6-1.jpg?fit=1200%2C900&ssl=1&resize=350%2C200 1x, https:\/\/i0.wp.com\/mexicocodigorojo.com.mx\/wp-content\/uploads\/2023\/11\/90554549-cbf0-4a95-9621-8246672915c6-1.jpg?fit=1200%2C900&ssl=1&resize=525%2C300 1.5x, https:\/\/i0.wp.com\/mexicocodigorojo.com.mx\/wp-content\/uploads\/2023\/11\/90554549-cbf0-4a95-9621-8246672915c6-1.jpg?fit=1200%2C900&ssl=1&resize=700%2C400 2x, https:\/\/i0.wp.com\/mexicocodigorojo.com.mx\/wp-content\/uploads\/2023\/11\/90554549-cbf0-4a95-9621-8246672915c6-1.jpg?fit=1200%2C900&ssl=1&resize=1050%2C600 3x"},"classes":[]},{"id":23440,"url":"https:\/\/mexicocodigorojo.com.mx\/?p=23440","url_meta":{"origin":905,"position":5},"title":"CNDH en Nuevo Laredo saco a la Marina y usa la misma estrategia contra la Polic\u00eda Estatal","author":"Staff","date":"septiembre 11, 2019","format":false,"excerpt":"Seg\u00fan las denuncias ha organizado manifestaciones contra militares y a favor de Los Zetas y el CDN En redes sociales revivieron la denuncia en contra del presidente del\u00a0Comit\u00e9 de Derechos Humanos\u00a0en\u00a0Tamaulipas,\u00a0Jes\u00fas Raymundo Ramos V\u00e1zquez, por supuestamente victimizar a sicarios y halcones de los grupos del\u00a0narcotr\u00e1fico\u00a0conocido como\u00a0Los Zetas\u00a0y del\u00a0C\u00e1rtel del Noreste\u00a0(CDN).\u2026","rel":"","context":"En \u00abTamaulipas\u00bb","block_context":{"text":"Tamaulipas","link":"https:\/\/mexicocodigorojo.com.mx\/?cat=2"},"img":{"alt_text":"","src":"https:\/\/i0.wp.com\/mexicocodigorojo.com.mx\/wp-content\/uploads\/2019\/09\/RAYMUNDO-RAMOS-VAZQUEZ.jpg?fit=696%2C464&ssl=1&resize=350%2C200","width":350,"height":200,"srcset":"https:\/\/i0.wp.com\/mexicocodigorojo.com.mx\/wp-content\/uploads\/2019\/09\/RAYMUNDO-RAMOS-VAZQUEZ.jpg?fit=696%2C464&ssl=1&resize=350%2C200 1x, https:\/\/i0.wp.com\/mexicocodigorojo.com.mx\/wp-content\/uploads\/2019\/09\/RAYMUNDO-RAMOS-VAZQUEZ.jpg?fit=696%2C464&ssl=1&resize=525%2C300 1.5x"},"classes":[]}],"jetpack_sharing_enabled":true,"jetpack_likes_enabled":true,"jetpack_shortlink":"https:\/\/wp.me\/p9TedA-eB","_links":{"self":[{"href":"https:\/\/mexicocodigorojo.com.mx\/index.php?rest_route=\/wp\/v2\/posts\/905","targetHints":{"allow":["GET"]}}],"collection":[{"href":"https:\/\/mexicocodigorojo.com.mx\/index.php?rest_route=\/wp\/v2\/posts"}],"about":[{"href":"https:\/\/mexicocodigorojo.com.mx\/index.php?rest_route=\/wp\/v2\/types\/post"}],"author":[{"embeddable":true,"href":"https:\/\/mexicocodigorojo.com.mx\/index.php?rest_route=\/wp\/v2\/users\/5"}],"replies":[{"embeddable":true,"href":"https:\/\/mexicocodigorojo.com.mx\/index.php?rest_route=%2Fwp%2Fv2%2Fcomments&post=905"}],"version-history":[{"count":0,"href":"https:\/\/mexicocodigorojo.com.mx\/index.php?rest_route=\/wp\/v2\/posts\/905\/revisions"}],"wp:featuredmedia":[{"embeddable":true,"href":"https:\/\/mexicocodigorojo.com.mx\/index.php?rest_route=\/wp\/v2\/media\/906"}],"wp:attachment":[{"href":"https:\/\/mexicocodigorojo.com.mx\/index.php?rest_route=%2Fwp%2Fv2%2Fmedia&parent=905"}],"wp:term":[{"taxonomy":"category","embeddable":true,"href":"https:\/\/mexicocodigorojo.com.mx\/index.php?rest_route=%2Fwp%2Fv2%2Fcategories&post=905"},{"taxonomy":"post_tag","embeddable":true,"href":"https:\/\/mexicocodigorojo.com.mx\/index.php?rest_route=%2Fwp%2Fv2%2Ftags&post=905"}],"curies":[{"name":"wp","href":"https:\/\/api.w.org\/{rel}","templated":true}]}}