{"id":901,"date":"2018-07-10T14:38:20","date_gmt":"2018-07-10T14:38:20","guid":{"rendered":"https:\/\/mexicocodigorojo.com.mx\/?p=901"},"modified":"2018-07-16T17:13:45","modified_gmt":"2018-07-16T17:13:45","slug":"vinculacion-a-proceso-y-prision-preventiva-a-peligrosos-homicidas","status":"publish","type":"post","link":"https:\/\/mexicocodigorojo.com.mx\/?p=901","title":{"rendered":"Vinculaci\u00f3n a proceso y prisi\u00f3n preventiva a peligrosos homicidas"},"content":{"rendered":"<p>Julio 09 de 2018<\/p>\n<p>PGJE -237-2018<\/p>\n<p>Ciudad Victoria, Tamaulipas.- La Procuradur\u00eda General de Justicia de Tamaulipas informa que se vincul\u00f3 a proceso a Cristian Alejandro \u201cN\u201d alias \u201cel Topo\u201d, Ricardo L\u00f3pez \u201cN\u201d alias \u201cEl Mocha\u201d y de Iv\u00e1n Eduardo \u201cN\u201d alias \u201cel Wero Texas\u201d, por los delitos de homicidio calificado y asociaci\u00f3n delictuosa.<\/p>\n<p>El agente del Ministerio P\u00fablico acredit\u00f3 ante la autoridad judicial la probable responsabilidad de los imputados en el homicidio de dos personas ocurrido el paso 12 de enero del 2018 en esta ciudad capital.<\/p>\n<p>Adem\u00e1s de la vinculaci\u00f3n el Juez de Control estableci\u00f3 un plaza de cierre de investigaci\u00f3n de tres meses e impuso prisi\u00f3n preventiva de dos a\u00f1os como medida cautelar en contra de Cristian Alejandro \u201cN\u201d alias \u201cel Topo\u201d, Ricardo L\u00f3pez \u201cN\u201d alias \u201cEl Mocha\u201d e Iv\u00e1n Eduardo \u201cN\u201d alias \u201cEl Wero Texas\u201d.<\/p>\n","protected":false},"excerpt":{"rendered":"<p>Julio 09 de 2018 PGJE -237-2018 Ciudad Victoria, Tamaulipas.- La Procuradur\u00eda General de Justicia de Tamaulipas informa que se vincul\u00f3 a proceso a Cristian Alejandro \u201cN\u201d alias \u201cel Topo\u201d, Ricardo L\u00f3pez \u201cN\u201d alias \u201cEl Mocha\u201d y de Iv\u00e1n Eduardo \u201cN\u201d alias \u201cel Wero Texas\u201d, por los delitos de homicidio calificado y asociaci\u00f3n delictuosa. El agente [&hellip;]<\/p>\n","protected":false},"author":5,"featured_media":902,"comment_status":"open","ping_status":"open","sticky":false,"template":"","format":"standard","meta":{"_uf_show_specific_survey":0,"_uf_disable_surveys":false,"advanced_seo_description":"","jetpack_seo_html_title":"","jetpack_seo_noindex":false,"jetpack_post_was_ever_published":false,"_jetpack_newsletter_access":"","_jetpack_dont_email_post_to_subs":false,"_jetpack_newsletter_tier_id":0,"_jetpack_memberships_contains_paywalled_content":false,"_jetpack_memberships_contains_paid_content":false,"footnotes":"","jetpack_publicize_message":"","jetpack_publicize_feature_enabled":true,"jetpack_social_post_already_shared":false,"jetpack_social_options":{"image_generator_settings":{"template":"highway","default_image_id":0,"font":"","enabled":false},"version":2}},"categories":[2],"tags":[31,60],"class_list":{"0":"post-901","1":"post","2":"type-post","3":"status-publish","4":"format-standard","5":"has-post-thumbnail","7":"category-tamaulipas","8":"tag-detenidos","9":"tag-policiaca"},"jetpack_publicize_connections":[],"jetpack_featured_media_url":"https:\/\/i0.wp.com\/mexicocodigorojo.com.mx\/wp-content\/uploads\/2018\/07\/F5776AB0-986C-4A6E-95D1-4B6DB11A9479.jpeg?fit=2048%2C2048&ssl=1","jetpack-related-posts":[{"id":43274,"url":"https:\/\/mexicocodigorojo.com.mx\/?p=43274","url_meta":{"origin":901,"position":0},"title":"L\u00edder del \u00abCDG\u00bb Ricardo Gael Pe\u00f1a alias \u201cIchigol\u201d detenido en Reynosa, fue vinculado a proceso","author":"Staff","date":"septiembre 21, 2020","format":false,"excerpt":"Reynosa, Tamaulipas.- El Representante Social de la Fiscal\u00eda General de Justicia del Estado de Tamaulipas realiz\u00f3 las acciones necesarias para lograr que se decretara vinculaci\u00f3n a proceso de Ricardo Gael \u201cP\u201d alias \u201cIchigol\u201d por delitos contra la salud en su modalidad de narcomenudeo en su vertiente de posesi\u00f3n simple y\u2026","rel":"","context":"En \u00abFeatured\u00bb","block_context":{"text":"Featured","link":"https:\/\/mexicocodigorojo.com.mx\/?cat=1724"},"img":{"alt_text":"","src":"https:\/\/i0.wp.com\/mexicocodigorojo.com.mx\/wp-content\/uploads\/2020\/09\/Eie_1YUWoAMujfs-e1602521825295.jpg?fit=421%2C362&ssl=1&resize=350%2C200","width":350,"height":200},"classes":[]},{"id":16068,"url":"https:\/\/mexicocodigorojo.com.mx\/?p=16068","url_meta":{"origin":901,"position":1},"title":"PGJT INFORMA VINCULACI\u00d3N A PROCESO POR HOMICIDIO DE LA AGENTE DEL MP DEL GRUPO ANTISECUESTROS","author":"Staff","date":"abril 7, 2019","format":false,"excerpt":"Abril 07 de 2019 PGJE-098-2019 Ciudad Victoria, Tamaulipas.- La Procuradur\u00eda General de Justicia de Tamaulipas informa que fueron vinculados a proceso Edgar Eduardo \u201cN\u201d, alias \u201cShagy\u201d, Juan \"N\", alias \"Pipas\", Jos\u00e9 Isabel \"N\", alias \"El beb\u00e9 de los kilos\", Cesar Gerardo \"N\", alias \"Guacho o Pe\u00f1a\" y Jos\u00e9 Martin \"N\",\u2026","rel":"","context":"En \u00abTamaulipas\u00bb","block_context":{"text":"Tamaulipas","link":"https:\/\/mexicocodigorojo.com.mx\/?cat=2"},"img":{"alt_text":"","src":"https:\/\/i0.wp.com\/mexicocodigorojo.com.mx\/wp-content\/uploads\/2019\/04\/img-20190407-wa00193689713304643198631.jpg?resize=350%2C200&ssl=1","width":350,"height":200,"srcset":"https:\/\/i0.wp.com\/mexicocodigorojo.com.mx\/wp-content\/uploads\/2019\/04\/img-20190407-wa00193689713304643198631.jpg?resize=350%2C200&ssl=1 1x, https:\/\/i0.wp.com\/mexicocodigorojo.com.mx\/wp-content\/uploads\/2019\/04\/img-20190407-wa00193689713304643198631.jpg?resize=525%2C300&ssl=1 1.5x, https:\/\/i0.wp.com\/mexicocodigorojo.com.mx\/wp-content\/uploads\/2019\/04\/img-20190407-wa00193689713304643198631.jpg?resize=700%2C400&ssl=1 2x"},"classes":[]},{"id":40728,"url":"https:\/\/mexicocodigorojo.com.mx\/?p=40728","url_meta":{"origin":901,"position":2},"title":"A proceso a Jos\u00e9 D\u00e1maso \u2018N\u2019, alias \u201947\u2019, por homicidio calificado","author":"Staff","date":"julio 10, 2020","format":false,"excerpt":"El \u201947\u2019 habr\u00eda participado en el ataque a elementos de la Secretar\u00eda de Seguridad del Estado de M\u00e9xico, el pasado 18 de octubre, donde murieron cuatro uniformados Alejandro G\u00f3mez S\u00e1nchez,\u00a0fiscal General de Justicia del Estado de M\u00e9xico\u00a0(FGJEM), inform\u00f3 que un juez\u00a0vincul\u00f3 a proceso\u00a0a\u00a0Jos\u00e9 D\u00e1maso \u2018N\u2019, alias \u201947\u2019. Detall\u00f3 que la\u2026","rel":"","context":"En \u00abEstado de M\u00e9xico\u00bb","block_context":{"text":"Estado de M\u00e9xico","link":"https:\/\/mexicocodigorojo.com.mx\/?cat=53"},"img":{"alt_text":"","src":"https:\/\/i0.wp.com\/mexicocodigorojo.com.mx\/wp-content\/uploads\/2020\/07\/jose-damaso-n-alias-47.jpg?fit=980%2C550&ssl=1&resize=350%2C200","width":350,"height":200,"srcset":"https:\/\/i0.wp.com\/mexicocodigorojo.com.mx\/wp-content\/uploads\/2020\/07\/jose-damaso-n-alias-47.jpg?fit=980%2C550&ssl=1&resize=350%2C200 1x, https:\/\/i0.wp.com\/mexicocodigorojo.com.mx\/wp-content\/uploads\/2020\/07\/jose-damaso-n-alias-47.jpg?fit=980%2C550&ssl=1&resize=525%2C300 1.5x, https:\/\/i0.wp.com\/mexicocodigorojo.com.mx\/wp-content\/uploads\/2020\/07\/jose-damaso-n-alias-47.jpg?fit=980%2C550&ssl=1&resize=700%2C400 2x"},"classes":[]},{"id":44860,"url":"https:\/\/mexicocodigorojo.com.mx\/?p=44860","url_meta":{"origin":901,"position":3},"title":"Hugo \u201cS\u201d, alias \u201cEl Ganso\u201d,  era segundo del grupo del Martiniano de Jes\u00fas Jaramillo Silva, al\u00edas El Pata de Queso","author":"Staff","date":"noviembre 4, 2020","format":false,"excerpt":"Ciudad Victoria, Tamaulipas.- El Representante Social de la Fiscal\u00eda General de Justicia del Estado de Tamaulipas obtuvo vinculaci\u00f3n a proceso de Hugo \u201cS\u201d, alias \u201cEl Ganso\u201d, por delito de Homicidio simple intencional. La autoridad judicial decret\u00f3 la medida, despu\u00e9s de que el Agente del Ministerio P\u00fablico aportar\u00e1 elementos que implican\u2026","rel":"","context":"En \u00abFeatured\u00bb","block_context":{"text":"Featured","link":"https:\/\/mexicocodigorojo.com.mx\/?cat=1724"},"img":{"alt_text":"","src":"https:\/\/i0.wp.com\/mexicocodigorojo.com.mx\/wp-content\/uploads\/2020\/11\/123871374_181831486759047_8457714248285710821_n-e1604545669615.jpg?fit=421%2C352&ssl=1&resize=350%2C200","width":350,"height":200},"classes":[]},{"id":25033,"url":"https:\/\/mexicocodigorojo.com.mx\/?p=25033","url_meta":{"origin":901,"position":4},"title":"Cae \u2018El Borrado\u2019 por secuestro y robo de veh\u00edculo en Tamaulipas","author":"Staff","date":"octubre 8, 2019","format":false,"excerpt":"Ciudad Victoria, Tamaulipas.- La Procuradur\u00eda General de Justicia de Tamaulipas informa que fue vinculado a proceso Juan Carlos \"N\" alias \"El Borrado\" por los delitos de secuestro agravado y robo de veh\u00edculo. Un Juez de Control decret\u00f3 la vinculaci\u00f3n a proceso, despu\u00e9s de que el agente del Ministerio P\u00fablico presentara\u2026","rel":"","context":"En \u00abHidalgo\u00bb","block_context":{"text":"Hidalgo","link":"https:\/\/mexicocodigorojo.com.mx\/?cat=145"},"img":{"alt_text":"","src":"","width":0,"height":0},"classes":[]},{"id":26144,"url":"https:\/\/mexicocodigorojo.com.mx\/?p=26144","url_meta":{"origin":901,"position":5},"title":"\u2018El Macaco\u2019 detenido por violar a una menor en Reynosa","author":"Staff","date":"octubre 29, 2019","format":false,"excerpt":"Reynosa, Tamaulipas.- La Procuradur\u00eda General de Justicia de Tamaulipas inform\u00f3 que fue vinculado a proceso Francisco 'N' alias 'El Macaco' por el delito de violaci\u00f3n en contra de una menor de edad. Un Juez de Control decret\u00f3 la vinculaci\u00f3n a proceso, una vez que el Agente del Ministerio P\u00fablico present\u00f3\u2026","rel":"","context":"En \u00abTamaulipas\u00bb","block_context":{"text":"Tamaulipas","link":"https:\/\/mexicocodigorojo.com.mx\/?cat=2"},"img":{"alt_text":"","src":"https:\/\/i0.wp.com\/mexicocodigorojo.com.mx\/wp-content\/uploads\/2019\/10\/macaco-reynosa-400x405.jpeg?fit=400%2C405&ssl=1&resize=350%2C200","width":350,"height":200},"classes":[]}],"jetpack_sharing_enabled":true,"jetpack_likes_enabled":true,"jetpack_shortlink":"https:\/\/wp.me\/p9TedA-ex","_links":{"self":[{"href":"https:\/\/mexicocodigorojo.com.mx\/index.php?rest_route=\/wp\/v2\/posts\/901","targetHints":{"allow":["GET"]}}],"collection":[{"href":"https:\/\/mexicocodigorojo.com.mx\/index.php?rest_route=\/wp\/v2\/posts"}],"about":[{"href":"https:\/\/mexicocodigorojo.com.mx\/index.php?rest_route=\/wp\/v2\/types\/post"}],"author":[{"embeddable":true,"href":"https:\/\/mexicocodigorojo.com.mx\/index.php?rest_route=\/wp\/v2\/users\/5"}],"replies":[{"embeddable":true,"href":"https:\/\/mexicocodigorojo.com.mx\/index.php?rest_route=%2Fwp%2Fv2%2Fcomments&post=901"}],"version-history":[{"count":0,"href":"https:\/\/mexicocodigorojo.com.mx\/index.php?rest_route=\/wp\/v2\/posts\/901\/revisions"}],"wp:featuredmedia":[{"embeddable":true,"href":"https:\/\/mexicocodigorojo.com.mx\/index.php?rest_route=\/wp\/v2\/media\/902"}],"wp:attachment":[{"href":"https:\/\/mexicocodigorojo.com.mx\/index.php?rest_route=%2Fwp%2Fv2%2Fmedia&parent=901"}],"wp:term":[{"taxonomy":"category","embeddable":true,"href":"https:\/\/mexicocodigorojo.com.mx\/index.php?rest_route=%2Fwp%2Fv2%2Fcategories&post=901"},{"taxonomy":"post_tag","embeddable":true,"href":"https:\/\/mexicocodigorojo.com.mx\/index.php?rest_route=%2Fwp%2Fv2%2Ftags&post=901"}],"curies":[{"name":"wp","href":"https:\/\/api.w.org\/{rel}","templated":true}]}}