{"id":890,"date":"2018-07-06T21:25:56","date_gmt":"2018-07-06T21:25:56","guid":{"rendered":"https:\/\/mexicocodigorojo.com.mx\/?p=890"},"modified":"2018-07-16T17:13:46","modified_gmt":"2018-07-16T17:13:46","slug":"el-flaco-sierra-senalado-de-narcotrafico-y-diversos-crimenes-y-solo-lo-vinculan-por-portacion-de-arma","status":"publish","type":"post","link":"https:\/\/mexicocodigorojo.com.mx\/?p=890","title":{"rendered":"\u201cEl Flaco Sierra\u201d, se\u00f1alado de narcotr\u00e1fico y diversos cr\u00edmenes y solo lo vinculan por portaci\u00f3n de arma"},"content":{"rendered":"<p>Luis Miguel Gonz\u00e1lez Mercado, \u201cEl Flaco Sierra\u201d o \u201cEl M31\u201c, identificado como l\u00edder operativo de una c\u00e9lula del C\u00e1rtel del Golfo fue vinculado a proceso por un juez federal en Reynosa, Tamaulipas.<\/p>\n<p>A pesar de que la PGR ten\u00eda acusaciones en contra de Gonz\u00e1lez Mercado por homicidio, secuestro, extorsi\u00f3n y tr\u00e1fico de drogas, \u00fanicamente logr\u00f3 imputarle portaci\u00f3n de armas de uso exclusivo de las Fuerzas Armadas.<\/p>\n<p>El juez de Distrito Especializado en el Sistema Penal Acusatorio, adscrito al Centro de Justicia Penal Federal en el Estado de Tamaulipas, calific\u00f3 de legal la detenci\u00f3n de \u201cEl Flaco Sierra\u201d, ocurrida el 30 de junio, y le impuso la prisi\u00f3n preventiva solicitada por el Agente del Ministerio P\u00fablico Federal.<\/p>\n<p>En consecuencia, permanecer\u00e1 recluido en el Centro Federal de Readaptaci\u00f3n Social, n\u00famero 11 \u201cCPS Sonora\u201d, durante el proceso penal que se le sigue<\/p>\n<p>\u201cEl M31\u201d es considerado por el gobierno federal como uno de los objetivos prioritarios transfronterizos de la estrategia de seguridad.<\/p>\n","protected":false},"excerpt":{"rendered":"<p>Luis Miguel Gonz\u00e1lez Mercado, \u201cEl Flaco Sierra\u201d o \u201cEl M31\u201c, identificado como l\u00edder operativo de una c\u00e9lula del C\u00e1rtel del Golfo fue vinculado a proceso por un juez federal en Reynosa, Tamaulipas. A pesar de que la PGR ten\u00eda acusaciones en contra de Gonz\u00e1lez Mercado por homicidio, secuestro, extorsi\u00f3n y tr\u00e1fico de drogas, \u00fanicamente logr\u00f3 [&hellip;]<\/p>\n","protected":false},"author":5,"featured_media":891,"comment_status":"open","ping_status":"open","sticky":false,"template":"","format":"standard","meta":{"_uf_show_specific_survey":0,"_uf_disable_surveys":false,"advanced_seo_description":"","jetpack_seo_html_title":"","jetpack_seo_noindex":false,"jetpack_post_was_ever_published":false,"_jetpack_newsletter_access":"","_jetpack_dont_email_post_to_subs":false,"_jetpack_newsletter_tier_id":0,"_jetpack_memberships_contains_paywalled_content":false,"_jetpack_memberships_contains_paid_content":false,"footnotes":"","jetpack_publicize_message":"","jetpack_publicize_feature_enabled":true,"jetpack_social_post_already_shared":false,"jetpack_social_options":{"image_generator_settings":{"template":"highway","default_image_id":0,"font":"","enabled":false},"version":2}},"categories":[2],"tags":[38,31,13,60],"class_list":{"0":"post-890","1":"post","2":"type-post","3":"status-publish","4":"format-standard","5":"has-post-thumbnail","7":"category-tamaulipas","8":"tag-cdg","9":"tag-detenidos","10":"tag-narcos","11":"tag-policiaca"},"jetpack_publicize_connections":[],"jetpack_featured_media_url":"https:\/\/i0.wp.com\/mexicocodigorojo.com.mx\/wp-content\/uploads\/2018\/07\/F90E4DB2-4DA3-442A-88F2-AD2A77251531.png?fit=640%2C360&ssl=1","jetpack-related-posts":[{"id":50445,"url":"https:\/\/mexicocodigorojo.com.mx\/?p=50445","url_meta":{"origin":890,"position":0},"title":"Decomisan &#8216;Monstruos&#8217; al &#8216;Flaco Sierra&#8217;","author":"Staff","date":"julio 26, 2021","format":false,"excerpt":"En la lucha entre autoridades con integrantes de la delincuencia organizada en Tamaulipas, el Grupo de Operaciones Especiales ha logrado triunfos en las \u00faltimas dos semanas asegurando, al menos, 14 veh\u00edculos modificados con blindaje artesanal, de los llamados \u201cMonstruos\u201d. Te recomendamos:\u00a0\u201cEl Flaco Sierra\u201d, se\u00f1alado de narcotr\u00e1fico y diversos cr\u00edmenes y\u2026","rel":"","context":"En \u00abFeatured\u00bb","block_context":{"text":"Featured","link":"https:\/\/mexicocodigorojo.com.mx\/?cat=1724"},"img":{"alt_text":"","src":"https:\/\/i0.wp.com\/mexicocodigorojo.com.mx\/wp-content\/uploads\/2021\/07\/FB_IMG_1627265059598.jpg?fit=603%2C450&ssl=1&resize=350%2C200","width":350,"height":200,"srcset":"https:\/\/i0.wp.com\/mexicocodigorojo.com.mx\/wp-content\/uploads\/2021\/07\/FB_IMG_1627265059598.jpg?fit=603%2C450&ssl=1&resize=350%2C200 1x, https:\/\/i0.wp.com\/mexicocodigorojo.com.mx\/wp-content\/uploads\/2021\/07\/FB_IMG_1627265059598.jpg?fit=603%2C450&ssl=1&resize=525%2C300 1.5x"},"classes":[]},{"id":865,"url":"https:\/\/mexicocodigorojo.com.mx\/?p=865","url_meta":{"origin":890,"position":1},"title":"Cae \u00abFlaco Sierra\u00bb; se desatan bloqueos","author":"Staff","date":"julio 3, 2018","format":false,"excerpt":"Reynosa, Tam.- A un d\u00eda de la jornada electoral y a tres de efectuada la rotaci\u00f3n de elementos de la Sedena, ayer fue detenido por soldados Luis Miguel Mercado Gonz\u00e1lez, alias \"Flaco Sierra\", uno de los objetivos prioritarios de los gobiernos federal y estatal, en\u00a0Tamaulipas\u00a0y Texas. Bajo un fuerte hermetismo\u2026","rel":"","context":"En \u00abTamaulipas\u00bb","block_context":{"text":"Tamaulipas","link":"https:\/\/mexicocodigorojo.com.mx\/?cat=2"},"img":{"alt_text":"","src":"https:\/\/i0.wp.com\/mexicocodigorojo.com.mx\/wp-content\/uploads\/2018\/07\/cropw0h0atrapado-focus-min0.08-0.02-628-524.jpg?fit=628%2C524&ssl=1&resize=350%2C200","width":350,"height":200,"srcset":"https:\/\/i0.wp.com\/mexicocodigorojo.com.mx\/wp-content\/uploads\/2018\/07\/cropw0h0atrapado-focus-min0.08-0.02-628-524.jpg?fit=628%2C524&ssl=1&resize=350%2C200 1x, https:\/\/i0.wp.com\/mexicocodigorojo.com.mx\/wp-content\/uploads\/2018\/07\/cropw0h0atrapado-focus-min0.08-0.02-628-524.jpg?fit=628%2C524&ssl=1&resize=525%2C300 1.5x"},"classes":[]},{"id":33659,"url":"https:\/\/mexicocodigorojo.com.mx\/?p=33659","url_meta":{"origin":890,"position":2},"title":"Jaime Gonz\u00e1lez Dur\u00e1n, alias \u2018El Hummer\u2019 pierde amparo y ser\u00e1 extraditado","author":"Staff","date":"febrero 26, 2020","format":false,"excerpt":"Jaime Gonz\u00e1lez Dur\u00e1n, alias \u2018El Hummer\u2019, uno de los l\u00edderes fundadores de Los Zetas ser\u00e1 entregado a autoridades judiciales de Estados Unidos CIUDAD DE M\u00c9XICO Luego de perder de manera definitiva el juicio de amparo que promovi\u00f3 contra su\u00a0extradici\u00f3n a Estados Unidos, este lunes se confirm\u00f3 que Jaime Gonz\u00e1lez Dur\u00e1n,\u2026","rel":"","context":"En \u00abTamaulipas\u00bb","block_context":{"text":"Tamaulipas","link":"https:\/\/mexicocodigorojo.com.mx\/?cat=2"},"img":{"alt_text":"","src":"https:\/\/i0.wp.com\/mexicocodigorojo.com.mx\/wp-content\/uploads\/2020\/02\/New-Project-2019-09-30T165801.767.jpg?fit=700%2C430&ssl=1&resize=350%2C200","width":350,"height":200,"srcset":"https:\/\/i0.wp.com\/mexicocodigorojo.com.mx\/wp-content\/uploads\/2020\/02\/New-Project-2019-09-30T165801.767.jpg?fit=700%2C430&ssl=1&resize=350%2C200 1x, https:\/\/i0.wp.com\/mexicocodigorojo.com.mx\/wp-content\/uploads\/2020\/02\/New-Project-2019-09-30T165801.767.jpg?fit=700%2C430&ssl=1&resize=525%2C300 1.5x, https:\/\/i0.wp.com\/mexicocodigorojo.com.mx\/wp-content\/uploads\/2020\/02\/New-Project-2019-09-30T165801.767.jpg?fit=700%2C430&ssl=1&resize=700%2C400 2x"},"classes":[]},{"id":24496,"url":"https:\/\/mexicocodigorojo.com.mx\/?p=24496","url_meta":{"origin":890,"position":3},"title":"Tribunal federal decidir\u00e1 si &#8216;El Hummer&#8217;, fundador de &#8216;Los Zetas&#8217; es extraditado a EU","author":"Staff","date":"octubre 1, 2019","format":false,"excerpt":"Jaime Gonz\u00e1lez Dur\u00e1n es un desertor del Ej\u00e9rcito mexicano adem\u00e1s de que fue miembro del Grupo Aerom\u00f3vil de Fuerzas Especiales (Gafes), la unidad de \u00e9lite de la Secretar\u00eda de la Defensa Nacional, encargada de ubicar y detener a los principales narcotraficantes. El 28 de agosto pasado, Juan Mateo Brieba De\u2026","rel":"","context":"En \u00abTamaulipas\u00bb","block_context":{"text":"Tamaulipas","link":"https:\/\/mexicocodigorojo.com.mx\/?cat=2"},"img":{"alt_text":"","src":"https:\/\/i0.wp.com\/mexicocodigorojo.com.mx\/wp-content\/uploads\/2019\/10\/zetas.jpg?fit=750%2C600&ssl=1&resize=350%2C200","width":350,"height":200,"srcset":"https:\/\/i0.wp.com\/mexicocodigorojo.com.mx\/wp-content\/uploads\/2019\/10\/zetas.jpg?fit=750%2C600&ssl=1&resize=350%2C200 1x, https:\/\/i0.wp.com\/mexicocodigorojo.com.mx\/wp-content\/uploads\/2019\/10\/zetas.jpg?fit=750%2C600&ssl=1&resize=525%2C300 1.5x, https:\/\/i0.wp.com\/mexicocodigorojo.com.mx\/wp-content\/uploads\/2019\/10\/zetas.jpg?fit=750%2C600&ssl=1&resize=700%2C400 2x"},"classes":[]},{"id":63256,"url":"https:\/\/mexicocodigorojo.com.mx\/?p=63256","url_meta":{"origin":890,"position":4},"title":"Dan libertad a Jos\u00e9 Alfredo C\u00e1rdenas &#8216;El Contador&#8217;","author":"Staff","date":"noviembre 20, 2024","format":false,"excerpt":"Este mi\u00e9rcoles se orden\u00f3 revocar la prisi\u00f3n preventiva a Jos\u00e9 Alfredo C\u00e1rdenas Mart\u00ednez\u00a0\u201cEl Contador\u201d, sobrino de\u00a0Osiel C\u00e1rdenas Guill\u00e9n, l\u00edder del\u00a0C\u00e1rtel del Golfo. El juez de Distrito Especializado en el Sistema Penal Acusatorio, adscrito al Centro de Justicia Penal Federal en el Estado de M\u00e9xico, con residencia en Almoloya de Ju\u00e1rez\u00a0\u201cEl\u2026","rel":"","context":"En \u00abFeatured\u00bb","block_context":{"text":"Featured","link":"https:\/\/mexicocodigorojo.com.mx\/?cat=1724"},"img":{"alt_text":"","src":"https:\/\/i0.wp.com\/mexicocodigorojo.com.mx\/wp-content\/uploads\/2024\/11\/FMHTGXWF5ND6ZEJCLPMPKBSFJI.jpg?fit=1100%2C666&ssl=1&resize=350%2C200","width":350,"height":200,"srcset":"https:\/\/i0.wp.com\/mexicocodigorojo.com.mx\/wp-content\/uploads\/2024\/11\/FMHTGXWF5ND6ZEJCLPMPKBSFJI.jpg?fit=1100%2C666&ssl=1&resize=350%2C200 1x, https:\/\/i0.wp.com\/mexicocodigorojo.com.mx\/wp-content\/uploads\/2024\/11\/FMHTGXWF5ND6ZEJCLPMPKBSFJI.jpg?fit=1100%2C666&ssl=1&resize=525%2C300 1.5x, https:\/\/i0.wp.com\/mexicocodigorojo.com.mx\/wp-content\/uploads\/2024\/11\/FMHTGXWF5ND6ZEJCLPMPKBSFJI.jpg?fit=1100%2C666&ssl=1&resize=700%2C400 2x, https:\/\/i0.wp.com\/mexicocodigorojo.com.mx\/wp-content\/uploads\/2024\/11\/FMHTGXWF5ND6ZEJCLPMPKBSFJI.jpg?fit=1100%2C666&ssl=1&resize=1050%2C600 3x"},"classes":[]},{"id":26578,"url":"https:\/\/mexicocodigorojo.com.mx\/?p=26578","url_meta":{"origin":890,"position":5},"title":"Alcaldesa de Reynosa y su sombra con el Narco","author":"Staff","date":"noviembre 6, 2019","format":false,"excerpt":"Reynosa, Tamaulipas An\u00edbal Flores, el consentido de la Doctora Maki Esther Dom\u00ednguez y su coordinador de imagen se ampar\u00f3 por muchos a\u00f1os por ser sobrino y primo de Juan Perros y Juan Perros Jr, que se encontraban al frente del C\u00e1rtel del Golfo en la frontera de Tamaulipas. Antecedentes familiares\u2026","rel":"","context":"En \u00abTamaulipas\u00bb","block_context":{"text":"Tamaulipas","link":"https:\/\/mexicocodigorojo.com.mx\/?cat=2"},"img":{"alt_text":"","src":"https:\/\/i0.wp.com\/secureservercdn.net\/166.62.108.22\/cg1.af3.myftpupload.com\/wp-content\/uploads\/2019\/11\/img_6975.jpg?resize=350%2C200&ssl=1","width":350,"height":200},"classes":[]}],"jetpack_sharing_enabled":true,"jetpack_likes_enabled":true,"jetpack_shortlink":"https:\/\/wp.me\/p9TedA-em","_links":{"self":[{"href":"https:\/\/mexicocodigorojo.com.mx\/index.php?rest_route=\/wp\/v2\/posts\/890","targetHints":{"allow":["GET"]}}],"collection":[{"href":"https:\/\/mexicocodigorojo.com.mx\/index.php?rest_route=\/wp\/v2\/posts"}],"about":[{"href":"https:\/\/mexicocodigorojo.com.mx\/index.php?rest_route=\/wp\/v2\/types\/post"}],"author":[{"embeddable":true,"href":"https:\/\/mexicocodigorojo.com.mx\/index.php?rest_route=\/wp\/v2\/users\/5"}],"replies":[{"embeddable":true,"href":"https:\/\/mexicocodigorojo.com.mx\/index.php?rest_route=%2Fwp%2Fv2%2Fcomments&post=890"}],"version-history":[{"count":0,"href":"https:\/\/mexicocodigorojo.com.mx\/index.php?rest_route=\/wp\/v2\/posts\/890\/revisions"}],"wp:featuredmedia":[{"embeddable":true,"href":"https:\/\/mexicocodigorojo.com.mx\/index.php?rest_route=\/wp\/v2\/media\/891"}],"wp:attachment":[{"href":"https:\/\/mexicocodigorojo.com.mx\/index.php?rest_route=%2Fwp%2Fv2%2Fmedia&parent=890"}],"wp:term":[{"taxonomy":"category","embeddable":true,"href":"https:\/\/mexicocodigorojo.com.mx\/index.php?rest_route=%2Fwp%2Fv2%2Fcategories&post=890"},{"taxonomy":"post_tag","embeddable":true,"href":"https:\/\/mexicocodigorojo.com.mx\/index.php?rest_route=%2Fwp%2Fv2%2Ftags&post=890"}],"curies":[{"name":"wp","href":"https:\/\/api.w.org\/{rel}","templated":true}]}}