{"id":8051,"date":"2018-11-07T01:50:17","date_gmt":"2018-11-07T01:50:17","guid":{"rendered":"https:\/\/mexicocodigorojo.com.mx\/?p=8051"},"modified":"2018-11-07T02:44:10","modified_gmt":"2018-11-07T02:44:10","slug":"alerta-por-nuevas-caravanas-hacia-mexico-ahora-son-de-brasil-ecuador-y-venezuela","status":"publish","type":"post","link":"https:\/\/mexicocodigorojo.com.mx\/?p=8051","title":{"rendered":"ALERTA POR NUEVAS CARAVANAS HACIA M\u00c9XICO, AHORA SON DE BRASIL, ECUADOR Y VENEZUELA"},"content":{"rendered":"<p>Tapachula, Chiapas.- Los Gobiernos centroamericanos emitieron una alerta este lunes ante la posibilidad de que, en las pr\u00f3ximas horas, partan nuevas caravanas hacia M\u00e9xico y los Estados Unidos, pero esta vez de Brasil, Ecuador y Venezuela.<\/p>\n<div class=\"mvp-post-soc-in\" style=\"margin:0px; padding:0px; border:0px; font-size:16px; vertical-align:baseline;\">\n<div class=\"left relative\" id=\"mvp-content-body\" style=\"margin:0px; padding:0px; border:0px; font-size:16px; vertical-align:baseline; position:relative; float:left; width:293.328px;\">\n<div class=\"left\" id=\"mvp-content-body-top\" relative=\"\" style=\"margin:0px; padding:0px; border:0px; font-size:16px; vertical-align:baseline; float:left; width:293.328px; overflow:hidden;\">\n<div class=\"left relative\" id=\"mvp-content-main\" style=\"margin:0px; padding:0px; border:0px; font-size:16px; vertical-align:baseline; position:relative; float:left; width:293.328px; line-height:1.55;\">\n<div class=\"theiaPostSlider_slides\" id=\"tps_slideContainer_3351\" style=\"margin:0px; padding:0px; border:0px; font-size:16px; vertical-align:baseline; position:relative; clear:both; overflow:hidden; list-style:none;\">\n<div class=\"theiaPostSlider_preloadedSlide\" style=\"margin:0px; padding:0px; border:0px; font-size:16px; vertical-align:baseline; overflow:hidden;\">\n<p style=\"margin:0px0px20px; padding:0px; border:0px; font-size:1rem; vertical-align:baseline; color:rgb(0,0,0); display:block; font-weight:400; line-height:1.55; font-family:\" ptserifsans-serif=\"ptserifsans-serif\">Los primeros informes se\u00f1alan que, tambi\u00e9n a trav\u00e9s de redes sociales como se hizo en Honduras y El Salvador, se estar\u00eda convocando a \u00e9xodos masivos desde esas naciones.<\/p>\n<p style=\"margin:0px0px20px; padding:0px; border:0px; font-size:1rem; vertical-align:baseline; color:rgb(0,0,0); display:block; font-weight:400; line-height:1.55; font-family:\" ptserifsans-serif=\"ptserifsans-serif\">A\u00fan cuando los hechos se han manejado con sumo hermetismo y no han sido anunciados oficialmente, se teme que esos nuevos movimientos de migrantes pudieran estar siendo financiados.<\/p>\n<p style=\"margin:0px0px20px; padding:0px; border:0px; font-size:1rem; vertical-align:baseline; color:rgb(0,0,0); display:block; font-weight:400; line-height:1.55; font-family:\" ptserifsans-serif=\"ptserifsans-serif\">La teor\u00eda se fortaleci\u00f3 luego de que el vicepresidente de los Estados Unidos, Mike Pence, acus\u00f3 a grupos izquierdistas de Honduras y al propio Gobierno de Venezuela de organizar la caravana de migrantes que avanza hacia la frontera estadounidense.<\/p>\n<p style=\"margin:0px0px20px; padding:0px; border:0px; font-size:1rem; vertical-align:baseline; color:rgb(0,0,0); display:block; font-weight:400; line-height:1.55; font-family:\" ptserifsans-serif=\"ptserifsans-serif\">Pence inform\u00f3 a los medios de comunicaci\u00f3n que la caravana formada por miles de hondure\u00f1os que avanza por el territorio mexicano hacia los Estados Unidos, fue organizada por grupos izquierdistas en Honduras y financiada, en parte, por Venezuela, supuestamente con el argumento de desafiar las leyes norteamericanas.<\/p>\n<p style=\"margin:0px0px20px; padding:0px; border:0px; font-size:1rem; vertical-align:baseline; color:rgb(0,0,0); display:block; font-weight:400; line-height:1.55; font-family:\" ptserifsans-serif=\"ptserifsans-serif\">En la caravana, recalc\u00f3, al referirse a la de los hondure\u00f1os, hay gente de otras partes del mundo con malos antecedentes.<\/p>\n<p style=\"margin:0px0px20px; padding:0px; border:0px; font-size:1rem; vertical-align:baseline; color:rgb(0,0,0); display:block; font-weight:400; line-height:1.55; font-family:\" ptserifsans-serif=\"ptserifsans-serif\">Mientras eso ocurre, este lunes se registr\u00f3 un mot\u00edn en las instalaciones del Sistema para el Desarrollo Integral para las Familias (DIF), en la que, seg\u00fan se dijo, intervinieron 21 menores de edad originarios de Honduras.<\/p>\n<p style=\"margin:0px0px20px; padding:0px; border:0px; font-size:1rem; vertical-align:baseline; color:rgb(0,0,0); display:block; font-weight:400; line-height:1.55; font-family:\" ptserifsans-serif=\"ptserifsans-serif\">Los migrantes, que caminaban en las dos caravanas que cruzaron este territorio y solicitaron la calidad de refugiados, hab\u00edan sido llevados a ese albergue, ubicado en la colonia Viva M\u00e9xico, para que recibieran alimentaci\u00f3n, bebidas, atenci\u00f3n m\u00e9dica y un lugar digno para dormir.<\/p>\n<p style=\"margin:0px0px20px; padding:0px; border:0px; font-size:1rem; vertical-align:baseline; color:rgb(0,0,0); display:block; font-weight:400; line-height:1.55; font-family:\" ptserifsans-serif=\"ptserifsans-serif\">Todo marchaba bien hasta la tarde de este lunes, cuando los j\u00f3venes empezaron a manifestarse, se rebelaron contra los empleados y se amotinaron, con la amenaza de que llevar\u00edan a cabo destrozos y agresiones si no los dejaban en libertad de inmediato.<\/p>\n<p style=\"margin:0px0px20px; padding:0px; border:0px; font-size:1rem; vertical-align:baseline; color:rgb(0,0,0); display:block; font-weight:400; line-height:1.55; font-family:\" ptserifsans-serif=\"ptserifsans-serif\">Ped\u00edan a representantes de organismos de derechos humanos para quejarse de que la comida no era de calidad y que se sent\u00edan como si fueran presos.<\/p>\n<p style=\"margin:0px0px20px; padding:0px; border:0px; font-size:1rem; vertical-align:baseline; color:rgb(0,0,0); display:block; font-weight:400; line-height:1.55; font-family:\" ptserifsans-serif=\"ptserifsans-serif\">Ante esa postura, fueron remitidos a la Estaci\u00f3n Migratoria \u201cSiglo XXI\u201d, en donde continuar\u00e1 su proceso de espera para que las autoridades decidan si les conceden el refugio en M\u00e9xico o los repatr\u00edan.<\/p>\n<p style=\"margin:0px0px20px; padding:0px; border:0px; font-size:1rem; vertical-align:baseline; color:rgb(0,0,0); display:block; font-weight:400; line-height:1.55; font-family:\" ptserifsans-serif=\"ptserifsans-serif\">En la v\u00edspera hab\u00edan ocurrido algo similar en las instalaciones de la Feria Mesoamericana, que hab\u00eda sido acondicionada como albergue temporal para migrantes.<\/p>\n<p style=\"margin:0px0px20px; padding:0px; border:0px; font-size:1rem; vertical-align:baseline; color:rgb(0,0,0); display:block; font-weight:400; line-height:1.55; font-family:\" ptserifsans-serif=\"ptserifsans-serif\">Derivado de ese mot\u00edn, a unos 200 migrantes se les concedi\u00f3 una Clave \u00danica de Registro Poblacional (CURP) y les permitieron que salieran del albergue y buscaran, por sus propios medios, un lugar para esperar la resoluci\u00f3n migratoria de cada uno de ellos.<\/p>\n<p style=\"margin:0px0px20px; padding:0px; border:0px; font-size:1rem; vertical-align:baseline; color:rgb(0,0,0); display:block; font-weight:400; line-height:1.55; font-family:\" ptserifsans-serif=\"ptserifsans-serif\">En el transcurso de las horas, otros migrantes que estaban en esas mismas instalaciones mostraban actitudes similares y, por ello, las autoridades decidieron otorgar el resto de las CURP que hac\u00edan falta, dejar a todos los migrantes en libertad y dejar vac\u00edo el albergue.<\/p>\n<p style=\"margin:0px0px20px; padding:0px; border:0px; font-size:1rem; vertical-align:baseline; color:rgb(0,0,0); display:block; font-weight:400; line-height:1.55; font-family:\" ptserifsans-serif=\"ptserifsans-serif\">Se desconoce, por lo pronto, si el albergue de la Mesoamericana ser\u00e1 clausurada por completo o quedar\u00e1 disponible como una alternativa de atenci\u00f3n a los migrantes.<\/p>\n<p style=\"margin:0px0px20px; padding:0px; border:0px; font-size:1rem; vertical-align:baseline; color:rgb(0,0,0); display:block; font-weight:400; line-height:1.55; font-family:\" ptserifsans-serif=\"ptserifsans-serif\">Para la noche de este lunes, grupos de entre 30 y 50 migrantes deambulaban en diversas partes de la ciudad, incluso algunos ped\u00edan limosnas en las esquinas, ya que mientras no se resuelva su situaci\u00f3n jur\u00eddica, no pueden salir de Tapachula.<\/p>\n<p style=\"margin:0px0px20px; padding:0px; border:0px; font-size:1rem; vertical-align:baseline; color:rgb(0,0,0); display:block; font-weight:400; line-height:1.55; font-family:\" ptserifsans-serif=\"ptserifsans-serif\">En tanto, la caravana con alrededor de 2 mil 500 salvadore\u00f1os que lleg\u00f3 el domingo a Tapachula, decidi\u00f3 este lunes seguir su camino rumbo al centro del pa\u00eds. Por la tarde se inform\u00f3 que ya hab\u00edan llegado a Huixtla, en donde descansar\u00edan con la posibilidad de que este martes avanzaran hacia Mapastepec.<\/p>\n<p style=\"margin:0px0px20px; padding:0px; border:0px; font-size:1rem; vertical-align:baseline; color:rgb(0,0,0); display:block; font-weight:400; line-height:1.55; font-family:\" ptserifsans-serif=\"ptserifsans-serif\">Sus antecesores, la segunda caravana de hondure\u00f1os, sali\u00f3 este lunes de Chiapas al abandonar el municipio de Arriaga para tratar de llegar a Tapanatepec, Oaxaca.<\/p>\n<p style=\"margin:0px0px20px; padding:0px; border:0px; font-size:1rem; vertical-align:baseline; color:rgb(0,0,0); display:block; font-weight:400; line-height:1.55; font-family:\" ptserifsans-serif=\"ptserifsans-serif\">La primera, tambi\u00e9n de hondure\u00f1os, continuaba diseminada en la Ciudad de M\u00e9xico, Puebla e incluso en Veracruz, en espera de que se puedan volver a compactar.<\/p>\n<p style=\"margin:0px0px20px; padding:0px; border:0px; font-size:1rem; vertical-align:baseline; color:rgb(0,0,0); display:block; font-weight:400; line-height:1.55; font-family:\" ptserifsans-serif=\"ptserifsans-serif\">Mientras todo eso ocurre, autoridades mexicanas y guatemaltecas realizaron la limpieza del Puente Internacional Rodolfo Robles, luego de que las dos caravanas de hondure\u00f1os realizaron infinidad de destrozos.<\/p>\n<p style=\"margin:0px0px20px; padding:0px; border:0px; font-size:1rem; vertical-align:baseline; color:rgb(0,0,0); display:block; font-weight:400; line-height:1.55; font-family:\" ptserifsans-serif=\"ptserifsans-serif\">Tal y como lo dio a conocer oportunamente EL ORBE, ese cruce oficial ya fue abierto desde el domingo al paso de visitantes a pie, para ambos lados de la frontera, y se prev\u00e9 que en las pr\u00f3ximas horas se podr\u00eda reactivar tambi\u00e9n el paso de veh\u00edculos.<\/p>\n<p style=\"margin:0px0px20px; padding:0px; border:0px; font-size:1rem; vertical-align:baseline; color:rgb(0,0,0); display:block; font-weight:400; line-height:1.55; font-family:\" ptserifsans-serif=\"ptserifsans-serif\">Con informaci\u00f3n de <strong><i><strong><i><strong><i>Ildefonso Ochoa Arg\u00fcello<\/i><\/strong><\/i><\/strong><\/i><\/strong><strong><i><strong><i><\/i><\/strong><\/i><\/strong><\/p>\n<\/div>\n<\/div>\n<\/div>\n<\/div>\n<\/div>\n<\/div>\n","protected":false},"excerpt":{"rendered":"<p>Tapachula, Chiapas.- Los Gobiernos centroamericanos emitieron una alerta este lunes ante la posibilidad de que, en las pr\u00f3ximas horas, partan nuevas caravanas hacia M\u00e9xico y los Estados Unidos, pero esta vez de Brasil, Ecuador y Venezuela. Los primeros informes se\u00f1alan que, tambi\u00e9n a trav\u00e9s de redes sociales como se hizo en Honduras y El Salvador, [&hellip;]<\/p>\n","protected":false},"author":5,"featured_media":0,"comment_status":"open","ping_status":"open","sticky":false,"template":"","format":"standard","meta":{"_uf_show_specific_survey":0,"_uf_disable_surveys":false,"advanced_seo_description":"","jetpack_seo_html_title":"","jetpack_seo_noindex":false,"jetpack_post_was_ever_published":false,"_jetpack_newsletter_access":"","_jetpack_dont_email_post_to_subs":false,"_jetpack_newsletter_tier_id":0,"_jetpack_memberships_contains_paywalled_content":false,"_jetpack_memberships_contains_paid_content":false,"footnotes":"","jetpack_publicize_message":"","jetpack_publicize_feature_enabled":true,"jetpack_social_post_already_shared":false,"jetpack_social_options":{"image_generator_settings":{"template":"highway","default_image_id":0,"font":"","enabled":false},"version":2}},"categories":[14],"tags":[329],"class_list":{"0":"post-8051","1":"post","2":"type-post","3":"status-publish","4":"format-standard","6":"category-internacional","7":"tag-caravanamigrante"},"jetpack_publicize_connections":[],"jetpack_featured_media_url":"","jetpack-related-posts":[{"id":7236,"url":"https:\/\/mexicocodigorojo.com.mx\/?p=7236","url_meta":{"origin":8051,"position":0},"title":"VIDEO CARAVANAS DEL CJNG SE PASEAN COMO SI NADA EN NAUCALPAN ESTADO DE M\u00c9XICO","author":"Staff","date":"octubre 25, 2018","format":false,"excerpt":"Las primeras investigaciones de la polic\u00eda municipal apuntan a que controlan la plaza de este municipio sin que las autoridades intervengan Un comando armado con fusiles de asalto AK 47 mantienen aterrados a los habitantes del municipio de Naucalpan, debido a que en convoy de camionetas de reciente modelo recorren\u2026","rel":"","context":"En \u00abCiudad de M\u00e9xico\u00bb","block_context":{"text":"Ciudad de M\u00e9xico","link":"https:\/\/mexicocodigorojo.com.mx\/?cat=101"},"img":{"alt_text":"","src":"https:\/\/i0.wp.com\/img.youtube.com\/vi\/NY0ni1zn2Y\/0.jpg?resize=350%2C200","width":350,"height":200},"classes":[]},{"id":22049,"url":"https:\/\/mexicocodigorojo.com.mx\/?p=22049","url_meta":{"origin":8051,"position":1},"title":"V\u00cdDEO; SICARIOS DEL CDN TURISTEAN POR CIUDAD MIER Y ENTRAN CON 36 CAMIONETAS DURAS A MIGUEL ALEM\u00c1N, TAMAULIPAS","author":"Staff","date":"agosto 14, 2019","format":false,"excerpt":"Ciudad Mier, Tamaulipas. - Un grupo de sicarios del Grupo Operativo Zeta, C\u00e1rtel del Noreste realiz\u00f3 recorridos en b\u00fasqueda de toparse con sicarios del C\u00e1rtel del Golfo, enfrentamientos que duraron varias horas con el ej\u00e9rcito escondido en su cuartel, incluso fueron a dispararles para que salieran y estos se mantuvieron\u2026","rel":"","context":"En \u00abFeatured\u00bb","block_context":{"text":"Featured","link":"https:\/\/mexicocodigorojo.com.mx\/?cat=1724"},"img":{"alt_text":"","src":"https:\/\/i0.wp.com\/mexicocodigorojo.com.mx\/wp-content\/uploads\/2019\/08\/picsart_08-13-084693999106776174782.webp?fit=696%2C696&ssl=1&resize=350%2C200","width":350,"height":200,"srcset":"https:\/\/i0.wp.com\/mexicocodigorojo.com.mx\/wp-content\/uploads\/2019\/08\/picsart_08-13-084693999106776174782.webp?fit=696%2C696&ssl=1&resize=350%2C200 1x, https:\/\/i0.wp.com\/mexicocodigorojo.com.mx\/wp-content\/uploads\/2019\/08\/picsart_08-13-084693999106776174782.webp?fit=696%2C696&ssl=1&resize=525%2C300 1.5x"},"classes":[]},{"id":39655,"url":"https:\/\/mexicocodigorojo.com.mx\/?p=39655","url_meta":{"origin":8051,"position":2},"title":"Vuelven a protestar contra AMLO en caravanas de autos","author":"Staff","date":"junio 14, 2020","format":false,"excerpt":"Por segunda ocasi\u00f3n, decenas de autos tomaron las principales calles de al menos diez estados para exigir la renuncia de AMLO Por segunda ocasi\u00f3n en lo que va del a\u00f1o y a pesar de la emergencia sanitaria de\u00a0COVID-19\u00a0en M\u00e9xico, miles de personas se manifestaron este s\u00e1bado y domingo en al\u2026","rel":"","context":"En \u00abCiudad de M\u00e9xico\u00bb","block_context":{"text":"Ciudad de M\u00e9xico","link":"https:\/\/mexicocodigorojo.com.mx\/?cat=101"},"img":{"alt_text":"","src":"https:\/\/i0.wp.com\/mexicocodigorojo.com.mx\/wp-content\/uploads\/2020\/06\/caravana-contra-amlo.jpg?fit=1200%2C800&ssl=1&resize=350%2C200","width":350,"height":200,"srcset":"https:\/\/i0.wp.com\/mexicocodigorojo.com.mx\/wp-content\/uploads\/2020\/06\/caravana-contra-amlo.jpg?fit=1200%2C800&ssl=1&resize=350%2C200 1x, https:\/\/i0.wp.com\/mexicocodigorojo.com.mx\/wp-content\/uploads\/2020\/06\/caravana-contra-amlo.jpg?fit=1200%2C800&ssl=1&resize=525%2C300 1.5x, https:\/\/i0.wp.com\/mexicocodigorojo.com.mx\/wp-content\/uploads\/2020\/06\/caravana-contra-amlo.jpg?fit=1200%2C800&ssl=1&resize=700%2C400 2x, https:\/\/i0.wp.com\/mexicocodigorojo.com.mx\/wp-content\/uploads\/2020\/06\/caravana-contra-amlo.jpg?fit=1200%2C800&ssl=1&resize=1050%2C600 3x"},"classes":[]},{"id":43050,"url":"https:\/\/mexicocodigorojo.com.mx\/?p=43050","url_meta":{"origin":8051,"position":3},"title":"Emite EU alerta de viaje a M\u00e9xico","author":"Staff","date":"septiembre 10, 2020","format":false,"excerpt":"Emiti\u00f3 alertas de viaje para cinco estados y recomend\u00f3 el reconsiderar viajar a otros 11 estados; act\u00fae con mayor cautela debido a la delincuencia y el secuestro, se\u00f1al\u00f3 CIUDAD DE M\u00c9XICO El pasado 8 de septiembre,\u00a0el Departamento de Estado de los Estados Unidos emiti\u00f3 alertas de viaje para cinco estados\u2026","rel":"","context":"En \u00abFeatured\u00bb","block_context":{"text":"Featured","link":"https:\/\/mexicocodigorojo.com.mx\/?cat=1724"},"img":{"alt_text":"","src":"https:\/\/i0.wp.com\/mexicocodigorojo.com.mx\/wp-content\/uploads\/2020\/09\/2437940.jpg?fit=664%2C498&ssl=1&resize=350%2C200","width":350,"height":200,"srcset":"https:\/\/i0.wp.com\/mexicocodigorojo.com.mx\/wp-content\/uploads\/2020\/09\/2437940.jpg?fit=664%2C498&ssl=1&resize=350%2C200 1x, https:\/\/i0.wp.com\/mexicocodigorojo.com.mx\/wp-content\/uploads\/2020\/09\/2437940.jpg?fit=664%2C498&ssl=1&resize=525%2C300 1.5x"},"classes":[]},{"id":58626,"url":"https:\/\/mexicocodigorojo.com.mx\/?p=58626","url_meta":{"origin":8051,"position":4},"title":"Guardia Estatal libera a 13 inmigrantes privados de la libertad en Reynosa Tamaulipas","author":"MexicoRojo","date":"diciembre 15, 2023","format":false,"excerpt":"Reynosa, Tamaulipas.- En atenci\u00f3n a un reporte del C5 personal de la Guardia Estatal en el municipio de Reynosa liber\u00f3 a 13 personas de origen extranjero que se encontraban privadas de la libertad en un hotel de esta ciudad fronteriza, asimismo, asegur\u00f3 a dos presuntos responsables. \u00a0 \u00a0 A su\u2026","rel":"","context":"En \u00abFeatured\u00bb","block_context":{"text":"Featured","link":"https:\/\/mexicocodigorojo.com.mx\/?cat=1724"},"img":{"alt_text":"","src":"https:\/\/i0.wp.com\/mexicocodigorojo.com.mx\/wp-content\/uploads\/2023\/12\/IMG-20231215-WA0259.jpg?fit=1152%2C519&ssl=1&resize=350%2C200","width":350,"height":200,"srcset":"https:\/\/i0.wp.com\/mexicocodigorojo.com.mx\/wp-content\/uploads\/2023\/12\/IMG-20231215-WA0259.jpg?fit=1152%2C519&ssl=1&resize=350%2C200 1x, https:\/\/i0.wp.com\/mexicocodigorojo.com.mx\/wp-content\/uploads\/2023\/12\/IMG-20231215-WA0259.jpg?fit=1152%2C519&ssl=1&resize=525%2C300 1.5x, https:\/\/i0.wp.com\/mexicocodigorojo.com.mx\/wp-content\/uploads\/2023\/12\/IMG-20231215-WA0259.jpg?fit=1152%2C519&ssl=1&resize=700%2C400 2x, https:\/\/i0.wp.com\/mexicocodigorojo.com.mx\/wp-content\/uploads\/2023\/12\/IMG-20231215-WA0259.jpg?fit=1152%2C519&ssl=1&resize=1050%2C600 3x"},"classes":[]},{"id":62408,"url":"https:\/\/mexicocodigorojo.com.mx\/?p=62408","url_meta":{"origin":8051,"position":5},"title":"Caravana de migrantes contin\u00faa su recorrido por Chiapas","author":"MCR","date":"julio 25, 2024","format":false,"excerpt":"La caravana de migrantes la conforman hombres y mujeres de Guatemala, Honduras, El Salvador, Nicaragua, Venezuela, Cuba, Ecuador, Colombia y otros pa\u00edses. Migrantes de diferentes nacionalidades integrados en la caravana, que el domingo sali\u00f3 de Suchiate, cruzaron este jueves el Centro de Atenci\u00f3n Integral al Tr\u00e1nsito Fronterizo CAIFT en Huixtla.\u2026","rel":"","context":"En \u00abChiapas\u00bb","block_context":{"text":"Chiapas","link":"https:\/\/mexicocodigorojo.com.mx\/?cat=75"},"img":{"alt_text":"","src":"https:\/\/i0.wp.com\/mexicocodigorojo.com.mx\/wp-content\/uploads\/2024\/07\/Screenshot_20240725_193655_Gallery.jpg?fit=1200%2C710&ssl=1&resize=350%2C200","width":350,"height":200,"srcset":"https:\/\/i0.wp.com\/mexicocodigorojo.com.mx\/wp-content\/uploads\/2024\/07\/Screenshot_20240725_193655_Gallery.jpg?fit=1200%2C710&ssl=1&resize=350%2C200 1x, https:\/\/i0.wp.com\/mexicocodigorojo.com.mx\/wp-content\/uploads\/2024\/07\/Screenshot_20240725_193655_Gallery.jpg?fit=1200%2C710&ssl=1&resize=525%2C300 1.5x, https:\/\/i0.wp.com\/mexicocodigorojo.com.mx\/wp-content\/uploads\/2024\/07\/Screenshot_20240725_193655_Gallery.jpg?fit=1200%2C710&ssl=1&resize=700%2C400 2x, https:\/\/i0.wp.com\/mexicocodigorojo.com.mx\/wp-content\/uploads\/2024\/07\/Screenshot_20240725_193655_Gallery.jpg?fit=1200%2C710&ssl=1&resize=1050%2C600 3x"},"classes":[]}],"jetpack_sharing_enabled":true,"jetpack_likes_enabled":true,"jetpack_shortlink":"https:\/\/wp.me\/p9TedA-25R","_links":{"self":[{"href":"https:\/\/mexicocodigorojo.com.mx\/index.php?rest_route=\/wp\/v2\/posts\/8051","targetHints":{"allow":["GET"]}}],"collection":[{"href":"https:\/\/mexicocodigorojo.com.mx\/index.php?rest_route=\/wp\/v2\/posts"}],"about":[{"href":"https:\/\/mexicocodigorojo.com.mx\/index.php?rest_route=\/wp\/v2\/types\/post"}],"author":[{"embeddable":true,"href":"https:\/\/mexicocodigorojo.com.mx\/index.php?rest_route=\/wp\/v2\/users\/5"}],"replies":[{"embeddable":true,"href":"https:\/\/mexicocodigorojo.com.mx\/index.php?rest_route=%2Fwp%2Fv2%2Fcomments&post=8051"}],"version-history":[{"count":0,"href":"https:\/\/mexicocodigorojo.com.mx\/index.php?rest_route=\/wp\/v2\/posts\/8051\/revisions"}],"wp:attachment":[{"href":"https:\/\/mexicocodigorojo.com.mx\/index.php?rest_route=%2Fwp%2Fv2%2Fmedia&parent=8051"}],"wp:term":[{"taxonomy":"category","embeddable":true,"href":"https:\/\/mexicocodigorojo.com.mx\/index.php?rest_route=%2Fwp%2Fv2%2Fcategories&post=8051"},{"taxonomy":"post_tag","embeddable":true,"href":"https:\/\/mexicocodigorojo.com.mx\/index.php?rest_route=%2Fwp%2Fv2%2Ftags&post=8051"}],"curies":[{"name":"wp","href":"https:\/\/api.w.org\/{rel}","templated":true}]}}