{"id":8047,"date":"2018-11-07T01:27:43","date_gmt":"2018-11-07T01:27:43","guid":{"rendered":"https:\/\/mexicocodigorojo.com.mx\/?p=8047"},"modified":"2018-11-07T02:44:11","modified_gmt":"2018-11-07T02:44:11","slug":"confirmanlocalizan-el-cuerpo-sin-vida-de-la-maestra-del-cobaes","status":"publish","type":"post","link":"https:\/\/mexicocodigorojo.com.mx\/?p=8047","title":{"rendered":"CONFIRMAN;LOCALIZAN EL CUERPO SIN VIDA DE LA MAESTRA DEL COBAES"},"content":{"rendered":"<p>Con base a distintas pruebas periciales, la Fiscal\u00eda General del Estado de Sinaloa confirma que el cuerpo sin vida localizado este lunes 5 de noviembre, en las inmediaciones de la comunidad de La Guamuchilera, Mocorito, corresponde a la profesora A\u00edda Rodr\u00edguez Campa\u00f1a, quien hab\u00eda sido privada de su libertad desde el pasado jueves 1 de noviembre.<\/p>\n<p>A partir de esa fecha, este \u00f3rgano aut\u00f3nomo constitucional, inici\u00f3 investigaci\u00f3n por el delito de privaci\u00f3n de libertad, por lo que se recibi\u00f3 comparecencia formal de su familia ante el agente del Ministerio P\u00fablico, correspondiente a la carpeta de investigaci\u00f3n 8289\/2018.<\/p>\n<p>Se realizaron los actos de investigaci\u00f3n correspondientes a su b\u00fasqueda por diferentes sectores de la ciudad, carreteras, revisi\u00f3n de video c\u00e1maras, entrevistas y un an\u00e1lisis sobre las rutas por las cuales pudo haber circulado la v\u00edctima.<\/p>\n<p>Mientras se desarrollaban dichas b\u00fasquedas por zonas cercanas a Villa Adolfo L\u00f3pez Mateos (El Tamarindo), los servicios de emergencias fueron alertados sobre el hallazgo del cuerpo de una mujer, tendido entre el monte, en las inmediaciones de la comunidad de la Guamuchilera, en el municipio de Mocorito, cuya vestimenta coincid\u00eda con la que A\u00edda fue vista por \u00faltima ocasi\u00f3n.<\/p>\n<p>Mediante las diligencias practicadas por personal de esta instituci\u00f3n se logr\u00f3 confirmar la identidad de la profesora del sistema estatal de bachillerato, quien con base a la autopsia se establece que falleci\u00f3 por un traumatismo craneoencef\u00e1lico producido por proyectil disparado por arma de fuego.<\/p>\n<p>Derivado de las investigaciones se desprenden diversas l\u00edneas que deber\u00e1n ser agotadas con el fin de identificar al responsable o los responsables de los delitos de privaci\u00f3n de la libertad personal y feminicidio cometido en contra A\u00edda.<\/p>\n<p>Fuente <i><strong>Ras Noticias<\/strong><\/i><\/p>\n","protected":false},"excerpt":{"rendered":"<p>Con base a distintas pruebas periciales, la Fiscal\u00eda General del Estado de Sinaloa confirma que el cuerpo sin vida localizado este lunes 5 de noviembre, en las inmediaciones de la comunidad de La Guamuchilera, Mocorito, corresponde a la profesora A\u00edda Rodr\u00edguez Campa\u00f1a, quien hab\u00eda sido privada de su libertad desde el pasado jueves 1 de [&hellip;]<\/p>\n","protected":false},"author":5,"featured_media":0,"comment_status":"open","ping_status":"open","sticky":false,"template":"","format":"standard","meta":{"_uf_show_specific_survey":0,"_uf_disable_surveys":false,"advanced_seo_description":"","jetpack_seo_html_title":"","jetpack_seo_noindex":false,"jetpack_post_was_ever_published":false,"_jetpack_newsletter_access":"","_jetpack_dont_email_post_to_subs":false,"_jetpack_newsletter_tier_id":0,"_jetpack_memberships_contains_paywalled_content":false,"_jetpack_memberships_contains_paid_content":false,"footnotes":"","jetpack_publicize_message":"","jetpack_publicize_feature_enabled":true,"jetpack_social_post_already_shared":false,"jetpack_social_options":{"image_generator_settings":{"template":"highway","default_image_id":0,"font":"","enabled":false},"version":2}},"categories":[41],"tags":[12],"class_list":{"0":"post-8047","1":"post","2":"type-post","3":"status-publish","4":"format-standard","6":"category-sinaloa","7":"tag-crimen-organizado"},"jetpack_publicize_connections":[],"jetpack_featured_media_url":"","jetpack-related-posts":[{"id":22036,"url":"https:\/\/mexicocodigorojo.com.mx\/?p=22036","url_meta":{"origin":8047,"position":0},"title":"Ejecutan a mujer y dejan sapos en Sinaloa","author":"Staff","date":"agosto 14, 2019","format":false,"excerpt":"La SSP de Sinaloa se\u00f1al\u00f3 que el asesinato de la mujer que ten\u00eda sapos en el cuello, no fue por violencia de g\u00e9nero Sinaloa.- Con sapos amarrados en el cuello y aparentes heridas de bala y golpes fue encontrado ayer por la ma\u00f1ana el cad\u00e1ver de una mujer sin identificar\u2026","rel":"","context":"En \u00abSinaloa\u00bb","block_context":{"text":"Sinaloa","link":"https:\/\/mexicocodigorojo.com.mx\/?cat=41"},"img":{"alt_text":"","src":"https:\/\/i0.wp.com\/mexicocodigorojo.com.mx\/wp-content\/uploads\/2019\/08\/no_fue_violencia_de_gxnero_caso_de_mujer_muerta_con_sapos_en_sinaloa.jpg_219914347.jpg?fit=960%2C540&ssl=1&resize=350%2C200","width":350,"height":200,"srcset":"https:\/\/i0.wp.com\/mexicocodigorojo.com.mx\/wp-content\/uploads\/2019\/08\/no_fue_violencia_de_gxnero_caso_de_mujer_muerta_con_sapos_en_sinaloa.jpg_219914347.jpg?fit=960%2C540&ssl=1&resize=350%2C200 1x, https:\/\/i0.wp.com\/mexicocodigorojo.com.mx\/wp-content\/uploads\/2019\/08\/no_fue_violencia_de_gxnero_caso_de_mujer_muerta_con_sapos_en_sinaloa.jpg_219914347.jpg?fit=960%2C540&ssl=1&resize=525%2C300 1.5x, https:\/\/i0.wp.com\/mexicocodigorojo.com.mx\/wp-content\/uploads\/2019\/08\/no_fue_violencia_de_gxnero_caso_de_mujer_muerta_con_sapos_en_sinaloa.jpg_219914347.jpg?fit=960%2C540&ssl=1&resize=700%2C400 2x"},"classes":[]},{"id":63597,"url":"https:\/\/mexicocodigorojo.com.mx\/?p=63597","url_meta":{"origin":8047,"position":1},"title":"Polic\u00eda ministerial asesinado acus\u00f3 a fiscal\u00eda de colusi\u00f3n con Los Chapos","author":"Staff","date":"enero 17, 2025","format":false,"excerpt":"Culiac\u00e1n, Sinaloa.- La ma\u00f1ana del 15 de enero, se report\u00f3 el secuestro de Luis Alberto Pay\u00e1n, de 45 a\u00f1os, exagente de la Polic\u00eda Ministerial de la Fiscal\u00eda General del Estado de Sinaloa. Veinticuatro horas despu\u00e9s, su cad\u00e1ver fue encontrado en las afueras del Congreso del Estado, en Culiac\u00e1n, junto a\u2026","rel":"","context":"En \u00abFeatured\u00bb","block_context":{"text":"Featured","link":"https:\/\/mexicocodigorojo.com.mx\/?cat=1724"},"img":{"alt_text":"","src":"https:\/\/i0.wp.com\/mexicocodigorojo.com.mx\/wp-content\/uploads\/2025\/01\/payan-ministerial-384109527.webp?fit=1200%2C801&ssl=1&resize=350%2C200","width":350,"height":200,"srcset":"https:\/\/i0.wp.com\/mexicocodigorojo.com.mx\/wp-content\/uploads\/2025\/01\/payan-ministerial-384109527.webp?fit=1200%2C801&ssl=1&resize=350%2C200 1x, https:\/\/i0.wp.com\/mexicocodigorojo.com.mx\/wp-content\/uploads\/2025\/01\/payan-ministerial-384109527.webp?fit=1200%2C801&ssl=1&resize=525%2C300 1.5x, https:\/\/i0.wp.com\/mexicocodigorojo.com.mx\/wp-content\/uploads\/2025\/01\/payan-ministerial-384109527.webp?fit=1200%2C801&ssl=1&resize=700%2C400 2x, https:\/\/i0.wp.com\/mexicocodigorojo.com.mx\/wp-content\/uploads\/2025\/01\/payan-ministerial-384109527.webp?fit=1200%2C801&ssl=1&resize=1050%2C600 3x"},"classes":[]},{"id":29776,"url":"https:\/\/mexicocodigorojo.com.mx\/?p=29776","url_meta":{"origin":8047,"position":2},"title":"HALLAN CUERPO SIN VIDA DEL LOCUTOR DE LA \u00abKeBuena Huetamo\u00bb","author":"MexicoRojo","date":"enero 8, 2020","format":false,"excerpt":"Huetamo, Michoacan 08\/Enero\/2020.- Fidel Avi\u00f1a G\u00f3mez, locutor y gerente de la estaci\u00f3n de radio \u201cKeBuena Huetamo\u201d, reportado como secuestrado el pasado 30 de noviembre, fue encontrado muerto. A trav\u00e9s de las redes sociales se denunci\u00f3 que el pasado 30 de noviembre, Avi\u00f1a G\u00f3mez fue secuestrado por hombres armados en Ciudad\u2026","rel":"","context":"En \u00abMichoac\u00e1n\u00bb","block_context":{"text":"Michoac\u00e1n","link":"https:\/\/mexicocodigorojo.com.mx\/?cat=50"},"img":{"alt_text":"","src":"","width":0,"height":0},"classes":[]},{"id":42303,"url":"https:\/\/mexicocodigorojo.com.mx\/?p=42303","url_meta":{"origin":8047,"position":3},"title":"Hallan cuerpo de Elih\u00fa Ojeda, vocero de la Fiscal\u00eda de Guanajuato","author":"Staff","date":"agosto 27, 2020","format":false,"excerpt":"La Fiscal\u00eda General del Estado informa que el 16 de agosto del presente a\u00f1o, se tuvo noticia sobre la desaparici\u00f3n de Elih\u00fa \u201cN\u201d, adscrito a la Direcci\u00f3n de Comunicaci\u00f3n Social de esta Instituci\u00f3n, por lo que se activaron los protocolos de investigaci\u00f3n para la b\u00fasqueda y localizaci\u00f3n. En las pesquisas\u2026","rel":"","context":"En \u00abFeatured\u00bb","block_context":{"text":"Featured","link":"https:\/\/mexicocodigorojo.com.mx\/?cat=1724"},"img":{"alt_text":"","src":"","width":0,"height":0},"classes":[]},{"id":11210,"url":"https:\/\/mexicocodigorojo.com.mx\/?p=11210","url_meta":{"origin":8047,"position":4},"title":"Fotos Mutilado Encuentran sin vida a Comandante de la polic\u00eda de Yanga Veracruz","author":"Staff","date":"diciembre 27, 2018","format":false,"excerpt":"Cuitl\u00e1huac.- Alrededor de las 16:30 horas fue hallado un cuerpo sin vida en la carretera C\u00f3rdoba-Tinaja frente de los terrenos de Crivelli, cerca del auto lavado \u201dNacho\u201d en Cuitl\u00e1huac. Se presume que se trate del comandante Edgar Hern\u00e1ndez que fue secuestrado durante de la madrugada durante el enfrentamiento en Yanga,\u2026","rel":"","context":"En \u00abVeracruz\u00bb","block_context":{"text":"Veracruz","link":"https:\/\/mexicocodigorojo.com.mx\/?cat=22"},"img":{"alt_text":"","src":"https:\/\/i0.wp.com\/mexicocodigorojo.com.mx\/wp-content\/uploads\/2018\/12\/page58-600x3161694813710.jpg?resize=350%2C200&ssl=1","width":350,"height":200,"srcset":"https:\/\/i0.wp.com\/mexicocodigorojo.com.mx\/wp-content\/uploads\/2018\/12\/page58-600x3161694813710.jpg?resize=350%2C200&ssl=1 1x, https:\/\/i0.wp.com\/mexicocodigorojo.com.mx\/wp-content\/uploads\/2018\/12\/page58-600x3161694813710.jpg?resize=525%2C300&ssl=1 1.5x"},"classes":[]},{"id":63352,"url":"https:\/\/mexicocodigorojo.com.mx\/?p=63352","url_meta":{"origin":8047,"position":5},"title":"Contin\u00faan ataques contra polic\u00edas en Sinaloa; Francisco Javier Ver\u00e1stica fue desaparecido en Culiac\u00e1n","author":"Staff","date":"noviembre 27, 2024","format":false,"excerpt":"Culiac\u00e1n, Sin.- Francisco Javier Ver\u00e1stica, comandante de la Polic\u00eda Estatal Preventiva de Sinaloa, fue desaparecido la tarde del 26 de noviembre en Culiac\u00e1n. \u201cEl d\u00eda de ayer nos privaron de la libertad a un elemento de la Polic\u00eda Estatal\u201d, anunci\u00f3 Gerardo M\u00e9rida S\u00e1nchez, secretario de Seguridad P\u00fablica. \u201cPasa aqu\u00ed que\u2026","rel":"","context":"En \u00abFeatured\u00bb","block_context":{"text":"Featured","link":"https:\/\/mexicocodigorojo.com.mx\/?cat=1724"},"img":{"alt_text":"","src":"https:\/\/i0.wp.com\/mexicocodigorojo.com.mx\/wp-content\/uploads\/2024\/11\/f960x540-424387_498462_5050.webp?fit=960%2C540&ssl=1&resize=350%2C200","width":350,"height":200,"srcset":"https:\/\/i0.wp.com\/mexicocodigorojo.com.mx\/wp-content\/uploads\/2024\/11\/f960x540-424387_498462_5050.webp?fit=960%2C540&ssl=1&resize=350%2C200 1x, https:\/\/i0.wp.com\/mexicocodigorojo.com.mx\/wp-content\/uploads\/2024\/11\/f960x540-424387_498462_5050.webp?fit=960%2C540&ssl=1&resize=525%2C300 1.5x, https:\/\/i0.wp.com\/mexicocodigorojo.com.mx\/wp-content\/uploads\/2024\/11\/f960x540-424387_498462_5050.webp?fit=960%2C540&ssl=1&resize=700%2C400 2x"},"classes":[]}],"jetpack_sharing_enabled":true,"jetpack_likes_enabled":true,"jetpack_shortlink":"https:\/\/wp.me\/p9TedA-25N","_links":{"self":[{"href":"https:\/\/mexicocodigorojo.com.mx\/index.php?rest_route=\/wp\/v2\/posts\/8047","targetHints":{"allow":["GET"]}}],"collection":[{"href":"https:\/\/mexicocodigorojo.com.mx\/index.php?rest_route=\/wp\/v2\/posts"}],"about":[{"href":"https:\/\/mexicocodigorojo.com.mx\/index.php?rest_route=\/wp\/v2\/types\/post"}],"author":[{"embeddable":true,"href":"https:\/\/mexicocodigorojo.com.mx\/index.php?rest_route=\/wp\/v2\/users\/5"}],"replies":[{"embeddable":true,"href":"https:\/\/mexicocodigorojo.com.mx\/index.php?rest_route=%2Fwp%2Fv2%2Fcomments&post=8047"}],"version-history":[{"count":0,"href":"https:\/\/mexicocodigorojo.com.mx\/index.php?rest_route=\/wp\/v2\/posts\/8047\/revisions"}],"wp:attachment":[{"href":"https:\/\/mexicocodigorojo.com.mx\/index.php?rest_route=%2Fwp%2Fv2%2Fmedia&parent=8047"}],"wp:term":[{"taxonomy":"category","embeddable":true,"href":"https:\/\/mexicocodigorojo.com.mx\/index.php?rest_route=%2Fwp%2Fv2%2Fcategories&post=8047"},{"taxonomy":"post_tag","embeddable":true,"href":"https:\/\/mexicocodigorojo.com.mx\/index.php?rest_route=%2Fwp%2Fv2%2Ftags&post=8047"}],"curies":[{"name":"wp","href":"https:\/\/api.w.org\/{rel}","templated":true}]}}