{"id":7760,"date":"2018-11-01T15:12:39","date_gmt":"2018-11-01T15:12:39","guid":{"rendered":"https:\/\/mexicocodigorojo.com.mx\/?p=7760"},"modified":"2018-11-01T15:12:39","modified_gmt":"2018-11-01T15:12:39","slug":"detenidos-viajaban-en-la-caravana-migrante-pero-eran-profugos-por-homicidio-y-drogas","status":"publish","type":"post","link":"https:\/\/mexicocodigorojo.com.mx\/?p=7760","title":{"rendered":"DETENIDOS: VIAJABAN en la CARAVANA MIGRANTE pero ERAN PROFUGOS por HOMICIDIO y DROGAS"},"content":{"rendered":"<p>Dos hondure\u00f1os de la caravana migrante que buscaban ingresar a M\u00e9xico fueron asegurados en Chiapas y posteriormente trasladados a su pa\u00eds, al existir \u00f3rdenes de aprehensi\u00f3n en su contra.<\/p>\n<p>La Secretar\u00eda de Gobernaci\u00f3n inform\u00f3 que los centroamericanos, identificados como Ad\u00edn Josu\u00e9, de 21 a\u00f1os, y Juan Carlos, de 47, fueron identificados por la Polic\u00eda Federal y el Instituto Nacional de Migraci\u00f3n (INM) en la estaci\u00f3n migratoria Siglo XXI.<\/p>\n<p>Se\u00f1al\u00f3 que el primero est\u00e1 acusado de delitos contra la salud (reo por droga) y el segundo de participar en el homicidio de tres personas. Sobre ambos exist\u00eda una alerta internacional para su aseguramiento.<\/p>\n<p>Seg\u00fan la dependencia, los hondure\u00f1os fueron detectados tras solicitar su ingreso a M\u00e9xico, gracias a trabajos de inteligencia, as\u00ed como la coordinaci\u00f3n con Interpol y Polic\u00eda Nacional de Honduras, bajo la Coordinaci\u00f3n del Grupo de Alto Nivel de Seguridad (GANSEG).<\/p>\n<p>Tras ser identificados y comprobarse la vigencia de las \u00f3rdenes de captura, los migrantes fueron trasladados a Honduras en un avi\u00f3n de la Polic\u00eda Federal, bajo la figura de retorno controlado.<\/p>\n<p>En el pa\u00eds centroamericano, la PF entreg\u00f3 a los hombres a autoridades hondure\u00f1as para que enfrenten las acusaciones en su contra.<\/p>\n<p>\u00abEl Gobierno de M\u00e9xico define a los migrantes como poblaci\u00f3n vulnerable que debe y tiene que recibir apoyo y protecci\u00f3n. As\u00ed ha actuado por convicci\u00f3n y cumplimiento de la Constituci\u00f3n.<\/p>\n<p>\u00abComo tambi\u00e9n est\u00e1 comprometido con la justicia y con no permitir que, al amparo de acciones humanitarias, personas que justificadamente deben enfrentar a la justicia por delitos en sus pa\u00edses, aprovechen esta circunstancia para conseguir impunidad\u00bb, indic\u00f3.<\/p>\n<p>&nbsp;<\/p>\n<p>&nbsp;<\/p>\n<p>valortamaulipeco. (2018). <em>DETENIDOS: VIAJABAN en la CARAVANA MIGRANTE pero ERAN PROFUGOS por HOMICIDIO y DROGAS&#8230;camuflageados en la multitud.<\/em>. noviembre 1, 2018, de valortamaulipeco Sitio web: <a href=\"http:\/\/valortamaulipeco.blogspot.com\/2018\/10\/detenidos-viajaban-en-la-caravana.html\">http:\/\/valortamaulipeco.blogspot.com\/2018\/10\/detenidos-viajaban-en-la-caravana.html<\/a><\/p>\n","protected":false},"excerpt":{"rendered":"<p>Dos hondure\u00f1os de la caravana migrante que buscaban ingresar a M\u00e9xico fueron asegurados en Chiapas y posteriormente trasladados a su pa\u00eds, al existir \u00f3rdenes de aprehensi\u00f3n en su contra. La Secretar\u00eda de Gobernaci\u00f3n inform\u00f3 que los centroamericanos, identificados como Ad\u00edn Josu\u00e9, de 21 a\u00f1os, y Juan Carlos, de 47, fueron identificados por la Polic\u00eda Federal [&hellip;]<\/p>\n","protected":false},"author":5,"featured_media":7761,"comment_status":"open","ping_status":"open","sticky":false,"template":"","format":"standard","meta":{"_uf_show_specific_survey":0,"_uf_disable_surveys":false,"advanced_seo_description":"","jetpack_seo_html_title":"","jetpack_seo_noindex":false,"jetpack_post_was_ever_published":false,"_jetpack_newsletter_access":"","_jetpack_dont_email_post_to_subs":false,"_jetpack_newsletter_tier_id":0,"_jetpack_memberships_contains_paywalled_content":false,"_jetpack_memberships_contains_paid_content":false,"footnotes":"","jetpack_publicize_message":"","jetpack_publicize_feature_enabled":true,"jetpack_social_post_already_shared":false,"jetpack_social_options":{"image_generator_settings":{"template":"highway","default_image_id":0,"font":"","enabled":false},"version":2}},"categories":[75],"tags":[58,325,17,32,59],"class_list":{"0":"post-7760","1":"post","2":"type-post","3":"status-publish","4":"format-standard","5":"has-post-thumbnail","7":"category-chiapas","8":"tag-frontera","9":"tag-inm","10":"tag-migrantes","11":"tag-policia-federal","12":"tag-seguridad"},"jetpack_publicize_connections":[],"jetpack_featured_media_url":"https:\/\/i0.wp.com\/mexicocodigorojo.com.mx\/wp-content\/uploads\/2018\/11\/7455799.jpg?fit=640%2C427&ssl=1","jetpack-related-posts":[{"id":31166,"url":"https:\/\/mexicocodigorojo.com.mx\/?p=31166","url_meta":{"origin":7760,"position":0},"title":"Video: Agentes del INM persiguen a migrantes en Tabasco","author":"Staff","date":"enero 23, 2020","format":false,"excerpt":"El peri\u00f3dico espa\u00f1ol El Pa\u00eds document\u00f3 el momento en que personal del INM persigue a migrantes hondure\u00f1os en la zona fronteriza de Tabasco El peri\u00f3dico espa\u00f1ol\u00a0El Pa\u00eds\u00a0document\u00f3 el momento en que personal del\u00a0Instituto Nacional de Migraci\u00f3n\u00a0(INM) persigue a migrantes hondure\u00f1os en la zona fronteriza de\u00a0Tabasco\u00a0con Guatemala. De acuerdo con el\u2026","rel":"","context":"En \u00abTabasco\u00bb","block_context":{"text":"Tabasco","link":"https:\/\/mexicocodigorojo.com.mx\/?cat=116"},"img":{"alt_text":"","src":"https:\/\/i0.wp.com\/mexicocodigorojo.com.mx\/wp-content\/uploads\/2020\/01\/tabasco-inm-agentes-migracion-migrantes.jpg?fit=980%2C550&ssl=1&resize=350%2C200","width":350,"height":200,"srcset":"https:\/\/i0.wp.com\/mexicocodigorojo.com.mx\/wp-content\/uploads\/2020\/01\/tabasco-inm-agentes-migracion-migrantes.jpg?fit=980%2C550&ssl=1&resize=350%2C200 1x, https:\/\/i0.wp.com\/mexicocodigorojo.com.mx\/wp-content\/uploads\/2020\/01\/tabasco-inm-agentes-migracion-migrantes.jpg?fit=980%2C550&ssl=1&resize=525%2C300 1.5x, https:\/\/i0.wp.com\/mexicocodigorojo.com.mx\/wp-content\/uploads\/2020\/01\/tabasco-inm-agentes-migracion-migrantes.jpg?fit=980%2C550&ssl=1&resize=700%2C400 2x"},"classes":[]},{"id":6788,"url":"https:\/\/mexicocodigorojo.com.mx\/?p=6788","url_meta":{"origin":7760,"position":1},"title":"Polic\u00eda Federal evita ingreso violento a M\u00e9xico a migrantes","author":"Staff","date":"octubre 20, 2018","format":false,"excerpt":"Tras llegar a la frontera con M\u00e9xico, los primeros 100 hondure\u00f1os pertenecientes a la caravana migrante arribaron a las instalaciones del Instituto Nacional de Migraci\u00f3n en el puerto de Ciudad Hidalgo, Chiapas. En las inmediaciones de la puerta de entrada a M\u00e9xico y ante el impedimento de polic\u00edas del paso\u2026","rel":"","context":"En \u00abFeatured\u00bb","block_context":{"text":"Featured","link":"https:\/\/mexicocodigorojo.com.mx\/?cat=1724"},"img":{"alt_text":"","src":"https:\/\/i0.wp.com\/mexicocodigorojo.com.mx\/wp-content\/uploads\/2018\/10\/000-1a56dg3722955444814667762.jpg?resize=350%2C200&ssl=1","width":350,"height":200,"srcset":"https:\/\/i0.wp.com\/mexicocodigorojo.com.mx\/wp-content\/uploads\/2018\/10\/000-1a56dg3722955444814667762.jpg?resize=350%2C200&ssl=1 1x, https:\/\/i0.wp.com\/mexicocodigorojo.com.mx\/wp-content\/uploads\/2018\/10\/000-1a56dg3722955444814667762.jpg?resize=525%2C300&ssl=1 1.5x, https:\/\/i0.wp.com\/mexicocodigorojo.com.mx\/wp-content\/uploads\/2018\/10\/000-1a56dg3722955444814667762.jpg?resize=700%2C400&ssl=1 2x, https:\/\/i0.wp.com\/mexicocodigorojo.com.mx\/wp-content\/uploads\/2018\/10\/000-1a56dg3722955444814667762.jpg?resize=1050%2C600&ssl=1 3x, https:\/\/i0.wp.com\/mexicocodigorojo.com.mx\/wp-content\/uploads\/2018\/10\/000-1a56dg3722955444814667762.jpg?resize=1400%2C800&ssl=1 4x"},"classes":[]},{"id":18270,"url":"https:\/\/mexicocodigorojo.com.mx\/?p=18270","url_meta":{"origin":7760,"position":2},"title":"Migrante guatemalteco muere por infarto tras ser detenido por agentes del INM en Chiapas","author":"Staff","date":"junio 12, 2019","format":false,"excerpt":"CIUDAD DE M\u00c9XICO.- Un hombre guatemalteco de 33 a\u00f1os falleci\u00f3 este martes mientras era custodiado por agentes del Instituto Nacional de Migraci\u00f3n (INM) en Chiapas y aguardaba en un veh\u00edculo a que se lo llevaran a la estaci\u00f3n migratoria Siglo XXI, de Tapachula. El INM inform\u00f3 que el martes, alrededor\u2026","rel":"","context":"En \u00abChiapas\u00bb","block_context":{"text":"Chiapas","link":"https:\/\/mexicocodigorojo.com.mx\/?cat=75"},"img":{"alt_text":"","src":"https:\/\/i0.wp.com\/mexicocodigorojo.com.mx\/wp-content\/uploads\/2019\/06\/siglo-21.jpeg?fit=1078%2C808&ssl=1&resize=350%2C200","width":350,"height":200,"srcset":"https:\/\/i0.wp.com\/mexicocodigorojo.com.mx\/wp-content\/uploads\/2019\/06\/siglo-21.jpeg?fit=1078%2C808&ssl=1&resize=350%2C200 1x, https:\/\/i0.wp.com\/mexicocodigorojo.com.mx\/wp-content\/uploads\/2019\/06\/siglo-21.jpeg?fit=1078%2C808&ssl=1&resize=525%2C300 1.5x, https:\/\/i0.wp.com\/mexicocodigorojo.com.mx\/wp-content\/uploads\/2019\/06\/siglo-21.jpeg?fit=1078%2C808&ssl=1&resize=700%2C400 2x, https:\/\/i0.wp.com\/mexicocodigorojo.com.mx\/wp-content\/uploads\/2019\/06\/siglo-21.jpeg?fit=1078%2C808&ssl=1&resize=1050%2C600 3x"},"classes":[]},{"id":16239,"url":"https:\/\/mexicocodigorojo.com.mx\/?p=16239","url_meta":{"origin":7760,"position":3},"title":"Chiapas recibe nueva caravana migrante con cerca de tres mil centroamericanos","author":"Staff","date":"abril 12, 2019","format":false,"excerpt":"TUXTLA GUTI\u00c9RREZ, Chis.- Una nueva caravana con cerca de tres mil migrantes entre hombres, mujeres y ni\u00f1os, la mayor\u00eda de ellos hondure\u00f1os ingresaron esta madrugada a territorio mexicano en balsas por el r\u00edo Suchiate y muchos m\u00e1s por el puente fronterizo Rodolfo Robles. A seis meses del \u00e9xodo migratorio, otro\u2026","rel":"","context":"En \u00abChiapas\u00bb","block_context":{"text":"Chiapas","link":"https:\/\/mexicocodigorojo.com.mx\/?cat=75"},"img":{"alt_text":"","src":"https:\/\/i0.wp.com\/mexicocodigorojo.com.mx\/wp-content\/uploads\/2019\/04\/c4-1078x800.jpg?fit=1078%2C800&ssl=1&resize=350%2C200","width":350,"height":200,"srcset":"https:\/\/i0.wp.com\/mexicocodigorojo.com.mx\/wp-content\/uploads\/2019\/04\/c4-1078x800.jpg?fit=1078%2C800&ssl=1&resize=350%2C200 1x, https:\/\/i0.wp.com\/mexicocodigorojo.com.mx\/wp-content\/uploads\/2019\/04\/c4-1078x800.jpg?fit=1078%2C800&ssl=1&resize=525%2C300 1.5x, https:\/\/i0.wp.com\/mexicocodigorojo.com.mx\/wp-content\/uploads\/2019\/04\/c4-1078x800.jpg?fit=1078%2C800&ssl=1&resize=700%2C400 2x, https:\/\/i0.wp.com\/mexicocodigorojo.com.mx\/wp-content\/uploads\/2019\/04\/c4-1078x800.jpg?fit=1078%2C800&ssl=1&resize=1050%2C600 3x"},"classes":[]},{"id":10970,"url":"https:\/\/mexicocodigorojo.com.mx\/?p=10970","url_meta":{"origin":7760,"position":4},"title":"DETIENEN A 2 HOMBRES Y 1 MUJER COMO PRESUNTOS RESPONSABLES DE LA MUERTE DE DOS MENORES  HONDURE\u00d1OS EN TIJUANA","author":"Staff","date":"diciembre 20, 2018","format":false,"excerpt":"DETIENEN A 2 HOMBRES Y 1 MUJER COMO PRESUNTOS RESPONSABLES DE LA MUERTE DE DOS MENORES HONDURE\u00d1OS EN TIJUANA Tijuana, Baja California.- La Polic\u00eda Ministerial del estado de Baja California detuvo a dos hombres y una mujer como sospechosos del asesinato de dos menores migrantes hondure\u00f1os en la ciudad de\u2026","rel":"","context":"En \u00abBaja California\u00bb","block_context":{"text":"Baja California","link":"https:\/\/mexicocodigorojo.com.mx\/?cat=130"},"img":{"alt_text":"","src":"","width":0,"height":0},"classes":[]},{"id":6620,"url":"https:\/\/mexicocodigorojo.com.mx\/?p=6620","url_meta":{"origin":7760,"position":5},"title":"Caravana migrante llega a M\u00c9XICO LOS\u00a0MIGRANTES\u00a0INTENTAN INGRESAR A\u00a0M\u00c9XICO\u00a0POR EL\u00a0R\u00cdO SUCHIATE","author":"Staff","date":"octubre 19, 2018","format":false,"excerpt":"Alrededor de las 11:00 horas ingresaron los primeros hondure\u00f1os que solicitan refugio al gobierno mexicano. \"Hay que se\u00f1alar que no es competencia del gobierno del estado, sino es competencia del Instituto Nacional de Migraci\u00f3n, regular que los que ingresen a nuestro pa\u00eds lo hagan con su debida documentaci\u00f3n acreditada\", agreg\u00f3\u2026","rel":"","context":"En \u00abInternacional\u00bb","block_context":{"text":"Internacional","link":"https:\/\/mexicocodigorojo.com.mx\/?cat=14"},"img":{"alt_text":"","src":"https:\/\/i0.wp.com\/mexicocodigorojo.com.mx\/wp-content\/uploads\/2018\/10\/IMG_20181019_132138.jpg?resize=350%2C200&ssl=1","width":350,"height":200,"srcset":"https:\/\/i0.wp.com\/mexicocodigorojo.com.mx\/wp-content\/uploads\/2018\/10\/IMG_20181019_132138.jpg?resize=350%2C200&ssl=1 1x, https:\/\/i0.wp.com\/mexicocodigorojo.com.mx\/wp-content\/uploads\/2018\/10\/IMG_20181019_132138.jpg?resize=525%2C300&ssl=1 1.5x, https:\/\/i0.wp.com\/mexicocodigorojo.com.mx\/wp-content\/uploads\/2018\/10\/IMG_20181019_132138.jpg?resize=700%2C400&ssl=1 2x"},"classes":[]}],"jetpack_sharing_enabled":true,"jetpack_likes_enabled":true,"jetpack_shortlink":"https:\/\/wp.me\/p9TedA-21a","_links":{"self":[{"href":"https:\/\/mexicocodigorojo.com.mx\/index.php?rest_route=\/wp\/v2\/posts\/7760","targetHints":{"allow":["GET"]}}],"collection":[{"href":"https:\/\/mexicocodigorojo.com.mx\/index.php?rest_route=\/wp\/v2\/posts"}],"about":[{"href":"https:\/\/mexicocodigorojo.com.mx\/index.php?rest_route=\/wp\/v2\/types\/post"}],"author":[{"embeddable":true,"href":"https:\/\/mexicocodigorojo.com.mx\/index.php?rest_route=\/wp\/v2\/users\/5"}],"replies":[{"embeddable":true,"href":"https:\/\/mexicocodigorojo.com.mx\/index.php?rest_route=%2Fwp%2Fv2%2Fcomments&post=7760"}],"version-history":[{"count":0,"href":"https:\/\/mexicocodigorojo.com.mx\/index.php?rest_route=\/wp\/v2\/posts\/7760\/revisions"}],"wp:featuredmedia":[{"embeddable":true,"href":"https:\/\/mexicocodigorojo.com.mx\/index.php?rest_route=\/wp\/v2\/media\/7761"}],"wp:attachment":[{"href":"https:\/\/mexicocodigorojo.com.mx\/index.php?rest_route=%2Fwp%2Fv2%2Fmedia&parent=7760"}],"wp:term":[{"taxonomy":"category","embeddable":true,"href":"https:\/\/mexicocodigorojo.com.mx\/index.php?rest_route=%2Fwp%2Fv2%2Fcategories&post=7760"},{"taxonomy":"post_tag","embeddable":true,"href":"https:\/\/mexicocodigorojo.com.mx\/index.php?rest_route=%2Fwp%2Fv2%2Ftags&post=7760"}],"curies":[{"name":"wp","href":"https:\/\/api.w.org\/{rel}","templated":true}]}}