{"id":761,"date":"2018-06-28T22:38:55","date_gmt":"2018-06-28T22:38:55","guid":{"rendered":"https:\/\/mexicocodigorojo.com.mx\/?p=761"},"modified":"2018-07-16T17:22:33","modified_gmt":"2018-07-16T17:22:33","slug":"caen-5-del-cartel-del-noreste-con-armas-cartuchos-y-cargadores","status":"publish","type":"post","link":"https:\/\/mexicocodigorojo.com.mx\/?p=761","title":{"rendered":"Caen 5 del C\u00e1rtel del Noreste con armas, cartuchos y cargadores"},"content":{"rendered":"<p>Nuevo Laredo, Tamaulipas, 28 de junio de 2018.- El Grupo de Coordinaci\u00f3n Tamaulipas informa que personal del Ej\u00e9rcito Mexicano detuvo a 5 probables integrantes de un grupo delictivo que opera en la zona de Nuevo Laredo, por los delitos de portaci\u00f3n de armas de fuego, posesi\u00f3n de cartuchos y cargadores, todos de uso exclusivo del Ej\u00e9rcito, Armada o Fuerza A\u00e9rea.<\/p>\n<p>La detenci\u00f3n de Christian Rafael \u201cN\u201d, Pedro \u201cN\u201d, Misael \u201cN\u201d, L\u00e1zaro \u201cN\u201d y Carlos Alfredo \u201cN\u201d se logr\u00f3 en el interior del Parque Viveros, en el Sector Boulevard Colosio, Colonia Viveros de Nuevo Laredo, y se les aseguraron:<\/p>\n<p>&#8211; 2 camionetas, una de ellas Ford Escape y otra una Ford Mercury.<br \/>\n&#8211; 3 Armas Largas y 2 Cortas<br \/>\n&#8211; 16 cargadores<br \/>\n&#8211; 489 cartuchos de diferentes calibres<br \/>\n&#8211; 3 silenciadores<br \/>\n&#8211; un machete y una navaja<br \/>\n&#8211; una gorra con las siglas \u201cCDN\u201d<\/p>\n<p><img data-recalc-dims=\"1\" loading=\"lazy\" decoding=\"async\" data-attachment-id=\"765\" data-permalink=\"https:\/\/mexicocodigorojo.com.mx\/?attachment_id=765\" data-orig-file=\"https:\/\/i0.wp.com\/mexicocodigorojo.com.mx\/wp-content\/uploads\/2018\/06\/D78E26CA-0C3A-4B15-A8D7-F54797EA0993.jpeg?fit=2048%2C2048&amp;ssl=1\" data-orig-size=\"2048,2048\" data-comments-opened=\"1\" data-image-meta=\"{&quot;aperture&quot;:&quot;0&quot;,&quot;credit&quot;:&quot;&quot;,&quot;camera&quot;:&quot;&quot;,&quot;caption&quot;:&quot;&quot;,&quot;created_timestamp&quot;:&quot;0&quot;,&quot;copyright&quot;:&quot;&quot;,&quot;focal_length&quot;:&quot;0&quot;,&quot;iso&quot;:&quot;0&quot;,&quot;shutter_speed&quot;:&quot;0&quot;,&quot;title&quot;:&quot;&quot;,&quot;orientation&quot;:&quot;0&quot;}\" data-image-title=\"D78E26CA-0C3A-4B15-A8D7-F54797EA0993\" data-image-description=\"\" data-image-caption=\"\" data-large-file=\"https:\/\/i0.wp.com\/mexicocodigorojo.com.mx\/wp-content\/uploads\/2018\/06\/D78E26CA-0C3A-4B15-A8D7-F54797EA0993.jpeg?fit=696%2C696&amp;ssl=1\" class=\"alignnone size-medium wp-image-765\" src=\"https:\/\/i0.wp.com\/mexicocodigorojo.com.mx\/wp-content\/uploads\/2018\/06\/D78E26CA-0C3A-4B15-A8D7-F54797EA0993.jpeg?resize=300%2C300&#038;ssl=1\" alt=\"\" width=\"300\" height=\"300\" srcset=\"https:\/\/i0.wp.com\/mexicocodigorojo.com.mx\/wp-content\/uploads\/2018\/06\/D78E26CA-0C3A-4B15-A8D7-F54797EA0993.jpeg?resize=300%2C300&amp;ssl=1 300w, https:\/\/i0.wp.com\/mexicocodigorojo.com.mx\/wp-content\/uploads\/2018\/06\/D78E26CA-0C3A-4B15-A8D7-F54797EA0993.jpeg?resize=150%2C150&amp;ssl=1 150w, https:\/\/i0.wp.com\/mexicocodigorojo.com.mx\/wp-content\/uploads\/2018\/06\/D78E26CA-0C3A-4B15-A8D7-F54797EA0993.jpeg?resize=768%2C768&amp;ssl=1 768w, https:\/\/i0.wp.com\/mexicocodigorojo.com.mx\/wp-content\/uploads\/2018\/06\/D78E26CA-0C3A-4B15-A8D7-F54797EA0993.jpeg?resize=1024%2C1024&amp;ssl=1 1024w, https:\/\/i0.wp.com\/mexicocodigorojo.com.mx\/wp-content\/uploads\/2018\/06\/D78E26CA-0C3A-4B15-A8D7-F54797EA0993.jpeg?w=2048&amp;ssl=1 2048w, https:\/\/i0.wp.com\/mexicocodigorojo.com.mx\/wp-content\/uploads\/2018\/06\/D78E26CA-0C3A-4B15-A8D7-F54797EA0993.jpeg?w=1392&amp;ssl=1 1392w\" sizes=\"auto, (max-width: 300px) 100vw, 300px\" \/><\/p>\n<p>Con base en las primeras investigaciones, realizadas conjuntamente entre la Procuradur\u00eda General de la Rep\u00fablica y la Procuradur\u00eda General de Justicia de Tamaulipas, se obtuvo que los detenidos tambi\u00e9n son probables responsables del delito de secuestro cometido en agravio de personas que fueron humilladas al ser pintadas de azul, rapadas, desnudadas y obligadas a caminar en centros comerciales y plazas p\u00fablicas de Nuevo Laredo.<\/p>\n<p><img data-recalc-dims=\"1\" loading=\"lazy\" decoding=\"async\" data-attachment-id=\"766\" data-permalink=\"https:\/\/mexicocodigorojo.com.mx\/?attachment_id=766\" data-orig-file=\"https:\/\/i0.wp.com\/mexicocodigorojo.com.mx\/wp-content\/uploads\/2018\/06\/988D7340-E6DC-4965-89BA-F8D4FB844E25.jpeg?fit=2048%2C2048&amp;ssl=1\" data-orig-size=\"2048,2048\" data-comments-opened=\"1\" data-image-meta=\"{&quot;aperture&quot;:&quot;0&quot;,&quot;credit&quot;:&quot;&quot;,&quot;camera&quot;:&quot;&quot;,&quot;caption&quot;:&quot;&quot;,&quot;created_timestamp&quot;:&quot;0&quot;,&quot;copyright&quot;:&quot;&quot;,&quot;focal_length&quot;:&quot;0&quot;,&quot;iso&quot;:&quot;0&quot;,&quot;shutter_speed&quot;:&quot;0&quot;,&quot;title&quot;:&quot;&quot;,&quot;orientation&quot;:&quot;0&quot;}\" data-image-title=\"988D7340-E6DC-4965-89BA-F8D4FB844E25\" data-image-description=\"\" data-image-caption=\"\" data-large-file=\"https:\/\/i0.wp.com\/mexicocodigorojo.com.mx\/wp-content\/uploads\/2018\/06\/988D7340-E6DC-4965-89BA-F8D4FB844E25.jpeg?fit=696%2C696&amp;ssl=1\" class=\"alignnone size-medium wp-image-766\" src=\"https:\/\/i0.wp.com\/mexicocodigorojo.com.mx\/wp-content\/uploads\/2018\/06\/988D7340-E6DC-4965-89BA-F8D4FB844E25.jpeg?resize=300%2C300&#038;ssl=1\" alt=\"\" width=\"300\" height=\"300\" srcset=\"https:\/\/i0.wp.com\/mexicocodigorojo.com.mx\/wp-content\/uploads\/2018\/06\/988D7340-E6DC-4965-89BA-F8D4FB844E25.jpeg?resize=300%2C300&amp;ssl=1 300w, https:\/\/i0.wp.com\/mexicocodigorojo.com.mx\/wp-content\/uploads\/2018\/06\/988D7340-E6DC-4965-89BA-F8D4FB844E25.jpeg?resize=150%2C150&amp;ssl=1 150w, https:\/\/i0.wp.com\/mexicocodigorojo.com.mx\/wp-content\/uploads\/2018\/06\/988D7340-E6DC-4965-89BA-F8D4FB844E25.jpeg?resize=768%2C768&amp;ssl=1 768w, https:\/\/i0.wp.com\/mexicocodigorojo.com.mx\/wp-content\/uploads\/2018\/06\/988D7340-E6DC-4965-89BA-F8D4FB844E25.jpeg?resize=1024%2C1024&amp;ssl=1 1024w, https:\/\/i0.wp.com\/mexicocodigorojo.com.mx\/wp-content\/uploads\/2018\/06\/988D7340-E6DC-4965-89BA-F8D4FB844E25.jpeg?w=2048&amp;ssl=1 2048w, https:\/\/i0.wp.com\/mexicocodigorojo.com.mx\/wp-content\/uploads\/2018\/06\/988D7340-E6DC-4965-89BA-F8D4FB844E25.jpeg?w=1392&amp;ssl=1 1392w\" sizes=\"auto, (max-width: 300px) 100vw, 300px\" \/><\/p>\n<p>De informaci\u00f3n de inteligencia se desprende que los detenidos tambi\u00e9n estar\u00edan relacionados con la privaci\u00f3n ilegal de la libertad de varias personas, entre ellas paisanos procedentes de Estados Unidos, a quienes extorsionaban as\u00ed como homicidio, lesiones y un agresi\u00f3n cometida en d\u00edas pasados en contra de personal de la Procuradur\u00eda General de la Rep\u00fablica.<\/p>\n<p><img data-recalc-dims=\"1\" loading=\"lazy\" decoding=\"async\" data-attachment-id=\"767\" data-permalink=\"https:\/\/mexicocodigorojo.com.mx\/?attachment_id=767\" data-orig-file=\"https:\/\/i0.wp.com\/mexicocodigorojo.com.mx\/wp-content\/uploads\/2018\/06\/E1CC736A-25FF-4B0E-91AD-0760FFDB764B.jpeg?fit=2048%2C2048&amp;ssl=1\" data-orig-size=\"2048,2048\" data-comments-opened=\"1\" data-image-meta=\"{&quot;aperture&quot;:&quot;0&quot;,&quot;credit&quot;:&quot;&quot;,&quot;camera&quot;:&quot;&quot;,&quot;caption&quot;:&quot;&quot;,&quot;created_timestamp&quot;:&quot;0&quot;,&quot;copyright&quot;:&quot;&quot;,&quot;focal_length&quot;:&quot;0&quot;,&quot;iso&quot;:&quot;0&quot;,&quot;shutter_speed&quot;:&quot;0&quot;,&quot;title&quot;:&quot;&quot;,&quot;orientation&quot;:&quot;0&quot;}\" data-image-title=\"E1CC736A-25FF-4B0E-91AD-0760FFDB764B\" data-image-description=\"\" data-image-caption=\"\" data-large-file=\"https:\/\/i0.wp.com\/mexicocodigorojo.com.mx\/wp-content\/uploads\/2018\/06\/E1CC736A-25FF-4B0E-91AD-0760FFDB764B.jpeg?fit=696%2C696&amp;ssl=1\" class=\"alignnone size-medium wp-image-767\" src=\"https:\/\/i0.wp.com\/mexicocodigorojo.com.mx\/wp-content\/uploads\/2018\/06\/E1CC736A-25FF-4B0E-91AD-0760FFDB764B.jpeg?resize=300%2C300&#038;ssl=1\" alt=\"\" width=\"300\" height=\"300\" srcset=\"https:\/\/i0.wp.com\/mexicocodigorojo.com.mx\/wp-content\/uploads\/2018\/06\/E1CC736A-25FF-4B0E-91AD-0760FFDB764B.jpeg?resize=300%2C300&amp;ssl=1 300w, https:\/\/i0.wp.com\/mexicocodigorojo.com.mx\/wp-content\/uploads\/2018\/06\/E1CC736A-25FF-4B0E-91AD-0760FFDB764B.jpeg?resize=150%2C150&amp;ssl=1 150w, https:\/\/i0.wp.com\/mexicocodigorojo.com.mx\/wp-content\/uploads\/2018\/06\/E1CC736A-25FF-4B0E-91AD-0760FFDB764B.jpeg?resize=768%2C768&amp;ssl=1 768w, https:\/\/i0.wp.com\/mexicocodigorojo.com.mx\/wp-content\/uploads\/2018\/06\/E1CC736A-25FF-4B0E-91AD-0760FFDB764B.jpeg?resize=1024%2C1024&amp;ssl=1 1024w, https:\/\/i0.wp.com\/mexicocodigorojo.com.mx\/wp-content\/uploads\/2018\/06\/E1CC736A-25FF-4B0E-91AD-0760FFDB764B.jpeg?w=2048&amp;ssl=1 2048w, https:\/\/i0.wp.com\/mexicocodigorojo.com.mx\/wp-content\/uploads\/2018\/06\/E1CC736A-25FF-4B0E-91AD-0760FFDB764B.jpeg?w=1392&amp;ssl=1 1392w\" sizes=\"auto, (max-width: 300px) 100vw, 300px\" \/><\/p>\n<p>El armamento asegurado, los veh\u00edculos y las personas detenidas fueron puestas a disposici\u00f3n de autoridades ministeriales de la Procuradur\u00eda General de la Rep\u00fablica (PGR) para los efectos legales y procesales correspondientes.<\/p>\n<p>&nbsp;<\/p>\n","protected":false},"excerpt":{"rendered":"<p>Nuevo Laredo, Tamaulipas, 28 de junio de 2018.- El Grupo de Coordinaci\u00f3n Tamaulipas informa que personal del Ej\u00e9rcito Mexicano detuvo a 5 probables integrantes de un grupo delictivo que opera en la zona de Nuevo Laredo, por los delitos de portaci\u00f3n de armas de fuego, posesi\u00f3n de cartuchos y cargadores, todos de uso exclusivo del [&hellip;]<\/p>\n","protected":false},"author":5,"featured_media":764,"comment_status":"open","ping_status":"open","sticky":false,"template":"","format":"standard","meta":{"_uf_show_specific_survey":0,"_uf_disable_surveys":false,"advanced_seo_description":"","jetpack_seo_html_title":"","jetpack_seo_noindex":false,"jetpack_post_was_ever_published":false,"_jetpack_newsletter_access":"","_jetpack_dont_email_post_to_subs":false,"_jetpack_newsletter_tier_id":0,"_jetpack_memberships_contains_paywalled_content":false,"_jetpack_memberships_contains_paid_content":false,"footnotes":"","jetpack_publicize_message":"","jetpack_publicize_feature_enabled":true,"jetpack_social_post_already_shared":false,"jetpack_social_options":{"image_generator_settings":{"template":"highway","default_image_id":0,"font":"","enabled":false},"version":2}},"categories":[2],"tags":[65,31,13,59],"class_list":{"0":"post-761","1":"post","2":"type-post","3":"status-publish","4":"format-standard","5":"has-post-thumbnail","7":"category-tamaulipas","8":"tag-cdn","9":"tag-detenidos","10":"tag-narcos","11":"tag-seguridad"},"jetpack_publicize_connections":[],"jetpack_featured_media_url":"https:\/\/i0.wp.com\/mexicocodigorojo.com.mx\/wp-content\/uploads\/2018\/06\/39FE7EEA-C90C-4397-88FC-B8D580D34858.jpeg?fit=2048%2C2048&ssl=1","jetpack-related-posts":[{"id":15243,"url":"https:\/\/mexicocodigorojo.com.mx\/?p=15243","url_meta":{"origin":761,"position":0},"title":"V\u00cdDEO BALACERA ENTRE MILITARES Y CARTEL DEL NORESTE EN NUEVO LAREDO, SEIS MUERTOS","author":"Staff","date":"marzo 10, 2019","format":false,"excerpt":"Nuevo Laredo, Tamaulipas. - Marzo 9, 2019 (14:00 horas). El Grupo de Coordinaci\u00f3n Estatal para la Construcci\u00f3n de la Paz en Tamaulipas informa que el d\u00eda de hoy 9 de marzo se suscitaron dos eventos en la regi\u00f3n de Nuevo Laredo en el que murieron 6 personas y se aseguraron\u2026","rel":"","context":"En \u00abTamaulipas\u00bb","block_context":{"text":"Tamaulipas","link":"https:\/\/mexicocodigorojo.com.mx\/?cat=2"},"img":{"alt_text":"","src":"https:\/\/i0.wp.com\/mexicocodigorojo.com.mx\/wp-content\/uploads\/2019\/03\/img_20190309_1820043001431406563179846.jpg?resize=350%2C200&ssl=1","width":350,"height":200,"srcset":"https:\/\/i0.wp.com\/mexicocodigorojo.com.mx\/wp-content\/uploads\/2019\/03\/img_20190309_1820043001431406563179846.jpg?resize=350%2C200&ssl=1 1x, https:\/\/i0.wp.com\/mexicocodigorojo.com.mx\/wp-content\/uploads\/2019\/03\/img_20190309_1820043001431406563179846.jpg?resize=525%2C300&ssl=1 1.5x"},"classes":[]},{"id":22928,"url":"https:\/\/mexicocodigorojo.com.mx\/?p=22928","url_meta":{"origin":761,"position":1},"title":"POLIC\u00cdAS ESTATALES Y MILITARES DETIENEN A CUATRO DEL C\u00c1RTEL DEL NORESTE EN CIUDAD MIER, TAMAULIPAS","author":"Staff","date":"septiembre 1, 2019","format":false,"excerpt":"Polic\u00edas estatales del Grupo Especial, en acciones conjuntas con militares, detuvieron a 4 integrantes del grupo que opera en Nuevo Laredo. Uno es mando, otro jefe de tropa, un encargado de resguardar armas y un sicario. Les aseguraron 7 armas, chalecos, cascos y cartuchos con cargadores. La detenci\u00f3n ocurri\u00f3 en\u2026","rel":"","context":"En \u00abTamaulipas\u00bb","block_context":{"text":"Tamaulipas","link":"https:\/\/mexicocodigorojo.com.mx\/?cat=2"},"img":{"alt_text":"","src":"https:\/\/i0.wp.com\/mexicocodigorojo.com.mx\/wp-content\/uploads\/2019\/09\/img_2528.jpg?fit=1024%2C799&ssl=1&resize=350%2C200","width":350,"height":200,"srcset":"https:\/\/i0.wp.com\/mexicocodigorojo.com.mx\/wp-content\/uploads\/2019\/09\/img_2528.jpg?fit=1024%2C799&ssl=1&resize=350%2C200 1x, https:\/\/i0.wp.com\/mexicocodigorojo.com.mx\/wp-content\/uploads\/2019\/09\/img_2528.jpg?fit=1024%2C799&ssl=1&resize=525%2C300 1.5x, https:\/\/i0.wp.com\/mexicocodigorojo.com.mx\/wp-content\/uploads\/2019\/09\/img_2528.jpg?fit=1024%2C799&ssl=1&resize=700%2C400 2x"},"classes":[]},{"id":50838,"url":"https:\/\/mexicocodigorojo.com.mx\/?p=50838","url_meta":{"origin":761,"position":2},"title":"Militares aseguran camioneta y armamento en NLD","author":"Staff","date":"agosto 19, 2021","format":false,"excerpt":"Nuevo Laredo, Tamaulipas. - Elementos del Ej\u00e9rcito Mexicano aseguraron sobre el libramiento Nuevo Laredo, en la colonia uni\u00f3n del recuerdo cuando realizaban recorridos, una camioneta Ford de modelo reciente, 3 armas largas, diversos cargadores y cartuchos, lo asegurado fue puesto a disposici\u00f3n de las autoridades competentes, los hechos ocurrieron este\u2026","rel":"","context":"En \u00abFeatured\u00bb","block_context":{"text":"Featured","link":"https:\/\/mexicocodigorojo.com.mx\/?cat=1724"},"img":{"alt_text":"","src":"https:\/\/i0.wp.com\/mexicocodigorojo.com.mx\/wp-content\/uploads\/2021\/08\/IMG-20210818-WA0010-1.jpg?fit=1024%2C769&ssl=1&resize=350%2C200","width":350,"height":200,"srcset":"https:\/\/i0.wp.com\/mexicocodigorojo.com.mx\/wp-content\/uploads\/2021\/08\/IMG-20210818-WA0010-1.jpg?fit=1024%2C769&ssl=1&resize=350%2C200 1x, https:\/\/i0.wp.com\/mexicocodigorojo.com.mx\/wp-content\/uploads\/2021\/08\/IMG-20210818-WA0010-1.jpg?fit=1024%2C769&ssl=1&resize=525%2C300 1.5x, https:\/\/i0.wp.com\/mexicocodigorojo.com.mx\/wp-content\/uploads\/2021\/08\/IMG-20210818-WA0010-1.jpg?fit=1024%2C769&ssl=1&resize=700%2C400 2x"},"classes":[]},{"id":22236,"url":"https:\/\/mexicocodigorojo.com.mx\/?p=22236","url_meta":{"origin":761,"position":3},"title":"POLIC\u00cdAS ESTATALES Y MILITARES ASEGURAN CAMIONETA ROBADA, ARMAMENTO Y EQUIPO T\u00c1CTICO EN NUEVO LAREDO, TAMAULIPAS","author":"Staff","date":"agosto 19, 2019","format":false,"excerpt":"Nuevo Laredo, Tamaulipas.- El Gobierno del Estado a trav\u00e9s de la Secretar\u00eda de Seguridad P\u00fablica informa que, la tarde de este domingo 18 de agosto en este municipio, como parte de las acciones del Operativo Triestatal, elementos de la Polic\u00eda Estatal en coordinaci\u00f3n con personal de la Secretar\u00eda de la\u2026","rel":"","context":"En \u00abTamaulipas\u00bb","block_context":{"text":"Tamaulipas","link":"https:\/\/mexicocodigorojo.com.mx\/?cat=2"},"img":{"alt_text":"","src":"https:\/\/i0.wp.com\/mexicocodigorojo.com.mx\/wp-content\/uploads\/2019\/08\/img-20190819-wa00265430014513060455720.jpg?resize=350%2C200&ssl=1","width":350,"height":200,"srcset":"https:\/\/i0.wp.com\/mexicocodigorojo.com.mx\/wp-content\/uploads\/2019\/08\/img-20190819-wa00265430014513060455720.jpg?resize=350%2C200&ssl=1 1x, https:\/\/i0.wp.com\/mexicocodigorojo.com.mx\/wp-content\/uploads\/2019\/08\/img-20190819-wa00265430014513060455720.jpg?resize=525%2C300&ssl=1 1.5x, https:\/\/i0.wp.com\/mexicocodigorojo.com.mx\/wp-content\/uploads\/2019\/08\/img-20190819-wa00265430014513060455720.jpg?resize=700%2C400&ssl=1 2x, https:\/\/i0.wp.com\/mexicocodigorojo.com.mx\/wp-content\/uploads\/2019\/08\/img-20190819-wa00265430014513060455720.jpg?resize=1050%2C600&ssl=1 3x"},"classes":[]},{"id":54495,"url":"https:\/\/mexicocodigorojo.com.mx\/?p=54495","url_meta":{"origin":761,"position":4},"title":"Enfrentamiento en Nuevo Laredo deja cinco muertos","author":"Staff","date":"diciembre 6, 2022","format":false,"excerpt":"NUEVO LAREDO TAMAULIPAS. Esta tarde Elementos del Ej\u00e9rcito Mexicano (SEDENA) al efectuar reconocimientos terrestres en las colonias Infonavit y benito ju\u00e1rez fueron agredidos por civiles armados del grupo delictivo C\u00e1rtel Del Noreste desde varios veh\u00edculos en movimiento por lo que el personal castrense en defensa de su integridad y de\u2026","rel":"","context":"En \u00abFeatured\u00bb","block_context":{"text":"Featured","link":"https:\/\/mexicocodigorojo.com.mx\/?cat=1724"},"img":{"alt_text":"","src":"https:\/\/i0.wp.com\/mexicocodigorojo.com.mx\/wp-content\/uploads\/2022\/12\/11ec90a9-1442-46ab-a405-2aad8fd8b6b8-scaled.jpg?fit=1200%2C1200&ssl=1&resize=350%2C200","width":350,"height":200,"srcset":"https:\/\/i0.wp.com\/mexicocodigorojo.com.mx\/wp-content\/uploads\/2022\/12\/11ec90a9-1442-46ab-a405-2aad8fd8b6b8-scaled.jpg?fit=1200%2C1200&ssl=1&resize=350%2C200 1x, https:\/\/i0.wp.com\/mexicocodigorojo.com.mx\/wp-content\/uploads\/2022\/12\/11ec90a9-1442-46ab-a405-2aad8fd8b6b8-scaled.jpg?fit=1200%2C1200&ssl=1&resize=525%2C300 1.5x, https:\/\/i0.wp.com\/mexicocodigorojo.com.mx\/wp-content\/uploads\/2022\/12\/11ec90a9-1442-46ab-a405-2aad8fd8b6b8-scaled.jpg?fit=1200%2C1200&ssl=1&resize=700%2C400 2x, https:\/\/i0.wp.com\/mexicocodigorojo.com.mx\/wp-content\/uploads\/2022\/12\/11ec90a9-1442-46ab-a405-2aad8fd8b6b8-scaled.jpg?fit=1200%2C1200&ssl=1&resize=1050%2C600 3x"},"classes":[]},{"id":38742,"url":"https:\/\/mexicocodigorojo.com.mx\/?p=38742","url_meta":{"origin":761,"position":5},"title":"Veh\u00edculos con blindaje y arsenal de armas fueron asegurados en Tamaulipas","author":"Staff","date":"mayo 28, 2020","format":false,"excerpt":"ASEGURA POLIC\u00cdA ESTATAL CASI 80 ARMAS DURANTE OPERATIVOS PERMANENTES DESPLEGADOS EN DIVERSAS REGIONES DEL ESTADO \u2022 Varias armas son de alto poder, cargadores, cartuchos, 3 camionetas blindadas y 270 kilogramos de hierba con caracter\u00edsticas de mariguana entre lo encontrado a grupos delictivos Ciudad Victoria, Tamaulipas.- La Polic\u00eda Estatal de Tamaulipas,\u2026","rel":"","context":"En \u00abTamaulipas\u00bb","block_context":{"text":"Tamaulipas","link":"https:\/\/mexicocodigorojo.com.mx\/?cat=2"},"img":{"alt_text":"","src":"","width":0,"height":0},"classes":[]}],"jetpack_sharing_enabled":true,"jetpack_likes_enabled":true,"jetpack_shortlink":"https:\/\/wp.me\/p9TedA-ch","_links":{"self":[{"href":"https:\/\/mexicocodigorojo.com.mx\/index.php?rest_route=\/wp\/v2\/posts\/761","targetHints":{"allow":["GET"]}}],"collection":[{"href":"https:\/\/mexicocodigorojo.com.mx\/index.php?rest_route=\/wp\/v2\/posts"}],"about":[{"href":"https:\/\/mexicocodigorojo.com.mx\/index.php?rest_route=\/wp\/v2\/types\/post"}],"author":[{"embeddable":true,"href":"https:\/\/mexicocodigorojo.com.mx\/index.php?rest_route=\/wp\/v2\/users\/5"}],"replies":[{"embeddable":true,"href":"https:\/\/mexicocodigorojo.com.mx\/index.php?rest_route=%2Fwp%2Fv2%2Fcomments&post=761"}],"version-history":[{"count":0,"href":"https:\/\/mexicocodigorojo.com.mx\/index.php?rest_route=\/wp\/v2\/posts\/761\/revisions"}],"wp:featuredmedia":[{"embeddable":true,"href":"https:\/\/mexicocodigorojo.com.mx\/index.php?rest_route=\/wp\/v2\/media\/764"}],"wp:attachment":[{"href":"https:\/\/mexicocodigorojo.com.mx\/index.php?rest_route=%2Fwp%2Fv2%2Fmedia&parent=761"}],"wp:term":[{"taxonomy":"category","embeddable":true,"href":"https:\/\/mexicocodigorojo.com.mx\/index.php?rest_route=%2Fwp%2Fv2%2Fcategories&post=761"},{"taxonomy":"post_tag","embeddable":true,"href":"https:\/\/mexicocodigorojo.com.mx\/index.php?rest_route=%2Fwp%2Fv2%2Ftags&post=761"}],"curies":[{"name":"wp","href":"https:\/\/api.w.org\/{rel}","templated":true}]}}