{"id":753,"date":"2018-06-28T19:58:46","date_gmt":"2018-06-28T19:58:46","guid":{"rendered":"https:\/\/mexicocodigorojo.com.mx\/?p=753"},"modified":"2018-07-16T17:22:34","modified_gmt":"2018-07-16T17:22:34","slug":"caen-2-cunados-de-el-mencho-en-zapopan","status":"publish","type":"post","link":"https:\/\/mexicocodigorojo.com.mx\/?p=753","title":{"rendered":"CAEN 2 CU\u00d1ADOS DE \u201cEL MENCHO\u201d EN ZAPOPAN"},"content":{"rendered":"<p>Jalisco.- Este martes fueron detenidos Arnulfo &#8216;N&#8217; y Ulises &#8216;N&#8217;, cu\u00f1ados de Nemesio Oseguera Cervantes, alias &#8216;El Mencho&#8217;, l\u00edder del Cartel Nueva Generaci\u00f3n, seg\u00fan inform\u00f3 personal de la Secretar\u00eda de Defensa Nacional.<\/p>\n<p>Los hechos ocurrieron \u201csin un s\u00f3lo disparo\u201d, en el fraccionamiento Parques Virreyes en Zapopan. En la detenci\u00f3n particip\u00f3 personal de la PGR y la Secretar\u00eda de la Defensa Nacional (Sedena) en el denominado \u201cEscudo Tit\u00e1n\u201d.<\/p>\n<div>Luego del arresto ambos sujetos fueron trasladados v\u00eda a\u00e9rea a las instalaciones de la Subprocuradur\u00eda Especializada en Investigaci\u00f3n de Delincuencia Organizada (SEIDO). El Comisionado Nacional de Seguridad P\u00fablica, Renato Sales Heredia, ofrecer\u00e1 este mi\u00e9rcoles a las 13:00 horas una rueda de prensa para ofrecer mayores detalles sobre la captura.<\/div>\n<div><\/div>\n<div>A los detenidos se les se\u00f1ala por ser operadores financieros del Cartel Nueva Generaci\u00f3n. De acuerdo con las investigaciones, Arnulfo &#8216;N&#8217; y Ulises &#8216;N&#8217; forman parte del grupo delictivo conocido como \u201cLos Cuinis\u201d, que inici\u00f3 como proveedor de mariguana del Cartel de Sinaloa y sus aliados, sin embargo, en 2010 se unieron con \u201cEl Mencho\u201d para dar paso al CNG el grupo criminal m\u00e1s poderoso de M\u00e9xico con presencia en 22 entidades del pa\u00eds.<\/div>\n<div><\/div>\n<div>\n<div>Apenas el 26 de mayo fue detenida, tambi\u00e9n en Zapopan, Rosalinda \u2018N\u2019, hermana de \u201cLos Cuinis\u201d y esposa de \u201cEl Mencho\u201d, se\u00f1alada como la \u201cadministradora de los recursos econ\u00f3micos y legales\u201d del CNG y de formar parte de una red de lavado de dinero producto del narcotr\u00e1fico.<\/div>\n<div><\/div>\n<div>Con Arnulfo \u201cN\u201d y Ulises \u201cN\u201d, suman ya seis detenidos de los 18 se\u00f1alados como integrantes de \u201cLos Cuinis\u201d. Abigael, Elvis, Gerardo, Jos\u00e9 son los otros cuatro que ya se encuentran en prisi\u00f3n.<\/div>\n<\/div>\n","protected":false},"excerpt":{"rendered":"<p>Jalisco.- Este martes fueron detenidos Arnulfo &#8216;N&#8217; y Ulises &#8216;N&#8217;, cu\u00f1ados de Nemesio Oseguera Cervantes, alias &#8216;El Mencho&#8217;, l\u00edder del Cartel Nueva Generaci\u00f3n, seg\u00fan inform\u00f3 personal de la Secretar\u00eda de Defensa Nacional. Los hechos ocurrieron \u201csin un s\u00f3lo disparo\u201d, en el fraccionamiento Parques Virreyes en Zapopan. En la detenci\u00f3n particip\u00f3 personal de la PGR y [&hellip;]<\/p>\n","protected":false},"author":5,"featured_media":754,"comment_status":"open","ping_status":"open","sticky":false,"template":"","format":"standard","meta":{"_uf_show_specific_survey":0,"_uf_disable_surveys":false,"advanced_seo_description":"","jetpack_seo_html_title":"","jetpack_seo_noindex":false,"jetpack_post_was_ever_published":false,"_jetpack_newsletter_access":"","_jetpack_dont_email_post_to_subs":false,"_jetpack_newsletter_tier_id":0,"_jetpack_memberships_contains_paywalled_content":false,"_jetpack_memberships_contains_paid_content":false,"footnotes":"","jetpack_publicize_message":"","jetpack_publicize_feature_enabled":true,"jetpack_social_post_already_shared":false,"jetpack_social_options":{"image_generator_settings":{"template":"highway","default_image_id":0,"font":"","enabled":false},"version":2}},"categories":[8],"tags":[12],"class_list":{"0":"post-753","1":"post","2":"type-post","3":"status-publish","4":"format-standard","5":"has-post-thumbnail","7":"category-jalisco","8":"tag-crimen-organizado"},"jetpack_publicize_connections":[],"jetpack_featured_media_url":"https:\/\/i0.wp.com\/mexicocodigorojo.com.mx\/wp-content\/uploads\/2018\/06\/3_Kf18U9.jpg?fit=600%2C314&ssl=1","jetpack-related-posts":[{"id":33023,"url":"https:\/\/mexicocodigorojo.com.mx\/?p=33023","url_meta":{"origin":753,"position":0},"title":"Balacera en Zapopan deja tres detenidos","author":"Staff","date":"febrero 17, 2020","format":false,"excerpt":"Polic\u00edas de Zapopan, Jalisco fueron recibidos a balazos por civiles armados en la colonia Palmiras por lo que repelieron el ataque Tres personas fueron detenidas tras una\u00a0balacera\u00a0que tuvo lugar de este mi\u00e9rcoles en la\u00a0coloniaPalmira\u00a0del municipio de\u00a0Zapopan, en el sur de la Zona Metropolitana de Guadalajara. Las acciones involucraron a elementos\u2026","rel":"","context":"En \u00abJalisco\u00bb","block_context":{"text":"Jalisco","link":"https:\/\/mexicocodigorojo.com.mx\/?cat=8"},"img":{"alt_text":"","src":"https:\/\/i0.wp.com\/mexicocodigorojo.com.mx\/wp-content\/uploads\/2020\/02\/operativo-en-la-colonia-palmira-tras-ataque-a-policias.jpg?fit=980%2C550&ssl=1&resize=350%2C200","width":350,"height":200,"srcset":"https:\/\/i0.wp.com\/mexicocodigorojo.com.mx\/wp-content\/uploads\/2020\/02\/operativo-en-la-colonia-palmira-tras-ataque-a-policias.jpg?fit=980%2C550&ssl=1&resize=350%2C200 1x, https:\/\/i0.wp.com\/mexicocodigorojo.com.mx\/wp-content\/uploads\/2020\/02\/operativo-en-la-colonia-palmira-tras-ataque-a-policias.jpg?fit=980%2C550&ssl=1&resize=525%2C300 1.5x, https:\/\/i0.wp.com\/mexicocodigorojo.com.mx\/wp-content\/uploads\/2020\/02\/operativo-en-la-colonia-palmira-tras-ataque-a-policias.jpg?fit=980%2C550&ssl=1&resize=700%2C400 2x"},"classes":[]},{"id":24425,"url":"https:\/\/mexicocodigorojo.com.mx\/?p=24425","url_meta":{"origin":753,"position":1},"title":"DEJAN RESTOS HUMANOS AL INTERIOR DE BOLSAS NEGRAS EN ZAPOPAN JALISCO","author":"Staff","date":"septiembre 29, 2019","format":false,"excerpt":"El pasado 27 de septiembre, la Secretar\u00eda de Defensa Nacional (Sedena) detuvo a Carlos \u201cN\u201d, alias \u201cEl Chiken\u201d, presunto jefe de plaza en la zona metropolitana de Guadalajara, Jalisco. Los cuerpos de tres personas fueron hallados al interior de bolsas de pl\u00e1stico en el municipio de Zapopan, Jalisco. De acuerdo\u2026","rel":"","context":"En \u00abFeatured\u00bb","block_context":{"text":"Featured","link":"https:\/\/mexicocodigorojo.com.mx\/?cat=1724"},"img":{"alt_text":"","src":"","width":0,"height":0},"classes":[]},{"id":13879,"url":"https:\/\/mexicocodigorojo.com.mx\/?p=13879","url_meta":{"origin":753,"position":2},"title":"Balacera en Jalisco, 11 Sicarios del CJNG se rindieron","author":"Staff","date":"febrero 9, 2019","format":false,"excerpt":"SEDENA confirma 11 detenidos tras balacera en las inmediaciones de Jalostotitl\u00e1n y San Juan de Los Lagos. La Secretaria de la Defensa Nacional, confirm\u00f3 que son 11 los detenidos despu\u00e9s de la balacera que se registr\u00f3 esta ma\u00f1ana en una brecha en las inmediaciones de Jalostotitl\u00e1n y San Juan de\u2026","rel":"","context":"En \u00abJalisco\u00bb","block_context":{"text":"Jalisco","link":"https:\/\/mexicocodigorojo.com.mx\/?cat=8"},"img":{"alt_text":"","src":"https:\/\/i0.wp.com\/mexicocodigorojo.com.mx\/wp-content\/uploads\/2019\/02\/fb_img_15496732513116699809332175173507.jpg?resize=350%2C200&ssl=1","width":350,"height":200,"srcset":"https:\/\/i0.wp.com\/mexicocodigorojo.com.mx\/wp-content\/uploads\/2019\/02\/fb_img_15496732513116699809332175173507.jpg?resize=350%2C200&ssl=1 1x, https:\/\/i0.wp.com\/mexicocodigorojo.com.mx\/wp-content\/uploads\/2019\/02\/fb_img_15496732513116699809332175173507.jpg?resize=525%2C300&ssl=1 1.5x, https:\/\/i0.wp.com\/mexicocodigorojo.com.mx\/wp-content\/uploads\/2019\/02\/fb_img_15496732513116699809332175173507.jpg?resize=700%2C400&ssl=1 2x"},"classes":[]},{"id":51504,"url":"https:\/\/mexicocodigorojo.com.mx\/?p=51504","url_meta":{"origin":753,"position":3},"title":"Sedena detiene a Rosalinda Gonz\u00e1lez Valencia, esposa de \u201cEl Mencho\u201d","author":"Staff","date":"noviembre 16, 2021","format":false,"excerpt":"Este 15 de noviembre la Secretar\u00eda de la Defensa Nacional (Sedena) cumpliment\u00f3 una orden de aprehensi\u00f3n en Zapopan, Jalisco, contra Rosalinda Gonz\u00e1lez Valencia, esposa de Nemesio Oseguera Cervantes \"El Mencho\", l\u00edder del C\u00e1rtel Jalisco Nueva Generaci\u00f3n (CJNG). De acuerdo con la Sedena, la aprehensi\u00f3n de Rosalinda Gonz\u00e1lez Valencia se dio\u2026","rel":"","context":"En \u00abFeatured\u00bb","block_context":{"text":"Featured","link":"https:\/\/mexicocodigorojo.com.mx\/?cat=1724"},"img":{"alt_text":"","src":"https:\/\/i0.wp.com\/mexicocodigorojo.com.mx\/wp-content\/uploads\/2021\/11\/rosalindanjpg.jpg?fit=855%2C667&ssl=1&resize=350%2C200","width":350,"height":200,"srcset":"https:\/\/i0.wp.com\/mexicocodigorojo.com.mx\/wp-content\/uploads\/2021\/11\/rosalindanjpg.jpg?fit=855%2C667&ssl=1&resize=350%2C200 1x, https:\/\/i0.wp.com\/mexicocodigorojo.com.mx\/wp-content\/uploads\/2021\/11\/rosalindanjpg.jpg?fit=855%2C667&ssl=1&resize=525%2C300 1.5x, https:\/\/i0.wp.com\/mexicocodigorojo.com.mx\/wp-content\/uploads\/2021\/11\/rosalindanjpg.jpg?fit=855%2C667&ssl=1&resize=700%2C400 2x"},"classes":[]},{"id":53953,"url":"https:\/\/mexicocodigorojo.com.mx\/?p=53953","url_meta":{"origin":753,"position":4},"title":"&#8216;El Mencho&#8217; y la traici\u00f3n a su socio &#8216;El 85&#8217; que lo llev\u00f3 a liderar el &#8216;CJNG&#8217;","author":"Staff","date":"septiembre 7, 2022","format":false,"excerpt":"El 9 de marzo del 2012, Nemesio Oseguera Cervantes, El Mencho, qued\u00f3 como l\u00edder absoluto del C\u00e1rtel Jalisco Nueva Generaci\u00f3n (CJNG). Ese d\u00eda, Erick Valencia Salazar, El 85, su socio fue detenido en Zapopan, Jalisco, durante un enfrentamiento con autoridades federales, pero de acuerdo con reportes oficiales, Nemesio Oseguera, lo\u2026","rel":"","context":"En \u00abFeatured\u00bb","block_context":{"text":"Featured","link":"https:\/\/mexicocodigorojo.com.mx\/?cat=1724"},"img":{"alt_text":"","src":"https:\/\/i0.wp.com\/mexicocodigorojo.com.mx\/wp-content\/uploads\/2022\/09\/mencho-1-640x360-1.jpg?fit=640%2C360&ssl=1&resize=350%2C200","width":350,"height":200,"srcset":"https:\/\/i0.wp.com\/mexicocodigorojo.com.mx\/wp-content\/uploads\/2022\/09\/mencho-1-640x360-1.jpg?fit=640%2C360&ssl=1&resize=350%2C200 1x, https:\/\/i0.wp.com\/mexicocodigorojo.com.mx\/wp-content\/uploads\/2022\/09\/mencho-1-640x360-1.jpg?fit=640%2C360&ssl=1&resize=525%2C300 1.5x"},"classes":[]},{"id":51851,"url":"https:\/\/mexicocodigorojo.com.mx\/?p=51851","url_meta":{"origin":753,"position":5},"title":"Vinculan a proceso a supuestos miembros del CJNG","author":"MexicoRojoCvmx","date":"diciembre 20, 2021","format":false,"excerpt":"Se trata de Laura \u201cM\u201d, Manuel \u201cV\u201d, Jos\u00e9 \u201cH\u201d, Juan \u201cR\u201d, Brandon \u201cF\u201d y Francisco \u201cM\u201d, quienes fueron vinculados a proceso por delitos contra la salud y portaci\u00f3n de armas de fuego de uso exclusivo del Ej\u00e9rcito, Armada y Fuerza A\u00e9rea, as\u00ed como Alma \u201cG\u201d y Alejandro \u201cO\u201d, por secuestro,\u2026","rel":"","context":"En \u00abFeatured\u00bb","block_context":{"text":"Featured","link":"https:\/\/mexicocodigorojo.com.mx\/?cat=1724"},"img":{"alt_text":"","src":"https:\/\/i0.wp.com\/mexicocodigorojo.com.mx\/wp-content\/uploads\/2021\/12\/AARZ4vN-1.jpg?fit=799%2C492&ssl=1&resize=350%2C200","width":350,"height":200,"srcset":"https:\/\/i0.wp.com\/mexicocodigorojo.com.mx\/wp-content\/uploads\/2021\/12\/AARZ4vN-1.jpg?fit=799%2C492&ssl=1&resize=350%2C200 1x, https:\/\/i0.wp.com\/mexicocodigorojo.com.mx\/wp-content\/uploads\/2021\/12\/AARZ4vN-1.jpg?fit=799%2C492&ssl=1&resize=525%2C300 1.5x, https:\/\/i0.wp.com\/mexicocodigorojo.com.mx\/wp-content\/uploads\/2021\/12\/AARZ4vN-1.jpg?fit=799%2C492&ssl=1&resize=700%2C400 2x"},"classes":[]}],"jetpack_sharing_enabled":true,"jetpack_likes_enabled":true,"jetpack_shortlink":"https:\/\/wp.me\/p9TedA-c9","_links":{"self":[{"href":"https:\/\/mexicocodigorojo.com.mx\/index.php?rest_route=\/wp\/v2\/posts\/753","targetHints":{"allow":["GET"]}}],"collection":[{"href":"https:\/\/mexicocodigorojo.com.mx\/index.php?rest_route=\/wp\/v2\/posts"}],"about":[{"href":"https:\/\/mexicocodigorojo.com.mx\/index.php?rest_route=\/wp\/v2\/types\/post"}],"author":[{"embeddable":true,"href":"https:\/\/mexicocodigorojo.com.mx\/index.php?rest_route=\/wp\/v2\/users\/5"}],"replies":[{"embeddable":true,"href":"https:\/\/mexicocodigorojo.com.mx\/index.php?rest_route=%2Fwp%2Fv2%2Fcomments&post=753"}],"version-history":[{"count":0,"href":"https:\/\/mexicocodigorojo.com.mx\/index.php?rest_route=\/wp\/v2\/posts\/753\/revisions"}],"wp:featuredmedia":[{"embeddable":true,"href":"https:\/\/mexicocodigorojo.com.mx\/index.php?rest_route=\/wp\/v2\/media\/754"}],"wp:attachment":[{"href":"https:\/\/mexicocodigorojo.com.mx\/index.php?rest_route=%2Fwp%2Fv2%2Fmedia&parent=753"}],"wp:term":[{"taxonomy":"category","embeddable":true,"href":"https:\/\/mexicocodigorojo.com.mx\/index.php?rest_route=%2Fwp%2Fv2%2Fcategories&post=753"},{"taxonomy":"post_tag","embeddable":true,"href":"https:\/\/mexicocodigorojo.com.mx\/index.php?rest_route=%2Fwp%2Fv2%2Ftags&post=753"}],"curies":[{"name":"wp","href":"https:\/\/api.w.org\/{rel}","templated":true}]}}