{"id":743,"date":"2018-06-28T19:47:41","date_gmt":"2018-06-28T19:47:41","guid":{"rendered":"https:\/\/mexicocodigorojo.com.mx\/?p=743"},"modified":"2018-07-16T17:22:36","modified_gmt":"2018-07-16T17:22:36","slug":"el-chapo-no-piensa-cooperar","status":"publish","type":"post","link":"https:\/\/mexicocodigorojo.com.mx\/?p=743","title":{"rendered":"EL \u00abCHAPO\u00bb NO PIENSA COOPERAR \u00ab"},"content":{"rendered":"<p class=\"Normal1\"><b>Cada vez que Joaqu\u00edn\u00a0El Chapo\u00a0Guzm\u00e1n va al tribunal, el tr\u00e1fico en el puente de Brooklyn se corta en el sentido de la comitiva que le transporta. La escena se repite despu\u00e9s al volver a la prisi\u00f3n de m\u00e1xima seguridad en Manhattan. Hasta ahora era un problema menor para los neoyorquinos. Pero va a convertirse en un quebradero de cabeza diario a partir de septiembre, cuando comience un juicio que se espere que dure cuatro meses.<\/b><\/p>\n<div id=\"google_ads_iframe_\/7811748\/elpais_web\/internacional\/intext_0__container__\"><\/div>\n<p class=\"Normal1\">El equipo del fiscal del distrito Este de Nueva York expuso en la \u00faltima audiencia que espera que la presentaci\u00f3n de la causa contra el capo de la droga mexicano dure aproximadamente 16 semanas. Guzm\u00e1n ya pas\u00f3 por la corte en ocho ocasiones, contando con la vista celebrada este martes. El dispositivo que le escolta est\u00e1 integrado por una decena de veh\u00edculos blindados de varias agencias de seguridad, un helic\u00f3ptero y una ambulancia.<\/p>\n<p class=\"Normal1\">El abogado del acusado, Eduardo Balarezo, pide por eso al juez que se transfiera el juicio a la corte penal de Manhattan, porque considera que la disrupci\u00f3n creada por el dispositivo de seguridad puede ser perjudicial para los neoyorquinos. No lo dice por simpat\u00eda hacia el p\u00fablico, sino pensando en los potenciales miembros del jurado que lo seguir\u00e1n. \u00abEste circo\u00bb, explica, atenta a la presunci\u00f3n de inocencia de su cliente y \u00able da\u00f1a\u00bb.<\/p>\n<p class=\"Normal1\">Las autoridades consideran a \u00abEl Chapo\u00bb una persona de peligrosidad extrema para la comunidad. Algo que comparte el juez Brian Cogan, que mantuvo al m\u00e1ximo las condiciones de reclusi\u00f3n por sus dos anteriores fugas. Joaqu\u00edn Guzm\u00e1n solo sale de su celda durante una hora para hacer ejercicio, la luz est\u00e1 encendida las 24 horas y se comunica con su equipo legal a trav\u00e9s de una mampara.<\/p>\n<p class=\"Normal1\">El juicio est\u00e1 previsto que arranque el 5 de septiembre. El Tribunal Federal del Distrito Sur en Manhattan est\u00e1 conectado directamente con el centro penitenciario en el que est\u00e1 recluido. Este tipo de caravanas no son muy usuales y hasta ahora se utilizaron para transportar a acusados en casos de terrorismo. No se espera que el jurado tenga que cruzar el puente durante el proceso.<\/p>\n<p class=\"Normal1\"><b>Prueba exculpatoria<\/b><\/p>\n<p class=\"Normal1\">La defensa solicit\u00f3 adem\u00e1s durante la vista que se supriman como prueba las comunicaciones interceptadas a su cliente as\u00ed como unas declaraciones que hizo a las autoridades de EE UU en el momento que era extraditado, en enero del pasado a\u00f1o. As\u00ed mismo pidi\u00f3 a la fiscal\u00eda que le facilite toda la informaci\u00f3n que pueda servir para exculpar a su cliente o que sea favorable en el juicio.<\/p>\n<p class=\"Normal1\"><b>Guzm\u00e1n se enfrenta a 17 cargos. El primero hace menci\u00f3n expresa a su papel de liderazgo en el Cartel de Sinaloa. Pero entre la masa de pruebas que recopil\u00f3 la acusaci\u00f3n figuran declaraciones de testigos que indican que \u201cEl Chapo\u201d recib\u00eda \u00f3rdenes de un superior. Eso, seg\u00fan el abogado, le servir\u00eda para defenderse. La fiscal\u00eda insiste, sin embargo, que no le exonera de ese cargo.<\/b><\/p>\n<p class=\"Normal1\">\u201cEso lo tendr\u00e1 que probar para que decida el jurado\u201d, respondi\u00f3 Balarezo en el intercambio ante el magistrado, \u201cel Gobierno siempre va a decir que es culpable\u201d. El letrado reiter\u00f3 el derecho que tiene \u201cEl Chapo\u201d para enfrentarse a un proceso justo ante la corte. Cogan reconoce que la fiscal\u00eda tiene que anticipar la t\u00e1ctica que siga la defensa, al tiempo que entiende que se solicite esa informaci\u00f3n.<\/p>\n<p class=\"Normal1\"><b>Balarezo dej\u00f3 claro que su cliente \u00abir\u00e1 a juicio, no piensa cooperar y defender\u00e1 su inocencia\u00bb.<\/b>\u00a0El proceso de documentaci\u00f3n est\u00e1 concluido. En cuanto a los testigos, acordaron que Sean Penn no participe como testigo. Ninguna de las partes est\u00e1 interesada en escuchar su recuento del encuentro secreto que tuvo con Joaqu\u00edn Guzm\u00e1n y que public\u00f3 la revista\u00a0Rolling Stone\u00a0hace dos a\u00f1os. Realiz\u00f3 la entrevista poco despu\u00e9s de protagonizar su segunda fuga en M\u00e9xico.<\/p>\n<p>&nbsp;<\/p>\n<pre>Fuente: El Pais<\/pre>\n","protected":false},"excerpt":{"rendered":"<p>Cada vez que Joaqu\u00edn\u00a0El Chapo\u00a0Guzm\u00e1n va al tribunal, el tr\u00e1fico en el puente de Brooklyn se corta en el sentido de la comitiva que le transporta. La escena se repite despu\u00e9s al volver a la prisi\u00f3n de m\u00e1xima seguridad en Manhattan. Hasta ahora era un problema menor para los neoyorquinos. Pero va a convertirse en [&hellip;]<\/p>\n","protected":false},"author":5,"featured_media":744,"comment_status":"open","ping_status":"open","sticky":false,"template":"","format":"standard","meta":{"_uf_show_specific_survey":0,"_uf_disable_surveys":false,"advanced_seo_description":"","jetpack_seo_html_title":"","jetpack_seo_noindex":false,"jetpack_post_was_ever_published":false,"_jetpack_newsletter_access":"","_jetpack_dont_email_post_to_subs":false,"_jetpack_newsletter_tier_id":0,"_jetpack_memberships_contains_paywalled_content":false,"_jetpack_memberships_contains_paid_content":false,"footnotes":"","jetpack_publicize_message":"","jetpack_publicize_feature_enabled":true,"jetpack_social_post_already_shared":false,"jetpack_social_options":{"image_generator_settings":{"template":"highway","default_image_id":0,"font":"","enabled":false},"version":2}},"categories":[14],"tags":[12],"class_list":{"0":"post-743","1":"post","2":"type-post","3":"status-publish","4":"format-standard","5":"has-post-thumbnail","7":"category-internacional","8":"tag-crimen-organizado"},"jetpack_publicize_connections":[],"jetpack_featured_media_url":"https:\/\/i0.wp.com\/mexicocodigorojo.com.mx\/wp-content\/uploads\/2018\/06\/1530011859_077496_1530024721_noticia_normal_recorte1.jpg?fit=640%2C359&ssl=1","jetpack-related-posts":[{"id":12985,"url":"https:\/\/mexicocodigorojo.com.mx\/?p=12985","url_meta":{"origin":743,"position":0},"title":"D\u00e1maso L\u00f3pez \u00abEl Licenciado\u00bb de \u00abCapo\u00bb del Narco a \u00abSapo\u00bb en el juicio de su compadre \u00abEl Chapo\u00bb Guzm\u00e1n","author":"Staff","date":"enero 25, 2019","format":false,"excerpt":"D\u00e1maso L\u00f3pez \"El Licenciado\" de \"Capo\" del Narco a \"Sapo\" en el juicio de su compadre \"El Chapo\" Guzm\u00e1n D\u00e1maso L\u00f3pez, tambi\u00e9n conocido como el Licenciado, declar\u00f3 en la corte de Brooklyn en el juicio de Joaqu\u00edn Guzm\u00e1n Loera y cont\u00f3 sobre los beneficios por los que el Chapo pagaba\u2026","rel":"","context":"En \u00abInternacional\u00bb","block_context":{"text":"Internacional","link":"https:\/\/mexicocodigorojo.com.mx\/?cat=14"},"img":{"alt_text":"","src":"https:\/\/i0.wp.com\/mexicocodigorojo.com.mx\/wp-content\/uploads\/2019\/01\/PhotoEditor_20190125_114135999-1.jpg?resize=350%2C200&ssl=1","width":350,"height":200,"srcset":"https:\/\/i0.wp.com\/mexicocodigorojo.com.mx\/wp-content\/uploads\/2019\/01\/PhotoEditor_20190125_114135999-1.jpg?resize=350%2C200&ssl=1 1x, https:\/\/i0.wp.com\/mexicocodigorojo.com.mx\/wp-content\/uploads\/2019\/01\/PhotoEditor_20190125_114135999-1.jpg?resize=525%2C300&ssl=1 1.5x, https:\/\/i0.wp.com\/mexicocodigorojo.com.mx\/wp-content\/uploads\/2019\/01\/PhotoEditor_20190125_114135999-1.jpg?resize=700%2C400&ssl=1 2x, https:\/\/i0.wp.com\/mexicocodigorojo.com.mx\/wp-content\/uploads\/2019\/01\/PhotoEditor_20190125_114135999-1.jpg?resize=1050%2C600&ssl=1 3x, https:\/\/i0.wp.com\/mexicocodigorojo.com.mx\/wp-content\/uploads\/2019\/01\/PhotoEditor_20190125_114135999-1.jpg?resize=1400%2C800&ssl=1 4x"},"classes":[]},{"id":25693,"url":"https:\/\/mexicocodigorojo.com.mx\/?p=25693","url_meta":{"origin":743,"position":1},"title":"V\u00edctimas Mortales &#038; que resultaron lesionados en Culiac\u00e1n Sinaloa ser\u00e1n apoyadas por la familia de \u201cEl Chapo\u201d Guzman","author":"Staff","date":"octubre 19, 2019","format":false,"excerpt":"Los abogados de \"El Chapo\" agradecieron a nombre de los familiares no haber abusado de autoridades por parte del Ej\u00e9rcito y la Guardia Nacional. CULIAC\u00c1N.- Durante una rueda de prensa, los abogados de Joaqu\u00edn \u201cEl Chapo\u201d Guzm\u00e1n revelaron que la familia del capo apoyar\u00e1n econ\u00f3micamente a las v\u00edctimas lesionadas o\u2026","rel":"","context":"En \u00abFeatured\u00bb","block_context":{"text":"Featured","link":"https:\/\/mexicocodigorojo.com.mx\/?cat=1724"},"img":{"alt_text":"","src":"","width":0,"height":0},"classes":[]},{"id":55796,"url":"https:\/\/mexicocodigorojo.com.mx\/?p=55796","url_meta":{"origin":743,"position":2},"title":"Autoridades extraditan a \u201cEl Cholo Iv\u00e1n\u201d, exjefe de seguridad del \u201cChapo\u201d","author":"Staff","date":"abril 2, 2023","format":false,"excerpt":"La Fiscal\u00eda General de la Rep\u00fablica (FGR) inform\u00f3 este domingo que se extradit\u00f3 a Jorge Iv\u00e1n \u201cG\u201d, al\u00edas \u201cEl Cholo Iv\u00e1n\u201d, a Estados Unidos donde enfrentar\u00e1 un proceso por asociaci\u00f3n delictuosa, delitos contra la salud y por descargar un arma de fuego. De acuerdo con las autoridades, \u201cEl Cholo Iv\u00e1n\u201d\u2026","rel":"","context":"En \u00abCiudad de M\u00e9xico\u00bb","block_context":{"text":"Ciudad de M\u00e9xico","link":"https:\/\/mexicocodigorojo.com.mx\/?cat=101"},"img":{"alt_text":"","src":"https:\/\/i0.wp.com\/mexicocodigorojo.com.mx\/wp-content\/uploads\/2023\/04\/6429f1eb7eadc.jpeg?fit=940%2C470&ssl=1&resize=350%2C200","width":350,"height":200,"srcset":"https:\/\/i0.wp.com\/mexicocodigorojo.com.mx\/wp-content\/uploads\/2023\/04\/6429f1eb7eadc.jpeg?fit=940%2C470&ssl=1&resize=350%2C200 1x, https:\/\/i0.wp.com\/mexicocodigorojo.com.mx\/wp-content\/uploads\/2023\/04\/6429f1eb7eadc.jpeg?fit=940%2C470&ssl=1&resize=525%2C300 1.5x, https:\/\/i0.wp.com\/mexicocodigorojo.com.mx\/wp-content\/uploads\/2023\/04\/6429f1eb7eadc.jpeg?fit=940%2C470&ssl=1&resize=700%2C400 2x"},"classes":[]},{"id":9001,"url":"https:\/\/mexicocodigorojo.com.mx\/?p=9001","url_meta":{"origin":743,"position":3},"title":"Escoltado por polic\u00edas, as\u00ed fue la primera fuga del Chapo: &#8216;El Rey&#8217; Zambada","author":"Staff","date":"noviembre 16, 2018","format":false,"excerpt":"Explic\u00f3 que su hermano Ismael \u201cEl Mayo\u201d ayud\u00f3 a ocultarse a Joaqu\u00edn Guzm\u00e1n, luego que \u00e9ste se fugara del penal de Puente Grande, en 2001 En su segundo d\u00eda como testimonio el narcotraficante Jes\u00fas El Rey Zambada Garc\u00eda, relat\u00f3 c\u00f3mo fue la primera fuga de Joaqu\u00edn El Chapo Guzm\u00e1n, en\u2026","rel":"","context":"En \u00abInternacional\u00bb","block_context":{"text":"Internacional","link":"https:\/\/mexicocodigorojo.com.mx\/?cat=14"},"img":{"alt_text":"El Chapo","src":"https:\/\/i0.wp.com\/mexicocodigorojo.com.mx\/wp-content\/uploads\/2018\/11\/guzman.jpg?fit=620%2C388&ssl=1&resize=350%2C200","width":350,"height":200,"srcset":"https:\/\/i0.wp.com\/mexicocodigorojo.com.mx\/wp-content\/uploads\/2018\/11\/guzman.jpg?fit=620%2C388&ssl=1&resize=350%2C200 1x, https:\/\/i0.wp.com\/mexicocodigorojo.com.mx\/wp-content\/uploads\/2018\/11\/guzman.jpg?fit=620%2C388&ssl=1&resize=525%2C300 1.5x"},"classes":[]},{"id":20388,"url":"https:\/\/mexicocodigorojo.com.mx\/?p=20388","url_meta":{"origin":743,"position":4},"title":"VIDEO; CAPTAN TRASLADO DE \u201cEL CHAPO\u201d A C\u00c1RCEL DE M\u00c1XIMA SEGURIDAD","author":"Staff","date":"julio 19, 2019","format":false,"excerpt":"The\u00a0New York Post\u00a0revel\u00f3 este viernes un video donde se puede observar parte del traslado de Joaqu\u00edn \u201cEl Chapo\u201d Guzm\u00e1n a Supermax en Colorado. En el video se aprecia c\u00f3mo el capo mexicano sube al helic\u00f3ptero que lo llevar\u00eda a la prisi\u00f3n de m\u00e1xima seguridad. El Chapo\u00a0fue resguardado por tres hombre\u2026","rel":"","context":"En \u00abInternacional\u00bb","block_context":{"text":"Internacional","link":"https:\/\/mexicocodigorojo.com.mx\/?cat=14"},"img":{"alt_text":"","src":"https:\/\/i0.wp.com\/mexicocodigorojo.com.mx\/wp-content\/uploads\/2019\/07\/el-chapo-traslado-.png?fit=930%2C509&ssl=1&resize=350%2C200","width":350,"height":200,"srcset":"https:\/\/i0.wp.com\/mexicocodigorojo.com.mx\/wp-content\/uploads\/2019\/07\/el-chapo-traslado-.png?fit=930%2C509&ssl=1&resize=350%2C200 1x, https:\/\/i0.wp.com\/mexicocodigorojo.com.mx\/wp-content\/uploads\/2019\/07\/el-chapo-traslado-.png?fit=930%2C509&ssl=1&resize=525%2C300 1.5x, https:\/\/i0.wp.com\/mexicocodigorojo.com.mx\/wp-content\/uploads\/2019\/07\/el-chapo-traslado-.png?fit=930%2C509&ssl=1&resize=700%2C400 2x"},"classes":[]},{"id":26213,"url":"https:\/\/mexicocodigorojo.com.mx\/?p=26213","url_meta":{"origin":743,"position":5},"title":"Video: As\u00ed fue la detenci\u00f3n de Ovidio Guzm\u00e1n, hijo de \u201cEl Chapo\u201d en Sinaloa","author":"Staff","date":"octubre 30, 2019","format":false,"excerpt":"El gobierno de AMLO difundi\u00f3 el video de la detenci\u00f3n de Ovidio Guzm\u00e1n L\u00f3pez, hijo de Joaqu\u00edn \"El Chapo Guzm\u00e1n\" El presidente de M\u00e9xico, Andr\u00e9s Manuel L\u00f3pez Obrador (AMLO), y su gabinete de seguridad presentaron un video que muestra la detenci\u00f3n de Ovidio Guzm\u00e1n L\u00f3pez, hijo de Joaqu\u00edn \u201cEl Chapo\u2026","rel":"","context":"En \u00abCiudad de M\u00e9xico\u00bb","block_context":{"text":"Ciudad de M\u00e9xico","link":"https:\/\/mexicocodigorojo.com.mx\/?cat=101"},"img":{"alt_text":"","src":"https:\/\/i0.wp.com\/mexicocodigorojo.com.mx\/wp-content\/uploads\/2019\/10\/detencion-hijo-chapo-guzman-1.jpg?fit=1045%2C602&ssl=1&resize=350%2C200","width":350,"height":200,"srcset":"https:\/\/i0.wp.com\/mexicocodigorojo.com.mx\/wp-content\/uploads\/2019\/10\/detencion-hijo-chapo-guzman-1.jpg?fit=1045%2C602&ssl=1&resize=350%2C200 1x, https:\/\/i0.wp.com\/mexicocodigorojo.com.mx\/wp-content\/uploads\/2019\/10\/detencion-hijo-chapo-guzman-1.jpg?fit=1045%2C602&ssl=1&resize=525%2C300 1.5x, https:\/\/i0.wp.com\/mexicocodigorojo.com.mx\/wp-content\/uploads\/2019\/10\/detencion-hijo-chapo-guzman-1.jpg?fit=1045%2C602&ssl=1&resize=700%2C400 2x"},"classes":[]}],"jetpack_sharing_enabled":true,"jetpack_likes_enabled":true,"jetpack_shortlink":"https:\/\/wp.me\/p9TedA-bZ","_links":{"self":[{"href":"https:\/\/mexicocodigorojo.com.mx\/index.php?rest_route=\/wp\/v2\/posts\/743","targetHints":{"allow":["GET"]}}],"collection":[{"href":"https:\/\/mexicocodigorojo.com.mx\/index.php?rest_route=\/wp\/v2\/posts"}],"about":[{"href":"https:\/\/mexicocodigorojo.com.mx\/index.php?rest_route=\/wp\/v2\/types\/post"}],"author":[{"embeddable":true,"href":"https:\/\/mexicocodigorojo.com.mx\/index.php?rest_route=\/wp\/v2\/users\/5"}],"replies":[{"embeddable":true,"href":"https:\/\/mexicocodigorojo.com.mx\/index.php?rest_route=%2Fwp%2Fv2%2Fcomments&post=743"}],"version-history":[{"count":0,"href":"https:\/\/mexicocodigorojo.com.mx\/index.php?rest_route=\/wp\/v2\/posts\/743\/revisions"}],"wp:featuredmedia":[{"embeddable":true,"href":"https:\/\/mexicocodigorojo.com.mx\/index.php?rest_route=\/wp\/v2\/media\/744"}],"wp:attachment":[{"href":"https:\/\/mexicocodigorojo.com.mx\/index.php?rest_route=%2Fwp%2Fv2%2Fmedia&parent=743"}],"wp:term":[{"taxonomy":"category","embeddable":true,"href":"https:\/\/mexicocodigorojo.com.mx\/index.php?rest_route=%2Fwp%2Fv2%2Fcategories&post=743"},{"taxonomy":"post_tag","embeddable":true,"href":"https:\/\/mexicocodigorojo.com.mx\/index.php?rest_route=%2Fwp%2Fv2%2Ftags&post=743"}],"curies":[{"name":"wp","href":"https:\/\/api.w.org\/{rel}","templated":true}]}}