{"id":65194,"date":"2026-04-29T13:24:23","date_gmt":"2026-04-29T19:24:23","guid":{"rendered":"https:\/\/mexicocodigorojo.com.mx\/?p=65194"},"modified":"2026-04-29T13:24:23","modified_gmt":"2026-04-29T19:24:23","slug":"vinculan-a-proceso-a-tres-funcionarios-de-la-fgr-de-reynosa-por-omisiones-en-investigacion-de-huachicol-entre-ellos-al-ex-delegado-interino-juan-arturo-garza-quien-asumio-tras-el-asesinato-de-vaz","status":"publish","type":"post","link":"https:\/\/mexicocodigorojo.com.mx\/?p=65194","title":{"rendered":"Vinculan a proceso a tres funcionarios de la FGR de Reynosa por omisiones en investigaci\u00f3n de \u00abhuachicol\u00bb, entre ellos al ex delegado interino Juan Arturo Garza quien asumi\u00f3 tras el asesinato de V\u00e1zquez Reyna"},"content":{"rendered":"\n<p class=\"p1\">La Fiscal\u00eda General de la Rep\u00fablica (FGR) inform\u00f3 que tres de sus servidores p\u00fablicos, identificados como Carlos \u201cN\u201d, Israel \u201cN\u201d y Juan \u201cN\u201d, han sido vinculados a proceso por su probable responsabilidad en delitos contra la administraci\u00f3n de justicia.<\/p>\n\n\n\n<p class=\"p2\">Los hechos: Omisi\u00f3n en el sector petrolero<\/p>\n\n\n\n<p class=\"p1\">De acuerdo con la carpeta de investigaci\u00f3n, el caso se origin\u00f3 en Tamaulipas a ra\u00edz de denuncias por sustracci\u00f3n y alteraci\u00f3n de activos de la industria petrolera (delito com\u00fanmente asociado al robo de hidrocarburos).<\/p>\n\n\n\n<p class=\"p3\">Los hoy imputados, en su calidad de funcionarios, determinaron el no ejercicio de la acci\u00f3n penal en dicho caso. Con esta decisi\u00f3n, habr\u00edan incumplido con sus obligaciones fundamentales de:<\/p>\n\n\n\n<p class=\"p4\">\u2022 Investigar hechos con apariencia de delito.<\/p>\n\n\n\n<p class=\"p4\">\u2022 Desarrollar l\u00edneas de investigaci\u00f3n claras.<\/p>\n\n\n\n<p class=\"p4\">\u2022 Ejecutar actos tendientes a acreditar el il\u00edcito.<\/p>\n\n\n\n<p class=\"p2\">El proceso legal<\/p>\n\n\n\n<p class=\"p1\">La Fiscal\u00eda Especializada de Asuntos Internos (FEAI) fue la encargada de presentar los datos de prueba ante el Ministerio P\u00fablico de la Federaci\u00f3n para lograr que un juez dictara el auto de vinculaci\u00f3n a proceso.<\/p>\n\n\n\n<p>Postura oficial: La FGR reiter\u00f3 que no tolerar\u00e1 conductas fuera de la ley por parte de sus integrantes y buscar\u00e1 sanciones ejemplares para los servidores p\u00fablicos que falten a su deber.<\/p>\n\n\n\n<p>Cabe se\u00f1alar que, bajo el principio de presunci\u00f3n de inocencia, los tres se\u00f1alados se consideran inocentes hasta que una autoridad judicial dicte una sentencia condenatoria en su contra.<\/p>\n","protected":false},"excerpt":{"rendered":"<p>La Fiscal\u00eda General de la Rep\u00fablica (FGR) inform\u00f3 que tres de sus servidores p\u00fablicos, identificados como Carlos \u201cN\u201d, Israel \u201cN\u201d y Juan \u201cN\u201d, han sido vinculados a proceso por su probable responsabilidad en delitos contra la administraci\u00f3n de justicia. Los hechos: Omisi\u00f3n en el sector petrolero De acuerdo con la carpeta de investigaci\u00f3n, el caso [&hellip;]<\/p>\n","protected":false},"author":5,"featured_media":65193,"comment_status":"open","ping_status":"open","sticky":false,"template":"","format":"standard","meta":{"_uf_show_specific_survey":0,"_uf_disable_surveys":false,"advanced_seo_description":"","jetpack_seo_html_title":"","jetpack_seo_noindex":false,"jetpack_post_was_ever_published":false,"_jetpack_newsletter_access":"","_jetpack_dont_email_post_to_subs":false,"_jetpack_newsletter_tier_id":0,"_jetpack_memberships_contains_paywalled_content":false,"_jetpack_memberships_contains_paid_content":false,"footnotes":"","jetpack_publicize_message":"Vinculan a proceso a tres funcionarios de la FGR por omisiones en investigaci\u00f3n de \"huachicol\"","jetpack_publicize_feature_enabled":true,"jetpack_social_post_already_shared":true,"jetpack_social_options":{"image_generator_settings":{"template":"highway","default_image_id":0,"font":"","enabled":false},"version":2}},"categories":[1724,2],"tags":[19,221],"class_list":{"0":"post-65194","1":"post","2":"type-post","3":"status-publish","4":"format-standard","5":"has-post-thumbnail","7":"category-featured","8":"category-tamaulipas","9":"tag-corrupcion","10":"tag-fgr"},"jetpack_publicize_connections":[],"jetpack_featured_media_url":"https:\/\/i0.wp.com\/mexicocodigorojo.com.mx\/wp-content\/uploads\/2026\/04\/b15df259-4088-4db5-a5c0-3bc87fc8128f.jpg?fit=2000%2C2000&ssl=1","jetpack-related-posts":[{"id":62980,"url":"https:\/\/mexicocodigorojo.com.mx\/?p=62980","url_meta":{"origin":65194,"position":0},"title":"MIGUELITO FUE VINCULADO A MASACRE EN LA QUE HECHO LA CULPA AL MAESTRIN","author":"Staff","date":"octubre 7, 2024","format":false,"excerpt":"FGR obtiene vinculaci\u00f3n a proceso en contra de una persona por delincuencia organizada La Fiscal\u00eda General de la Rep\u00fablica (FGR), a trav\u00e9s de su Fiscal\u00eda Federal en el Estado de Tamaulipas, obtuvo de un Juez de Distrito Especializado en el Sistema Penal Acusatorio en funciones de Juez de Control adscrito\u2026","rel":"","context":"En \u00abFeatured\u00bb","block_context":{"text":"Featured","link":"https:\/\/mexicocodigorojo.com.mx\/?cat=1724"},"img":{"alt_text":"","src":"https:\/\/i0.wp.com\/mexicocodigorojo.com.mx\/wp-content\/uploads\/2024\/10\/img_7584-1.jpg?fit=664%2C791&ssl=1&resize=350%2C200","width":350,"height":200,"srcset":"https:\/\/i0.wp.com\/mexicocodigorojo.com.mx\/wp-content\/uploads\/2024\/10\/img_7584-1.jpg?fit=664%2C791&ssl=1&resize=350%2C200 1x, https:\/\/i0.wp.com\/mexicocodigorojo.com.mx\/wp-content\/uploads\/2024\/10\/img_7584-1.jpg?fit=664%2C791&ssl=1&resize=525%2C300 1.5x"},"classes":[]},{"id":63614,"url":"https:\/\/mexicocodigorojo.com.mx\/?p=63614","url_meta":{"origin":65194,"position":1},"title":"INVESTIGAN A FUNCIONARIOS DE LA FGR EN REYNOSA POR ROBO DE ARMAS","author":"Staff","date":"enero 21, 2025","format":false,"excerpt":"Personal de la Fiscal\u00eda General de la Rep\u00fablica (FGR) lleg\u00f3 a Reynosa para investigar el robo de armas largas de su delegaci\u00f3n en esa ciudad fronteriza de Tamaulipas, informaron anoche fuentes allegadas al caso. En medio del hermetismo oficial, los informantes se\u00f1alaron que criminales, con apoyo de al menos un\u2026","rel":"","context":"En \u00abFeatured\u00bb","block_context":{"text":"Featured","link":"https:\/\/mexicocodigorojo.com.mx\/?cat=1724"},"img":{"alt_text":"","src":"https:\/\/i0.wp.com\/mexicocodigorojo.com.mx\/wp-content\/uploads\/2025\/01\/img_6238-1.jpg?fit=400%2C234&ssl=1&resize=350%2C200","width":350,"height":200},"classes":[]},{"id":44544,"url":"https:\/\/mexicocodigorojo.com.mx\/?p=44544","url_meta":{"origin":65194,"position":2},"title":"FGR OBTIENE VINCULACI\u00d3N A PROCESO EN CONTRA DE DOS PERSONAS, DETENIDAS CON M\u00c1S DE 300 MIL D\u00d3LARES EN TAMAULIPAS","author":"Staff","date":"octubre 21, 2020","format":false,"excerpt":"La Fiscal\u00eda General de la Rep\u00fablica (FGR), a trav\u00e9s de la Subprocuradur\u00eda Especializada en Investigaci\u00f3n de Delincuencia Organizada (SEIDO), obtuvo vinculaci\u00f3n a proceso en contra de dos personas por su probable responsabilidad en el delito de Operaciones con Recursos de Procedencia Il\u00edcita. La investigaci\u00f3n comenz\u00f3 el pasado 07 de octubre,\u2026","rel":"","context":"En \u00abFeatured\u00bb","block_context":{"text":"Featured","link":"https:\/\/mexicocodigorojo.com.mx\/?cat=1724"},"img":{"alt_text":"","src":"https:\/\/i0.wp.com\/mexicocodigorojo.com.mx\/wp-content\/uploads\/2020\/10\/122064127_178748890400640_621407141742578720_o.jpg?fit=1160%2C744&ssl=1&resize=350%2C200","width":350,"height":200,"srcset":"https:\/\/i0.wp.com\/mexicocodigorojo.com.mx\/wp-content\/uploads\/2020\/10\/122064127_178748890400640_621407141742578720_o.jpg?fit=1160%2C744&ssl=1&resize=350%2C200 1x, https:\/\/i0.wp.com\/mexicocodigorojo.com.mx\/wp-content\/uploads\/2020\/10\/122064127_178748890400640_621407141742578720_o.jpg?fit=1160%2C744&ssl=1&resize=525%2C300 1.5x, https:\/\/i0.wp.com\/mexicocodigorojo.com.mx\/wp-content\/uploads\/2020\/10\/122064127_178748890400640_621407141742578720_o.jpg?fit=1160%2C744&ssl=1&resize=700%2C400 2x, https:\/\/i0.wp.com\/mexicocodigorojo.com.mx\/wp-content\/uploads\/2020\/10\/122064127_178748890400640_621407141742578720_o.jpg?fit=1160%2C744&ssl=1&resize=1050%2C600 3x"},"classes":[]},{"id":15823,"url":"https:\/\/mexicocodigorojo.com.mx\/?p=15823","url_meta":{"origin":65194,"position":3},"title":"Mantiene FGR abierta investigaci\u00f3n contra empresario Rigoberto Ramos","author":"Staff","date":"marzo 29, 2019","format":false,"excerpt":"Descubren almacenamiento y venta de hidrocarburo robado en estaciones de su propiedad que despu\u00e9s vendi\u00f3. Cd. de M\u00e9xico. - La Fiscal\u00eda General de la Rep\u00fablica mantiene bajo investigaci\u00f3n al empresario gasolinero reynosense, Rigoberto Ramos Ord\u00f3\u00f1ez, por la venta de combustible robado en gasolineras que pertenec\u00edan a su familia y donde\u2026","rel":"","context":"En \u00abTamaulipas\u00bb","block_context":{"text":"Tamaulipas","link":"https:\/\/mexicocodigorojo.com.mx\/?cat=2"},"img":{"alt_text":"","src":"https:\/\/i0.wp.com\/mexicocodigorojo.com.mx\/wp-content\/uploads\/2019\/03\/img-20190328-wa00794030260585801084027.jpg?resize=350%2C200&ssl=1","width":350,"height":200,"srcset":"https:\/\/i0.wp.com\/mexicocodigorojo.com.mx\/wp-content\/uploads\/2019\/03\/img-20190328-wa00794030260585801084027.jpg?resize=350%2C200&ssl=1 1x, https:\/\/i0.wp.com\/mexicocodigorojo.com.mx\/wp-content\/uploads\/2019\/03\/img-20190328-wa00794030260585801084027.jpg?resize=525%2C300&ssl=1 1.5x, https:\/\/i0.wp.com\/mexicocodigorojo.com.mx\/wp-content\/uploads\/2019\/03\/img-20190328-wa00794030260585801084027.jpg?resize=700%2C400&ssl=1 2x"},"classes":[]},{"id":58349,"url":"https:\/\/mexicocodigorojo.com.mx\/?p=58349","url_meta":{"origin":65194,"position":4},"title":"Va FGR tras alcalde ligado a huachicolero; ahora por amenazas","author":"MexicoRojoCvmx","date":"noviembre 28, 2023","format":false,"excerpt":"Ciudad de Victoria. - El actual alcalde de Victoria, Eduardo Gattas Baez, est\u00e1 bajo investigaci\u00f3n de la Fiscal\u00eda Especial para la Atenci\u00f3n de Delitos cometidos contra la Libertad de Expresi\u00f3n (Feadle) FGR, tras ser denunciado por 11 periodistas tamaulipecos por una serie de delitos que van desde amenazas hasta ataques\u2026","rel":"","context":"En \u00abFeatured\u00bb","block_context":{"text":"Featured","link":"https:\/\/mexicocodigorojo.com.mx\/?cat=1724"},"img":{"alt_text":"","src":"https:\/\/i0.wp.com\/mexicocodigorojo.com.mx\/wp-content\/uploads\/2023\/11\/Gattasdenunciado.jpg?fit=1100%2C666&ssl=1&resize=350%2C200","width":350,"height":200,"srcset":"https:\/\/i0.wp.com\/mexicocodigorojo.com.mx\/wp-content\/uploads\/2023\/11\/Gattasdenunciado.jpg?fit=1100%2C666&ssl=1&resize=350%2C200 1x, https:\/\/i0.wp.com\/mexicocodigorojo.com.mx\/wp-content\/uploads\/2023\/11\/Gattasdenunciado.jpg?fit=1100%2C666&ssl=1&resize=525%2C300 1.5x, https:\/\/i0.wp.com\/mexicocodigorojo.com.mx\/wp-content\/uploads\/2023\/11\/Gattasdenunciado.jpg?fit=1100%2C666&ssl=1&resize=700%2C400 2x, https:\/\/i0.wp.com\/mexicocodigorojo.com.mx\/wp-content\/uploads\/2023\/11\/Gattasdenunciado.jpg?fit=1100%2C666&ssl=1&resize=1050%2C600 3x"},"classes":[]},{"id":43053,"url":"https:\/\/mexicocodigorojo.com.mx\/?p=43053","url_meta":{"origin":65194,"position":5},"title":"A proceso dos hombres por aterrizar aeronave con coca\u00edna en Chiapas","author":"Staff","date":"septiembre 10, 2020","format":false,"excerpt":"Luego de aterrizar un avi\u00f3n peque\u00f1o con m\u00e1s una tonelada de coca\u00edna en Chiapas dos hombres fueron vinculados a proceso e ingresados al penal 'El Amate' Dos hombres fueron\u00a0vinculados a proceso\u00a0por delitos contra la salud, en su modalidad de transporte de estupefaciente, y uso de instalaciones a\u00e9reas sin autorizaci\u00f3n para\u2026","rel":"","context":"En \u00abFeatured\u00bb","block_context":{"text":"Featured","link":"https:\/\/mexicocodigorojo.com.mx\/?cat=1724"},"img":{"alt_text":"","src":"https:\/\/i0.wp.com\/mexicocodigorojo.com.mx\/wp-content\/uploads\/2020\/09\/avion-pequeno-con-mil-207-kg-de-cocaina-aterrizado-en-chiapas.jpg?fit=980%2C550&ssl=1&resize=350%2C200","width":350,"height":200,"srcset":"https:\/\/i0.wp.com\/mexicocodigorojo.com.mx\/wp-content\/uploads\/2020\/09\/avion-pequeno-con-mil-207-kg-de-cocaina-aterrizado-en-chiapas.jpg?fit=980%2C550&ssl=1&resize=350%2C200 1x, https:\/\/i0.wp.com\/mexicocodigorojo.com.mx\/wp-content\/uploads\/2020\/09\/avion-pequeno-con-mil-207-kg-de-cocaina-aterrizado-en-chiapas.jpg?fit=980%2C550&ssl=1&resize=525%2C300 1.5x, https:\/\/i0.wp.com\/mexicocodigorojo.com.mx\/wp-content\/uploads\/2020\/09\/avion-pequeno-con-mil-207-kg-de-cocaina-aterrizado-en-chiapas.jpg?fit=980%2C550&ssl=1&resize=700%2C400 2x"},"classes":[]}],"jetpack_sharing_enabled":true,"jetpack_likes_enabled":true,"jetpack_shortlink":"https:\/\/wp.me\/p9TedA-gXw","_links":{"self":[{"href":"https:\/\/mexicocodigorojo.com.mx\/index.php?rest_route=\/wp\/v2\/posts\/65194","targetHints":{"allow":["GET"]}}],"collection":[{"href":"https:\/\/mexicocodigorojo.com.mx\/index.php?rest_route=\/wp\/v2\/posts"}],"about":[{"href":"https:\/\/mexicocodigorojo.com.mx\/index.php?rest_route=\/wp\/v2\/types\/post"}],"author":[{"embeddable":true,"href":"https:\/\/mexicocodigorojo.com.mx\/index.php?rest_route=\/wp\/v2\/users\/5"}],"replies":[{"embeddable":true,"href":"https:\/\/mexicocodigorojo.com.mx\/index.php?rest_route=%2Fwp%2Fv2%2Fcomments&post=65194"}],"version-history":[{"count":0,"href":"https:\/\/mexicocodigorojo.com.mx\/index.php?rest_route=\/wp\/v2\/posts\/65194\/revisions"}],"wp:featuredmedia":[{"embeddable":true,"href":"https:\/\/mexicocodigorojo.com.mx\/index.php?rest_route=\/wp\/v2\/media\/65193"}],"wp:attachment":[{"href":"https:\/\/mexicocodigorojo.com.mx\/index.php?rest_route=%2Fwp%2Fv2%2Fmedia&parent=65194"}],"wp:term":[{"taxonomy":"category","embeddable":true,"href":"https:\/\/mexicocodigorojo.com.mx\/index.php?rest_route=%2Fwp%2Fv2%2Fcategories&post=65194"},{"taxonomy":"post_tag","embeddable":true,"href":"https:\/\/mexicocodigorojo.com.mx\/index.php?rest_route=%2Fwp%2Fv2%2Ftags&post=65194"}],"curies":[{"name":"wp","href":"https:\/\/api.w.org\/{rel}","templated":true}]}}