{"id":65192,"date":"2026-04-28T06:21:23","date_gmt":"2026-04-28T12:21:23","guid":{"rendered":"https:\/\/mexicocodigorojo.com.mx\/?p=65192"},"modified":"2026-04-28T06:21:23","modified_gmt":"2026-04-28T12:21:23","slug":"violencia-en-culiacan-cuatro-mujeres-asesinadas-en-ataque-directo-cerca-del-mercado-rafael-buelna","status":"publish","type":"post","link":"https:\/\/mexicocodigorojo.com.mx\/?p=65192","title":{"rendered":"Violencia en Culiac\u00e1n: Cuatro mujeres asesinadas en ataque directo cerca del Mercado Rafael Buelna"},"content":{"rendered":"\n<p class=\"p1\">La noche del lunes 27 de abril, un hecho violento sacudi\u00f3 el sector centro de Culiac\u00e1n, dejando un saldo de cuatro mujeres muertas. El ataque ocurri\u00f3 minutos antes de las 20:00 horas sobre la calle Miguel Hidalgo, en las inmediaciones del Mercado Rafael Buelna.<\/p>\n\n\n\n<p class=\"p3\">Reportes preliminares indican que entre las personas fallecidas se encontraban una madre y su hija:<\/p>\n\n\n\n<p class=\"p4\">\u2022 Karely \u201cN\u201d, de 41 a\u00f1os.<\/p>\n\n\n\n<p class=\"p4\">\u2022 Itzel \u201cN\u201d, de 22 a\u00f1os.<\/p>\n\n\n\n<p class=\"p2\">Asimismo, se identific\u00f3 a las otras dos v\u00edctimas como:<\/p>\n\n\n\n<p class=\"p4\">\u2022 Sara Elizabeth \u201cN\u201d, de 30 a\u00f1os.<\/p>\n\n\n\n<p class=\"p4\">\u2022 Teresa \u201cN\u201d, de 35 a\u00f1os.<\/p>\n\n\n\n<p class=\"p3\">De acuerdo con los primeros informes, dos de las v\u00edctimas fueron localizadas en el interior de una camioneta, mientras que los cuerpos de las otras dos mujeres quedaron sobre la banqueta. Al lugar arribaron elementos del Ej\u00e9rcito Mexicano y de la Polic\u00eda Municipal, quienes procedieron al acordonamiento del \u00e1rea para preservar la escena del crimen.<\/p>\n","protected":false},"excerpt":{"rendered":"<p>La noche del lunes 27 de abril, un hecho violento sacudi\u00f3 el sector centro de Culiac\u00e1n, dejando un saldo de cuatro mujeres muertas. El ataque ocurri\u00f3 minutos antes de las 20:00 horas sobre la calle Miguel Hidalgo, en las inmediaciones del Mercado Rafael Buelna. Reportes preliminares indican que entre las personas fallecidas se encontraban una [&hellip;]<\/p>\n","protected":false},"author":5,"featured_media":65191,"comment_status":"open","ping_status":"open","sticky":false,"template":"","format":"standard","meta":{"_uf_show_specific_survey":0,"_uf_disable_surveys":false,"advanced_seo_description":"","jetpack_seo_html_title":"","jetpack_seo_noindex":false,"jetpack_post_was_ever_published":false,"_jetpack_newsletter_access":"","_jetpack_dont_email_post_to_subs":false,"_jetpack_newsletter_tier_id":0,"_jetpack_memberships_contains_paywalled_content":false,"_jetpack_memberships_contains_paid_content":false,"footnotes":"","jetpack_publicize_message":"Violencia en Culiac\u00e1n: Cuatro mujeres asesinadas en ataque directo cerca del Mercado Rafael Buelna","jetpack_publicize_feature_enabled":true,"jetpack_social_post_already_shared":true,"jetpack_social_options":{"image_generator_settings":{"template":"highway","default_image_id":0,"font":"","enabled":false},"version":2}},"categories":[1724,41],"tags":[2612],"class_list":{"0":"post-65192","1":"post","2":"type-post","3":"status-publish","4":"format-standard","5":"has-post-thumbnail","7":"category-featured","8":"category-sinaloa","9":"tag-culiacan-seguridadsinaloa-notaroja-fiscaliasinaloa-culiacanseguro"},"jetpack_publicize_connections":[],"jetpack_featured_media_url":"https:\/\/i0.wp.com\/mexicocodigorojo.com.mx\/wp-content\/uploads\/2026\/04\/img_4927.jpg?fit=960%2C608&ssl=1","jetpack-related-posts":[{"id":45517,"url":"https:\/\/mexicocodigorojo.com.mx\/?p=45517","url_meta":{"origin":65192,"position":0},"title":"GRUPO \u00c9LITE DE LA POLIC\u00cdA ESTATAL DETIENE A UNA PERSONA ARMADA CON VEH\u00cdCULO ROBADO EN CULIACAN","author":"Staff","date":"noviembre 30, 2020","format":false,"excerpt":"Grupo \u00c9lite de la PEP asegura a civil, armas y veh\u00edculo robado \u2022 Los hechos tuvieron lugar en la colonia Rafael Buelna de Culiac\u00e1n Culiac\u00e1n, Sinaloa, 30 de noviembre de 2020.- Durante operativo de reconocimiento, elementos de la Polic\u00eda Estatal del Grupo \u00c9lite, aseguraron a una persona, armas de fuego\u2026","rel":"","context":"En \u00abFeatured\u00bb","block_context":{"text":"Featured","link":"https:\/\/mexicocodigorojo.com.mx\/?cat=1724"},"img":{"alt_text":"","src":"https:\/\/i0.wp.com\/mexicocodigorojo.com.mx\/wp-content\/uploads\/2020\/11\/127971370_180420433761798_9714073110786502_n.jpg?fit=466%2C600&ssl=1&resize=350%2C200","width":350,"height":200},"classes":[]},{"id":63880,"url":"https:\/\/mexicocodigorojo.com.mx\/?p=63880","url_meta":{"origin":65192,"position":1},"title":"Tragedia en Culiac\u00e1n: Ataque en Autolavado Deja Dos Muertos y un Menor Herido","author":"MexicoRojoCvmx","date":"febrero 25, 2025","format":false,"excerpt":"La violencia ha tocado nuevamente las puertas de Culiac\u00e1n, Sinaloa, esta vez con un saldo tr\u00e1gico de dos personas fallecidas y un menor herido en un ataque armado en un autolavado de la colonia Ruiz Cortines. El incidente ocurri\u00f3 cerca de las 13:30 horas del d\u00eda, destacando la vulnerabilidad de\u2026","rel":"","context":"En \u00abFeatured\u00bb","block_context":{"text":"Featured","link":"https:\/\/mexicocodigorojo.com.mx\/?cat=1724"},"img":{"alt_text":"","src":"https:\/\/i0.wp.com\/mexicocodigorojo.com.mx\/wp-content\/uploads\/2025\/02\/Captura-de-pantalla-2025-02-25-055231.png?fit=1181%2C632&ssl=1&resize=350%2C200","width":350,"height":200,"srcset":"https:\/\/i0.wp.com\/mexicocodigorojo.com.mx\/wp-content\/uploads\/2025\/02\/Captura-de-pantalla-2025-02-25-055231.png?fit=1181%2C632&ssl=1&resize=350%2C200 1x, https:\/\/i0.wp.com\/mexicocodigorojo.com.mx\/wp-content\/uploads\/2025\/02\/Captura-de-pantalla-2025-02-25-055231.png?fit=1181%2C632&ssl=1&resize=525%2C300 1.5x, https:\/\/i0.wp.com\/mexicocodigorojo.com.mx\/wp-content\/uploads\/2025\/02\/Captura-de-pantalla-2025-02-25-055231.png?fit=1181%2C632&ssl=1&resize=700%2C400 2x, https:\/\/i0.wp.com\/mexicocodigorojo.com.mx\/wp-content\/uploads\/2025\/02\/Captura-de-pantalla-2025-02-25-055231.png?fit=1181%2C632&ssl=1&resize=1050%2C600 3x"},"classes":[]},{"id":64641,"url":"https:\/\/mexicocodigorojo.com.mx\/?p=64641","url_meta":{"origin":65192,"position":2},"title":"Balacera en el Hospital Civil de Culiac\u00e1n deja tres muertos y un herido","author":"Staff","date":"agosto 30, 2025","format":false,"excerpt":"Culiac\u00e1n, Sin.- Una\u00a0balacera\u00a0registrada la noche de este viernes 29 de agosto en inmediaciones del\u00a0Hospital Civil de Culiac\u00e1n\u00a0dej\u00f3 como saldo preliminar\u00a0tres personas muertas\u00a0por disparos de arma de fuego y varios heridos.\u00a0 De acuerdo a los primeros informes , fue al\u00a0n\u00famero de emergencias\u00a0donde se realiz\u00f3 dio\u00a0aviso de la situaci\u00f3nalrededor de las 7:50\u2026","rel":"","context":"En \u00abFeatured\u00bb","block_context":{"text":"Featured","link":"https:\/\/mexicocodigorojo.com.mx\/?cat=1724"},"img":{"alt_text":"","src":"https:\/\/i0.wp.com\/mexicocodigorojo.com.mx\/wp-content\/uploads\/2025\/08\/img_5588.jpg?fit=1200%2C800&ssl=1&resize=350%2C200","width":350,"height":200,"srcset":"https:\/\/i0.wp.com\/mexicocodigorojo.com.mx\/wp-content\/uploads\/2025\/08\/img_5588.jpg?fit=1200%2C800&ssl=1&resize=350%2C200 1x, https:\/\/i0.wp.com\/mexicocodigorojo.com.mx\/wp-content\/uploads\/2025\/08\/img_5588.jpg?fit=1200%2C800&ssl=1&resize=525%2C300 1.5x, https:\/\/i0.wp.com\/mexicocodigorojo.com.mx\/wp-content\/uploads\/2025\/08\/img_5588.jpg?fit=1200%2C800&ssl=1&resize=700%2C400 2x, https:\/\/i0.wp.com\/mexicocodigorojo.com.mx\/wp-content\/uploads\/2025\/08\/img_5588.jpg?fit=1200%2C800&ssl=1&resize=1050%2C600 3x"},"classes":[]},{"id":7493,"url":"https:\/\/mexicocodigorojo.com.mx\/?p=7493","url_meta":{"origin":65192,"position":3},"title":"El exdiputado de Cajeme Rafael Buelna es hospitalizado tras ser baleado","author":"Staff","date":"octubre 28, 2018","format":false,"excerpt":"Ciudad Obreg\u00f3n, Sonora.-\u00a0Rafael Buelna\u00a0fue trasladado herido de bala a una\u00a0cl\u00ednica privada\u00a0de Ciudad Obreg\u00f3n desde\u00a0Tesopaco, en donde sufri\u00f3 un atentando en su contra intentando as\u00ed arrebatarle la vida. El exdiputado de Cajeme\u00a0fue llevado de emergencia desde la serran\u00eda sonorense en una\u00a0camioneta blanca particular, siendo escoltado por autoridades municipales hasta llegar al\u00a0Hospital\u2026","rel":"","context":"En \u00abSonora\u00bb","block_context":{"text":"Sonora","link":"https:\/\/mexicocodigorojo.com.mx\/?cat=115"},"img":{"alt_text":"","src":"https:\/\/i0.wp.com\/mexicocodigorojo.com.mx\/wp-content\/uploads\/2018\/10\/buelna_2.jpg_1619830263.jpg?fit=1069%2C563&ssl=1&resize=350%2C200","width":350,"height":200,"srcset":"https:\/\/i0.wp.com\/mexicocodigorojo.com.mx\/wp-content\/uploads\/2018\/10\/buelna_2.jpg_1619830263.jpg?fit=1069%2C563&ssl=1&resize=350%2C200 1x, https:\/\/i0.wp.com\/mexicocodigorojo.com.mx\/wp-content\/uploads\/2018\/10\/buelna_2.jpg_1619830263.jpg?fit=1069%2C563&ssl=1&resize=525%2C300 1.5x, https:\/\/i0.wp.com\/mexicocodigorojo.com.mx\/wp-content\/uploads\/2018\/10\/buelna_2.jpg_1619830263.jpg?fit=1069%2C563&ssl=1&resize=700%2C400 2x, https:\/\/i0.wp.com\/mexicocodigorojo.com.mx\/wp-content\/uploads\/2018\/10\/buelna_2.jpg_1619830263.jpg?fit=1069%2C563&ssl=1&resize=1050%2C600 3x"},"classes":[]},{"id":64082,"url":"https:\/\/mexicocodigorojo.com.mx\/?p=64082","url_meta":{"origin":65192,"position":4},"title":"Matan a 9 en centro de rehabilitaci\u00f3n de Culiac\u00e1n; hay 5 heridos y 3 casas baleadas","author":"MexicoRojoCvmx","date":"abril 7, 2025","format":false,"excerpt":"CULIAC\u00c1N, SIN.- En un hecho que vuelve a encender las alarmas sobre la violencia y la impunidad en Sinaloa, un centro de rehabilitaci\u00f3n fue atacado por un grupo armado la madrugada de este lunes en el fraccionamiento Colinas de San Miguel, dejando un saldo de nueve personas muertas y cinco\u2026","rel":"","context":"En \u00abFeatured\u00bb","block_context":{"text":"Featured","link":"https:\/\/mexicocodigorojo.com.mx\/?cat=1724"},"img":{"alt_text":"","src":"https:\/\/i0.wp.com\/mexicocodigorojo.com.mx\/wp-content\/uploads\/2025\/04\/Captura-de-pantalla-2025-04-07-170019.jpg?fit=588%2C361&ssl=1&resize=350%2C200","width":350,"height":200,"srcset":"https:\/\/i0.wp.com\/mexicocodigorojo.com.mx\/wp-content\/uploads\/2025\/04\/Captura-de-pantalla-2025-04-07-170019.jpg?fit=588%2C361&ssl=1&resize=350%2C200 1x, https:\/\/i0.wp.com\/mexicocodigorojo.com.mx\/wp-content\/uploads\/2025\/04\/Captura-de-pantalla-2025-04-07-170019.jpg?fit=588%2C361&ssl=1&resize=525%2C300 1.5x"},"classes":[]},{"id":25648,"url":"https:\/\/mexicocodigorojo.com.mx\/?p=25648","url_meta":{"origin":65192,"position":5},"title":"Dan a conocer nombres de los reos que se fugaron del penal de Culiac\u00e1n","author":"Staff","date":"octubre 18, 2019","format":false,"excerpt":"Lista de nombres completos de los reos que escaparon del penal de Aguaruto, Culiac\u00e1n Culiac\u00e1n, Sinaloa.- Dan a conocer los nombre de los reos que se fugaron del penal de Aguaruto, Culiac\u00e1n, durante las balaceras que ocurrieron por la\u00a0fallida captura de Ovidio\u00a0Guzm\u00e1n. De acuerdo a la informaci\u00f3n dada a conocer\u2026","rel":"","context":"En \u00abSinaloa\u00bb","block_context":{"text":"Sinaloa","link":"https:\/\/mexicocodigorojo.com.mx\/?cat=41"},"img":{"alt_text":"","src":"https:\/\/i0.wp.com\/mexicocodigorojo.com.mx\/wp-content\/uploads\/2019\/10\/f373754cfaf6655e4f5eb490a323f89a_L.jpg?fit=1010%2C524&ssl=1&resize=350%2C200","width":350,"height":200,"srcset":"https:\/\/i0.wp.com\/mexicocodigorojo.com.mx\/wp-content\/uploads\/2019\/10\/f373754cfaf6655e4f5eb490a323f89a_L.jpg?fit=1010%2C524&ssl=1&resize=350%2C200 1x, https:\/\/i0.wp.com\/mexicocodigorojo.com.mx\/wp-content\/uploads\/2019\/10\/f373754cfaf6655e4f5eb490a323f89a_L.jpg?fit=1010%2C524&ssl=1&resize=525%2C300 1.5x, https:\/\/i0.wp.com\/mexicocodigorojo.com.mx\/wp-content\/uploads\/2019\/10\/f373754cfaf6655e4f5eb490a323f89a_L.jpg?fit=1010%2C524&ssl=1&resize=700%2C400 2x"},"classes":[]}],"jetpack_sharing_enabled":true,"jetpack_likes_enabled":true,"jetpack_shortlink":"https:\/\/wp.me\/p9TedA-gXu","_links":{"self":[{"href":"https:\/\/mexicocodigorojo.com.mx\/index.php?rest_route=\/wp\/v2\/posts\/65192","targetHints":{"allow":["GET"]}}],"collection":[{"href":"https:\/\/mexicocodigorojo.com.mx\/index.php?rest_route=\/wp\/v2\/posts"}],"about":[{"href":"https:\/\/mexicocodigorojo.com.mx\/index.php?rest_route=\/wp\/v2\/types\/post"}],"author":[{"embeddable":true,"href":"https:\/\/mexicocodigorojo.com.mx\/index.php?rest_route=\/wp\/v2\/users\/5"}],"replies":[{"embeddable":true,"href":"https:\/\/mexicocodigorojo.com.mx\/index.php?rest_route=%2Fwp%2Fv2%2Fcomments&post=65192"}],"version-history":[{"count":0,"href":"https:\/\/mexicocodigorojo.com.mx\/index.php?rest_route=\/wp\/v2\/posts\/65192\/revisions"}],"wp:featuredmedia":[{"embeddable":true,"href":"https:\/\/mexicocodigorojo.com.mx\/index.php?rest_route=\/wp\/v2\/media\/65191"}],"wp:attachment":[{"href":"https:\/\/mexicocodigorojo.com.mx\/index.php?rest_route=%2Fwp%2Fv2%2Fmedia&parent=65192"}],"wp:term":[{"taxonomy":"category","embeddable":true,"href":"https:\/\/mexicocodigorojo.com.mx\/index.php?rest_route=%2Fwp%2Fv2%2Fcategories&post=65192"},{"taxonomy":"post_tag","embeddable":true,"href":"https:\/\/mexicocodigorojo.com.mx\/index.php?rest_route=%2Fwp%2Fv2%2Ftags&post=65192"}],"curies":[{"name":"wp","href":"https:\/\/api.w.org\/{rel}","templated":true}]}}