{"id":65190,"date":"2026-04-27T14:37:52","date_gmt":"2026-04-27T20:37:52","guid":{"rendered":"https:\/\/mexicocodigorojo.com.mx\/?p=65190"},"modified":"2026-04-27T14:37:52","modified_gmt":"2026-04-27T20:37:52","slug":"detienen-en-nayarit-a-audias-flores-silva-alias-el-jardinero","status":"publish","type":"post","link":"https:\/\/mexicocodigorojo.com.mx\/?p=65190","title":{"rendered":"Detienen en Nayarit a Audias Flores Silva, alias \u201cEl Jardinero\u201d"},"content":{"rendered":"\n<p class=\"p1\">En una operaci\u00f3n estrat\u00e9gica de alta precisi\u00f3n, elementos de las Fuerzas Especiales de la Secretar\u00eda de Marina (SEMAR) lograron la captura de Audias Flores Silva, mejor conocido como \u201cEl Jardinero\u201d, en el estado de Nayarit.<\/p>\n\n\n\n<p class=\"p2\">Detalles de la Operaci\u00f3n<\/p>\n\n\n\n<p class=\"p1\">La detenci\u00f3n fue el resultado de una intervenci\u00f3n planeada, desarrollada y ejecutada \u00edntegramente por la Armada de M\u00e9xico. Este golpe representa un avance significativo en las tareas de seguridad nacional y justicia.<\/p>\n\n\n\n<p class=\"p2\">Situaci\u00f3n Jur\u00eddica y Recompensa<\/p>\n\n\n\n<p class=\"p1\">Flores Silva enfrenta un complejo panorama legal tanto en territorio nacional como en el extranjero:<\/p>\n\n\n\n<p class=\"p3\">\u2022 En M\u00e9xico: Cuenta con una orden de aprehensi\u00f3n vigente.<\/p>\n\n\n\n<p class=\"p3\">\u2022 En Estados Unidos: Es requerido por las autoridades con fines de extradici\u00f3n.<\/p>\n\n\n\n<p class=\"p3\">\u2022 Recompensa: El gobierno estadounidense ofrec\u00eda una suma de hasta 5 millones de d\u00f3lares por informaci\u00f3n que condujera a su captura.<\/p>\n\n\n\n<p class=\"p2\">Reconocimiento Institucional<\/p>\n\n\n\n<p class=\"p1\">Tras el \u00e9xito de la misi\u00f3n, se extiende un profundo reconocimiento a las mujeres y hombres que integran la Secretar\u00eda de Marina. Su valent\u00eda, disciplina y compromiso inquebrantable han sido piezas fundamentales para el cumplimiento de este objetivo<\/p>\n","protected":false},"excerpt":{"rendered":"<p>En una operaci\u00f3n estrat\u00e9gica de alta precisi\u00f3n, elementos de las Fuerzas Especiales de la Secretar\u00eda de Marina (SEMAR) lograron la captura de Audias Flores Silva, mejor conocido como \u201cEl Jardinero\u201d, en el estado de Nayarit. Detalles de la Operaci\u00f3n La detenci\u00f3n fue el resultado de una intervenci\u00f3n planeada, desarrollada y ejecutada \u00edntegramente por la Armada [&hellip;]<\/p>\n","protected":false},"author":5,"featured_media":65189,"comment_status":"open","ping_status":"open","sticky":false,"template":"","format":"standard","meta":{"_uf_show_specific_survey":0,"_uf_disable_surveys":false,"advanced_seo_description":"","jetpack_seo_html_title":"","jetpack_seo_noindex":false,"jetpack_post_was_ever_published":false,"_jetpack_newsletter_access":"","_jetpack_dont_email_post_to_subs":false,"_jetpack_newsletter_tier_id":0,"_jetpack_memberships_contains_paywalled_content":false,"_jetpack_memberships_contains_paid_content":false,"footnotes":"","jetpack_publicize_message":"Detienen en Nayarit a Audias Flores Silva, alias \u201cEl Jardinero\u201d","jetpack_publicize_feature_enabled":true,"jetpack_social_post_already_shared":true,"jetpack_social_options":{"image_generator_settings":{"template":"highway","default_image_id":0,"font":"","enabled":false},"version":2}},"categories":[1724,247],"tags":[2609,2611,73,2608,2610,91],"class_list":{"0":"post-65190","1":"post","2":"type-post","3":"status-publish","4":"format-standard","5":"has-post-thumbnail","7":"category-featured","8":"category-nayarit","9":"tag-audias-flores-silva","10":"tag-el-jardinero","11":"tag-extradicion","12":"tag-fuerzas-especiales","13":"tag-nayarit","14":"tag-semar"},"jetpack_publicize_connections":[],"jetpack_featured_media_url":"https:\/\/i0.wp.com\/mexicocodigorojo.com.mx\/wp-content\/uploads\/2026\/04\/img_4882.jpg?fit=981%2C1065&ssl=1","jetpack-related-posts":[{"id":58194,"url":"https:\/\/mexicocodigorojo.com.mx\/?p=58194","url_meta":{"origin":65190,"position":0},"title":"VIDEO DE LAS FUERZAS ESPECIALES LIMONES DEL CJNG HACIENDO T\u00c1CTICAS MILITARES PARA COMBATIR EN MICHOACAN A LOS CONTRAS","author":"MexicoRojo","date":"noviembre 18, 2023","format":false,"excerpt":"Captan a integrantes de las Fuerzas Especiales Limones del CJNG haciendo t\u00e1cticas militares Este brazo armado ser\u00eda el encargado de combatir a Miguel \u00c1ngel Gallegos Godoy, alias El Migueladas, dirigente de autodefensas y l\u00edder del llamado C\u00e1rtel de la Huacana en Michoac\u00e1n \u00a0 Un nuevo brazo armado del CJNG presume\u2026","rel":"","context":"En \u00abFeatured\u00bb","block_context":{"text":"Featured","link":"https:\/\/mexicocodigorojo.com.mx\/?cat=1724"},"img":{"alt_text":"","src":"https:\/\/i0.wp.com\/mexicocodigorojo.com.mx\/wp-content\/uploads\/2023\/11\/Screenshot_20231118-115734_Facebook.jpg?fit=720%2C406&ssl=1&resize=350%2C200","width":350,"height":200,"srcset":"https:\/\/i0.wp.com\/mexicocodigorojo.com.mx\/wp-content\/uploads\/2023\/11\/Screenshot_20231118-115734_Facebook.jpg?fit=720%2C406&ssl=1&resize=350%2C200 1x, https:\/\/i0.wp.com\/mexicocodigorojo.com.mx\/wp-content\/uploads\/2023\/11\/Screenshot_20231118-115734_Facebook.jpg?fit=720%2C406&ssl=1&resize=525%2C300 1.5x, https:\/\/i0.wp.com\/mexicocodigorojo.com.mx\/wp-content\/uploads\/2023\/11\/Screenshot_20231118-115734_Facebook.jpg?fit=720%2C406&ssl=1&resize=700%2C400 2x"},"classes":[]},{"id":63272,"url":"https:\/\/mexicocodigorojo.com.mx\/?p=63272","url_meta":{"origin":65190,"position":1},"title":"EU sanciona a los \u2018Hermanos Bonques\u2019, ligados al &#8216;CJNG&#8217;","author":"Staff","date":"noviembre 20, 2024","format":false,"excerpt":"El Departamento del Tesoro de los Estados Unidos, a trav\u00e9s de la Oficina de Control de Activos Extranjeros (OFAC, por sus siglas en ingl\u00e9s), sancion\u00f3, el 19 de noviembre de 2024, una red de nueve personas de origen mexicano, involucradas en el tr\u00e1fico de fentanilo, hero\u00edna y otras drogas mortales,\u2026","rel":"","context":"En \u00abFeatured\u00bb","block_context":{"text":"Featured","link":"https:\/\/mexicocodigorojo.com.mx\/?cat=1724"},"img":{"alt_text":"","src":"https:\/\/i0.wp.com\/mexicocodigorojo.com.mx\/wp-content\/uploads\/2024\/11\/Captura-de-pantalla-2024-11-19-142318.png?fit=1192%2C784&ssl=1&resize=350%2C200","width":350,"height":200,"srcset":"https:\/\/i0.wp.com\/mexicocodigorojo.com.mx\/wp-content\/uploads\/2024\/11\/Captura-de-pantalla-2024-11-19-142318.png?fit=1192%2C784&ssl=1&resize=350%2C200 1x, https:\/\/i0.wp.com\/mexicocodigorojo.com.mx\/wp-content\/uploads\/2024\/11\/Captura-de-pantalla-2024-11-19-142318.png?fit=1192%2C784&ssl=1&resize=525%2C300 1.5x, https:\/\/i0.wp.com\/mexicocodigorojo.com.mx\/wp-content\/uploads\/2024\/11\/Captura-de-pantalla-2024-11-19-142318.png?fit=1192%2C784&ssl=1&resize=700%2C400 2x, https:\/\/i0.wp.com\/mexicocodigorojo.com.mx\/wp-content\/uploads\/2024\/11\/Captura-de-pantalla-2024-11-19-142318.png?fit=1192%2C784&ssl=1&resize=1050%2C600 3x"},"classes":[]},{"id":63068,"url":"https:\/\/mexicocodigorojo.com.mx\/?p=63068","url_meta":{"origin":65190,"position":2},"title":"El sacrificio que Jes\u00fas Alfredo Guzm\u00e1n Salazar tuvo que hacer para sellar la alianza entre Los Chapitos y el CJNG","author":"Staff","date":"octubre 16, 2024","format":false,"excerpt":"Una alianza de gran relevancia entre\u00a0Los Chapitos\u00a0y el C\u00e1rtel Jalisco Nueva Generaci\u00f3n (CJNG) se consolid\u00f3 recientemente en una reuni\u00f3n secreta llevada a cabo en un rancho ubicado en Pachecos, Nayarit. Este encuentro marca un punto de inflexi\u00f3n en la lucha de poder contra un enemigo com\u00fan: La Mayiza, actualmente liderada\u2026","rel":"","context":"En \u00abFeatured\u00bb","block_context":{"text":"Featured","link":"https:\/\/mexicocodigorojo.com.mx\/?cat=1724"},"img":{"alt_text":"","src":"https:\/\/i0.wp.com\/mexicocodigorojo.com.mx\/wp-content\/uploads\/2024\/10\/img_8068-1.jpg?fit=768%2C432&ssl=1&resize=350%2C200","width":350,"height":200,"srcset":"https:\/\/i0.wp.com\/mexicocodigorojo.com.mx\/wp-content\/uploads\/2024\/10\/img_8068-1.jpg?fit=768%2C432&ssl=1&resize=350%2C200 1x, https:\/\/i0.wp.com\/mexicocodigorojo.com.mx\/wp-content\/uploads\/2024\/10\/img_8068-1.jpg?fit=768%2C432&ssl=1&resize=525%2C300 1.5x, https:\/\/i0.wp.com\/mexicocodigorojo.com.mx\/wp-content\/uploads\/2024\/10\/img_8068-1.jpg?fit=768%2C432&ssl=1&resize=700%2C400 2x"},"classes":[]},{"id":55243,"url":"https:\/\/mexicocodigorojo.com.mx\/?p=55243","url_meta":{"origin":65190,"position":3},"title":"La red de &#8216;El Mencho&#8217; en el C\u00e1rtel de Jalisco Nueva Generaci\u00f3n","author":"Staff","date":"enero 10, 2023","format":false,"excerpt":"\u201cEl Mencho\u201d sigue contando con su esposa Rosalinda Gonz\u00e1lez Valencia \u2013quien actualmente est\u00e1 presa en el Penal Femenil de Morelos, acusada de lavado de dinero\u2013. Sin embargo, se identifica como la pareja actual del capo a Guadalupe Moreno Carrillo. Dentro de su primer c\u00edrculo tambi\u00e9n est\u00e1n dos de los hermanos\u2026","rel":"","context":"En \u00abFeatured\u00bb","block_context":{"text":"Featured","link":"https:\/\/mexicocodigorojo.com.mx\/?cat=1724"},"img":{"alt_text":"","src":"https:\/\/i0.wp.com\/mexicocodigorojo.com.mx\/wp-content\/uploads\/2023\/01\/OLAZHRRRQRGWFDRVWOACWAT2IY.jpg?fit=1200%2C675&ssl=1&resize=350%2C200","width":350,"height":200,"srcset":"https:\/\/i0.wp.com\/mexicocodigorojo.com.mx\/wp-content\/uploads\/2023\/01\/OLAZHRRRQRGWFDRVWOACWAT2IY.jpg?fit=1200%2C675&ssl=1&resize=350%2C200 1x, https:\/\/i0.wp.com\/mexicocodigorojo.com.mx\/wp-content\/uploads\/2023\/01\/OLAZHRRRQRGWFDRVWOACWAT2IY.jpg?fit=1200%2C675&ssl=1&resize=525%2C300 1.5x, https:\/\/i0.wp.com\/mexicocodigorojo.com.mx\/wp-content\/uploads\/2023\/01\/OLAZHRRRQRGWFDRVWOACWAT2IY.jpg?fit=1200%2C675&ssl=1&resize=700%2C400 2x, https:\/\/i0.wp.com\/mexicocodigorojo.com.mx\/wp-content\/uploads\/2023\/01\/OLAZHRRRQRGWFDRVWOACWAT2IY.jpg?fit=1200%2C675&ssl=1&resize=1050%2C600 3x"},"classes":[]},{"id":56109,"url":"https:\/\/mexicocodigorojo.com.mx\/?p=56109","url_meta":{"origin":65190,"position":4},"title":"SEMAR captura a \u00abPantera\u00bb o \u00abEl 15\u00bb jefe de plaza en Quintana Roo","author":"MexicoRojoCvmx","date":"mayo 15, 2023","format":false,"excerpt":"Ciudad de M\u00e9xico.- Las fuerzas de la Unidad de Operaciones Especiales (UNOPES) de la Armada de M\u00e9xico (Semar), respaldadas por labores de inteligencia, lograron la detenci\u00f3n de H\u00e9ctor El\u00edas Flores Aceves, tambi\u00e9n conocido como \"El 15\", \"Secre\", \"Pantera\" y\/o \"Rey\". Este individuo era el Jefe de Plaza del C\u00e1rtel del\u2026","rel":"","context":"En \u00abFeatured\u00bb","block_context":{"text":"Featured","link":"https:\/\/mexicocodigorojo.com.mx\/?cat=1724"},"img":{"alt_text":"","src":"https:\/\/i0.wp.com\/mexicocodigorojo.com.mx\/wp-content\/uploads\/2023\/05\/detenido.jpg?fit=794%2C463&ssl=1&resize=350%2C200","width":350,"height":200,"srcset":"https:\/\/i0.wp.com\/mexicocodigorojo.com.mx\/wp-content\/uploads\/2023\/05\/detenido.jpg?fit=794%2C463&ssl=1&resize=350%2C200 1x, https:\/\/i0.wp.com\/mexicocodigorojo.com.mx\/wp-content\/uploads\/2023\/05\/detenido.jpg?fit=794%2C463&ssl=1&resize=525%2C300 1.5x, https:\/\/i0.wp.com\/mexicocodigorojo.com.mx\/wp-content\/uploads\/2023\/05\/detenido.jpg?fit=794%2C463&ssl=1&resize=700%2C400 2x"},"classes":[]},{"id":9902,"url":"https:\/\/mexicocodigorojo.com.mx\/?p=9902","url_meta":{"origin":65190,"position":5},"title":"ONU-DH condena asesinato de periodista de Nayarit y la impunidad en casos anteriores","author":"Staff","date":"diciembre 4, 2018","format":false,"excerpt":"CIUDAD DE M\u00c9XICO (apro).- La Oficina de la Alta Comisionada de Naciones Unidas para los Derechos Humanos (ONU-DH) conden\u00f3 el asesinato del periodista Jes\u00fas Alejandro M\u00e1rquez Jim\u00e9nez, con el que suman 11 comunicadores ejecutados en 2018. En un comunicado, la ONU-DH urgi\u00f3 a las autoridades a \u201crealizar una pronta investigaci\u00f3n\u201d\u2026","rel":"","context":"En \u00abNayarit\u00bb","block_context":{"text":"Nayarit","link":"https:\/\/mexicocodigorojo.com.mx\/?cat=247"},"img":{"alt_text":"","src":"https:\/\/i0.wp.com\/mexicocodigorojo.com.mx\/wp-content\/uploads\/2018\/12\/chucho-1078x808-e1543964098568.jpg?fit=552%2C474&ssl=1&resize=350%2C200","width":350,"height":200,"srcset":"https:\/\/i0.wp.com\/mexicocodigorojo.com.mx\/wp-content\/uploads\/2018\/12\/chucho-1078x808-e1543964098568.jpg?fit=552%2C474&ssl=1&resize=350%2C200 1x, https:\/\/i0.wp.com\/mexicocodigorojo.com.mx\/wp-content\/uploads\/2018\/12\/chucho-1078x808-e1543964098568.jpg?fit=552%2C474&ssl=1&resize=525%2C300 1.5x"},"classes":[]}],"jetpack_sharing_enabled":true,"jetpack_likes_enabled":true,"jetpack_shortlink":"https:\/\/wp.me\/p9TedA-gXs","_links":{"self":[{"href":"https:\/\/mexicocodigorojo.com.mx\/index.php?rest_route=\/wp\/v2\/posts\/65190","targetHints":{"allow":["GET"]}}],"collection":[{"href":"https:\/\/mexicocodigorojo.com.mx\/index.php?rest_route=\/wp\/v2\/posts"}],"about":[{"href":"https:\/\/mexicocodigorojo.com.mx\/index.php?rest_route=\/wp\/v2\/types\/post"}],"author":[{"embeddable":true,"href":"https:\/\/mexicocodigorojo.com.mx\/index.php?rest_route=\/wp\/v2\/users\/5"}],"replies":[{"embeddable":true,"href":"https:\/\/mexicocodigorojo.com.mx\/index.php?rest_route=%2Fwp%2Fv2%2Fcomments&post=65190"}],"version-history":[{"count":0,"href":"https:\/\/mexicocodigorojo.com.mx\/index.php?rest_route=\/wp\/v2\/posts\/65190\/revisions"}],"wp:featuredmedia":[{"embeddable":true,"href":"https:\/\/mexicocodigorojo.com.mx\/index.php?rest_route=\/wp\/v2\/media\/65189"}],"wp:attachment":[{"href":"https:\/\/mexicocodigorojo.com.mx\/index.php?rest_route=%2Fwp%2Fv2%2Fmedia&parent=65190"}],"wp:term":[{"taxonomy":"category","embeddable":true,"href":"https:\/\/mexicocodigorojo.com.mx\/index.php?rest_route=%2Fwp%2Fv2%2Fcategories&post=65190"},{"taxonomy":"post_tag","embeddable":true,"href":"https:\/\/mexicocodigorojo.com.mx\/index.php?rest_route=%2Fwp%2Fv2%2Ftags&post=65190"}],"curies":[{"name":"wp","href":"https:\/\/api.w.org\/{rel}","templated":true}]}}