{"id":64993,"date":"2025-12-25T15:48:05","date_gmt":"2025-12-25T21:48:05","guid":{"rendered":"https:\/\/mexicocodigorojo.com.mx\/?p=64993"},"modified":"2025-12-25T15:48:05","modified_gmt":"2025-12-25T21:48:05","slug":"inaugura-oscar-aparicio-programa-reparando-vidas-en-el-cerss-no-14-el-amate","status":"publish","type":"post","link":"https:\/\/mexicocodigorojo.com.mx\/?p=64993","title":{"rendered":"Inaugura \u00d3scar Aparicio programa \u201cReparando Vidas\u201d en el CERSS No. 14 \u201cEl Amate\u201d"},"content":{"rendered":"\n<p class=\"p1\">Cintalapa de Figueroa, Chiapas; 23 de diciembre de 2025. \u2013 Con el objetivo de transformar el sistema penitenciario en un espacio de segundas oportunidades, el secretario de Seguridad del Pueblo, \u00d3scar Alberto Aparicio Avenda\u00f1o, encabez\u00f3 la inauguraci\u00f3n del programa \u201cReparando Vidas\u201d en el Centro Estatal de Reinserci\u00f3n Social de Sentenciados (CERSS) No. 14, conocido como \u201cEl Amate\u201d.<\/p>\n\n\n\n<p class=\"p2\">Esta iniciativa, alineada con el gobierno humanista del gobernador Eduardo Ram\u00edrez Aguilar, busca dignificar la estancia de las personas privadas de la libertad (PPL) a trav\u00e9s del trabajo productivo y la capacitaci\u00f3n t\u00e9cnica.<\/p>\n\n\n\n<p class=\"p3\">Un enfoque humanista y productivo<\/p>\n\n\n\n<p class=\"p1\">El titular de la Secretar\u00eda de Seguridad del Pueblo (SSP) destac\u00f3 que el programa no solo ofrece ocupaci\u00f3n, sino que dota a los internos de herramientas reales para su reintegraci\u00f3n a la sociedad. Los puntos clave del proyecto incluyen:<\/p>\n\n\n\n<p class=\"p4\">\u2022 Capacitaci\u00f3n T\u00e9cnica: Formaci\u00f3n especializada en la reparaci\u00f3n de camas hospitalarias.<\/p>\n\n\n\n<p class=\"p5\">\u2022 Empleo y Dignidad: Creaci\u00f3n de entornos productivos que permiten a las PPL reconstruir su proyecto de vida.<\/p>\n\n\n\n<p class=\"p5\">\u2022 Bienestar Social: Contribuci\u00f3n al sistema de salud mediante la rehabilitaci\u00f3n de equipo m\u00e9dico y fortalecimiento del tejido social.<\/p>\n\n\n\n<p>\u201cImpulsamos un sistema que cree firmemente en las segundas oportunidades, transformando la reclusi\u00f3n en un espacio de aprendizaje y esperanza\u201d, afirm\u00f3 Aparicio Avenda\u00f1o.<\/p>\n\n\n\n<p class=\"p1\">Alianzas para la reinserci\u00f3n<\/p>\n\n\n\n<p class=\"p2\">Por su parte, Justo Rivera Parrasales, director general de Industrias M\u00e9dicas Chiapanecas (Inmech), subray\u00f3 que este programa es el primer paso para establecer una industria penitenciaria s\u00f3lida en el estado, fortaleciendo las pol\u00edticas p\u00fablicas de reinserci\u00f3n social bajo una visi\u00f3n de paz y justicia.<\/p>\n\n\n\n<p class=\"p3\">Autoridades presentes<\/p>\n\n\n\n<p class=\"p2\">En el evento participaron figuras clave del gabinete y del sistema penitenciario, reafirmando el compromiso interinstitucional con la \u00abNueva ERA\u00bb de Chiapas:<\/p>\n\n\n\n<p class=\"p4\">\u2022 Dulce Mar\u00eda Rodr\u00edguez Ovando, secretaria General de Gobierno y Mediaci\u00f3n.<\/p>\n\n\n\n<p class=\"p5\">\u2022 \u00c1lvaro Cuauht\u00e9moc Serrano Escobedo, subsecretario de Seguridad del Pueblo.<\/p>\n\n\n\n<p class=\"p5\">\u2022 Zein Jer\u00f3nimo Gil, subsecretario de Ejecuci\u00f3n de Sanciones Penales.<\/p>\n\n\n\n<p class=\"p5\">\u2022 Dalmacio Becerril Tapia, director del CERSS No. 14.<\/p>\n\n\n\n<p class=\"p6\">Con acciones como \u201cReparando Vidas\u201d, la SSP reafirma su compromiso de convertir los centros de reclusi\u00f3n en centros de formaci\u00f3n de agentes de cambio, priorizando la dignidad humana y el bienestar del pueblo chiapaneco.<\/p>\n","protected":false},"excerpt":{"rendered":"<p>Cintalapa de Figueroa, Chiapas; 23 de diciembre de 2025. \u2013 Con el objetivo de transformar el sistema penitenciario en un espacio de segundas oportunidades, el secretario de Seguridad del Pueblo, \u00d3scar Alberto Aparicio Avenda\u00f1o, encabez\u00f3 la inauguraci\u00f3n del programa \u201cReparando Vidas\u201d en el Centro Estatal de Reinserci\u00f3n Social de Sentenciados (CERSS) No. 14, conocido como [&hellip;]<\/p>\n","protected":false},"author":5,"featured_media":64992,"comment_status":"closed","ping_status":"open","sticky":false,"template":"","format":"standard","meta":{"_uf_show_specific_survey":0,"_uf_disable_surveys":false,"advanced_seo_description":"","jetpack_seo_html_title":"","jetpack_seo_noindex":false,"jetpack_post_was_ever_published":false,"_jetpack_newsletter_access":"","_jetpack_dont_email_post_to_subs":false,"_jetpack_newsletter_tier_id":0,"_jetpack_memberships_contains_paywalled_content":false,"_jetpack_memberships_contains_paid_content":false,"footnotes":"","jetpack_publicize_message":"Inaugura \u00d3scar Aparicio programa \u201cReparando Vidas\u201d en el CERSS No. 14 \u201cEl Amate\u201d","jetpack_publicize_feature_enabled":true,"jetpack_social_post_already_shared":true,"jetpack_social_options":{"image_generator_settings":{"template":"highway","default_image_id":0,"font":"","enabled":false},"version":2}},"categories":[75,1724],"tags":[2596],"class_list":{"0":"post-64993","1":"post","2":"type-post","3":"status-publish","4":"format-standard","5":"has-post-thumbnail","7":"category-chiapas","8":"category-featured","9":"tag-seguridad-2"},"jetpack_publicize_connections":[],"jetpack_featured_media_url":"https:\/\/i0.wp.com\/mexicocodigorojo.com.mx\/wp-content\/uploads\/2025\/12\/8faf6d61-5f6c-419b-85ed-71ff12e93a5d.jpg?fit=1280%2C853&ssl=1","jetpack-related-posts":[{"id":64436,"url":"https:\/\/mexicocodigorojo.com.mx\/?p=64436","url_meta":{"origin":64993,"position":0},"title":"Secretar\u00eda de Seguridad del Pueblo supervisa estrategias operativas para fortalecer la paz en Chiapas","author":"MexicoRojoCvmx","date":"julio 21, 2025","format":false,"excerpt":"Tuxtla Guti\u00e9rrez, Chis., 21 de julio de 2025. \u2013 Con el objetivo de garantizar la paz y reforzar la seguridad durante la temporada vacacional, el titular de la Secretar\u00eda de Seguridad del Pueblo (SSP), \u00d3scar Alberto Aparicio Avenda\u00f1o, encabez\u00f3 una mesa de trabajo de alto nivel para supervisar y perfeccionar\u2026","rel":"","context":"En \u00abChiapas\u00bb","block_context":{"text":"Chiapas","link":"https:\/\/mexicocodigorojo.com.mx\/?cat=75"},"img":{"alt_text":"","src":"https:\/\/i0.wp.com\/mexicocodigorojo.com.mx\/wp-content\/uploads\/2025\/07\/WhatsApp-Image-2025-07-21-at-12.22.56-PM.jpeg?fit=1200%2C967&ssl=1&resize=350%2C200","width":350,"height":200,"srcset":"https:\/\/i0.wp.com\/mexicocodigorojo.com.mx\/wp-content\/uploads\/2025\/07\/WhatsApp-Image-2025-07-21-at-12.22.56-PM.jpeg?fit=1200%2C967&ssl=1&resize=350%2C200 1x, https:\/\/i0.wp.com\/mexicocodigorojo.com.mx\/wp-content\/uploads\/2025\/07\/WhatsApp-Image-2025-07-21-at-12.22.56-PM.jpeg?fit=1200%2C967&ssl=1&resize=525%2C300 1.5x, https:\/\/i0.wp.com\/mexicocodigorojo.com.mx\/wp-content\/uploads\/2025\/07\/WhatsApp-Image-2025-07-21-at-12.22.56-PM.jpeg?fit=1200%2C967&ssl=1&resize=700%2C400 2x, https:\/\/i0.wp.com\/mexicocodigorojo.com.mx\/wp-content\/uploads\/2025\/07\/WhatsApp-Image-2025-07-21-at-12.22.56-PM.jpeg?fit=1200%2C967&ssl=1&resize=1050%2C600 3x"},"classes":[]},{"id":65121,"url":"https:\/\/mexicocodigorojo.com.mx\/?p=65121","url_meta":{"origin":64993,"position":1},"title":"Chiapas se consolida como referente nacional en seguridad bajo el liderazgo de \u00d3scar Alberto Aparicio","author":"Staff","date":"marzo 6, 2026","format":false,"excerpt":"TUXTLA GUTI\u00c9RREZ, CHIAPAS; 04 de marzo de 2026.\u2013 En un ejercicio de transparencia y an\u00e1lisis estrat\u00e9gico, el Secretario de Seguridad del Pueblo, \u00d3scar Alberto Aparicio Avenda\u00f1o, destac\u00f3 que Chiapas hoy se posiciona como un modelo de seguridad a nivel nacional. Durante la presentaci\u00f3n del libro \u201cChiapas en el camino de\u2026","rel":"","context":"En \u00abChiapas\u00bb","block_context":{"text":"Chiapas","link":"https:\/\/mexicocodigorojo.com.mx\/?cat=75"},"img":{"alt_text":"","src":"https:\/\/i0.wp.com\/mexicocodigorojo.com.mx\/wp-content\/uploads\/2026\/03\/62942cf9-49f9-4085-82ce-1e120b77d24e.jpg?fit=1200%2C756&ssl=1&resize=350%2C200","width":350,"height":200,"srcset":"https:\/\/i0.wp.com\/mexicocodigorojo.com.mx\/wp-content\/uploads\/2026\/03\/62942cf9-49f9-4085-82ce-1e120b77d24e.jpg?fit=1200%2C756&ssl=1&resize=350%2C200 1x, https:\/\/i0.wp.com\/mexicocodigorojo.com.mx\/wp-content\/uploads\/2026\/03\/62942cf9-49f9-4085-82ce-1e120b77d24e.jpg?fit=1200%2C756&ssl=1&resize=525%2C300 1.5x, https:\/\/i0.wp.com\/mexicocodigorojo.com.mx\/wp-content\/uploads\/2026\/03\/62942cf9-49f9-4085-82ce-1e120b77d24e.jpg?fit=1200%2C756&ssl=1&resize=700%2C400 2x, https:\/\/i0.wp.com\/mexicocodigorojo.com.mx\/wp-content\/uploads\/2026\/03\/62942cf9-49f9-4085-82ce-1e120b77d24e.jpg?fit=1200%2C756&ssl=1&resize=1050%2C600 3x"},"classes":[]},{"id":64990,"url":"https:\/\/mexicocodigorojo.com.mx\/?p=64990","url_meta":{"origin":64993,"position":2},"title":"Fortalecen Estrategia de Pacificaci\u00f3n en Chiapas con Respaldo de la Federaci\u00f3n","author":"Staff","date":"diciembre 25, 2025","format":false,"excerpt":"Tuxtla Guti\u00e9rrez, Chiapas; 16 de diciembre de 2025. \u2013 En un esfuerzo conjunto para consolidar la seguridad en el sureste mexicano, el secretario de Seguridad del Pueblo, \u00d3scar Alberto Aparicio Avenda\u00f1o, destac\u00f3 la estrecha coordinaci\u00f3n entre el Gobierno del Estado y la Federaci\u00f3n tras la participaci\u00f3n de Omar Garc\u00eda Harfuch,\u2026","rel":"","context":"En \u00abChiapas\u00bb","block_context":{"text":"Chiapas","link":"https:\/\/mexicocodigorojo.com.mx\/?cat=75"},"img":{"alt_text":"","src":"https:\/\/i0.wp.com\/mexicocodigorojo.com.mx\/wp-content\/uploads\/2025\/12\/59d8b244-93a9-47be-afec-213cc99af253.jpg?fit=1200%2C900&ssl=1&resize=350%2C200","width":350,"height":200,"srcset":"https:\/\/i0.wp.com\/mexicocodigorojo.com.mx\/wp-content\/uploads\/2025\/12\/59d8b244-93a9-47be-afec-213cc99af253.jpg?fit=1200%2C900&ssl=1&resize=350%2C200 1x, https:\/\/i0.wp.com\/mexicocodigorojo.com.mx\/wp-content\/uploads\/2025\/12\/59d8b244-93a9-47be-afec-213cc99af253.jpg?fit=1200%2C900&ssl=1&resize=525%2C300 1.5x, https:\/\/i0.wp.com\/mexicocodigorojo.com.mx\/wp-content\/uploads\/2025\/12\/59d8b244-93a9-47be-afec-213cc99af253.jpg?fit=1200%2C900&ssl=1&resize=700%2C400 2x, https:\/\/i0.wp.com\/mexicocodigorojo.com.mx\/wp-content\/uploads\/2025\/12\/59d8b244-93a9-47be-afec-213cc99af253.jpg?fit=1200%2C900&ssl=1&resize=1050%2C600 3x"},"classes":[]},{"id":64366,"url":"https:\/\/mexicocodigorojo.com.mx\/?p=64366","url_meta":{"origin":64993,"position":3},"title":"La seguridad en Chiapas tiene un nuevo rostro\u201d: \u00d3scar Aparicio Avenda\u00f1o","author":"MexicoRojoCvmx","date":"julio 5, 2025","format":false,"excerpt":"Tuxtla Guti\u00e9rrez, Chiapas.\u2013 En el marco de las estrategias de fortalecimiento institucional y prevenci\u00f3n del delito, el secretario de Seguridad del Pueblo, doctor y piloto aviador \u00d3scar Alberto Aparicio Avenda\u00f1o, encabez\u00f3 la primera reuni\u00f3n de trabajo convocada por la Subsecretar\u00eda Vial Preventiva y de Turismo, con la participaci\u00f3n de autoridades\u2026","rel":"","context":"En \u00abChiapas\u00bb","block_context":{"text":"Chiapas","link":"https:\/\/mexicocodigorojo.com.mx\/?cat=75"},"img":{"alt_text":"","src":"https:\/\/i0.wp.com\/mexicocodigorojo.com.mx\/wp-content\/uploads\/2025\/07\/WhatsApp-Image-2025-07-05-at-6.52.26-AM.jpeg?fit=1200%2C673&ssl=1&resize=350%2C200","width":350,"height":200,"srcset":"https:\/\/i0.wp.com\/mexicocodigorojo.com.mx\/wp-content\/uploads\/2025\/07\/WhatsApp-Image-2025-07-05-at-6.52.26-AM.jpeg?fit=1200%2C673&ssl=1&resize=350%2C200 1x, https:\/\/i0.wp.com\/mexicocodigorojo.com.mx\/wp-content\/uploads\/2025\/07\/WhatsApp-Image-2025-07-05-at-6.52.26-AM.jpeg?fit=1200%2C673&ssl=1&resize=525%2C300 1.5x, https:\/\/i0.wp.com\/mexicocodigorojo.com.mx\/wp-content\/uploads\/2025\/07\/WhatsApp-Image-2025-07-05-at-6.52.26-AM.jpeg?fit=1200%2C673&ssl=1&resize=700%2C400 2x, https:\/\/i0.wp.com\/mexicocodigorojo.com.mx\/wp-content\/uploads\/2025\/07\/WhatsApp-Image-2025-07-05-at-6.52.26-AM.jpeg?fit=1200%2C673&ssl=1&resize=1050%2C600 3x"},"classes":[]},{"id":64775,"url":"https:\/\/mexicocodigorojo.com.mx\/?p=64775","url_meta":{"origin":64993,"position":4},"title":"SSP participa en la conmemoraci\u00f3n del 201 Aniversario de la Federaci\u00f3n de Chiapas a M\u00e9xico","author":"MexicoRojoCvmx","date":"septiembre 14, 2025","format":false,"excerpt":"Tuxtla Guti\u00e9rrez, Chiapas \u2013 En un acto solemne realizado en el Parque Bicentenario, frente al Monumento a la Federaci\u00f3n de Chiapas a M\u00e9xico, autoridades de los tres niveles de gobierno encabezaron la ceremonia por el 201 Aniversario de la Federaci\u00f3n de Chiapas a M\u00e9xico. El secretario de Seguridad del Pueblo,\u2026","rel":"","context":"En \u00abChiapas\u00bb","block_context":{"text":"Chiapas","link":"https:\/\/mexicocodigorojo.com.mx\/?cat=75"},"img":{"alt_text":"","src":"https:\/\/i0.wp.com\/mexicocodigorojo.com.mx\/wp-content\/uploads\/2025\/09\/WhatsApp-Image-2025-09-15-at-8.10.04-AM.jpeg?fit=1040%2C694&ssl=1&resize=350%2C200","width":350,"height":200,"srcset":"https:\/\/i0.wp.com\/mexicocodigorojo.com.mx\/wp-content\/uploads\/2025\/09\/WhatsApp-Image-2025-09-15-at-8.10.04-AM.jpeg?fit=1040%2C694&ssl=1&resize=350%2C200 1x, https:\/\/i0.wp.com\/mexicocodigorojo.com.mx\/wp-content\/uploads\/2025\/09\/WhatsApp-Image-2025-09-15-at-8.10.04-AM.jpeg?fit=1040%2C694&ssl=1&resize=525%2C300 1.5x, https:\/\/i0.wp.com\/mexicocodigorojo.com.mx\/wp-content\/uploads\/2025\/09\/WhatsApp-Image-2025-09-15-at-8.10.04-AM.jpeg?fit=1040%2C694&ssl=1&resize=700%2C400 2x"},"classes":[]},{"id":64653,"url":"https:\/\/mexicocodigorojo.com.mx\/?p=64653","url_meta":{"origin":64993,"position":5},"title":"SSP de Chiapas fortalece sus capacidades con donaci\u00f3n de ejemplares caninos de la raza Belga Malinois","author":"MexicoRojoCvmx","date":"agosto 4, 2025","format":false,"excerpt":"Tuxtla Guti\u00e9rrez, Chiapas. \u2013 La Secretar\u00eda de Seguridad del Pueblo (SSP), bajo la direcci\u00f3n del doctor y piloto aviador \u00d3scar Alberto Aparicio Avenda\u00f1o, recibi\u00f3 la donaci\u00f3n de seis ejemplares de la raza Belga Malinois, que ser\u00e1n incorporados a programas de adiestramiento especializado en el Centro de Adiestramiento Canino de la\u2026","rel":"","context":"En \u00abChiapas\u00bb","block_context":{"text":"Chiapas","link":"https:\/\/mexicocodigorojo.com.mx\/?cat=75"},"img":{"alt_text":"","src":"https:\/\/i0.wp.com\/mexicocodigorojo.com.mx\/wp-content\/uploads\/2025\/09\/nn419.jpg?fit=1200%2C673&ssl=1&resize=350%2C200","width":350,"height":200,"srcset":"https:\/\/i0.wp.com\/mexicocodigorojo.com.mx\/wp-content\/uploads\/2025\/09\/nn419.jpg?fit=1200%2C673&ssl=1&resize=350%2C200 1x, https:\/\/i0.wp.com\/mexicocodigorojo.com.mx\/wp-content\/uploads\/2025\/09\/nn419.jpg?fit=1200%2C673&ssl=1&resize=525%2C300 1.5x, https:\/\/i0.wp.com\/mexicocodigorojo.com.mx\/wp-content\/uploads\/2025\/09\/nn419.jpg?fit=1200%2C673&ssl=1&resize=700%2C400 2x, https:\/\/i0.wp.com\/mexicocodigorojo.com.mx\/wp-content\/uploads\/2025\/09\/nn419.jpg?fit=1200%2C673&ssl=1&resize=1050%2C600 3x"},"classes":[]}],"jetpack_sharing_enabled":true,"jetpack_likes_enabled":true,"jetpack_shortlink":"https:\/\/wp.me\/p9TedA-gUh","_links":{"self":[{"href":"https:\/\/mexicocodigorojo.com.mx\/index.php?rest_route=\/wp\/v2\/posts\/64993","targetHints":{"allow":["GET"]}}],"collection":[{"href":"https:\/\/mexicocodigorojo.com.mx\/index.php?rest_route=\/wp\/v2\/posts"}],"about":[{"href":"https:\/\/mexicocodigorojo.com.mx\/index.php?rest_route=\/wp\/v2\/types\/post"}],"author":[{"embeddable":true,"href":"https:\/\/mexicocodigorojo.com.mx\/index.php?rest_route=\/wp\/v2\/users\/5"}],"replies":[{"embeddable":true,"href":"https:\/\/mexicocodigorojo.com.mx\/index.php?rest_route=%2Fwp%2Fv2%2Fcomments&post=64993"}],"version-history":[{"count":1,"href":"https:\/\/mexicocodigorojo.com.mx\/index.php?rest_route=\/wp\/v2\/posts\/64993\/revisions"}],"predecessor-version":[{"id":64994,"href":"https:\/\/mexicocodigorojo.com.mx\/index.php?rest_route=\/wp\/v2\/posts\/64993\/revisions\/64994"}],"wp:featuredmedia":[{"embeddable":true,"href":"https:\/\/mexicocodigorojo.com.mx\/index.php?rest_route=\/wp\/v2\/media\/64992"}],"wp:attachment":[{"href":"https:\/\/mexicocodigorojo.com.mx\/index.php?rest_route=%2Fwp%2Fv2%2Fmedia&parent=64993"}],"wp:term":[{"taxonomy":"category","embeddable":true,"href":"https:\/\/mexicocodigorojo.com.mx\/index.php?rest_route=%2Fwp%2Fv2%2Fcategories&post=64993"},{"taxonomy":"post_tag","embeddable":true,"href":"https:\/\/mexicocodigorojo.com.mx\/index.php?rest_route=%2Fwp%2Fv2%2Ftags&post=64993"}],"curies":[{"name":"wp","href":"https:\/\/api.w.org\/{rel}","templated":true}]}}