{"id":64990,"date":"2025-12-25T11:51:23","date_gmt":"2025-12-25T17:51:23","guid":{"rendered":"https:\/\/mexicocodigorojo.com.mx\/?p=64990"},"modified":"2025-12-25T11:51:23","modified_gmt":"2025-12-25T17:51:23","slug":"fortalecen-estrategia-de-pacificacion-en-chiapas-con-respaldo-de-la-federacion","status":"publish","type":"post","link":"https:\/\/mexicocodigorojo.com.mx\/?p=64990","title":{"rendered":"Fortalecen Estrategia de Pacificaci\u00f3n en Chiapas con Respaldo de la Federaci\u00f3n"},"content":{"rendered":"\n<p class=\"p1\">Tuxtla Guti\u00e9rrez, Chiapas; 16 de diciembre de 2025. \u2013 En un esfuerzo conjunto para consolidar la seguridad en el sureste mexicano, el secretario de Seguridad del Pueblo, \u00d3scar Alberto Aparicio Avenda\u00f1o, destac\u00f3 la estrecha coordinaci\u00f3n entre el Gobierno del Estado y la Federaci\u00f3n tras la participaci\u00f3n de Omar Garc\u00eda Harfuch, titular de la Secretar\u00eda de Seguridad y Protecci\u00f3n Ciudadana (SSPC) federal, en la Mesa de Paz diaria encabezada por el gobernador Eduardo Ram\u00edrez Aguilar.<\/p>\n\n\n\n<p class=\"p2\">Aparicio Avenda\u00f1o subray\u00f3 que la presencia del funcionario federal respalda las estrategias impulsadas por la presidenta Claudia Sheinbaum Pardo, orientadas a devolver la tranquilidad a las familias chiapanecas mediante una presencia operativa constante y comunicaci\u00f3n directa con la ciudadan\u00eda.<\/p>\n\n\n\n<p class=\"p3\">Resultados y Dignificaci\u00f3n Policial<\/p>\n\n\n\n<p class=\"p1\">Durante el encuentro, se presentaron los avances en la pacificaci\u00f3n de las diversas regiones de la entidad, destacando no solo la operatividad, sino la mejora de las condiciones laborales de los elementos de seguridad:<\/p>\n\n\n\n<p class=\"p4\">\u2022 Ajustes salariales y bonos de productividad.<\/p>\n\n\n\n<p class=\"p5\">\u2022 Programas de acceso a vivienda digna.<\/p>\n\n\n\n<p class=\"p5\">\u2022 Fortalecimiento del estado de fuerza.<\/p>\n\n\n\n<p class=\"p3\">Tecnolog\u00eda de Vanguardia contra la Delincuencia<\/p>\n\n\n\n<p class=\"p1\">Uno de los puntos m\u00e1s relevantes fue la exposici\u00f3n del nuevo arsenal tecnol\u00f3gico y t\u00e1ctico con el que cuenta la Secretar\u00eda de Seguridad del Pueblo para garantizar una respuesta inmediata.<\/p>\n\n\n\n<p class=\"p1\">Reconocimiento a la Labor Estatal<\/p>\n\n\n\n<p class=\"p2\">Por su parte, Omar Garc\u00eda Harfuch reconoci\u00f3 el trabajo coordinado entre la Secretar\u00eda de Marina, la Guardia Nacional y la Fiscal\u00eda General del Estado (FGE), resaltando la gesti\u00f3n de \u00d3scar Aparicio Avenda\u00f1o por atender de manera frontal las incidencias delictivas en el estado.<\/p>\n\n\n\n<p>\u201cLa coordinaci\u00f3n interinstitucional ha sido clave para avanzar con paso firme. El respaldo federal, sumado al liderazgo estatal, nos permite seguir dando resultados reales a favor del pueblo\u201d, afirm\u00f3 Aparicio Avenda\u00f1o.<\/p>\n\n\n\n<p>Finalmente, el secretario de Seguridad del Pueblo reafirm\u00f3 que, bajo la gu\u00eda del gobernador Eduardo Ram\u00edrez, la paz en Chiapas se construye con hechos, tecnolog\u00eda y unidad.<\/p>\n","protected":false},"excerpt":{"rendered":"<p>Tuxtla Guti\u00e9rrez, Chiapas; 16 de diciembre de 2025. \u2013 En un esfuerzo conjunto para consolidar la seguridad en el sureste mexicano, el secretario de Seguridad del Pueblo, \u00d3scar Alberto Aparicio Avenda\u00f1o, destac\u00f3 la estrecha coordinaci\u00f3n entre el Gobierno del Estado y la Federaci\u00f3n tras la participaci\u00f3n de Omar Garc\u00eda Harfuch, titular de la Secretar\u00eda de [&hellip;]<\/p>\n","protected":false},"author":5,"featured_media":64989,"comment_status":"closed","ping_status":"open","sticky":false,"template":"","format":"standard","meta":{"_uf_show_specific_survey":0,"_uf_disable_surveys":false,"advanced_seo_description":"","jetpack_seo_html_title":"","jetpack_seo_noindex":false,"jetpack_post_was_ever_published":false,"_jetpack_newsletter_access":"","_jetpack_dont_email_post_to_subs":false,"_jetpack_newsletter_tier_id":0,"_jetpack_memberships_contains_paywalled_content":false,"_jetpack_memberships_contains_paid_content":false,"footnotes":"","jetpack_publicize_message":"Fortalecen Estrategia de Pacificaci\u00f3n en Chiapas con Respaldo de la Federaci\u00f3n","jetpack_publicize_feature_enabled":true,"jetpack_social_post_already_shared":true,"jetpack_social_options":{"image_generator_settings":{"template":"highway","default_image_id":0,"font":"","enabled":false},"version":2}},"categories":[75,1724],"tags":[853],"class_list":{"0":"post-64990","1":"post","2":"type-post","3":"status-publish","4":"format-standard","5":"has-post-thumbnail","7":"category-chiapas","8":"category-featured","9":"tag-seguridadpublica"},"jetpack_publicize_connections":[],"jetpack_featured_media_url":"https:\/\/i0.wp.com\/mexicocodigorojo.com.mx\/wp-content\/uploads\/2025\/12\/59d8b244-93a9-47be-afec-213cc99af253.jpg?fit=2000%2C1500&ssl=1","jetpack-related-posts":[{"id":65121,"url":"https:\/\/mexicocodigorojo.com.mx\/?p=65121","url_meta":{"origin":64990,"position":0},"title":"Chiapas se consolida como referente nacional en seguridad bajo el liderazgo de \u00d3scar Alberto Aparicio","author":"Staff","date":"marzo 6, 2026","format":false,"excerpt":"TUXTLA GUTI\u00c9RREZ, CHIAPAS; 04 de marzo de 2026.\u2013 En un ejercicio de transparencia y an\u00e1lisis estrat\u00e9gico, el Secretario de Seguridad del Pueblo, \u00d3scar Alberto Aparicio Avenda\u00f1o, destac\u00f3 que Chiapas hoy se posiciona como un modelo de seguridad a nivel nacional. Durante la presentaci\u00f3n del libro \u201cChiapas en el camino de\u2026","rel":"","context":"En \u00abChiapas\u00bb","block_context":{"text":"Chiapas","link":"https:\/\/mexicocodigorojo.com.mx\/?cat=75"},"img":{"alt_text":"","src":"https:\/\/i0.wp.com\/mexicocodigorojo.com.mx\/wp-content\/uploads\/2026\/03\/62942cf9-49f9-4085-82ce-1e120b77d24e.jpg?fit=1200%2C756&ssl=1&resize=350%2C200","width":350,"height":200,"srcset":"https:\/\/i0.wp.com\/mexicocodigorojo.com.mx\/wp-content\/uploads\/2026\/03\/62942cf9-49f9-4085-82ce-1e120b77d24e.jpg?fit=1200%2C756&ssl=1&resize=350%2C200 1x, https:\/\/i0.wp.com\/mexicocodigorojo.com.mx\/wp-content\/uploads\/2026\/03\/62942cf9-49f9-4085-82ce-1e120b77d24e.jpg?fit=1200%2C756&ssl=1&resize=525%2C300 1.5x, https:\/\/i0.wp.com\/mexicocodigorojo.com.mx\/wp-content\/uploads\/2026\/03\/62942cf9-49f9-4085-82ce-1e120b77d24e.jpg?fit=1200%2C756&ssl=1&resize=700%2C400 2x, https:\/\/i0.wp.com\/mexicocodigorojo.com.mx\/wp-content\/uploads\/2026\/03\/62942cf9-49f9-4085-82ce-1e120b77d24e.jpg?fit=1200%2C756&ssl=1&resize=1050%2C600 3x"},"classes":[]},{"id":64775,"url":"https:\/\/mexicocodigorojo.com.mx\/?p=64775","url_meta":{"origin":64990,"position":1},"title":"SSP participa en la conmemoraci\u00f3n del 201 Aniversario de la Federaci\u00f3n de Chiapas a M\u00e9xico","author":"MexicoRojoCvmx","date":"septiembre 14, 2025","format":false,"excerpt":"Tuxtla Guti\u00e9rrez, Chiapas \u2013 En un acto solemne realizado en el Parque Bicentenario, frente al Monumento a la Federaci\u00f3n de Chiapas a M\u00e9xico, autoridades de los tres niveles de gobierno encabezaron la ceremonia por el 201 Aniversario de la Federaci\u00f3n de Chiapas a M\u00e9xico. El secretario de Seguridad del Pueblo,\u2026","rel":"","context":"En \u00abChiapas\u00bb","block_context":{"text":"Chiapas","link":"https:\/\/mexicocodigorojo.com.mx\/?cat=75"},"img":{"alt_text":"","src":"https:\/\/i0.wp.com\/mexicocodigorojo.com.mx\/wp-content\/uploads\/2025\/09\/WhatsApp-Image-2025-09-15-at-8.10.04-AM.jpeg?fit=1040%2C694&ssl=1&resize=350%2C200","width":350,"height":200,"srcset":"https:\/\/i0.wp.com\/mexicocodigorojo.com.mx\/wp-content\/uploads\/2025\/09\/WhatsApp-Image-2025-09-15-at-8.10.04-AM.jpeg?fit=1040%2C694&ssl=1&resize=350%2C200 1x, https:\/\/i0.wp.com\/mexicocodigorojo.com.mx\/wp-content\/uploads\/2025\/09\/WhatsApp-Image-2025-09-15-at-8.10.04-AM.jpeg?fit=1040%2C694&ssl=1&resize=525%2C300 1.5x, https:\/\/i0.wp.com\/mexicocodigorojo.com.mx\/wp-content\/uploads\/2025\/09\/WhatsApp-Image-2025-09-15-at-8.10.04-AM.jpeg?fit=1040%2C694&ssl=1&resize=700%2C400 2x"},"classes":[]},{"id":64996,"url":"https:\/\/mexicocodigorojo.com.mx\/?p=64996","url_meta":{"origin":64990,"position":2},"title":"\u201cCero Corrupci\u00f3n y Resultados Contundentes\u201d: Aparicio Avenda\u00f1o blinda la seguridad en Chiapas","author":"Staff","date":"diciembre 25, 2025","format":false,"excerpt":"Tuxtla Guti\u00e9rrez, Chiapas. \u2013 Bajo la premisa de que la seguridad es una prioridad compartida, la Secretar\u00eda de Seguridad del Pueblo (SSP), encabezada por su titular, \u00d3scar Alberto Aparicio Avenda\u00f1o, ha intensificado de manera permanente las acciones operativas en todo el territorio estatal. Mediante una presencia estrat\u00e9gica en carreteras y\u2026","rel":"","context":"En \u00abChiapas\u00bb","block_context":{"text":"Chiapas","link":"https:\/\/mexicocodigorojo.com.mx\/?cat=75"},"img":{"alt_text":"","src":"https:\/\/i0.wp.com\/mexicocodigorojo.com.mx\/wp-content\/uploads\/2025\/12\/d95e96a9-304d-440d-8231-3c4424bc01ad.jpg?fit=1200%2C801&ssl=1&resize=350%2C200","width":350,"height":200,"srcset":"https:\/\/i0.wp.com\/mexicocodigorojo.com.mx\/wp-content\/uploads\/2025\/12\/d95e96a9-304d-440d-8231-3c4424bc01ad.jpg?fit=1200%2C801&ssl=1&resize=350%2C200 1x, https:\/\/i0.wp.com\/mexicocodigorojo.com.mx\/wp-content\/uploads\/2025\/12\/d95e96a9-304d-440d-8231-3c4424bc01ad.jpg?fit=1200%2C801&ssl=1&resize=525%2C300 1.5x, https:\/\/i0.wp.com\/mexicocodigorojo.com.mx\/wp-content\/uploads\/2025\/12\/d95e96a9-304d-440d-8231-3c4424bc01ad.jpg?fit=1200%2C801&ssl=1&resize=700%2C400 2x, https:\/\/i0.wp.com\/mexicocodigorojo.com.mx\/wp-content\/uploads\/2025\/12\/d95e96a9-304d-440d-8231-3c4424bc01ad.jpg?fit=1200%2C801&ssl=1&resize=1050%2C600 3x"},"classes":[]},{"id":65042,"url":"https:\/\/mexicocodigorojo.com.mx\/?p=65042","url_meta":{"origin":64990,"position":3},"title":"Refuerza SSP seguridad en Chiapas: Se integran 100 nuevos elementos a la Fuerza Pakal","author":"Staff","date":"febrero 9, 2026","format":false,"excerpt":"Tuxtla Guti\u00e9rrez, Chiapas; 07 de febrero de 2026.\u2013 En un paso decisivo para consolidar la paz y el orden en la entidad, la Secretar\u00eda de Seguridad del Pueblo (SSP) anunci\u00f3 la incorporaci\u00f3n de 100 nuevos elementos a las filas de la Fuerza de Reacci\u00f3n Inmediata Pakal (FRIP). Esta acci\u00f3n, impulsada\u2026","rel":"","context":"En \u00abChiapas\u00bb","block_context":{"text":"Chiapas","link":"https:\/\/mexicocodigorojo.com.mx\/?cat=75"},"img":{"alt_text":"","src":"https:\/\/i0.wp.com\/mexicocodigorojo.com.mx\/wp-content\/uploads\/2026\/02\/6b352df6-3ce9-44d7-aabb-e046038d3ff8.jpg?fit=1200%2C801&ssl=1&resize=350%2C200","width":350,"height":200,"srcset":"https:\/\/i0.wp.com\/mexicocodigorojo.com.mx\/wp-content\/uploads\/2026\/02\/6b352df6-3ce9-44d7-aabb-e046038d3ff8.jpg?fit=1200%2C801&ssl=1&resize=350%2C200 1x, https:\/\/i0.wp.com\/mexicocodigorojo.com.mx\/wp-content\/uploads\/2026\/02\/6b352df6-3ce9-44d7-aabb-e046038d3ff8.jpg?fit=1200%2C801&ssl=1&resize=525%2C300 1.5x, https:\/\/i0.wp.com\/mexicocodigorojo.com.mx\/wp-content\/uploads\/2026\/02\/6b352df6-3ce9-44d7-aabb-e046038d3ff8.jpg?fit=1200%2C801&ssl=1&resize=700%2C400 2x, https:\/\/i0.wp.com\/mexicocodigorojo.com.mx\/wp-content\/uploads\/2026\/02\/6b352df6-3ce9-44d7-aabb-e046038d3ff8.jpg?fit=1200%2C801&ssl=1&resize=1050%2C600 3x"},"classes":[]},{"id":64366,"url":"https:\/\/mexicocodigorojo.com.mx\/?p=64366","url_meta":{"origin":64990,"position":4},"title":"La seguridad en Chiapas tiene un nuevo rostro\u201d: \u00d3scar Aparicio Avenda\u00f1o","author":"MexicoRojoCvmx","date":"julio 5, 2025","format":false,"excerpt":"Tuxtla Guti\u00e9rrez, Chiapas.\u2013 En el marco de las estrategias de fortalecimiento institucional y prevenci\u00f3n del delito, el secretario de Seguridad del Pueblo, doctor y piloto aviador \u00d3scar Alberto Aparicio Avenda\u00f1o, encabez\u00f3 la primera reuni\u00f3n de trabajo convocada por la Subsecretar\u00eda Vial Preventiva y de Turismo, con la participaci\u00f3n de autoridades\u2026","rel":"","context":"En \u00abChiapas\u00bb","block_context":{"text":"Chiapas","link":"https:\/\/mexicocodigorojo.com.mx\/?cat=75"},"img":{"alt_text":"","src":"https:\/\/i0.wp.com\/mexicocodigorojo.com.mx\/wp-content\/uploads\/2025\/07\/WhatsApp-Image-2025-07-05-at-6.52.26-AM.jpeg?fit=1200%2C673&ssl=1&resize=350%2C200","width":350,"height":200,"srcset":"https:\/\/i0.wp.com\/mexicocodigorojo.com.mx\/wp-content\/uploads\/2025\/07\/WhatsApp-Image-2025-07-05-at-6.52.26-AM.jpeg?fit=1200%2C673&ssl=1&resize=350%2C200 1x, https:\/\/i0.wp.com\/mexicocodigorojo.com.mx\/wp-content\/uploads\/2025\/07\/WhatsApp-Image-2025-07-05-at-6.52.26-AM.jpeg?fit=1200%2C673&ssl=1&resize=525%2C300 1.5x, https:\/\/i0.wp.com\/mexicocodigorojo.com.mx\/wp-content\/uploads\/2025\/07\/WhatsApp-Image-2025-07-05-at-6.52.26-AM.jpeg?fit=1200%2C673&ssl=1&resize=700%2C400 2x, https:\/\/i0.wp.com\/mexicocodigorojo.com.mx\/wp-content\/uploads\/2025\/07\/WhatsApp-Image-2025-07-05-at-6.52.26-AM.jpeg?fit=1200%2C673&ssl=1&resize=1050%2C600 3x"},"classes":[]},{"id":64051,"url":"https:\/\/mexicocodigorojo.com.mx\/?p=64051","url_meta":{"origin":64990,"position":5},"title":"Chiapas refuerza seguridad en el Cerro Mactumatz\u00e1 para fomentar el turismo","author":"MexicoRojoCvmx","date":"abril 1, 2025","format":false,"excerpt":"El secretario de Seguridad del Pueblo (SSP), el doctor y piloto aviador \u00d3scar Alberto Aparicio Avenda\u00f1o, acompa\u00f1\u00f3 al gobernador de Chiapas, Eduardo Ram\u00edrez Aguilar, en un recorrido por el Cerro Mactumatz\u00e1, ubicado en Tuxtla Guti\u00e9rrez, para anunciar el reforzamiento de la seguridad en la zona. Durante la visita, el titular\u2026","rel":"","context":"En \u00abChiapas\u00bb","block_context":{"text":"Chiapas","link":"https:\/\/mexicocodigorojo.com.mx\/?cat=75"},"img":{"alt_text":"","src":"https:\/\/i0.wp.com\/mexicocodigorojo.com.mx\/wp-content\/uploads\/2025\/04\/1-SSP-1.webp?fit=600%2C400&ssl=1&resize=350%2C200","width":350,"height":200,"srcset":"https:\/\/i0.wp.com\/mexicocodigorojo.com.mx\/wp-content\/uploads\/2025\/04\/1-SSP-1.webp?fit=600%2C400&ssl=1&resize=350%2C200 1x, https:\/\/i0.wp.com\/mexicocodigorojo.com.mx\/wp-content\/uploads\/2025\/04\/1-SSP-1.webp?fit=600%2C400&ssl=1&resize=525%2C300 1.5x"},"classes":[]}],"jetpack_sharing_enabled":true,"jetpack_likes_enabled":true,"jetpack_shortlink":"https:\/\/wp.me\/p9TedA-gUe","_links":{"self":[{"href":"https:\/\/mexicocodigorojo.com.mx\/index.php?rest_route=\/wp\/v2\/posts\/64990","targetHints":{"allow":["GET"]}}],"collection":[{"href":"https:\/\/mexicocodigorojo.com.mx\/index.php?rest_route=\/wp\/v2\/posts"}],"about":[{"href":"https:\/\/mexicocodigorojo.com.mx\/index.php?rest_route=\/wp\/v2\/types\/post"}],"author":[{"embeddable":true,"href":"https:\/\/mexicocodigorojo.com.mx\/index.php?rest_route=\/wp\/v2\/users\/5"}],"replies":[{"embeddable":true,"href":"https:\/\/mexicocodigorojo.com.mx\/index.php?rest_route=%2Fwp%2Fv2%2Fcomments&post=64990"}],"version-history":[{"count":1,"href":"https:\/\/mexicocodigorojo.com.mx\/index.php?rest_route=\/wp\/v2\/posts\/64990\/revisions"}],"predecessor-version":[{"id":64991,"href":"https:\/\/mexicocodigorojo.com.mx\/index.php?rest_route=\/wp\/v2\/posts\/64990\/revisions\/64991"}],"wp:featuredmedia":[{"embeddable":true,"href":"https:\/\/mexicocodigorojo.com.mx\/index.php?rest_route=\/wp\/v2\/media\/64989"}],"wp:attachment":[{"href":"https:\/\/mexicocodigorojo.com.mx\/index.php?rest_route=%2Fwp%2Fv2%2Fmedia&parent=64990"}],"wp:term":[{"taxonomy":"category","embeddable":true,"href":"https:\/\/mexicocodigorojo.com.mx\/index.php?rest_route=%2Fwp%2Fv2%2Fcategories&post=64990"},{"taxonomy":"post_tag","embeddable":true,"href":"https:\/\/mexicocodigorojo.com.mx\/index.php?rest_route=%2Fwp%2Fv2%2Ftags&post=64990"}],"curies":[{"name":"wp","href":"https:\/\/api.w.org\/{rel}","templated":true}]}}