{"id":64772,"date":"2025-09-12T12:36:42","date_gmt":"2025-09-12T18:36:42","guid":{"rendered":"https:\/\/mexicocodigorojo.com.mx\/?p=64772"},"modified":"2025-09-28T12:39:03","modified_gmt":"2025-09-28T18:39:03","slug":"ssp-refuerza-operativos-de-seguridad-por-fiestas-patrias-en-chiapas","status":"publish","type":"post","link":"https:\/\/mexicocodigorojo.com.mx\/?p=64772","title":{"rendered":"SSP refuerza operativos de seguridad por Fiestas Patrias en Chiapas"},"content":{"rendered":"<p data-start=\"175\" data-end=\"483\"><strong data-start=\"175\" data-end=\"231\">Tuxtla Guti\u00e9rrez, Chiapas <\/strong>\u2013 La Secretar\u00eda de Seguridad del Pueblo (SSP) anunci\u00f3 la puesta en marcha de un <strong data-start=\"312\" data-end=\"349\">dispositivo integral de seguridad<\/strong> durante las celebraciones de las Fiestas Patrias en Chiapas, que se desarrollar\u00e1n del <strong data-start=\"436\" data-end=\"462\">13 al 16 de septiembre<\/strong> en todo el estado.<\/p>\n<p data-start=\"485\" data-end=\"695\">El operativo tiene como objetivo <strong data-start=\"518\" data-end=\"605\">salvaguardar la integridad de la poblaci\u00f3n y de visitantes nacionales y extranjeros<\/strong>, a trav\u00e9s de acciones conjuntas entre corporaciones estatales, municipales y federales.<\/p>\n<h3 data-start=\"697\" data-end=\"737\">Cierres viales en Tuxtla Guti\u00e9rrez<\/h3>\n<p data-start=\"738\" data-end=\"817\">En la capital chiapaneca se aplicar\u00e1n cierres de circulaci\u00f3n en puntos clave:<\/p>\n<ul data-start=\"818\" data-end=\"1193\">\n<li data-start=\"818\" data-end=\"1017\">\n<p data-start=\"820\" data-end=\"1017\"><strong data-start=\"820\" data-end=\"840\">15 de septiembre<\/strong>: con motivo del <em data-start=\"857\" data-end=\"881\">Grito de Independencia<\/em>, el tr\u00e1nsito estar\u00e1 restringido en el pol\u00edgono comprendido entre la 4\u00aa Sur y la 4\u00aa Norte, as\u00ed como de la 9\u00aa Oriente a la 7\u00aa Poniente.<\/p>\n<\/li>\n<li data-start=\"1018\" data-end=\"1193\">\n<p data-start=\"1020\" data-end=\"1193\"><strong data-start=\"1020\" data-end=\"1040\">16 de septiembre<\/strong>: para el <em data-start=\"1050\" data-end=\"1123\">Desfile Conmemorativo del 215 Aniversario de la Independencia de M\u00e9xico<\/em>, el cierre vehicular se realizar\u00e1 en el primer cuadro de la ciudad.<\/p>\n<\/li>\n<\/ul>\n<h3 data-start=\"1195\" data-end=\"1227\">Fuerza de tarea desplegada<\/h3>\n<p data-start=\"1228\" data-end=\"1353\">La Direcci\u00f3n de la Guardia Estatal Vial Preventiva coordinar\u00e1 el operativo en Tuxtla con una fuerza de tarea integrada por:<\/p>\n<ul data-start=\"1354\" data-end=\"1512\">\n<li data-start=\"1354\" data-end=\"1386\">\n<p data-start=\"1356\" data-end=\"1386\"><strong data-start=\"1356\" data-end=\"1383\">41 elementos pie tierra<\/strong>,<\/p>\n<\/li>\n<li data-start=\"1387\" data-end=\"1403\">\n<p data-start=\"1389\" data-end=\"1403\"><strong data-start=\"1389\" data-end=\"1400\">3 gr\u00faas<\/strong>,<\/p>\n<\/li>\n<li data-start=\"1404\" data-end=\"1428\">\n<p data-start=\"1406\" data-end=\"1428\"><strong data-start=\"1406\" data-end=\"1425\">4 motopatrullas<\/strong>,<\/p>\n<\/li>\n<li data-start=\"1429\" data-end=\"1512\">\n<p data-start=\"1431\" data-end=\"1512\"><strong data-start=\"1431\" data-end=\"1458\">9 carro-radio patrullas<\/strong>,<br data-start=\"1459\" data-end=\"1462\" \/>en coordinaci\u00f3n estrecha con Tr\u00e1nsito Municipal.<\/p>\n<\/li>\n<\/ul>\n<p data-start=\"1514\" data-end=\"1783\">De manera paralela, las <strong data-start=\"1538\" data-end=\"1630\">51 delegaciones de la Guardia Estatal Vial Preventiva y de la Guardia Estatal de Turismo<\/strong> replicar\u00e1n estas acciones en los municipios de la entidad, a fin de garantizar movilidad segura y orden en los eventos sociales, culturales y c\u00edvicos.<\/p>\n<h3 data-start=\"1785\" data-end=\"1815\">Compromiso institucional<\/h3>\n<p data-start=\"1816\" data-end=\"2071\">La SSP reiter\u00f3 que este dispositivo responde al compromiso de la actual administraci\u00f3n de brindar <strong data-start=\"1914\" data-end=\"1955\">seguridad, paz y convivencia ordenada<\/strong> durante las festividades patrias, fortaleciendo la confianza ciudadana en las instituciones de seguridad p\u00fablica.<\/p>\n","protected":false},"excerpt":{"rendered":"<p>Tuxtla Guti\u00e9rrez, Chiapas \u2013 La Secretar\u00eda de Seguridad del Pueblo (SSP) anunci\u00f3 la puesta en marcha de un dispositivo integral de seguridad durante las celebraciones de las Fiestas Patrias en Chiapas, que se desarrollar\u00e1n del 13 al 16 de septiembre en todo el estado. El operativo tiene como objetivo salvaguardar la integridad de la poblaci\u00f3n [&hellip;]<\/p>\n","protected":false},"author":21,"featured_media":64773,"comment_status":"open","ping_status":"open","sticky":false,"template":"","format":"standard","meta":{"_uf_show_specific_survey":0,"_uf_disable_surveys":false,"advanced_seo_description":"","jetpack_seo_html_title":"","jetpack_seo_noindex":false,"jetpack_post_was_ever_published":false,"_jetpack_newsletter_access":"","_jetpack_dont_email_post_to_subs":false,"_jetpack_newsletter_tier_id":0,"_jetpack_memberships_contains_paywalled_content":false,"_jetpack_memberships_contains_paid_content":false,"footnotes":"","jetpack_publicize_message":"","jetpack_publicize_feature_enabled":true,"jetpack_social_post_already_shared":true,"jetpack_social_options":{"image_generator_settings":{"template":"highway","default_image_id":0,"font":"","enabled":false},"version":2}},"categories":[75],"tags":[],"class_list":{"0":"post-64772","1":"post","2":"type-post","3":"status-publish","4":"format-standard","5":"has-post-thumbnail","7":"category-chiapas"},"jetpack_publicize_connections":[],"jetpack_featured_media_url":"https:\/\/i0.wp.com\/mexicocodigorojo.com.mx\/wp-content\/uploads\/2025\/09\/WhatsApp-Image-2025-09-12-at-1.06.48-PM.jpeg?fit=1600%2C1167&ssl=1","jetpack-related-posts":[{"id":64769,"url":"https:\/\/mexicocodigorojo.com.mx\/?p=64769","url_meta":{"origin":64772,"position":0},"title":"SSP impulsa Comit\u00e9s Vecinales de Seguridad en colonias de Tuxtla Guti\u00e9rrez","author":"MexicoRojoCvmx","date":"septiembre 10, 2025","format":false,"excerpt":"Tuxtla Guti\u00e9rrez, Chiapas. \u2013 Con el prop\u00f3sito de fortalecer la organizaci\u00f3n ciudadana como pilar en la prevenci\u00f3n del delito, la Secretar\u00eda de Seguridad del Pueblo (SSP), a trav\u00e9s de la Unidad de Prevenci\u00f3n del Delito y Pol\u00edtica Criminal y en coordinaci\u00f3n con la Guardia Estatal Preventiva, encabez\u00f3 la instalaci\u00f3n de\u2026","rel":"","context":"En \u00abChiapas\u00bb","block_context":{"text":"Chiapas","link":"https:\/\/mexicocodigorojo.com.mx\/?cat=75"},"img":{"alt_text":"","src":"https:\/\/i0.wp.com\/mexicocodigorojo.com.mx\/wp-content\/uploads\/2025\/09\/WhatsApp-Image-2025-09-09-at-12.45.41-PM.jpeg?fit=1200%2C532&ssl=1&resize=350%2C200","width":350,"height":200,"srcset":"https:\/\/i0.wp.com\/mexicocodigorojo.com.mx\/wp-content\/uploads\/2025\/09\/WhatsApp-Image-2025-09-09-at-12.45.41-PM.jpeg?fit=1200%2C532&ssl=1&resize=350%2C200 1x, https:\/\/i0.wp.com\/mexicocodigorojo.com.mx\/wp-content\/uploads\/2025\/09\/WhatsApp-Image-2025-09-09-at-12.45.41-PM.jpeg?fit=1200%2C532&ssl=1&resize=525%2C300 1.5x, https:\/\/i0.wp.com\/mexicocodigorojo.com.mx\/wp-content\/uploads\/2025\/09\/WhatsApp-Image-2025-09-09-at-12.45.41-PM.jpeg?fit=1200%2C532&ssl=1&resize=700%2C400 2x, https:\/\/i0.wp.com\/mexicocodigorojo.com.mx\/wp-content\/uploads\/2025\/09\/WhatsApp-Image-2025-09-09-at-12.45.41-PM.jpeg?fit=1200%2C532&ssl=1&resize=1050%2C600 3x"},"classes":[]},{"id":63708,"url":"https:\/\/mexicocodigorojo.com.mx\/?p=63708","url_meta":{"origin":64772,"position":1},"title":"DETIENEN A DOS CON COCA\u00cdNA Y ARMAS LARGAS EN LA POCHOTA","author":"Staff","date":"enero 24, 2025","format":false,"excerpt":"SSP, FGE y Ej\u00e9rcito Mexicano detienen a dos masculinos con cuadros de presunta droga en \u201cLa Pochota\u201d Tuxtla Guti\u00e9rrez, Chiapas.- La Secretar\u00eda de Seguridad del Pueblo (SSP) a trav\u00e9s de la Fuerza de Reacci\u00f3n Inmediata Pakal (FRIP), en coordinaci\u00f3n con la Polic\u00eda De Investigaci\u00f3n (PDI) de la Fiscal\u00eda General del\u2026","rel":"","context":"En \u00abChiapas\u00bb","block_context":{"text":"Chiapas","link":"https:\/\/mexicocodigorojo.com.mx\/?cat=75"},"img":{"alt_text":"","src":"https:\/\/i0.wp.com\/mexicocodigorojo.com.mx\/wp-content\/uploads\/2025\/01\/a1539e9b-bf38-40bf-821a-726d27b5ec49-1.jpg?fit=1200%2C826&ssl=1&resize=350%2C200","width":350,"height":200,"srcset":"https:\/\/i0.wp.com\/mexicocodigorojo.com.mx\/wp-content\/uploads\/2025\/01\/a1539e9b-bf38-40bf-821a-726d27b5ec49-1.jpg?fit=1200%2C826&ssl=1&resize=350%2C200 1x, https:\/\/i0.wp.com\/mexicocodigorojo.com.mx\/wp-content\/uploads\/2025\/01\/a1539e9b-bf38-40bf-821a-726d27b5ec49-1.jpg?fit=1200%2C826&ssl=1&resize=525%2C300 1.5x, https:\/\/i0.wp.com\/mexicocodigorojo.com.mx\/wp-content\/uploads\/2025\/01\/a1539e9b-bf38-40bf-821a-726d27b5ec49-1.jpg?fit=1200%2C826&ssl=1&resize=700%2C400 2x, https:\/\/i0.wp.com\/mexicocodigorojo.com.mx\/wp-content\/uploads\/2025\/01\/a1539e9b-bf38-40bf-821a-726d27b5ec49-1.jpg?fit=1200%2C826&ssl=1&resize=1050%2C600 3x"},"classes":[]},{"id":64666,"url":"https:\/\/mexicocodigorojo.com.mx\/?p=64666","url_meta":{"origin":64772,"position":2},"title":"Chiapas se mantiene en primer lugar nacional en el Registro de Informaci\u00f3n Penitenciaria","author":"MexicoRojoCvmx","date":"agosto 14, 2025","format":false,"excerpt":"Tuxtla Guti\u00e9rrez, Chiapas. \u2013 La Secretar\u00eda de Seguridad del Pueblo (SSP), encabezada por el doctor y piloto aviador \u00d3scar Alberto Aparicio Avenda\u00f1o, inform\u00f3 que la entidad se mantiene en primer lugar nacional en el Registro Nacional de Informaci\u00f3n Penitenciaria (RNIP), tras superar las auditor\u00edas mensuales del Centro Nacional de Informaci\u00f3n.\u2026","rel":"","context":"En \u00abChiapas\u00bb","block_context":{"text":"Chiapas","link":"https:\/\/mexicocodigorojo.com.mx\/?cat=75"},"img":{"alt_text":"","src":"https:\/\/i0.wp.com\/mexicocodigorojo.com.mx\/wp-content\/uploads\/2025\/09\/En-calma-y-paz-poblacion-penitenciaria-en-el-Cerss-de-San-Cristobal-SSyPC-2-2.jpg?fit=1200%2C900&ssl=1&resize=350%2C200","width":350,"height":200,"srcset":"https:\/\/i0.wp.com\/mexicocodigorojo.com.mx\/wp-content\/uploads\/2025\/09\/En-calma-y-paz-poblacion-penitenciaria-en-el-Cerss-de-San-Cristobal-SSyPC-2-2.jpg?fit=1200%2C900&ssl=1&resize=350%2C200 1x, https:\/\/i0.wp.com\/mexicocodigorojo.com.mx\/wp-content\/uploads\/2025\/09\/En-calma-y-paz-poblacion-penitenciaria-en-el-Cerss-de-San-Cristobal-SSyPC-2-2.jpg?fit=1200%2C900&ssl=1&resize=525%2C300 1.5x, https:\/\/i0.wp.com\/mexicocodigorojo.com.mx\/wp-content\/uploads\/2025\/09\/En-calma-y-paz-poblacion-penitenciaria-en-el-Cerss-de-San-Cristobal-SSyPC-2-2.jpg?fit=1200%2C900&ssl=1&resize=700%2C400 2x, https:\/\/i0.wp.com\/mexicocodigorojo.com.mx\/wp-content\/uploads\/2025\/09\/En-calma-y-paz-poblacion-penitenciaria-en-el-Cerss-de-San-Cristobal-SSyPC-2-2.jpg?fit=1200%2C900&ssl=1&resize=1050%2C600 3x"},"classes":[]},{"id":65141,"url":"https:\/\/mexicocodigorojo.com.mx\/?p=65141","url_meta":{"origin":64772,"position":3},"title":"Chiapas se consolida como el estado m\u00e1s seguro de M\u00e9xico: liga dos meses liderando reducci\u00f3n de delitos","author":"Staff","date":"marzo 26, 2026","format":false,"excerpt":"Tuxtla Guti\u00e9rrez, Chiapas; 23 de marzo de 2026.\u2013 Por segundo mes consecutivo, Chiapas se posiciona en el primer lugar nacional en la reducci\u00f3n de delitos de alto impacto, consolid\u00e1ndose como la entidad con la menor incidencia delictiva en todo el pa\u00eds. De acuerdo con el informe m\u00e1s reciente del Secretariado\u2026","rel":"","context":"En \u00abChiapas\u00bb","block_context":{"text":"Chiapas","link":"https:\/\/mexicocodigorojo.com.mx\/?cat=75"},"img":{"alt_text":"","src":"https:\/\/i0.wp.com\/mexicocodigorojo.com.mx\/wp-content\/uploads\/2026\/03\/83a64706-875e-43de-a5fd-62e9a1766a1f.jpg?fit=1200%2C800&ssl=1&resize=350%2C200","width":350,"height":200,"srcset":"https:\/\/i0.wp.com\/mexicocodigorojo.com.mx\/wp-content\/uploads\/2026\/03\/83a64706-875e-43de-a5fd-62e9a1766a1f.jpg?fit=1200%2C800&ssl=1&resize=350%2C200 1x, https:\/\/i0.wp.com\/mexicocodigorojo.com.mx\/wp-content\/uploads\/2026\/03\/83a64706-875e-43de-a5fd-62e9a1766a1f.jpg?fit=1200%2C800&ssl=1&resize=525%2C300 1.5x, https:\/\/i0.wp.com\/mexicocodigorojo.com.mx\/wp-content\/uploads\/2026\/03\/83a64706-875e-43de-a5fd-62e9a1766a1f.jpg?fit=1200%2C800&ssl=1&resize=700%2C400 2x, https:\/\/i0.wp.com\/mexicocodigorojo.com.mx\/wp-content\/uploads\/2026\/03\/83a64706-875e-43de-a5fd-62e9a1766a1f.jpg?fit=1200%2C800&ssl=1&resize=1050%2C600 3x"},"classes":[]},{"id":64117,"url":"https:\/\/mexicocodigorojo.com.mx\/?p=64117","url_meta":{"origin":64772,"position":4},"title":"Chiapas refuerza vigilancia tur\u00edstica: SSP mantiene mesa de seguridad permanente en Semana Santa","author":"MexicoRojoCvmx","date":"abril 18, 2025","format":false,"excerpt":"Tuxtla Guti\u00e9rrez, Chiapas. \u2014 Con la finalidad de garantizar unas vacaciones seguras para las familias chiapanecas y visitantes, la Secretar\u00eda de Seguridad del Pueblo (SSP), encabezada por el Dr. y piloto aviador \u00d3scar Alberto Aparicio Avenda\u00f1o, mantiene una sesi\u00f3n permanente con la Mesa de Seguridad Estatal, supervisando en tiempo real\u2026","rel":"","context":"En \u00abChiapas\u00bb","block_context":{"text":"Chiapas","link":"https:\/\/mexicocodigorojo.com.mx\/?cat=75"},"img":{"alt_text":"","src":"https:\/\/i0.wp.com\/mexicocodigorojo.com.mx\/wp-content\/uploads\/2025\/05\/Captura-de-pantalla-2025-05-02-112534.jpg?fit=1200%2C771&ssl=1&resize=350%2C200","width":350,"height":200,"srcset":"https:\/\/i0.wp.com\/mexicocodigorojo.com.mx\/wp-content\/uploads\/2025\/05\/Captura-de-pantalla-2025-05-02-112534.jpg?fit=1200%2C771&ssl=1&resize=350%2C200 1x, https:\/\/i0.wp.com\/mexicocodigorojo.com.mx\/wp-content\/uploads\/2025\/05\/Captura-de-pantalla-2025-05-02-112534.jpg?fit=1200%2C771&ssl=1&resize=525%2C300 1.5x, https:\/\/i0.wp.com\/mexicocodigorojo.com.mx\/wp-content\/uploads\/2025\/05\/Captura-de-pantalla-2025-05-02-112534.jpg?fit=1200%2C771&ssl=1&resize=700%2C400 2x, https:\/\/i0.wp.com\/mexicocodigorojo.com.mx\/wp-content\/uploads\/2025\/05\/Captura-de-pantalla-2025-05-02-112534.jpg?fit=1200%2C771&ssl=1&resize=1050%2C600 3x"},"classes":[]},{"id":64775,"url":"https:\/\/mexicocodigorojo.com.mx\/?p=64775","url_meta":{"origin":64772,"position":5},"title":"SSP participa en la conmemoraci\u00f3n del 201 Aniversario de la Federaci\u00f3n de Chiapas a M\u00e9xico","author":"MexicoRojoCvmx","date":"septiembre 14, 2025","format":false,"excerpt":"Tuxtla Guti\u00e9rrez, Chiapas \u2013 En un acto solemne realizado en el Parque Bicentenario, frente al Monumento a la Federaci\u00f3n de Chiapas a M\u00e9xico, autoridades de los tres niveles de gobierno encabezaron la ceremonia por el 201 Aniversario de la Federaci\u00f3n de Chiapas a M\u00e9xico. El secretario de Seguridad del Pueblo,\u2026","rel":"","context":"En \u00abChiapas\u00bb","block_context":{"text":"Chiapas","link":"https:\/\/mexicocodigorojo.com.mx\/?cat=75"},"img":{"alt_text":"","src":"https:\/\/i0.wp.com\/mexicocodigorojo.com.mx\/wp-content\/uploads\/2025\/09\/WhatsApp-Image-2025-09-15-at-8.10.04-AM.jpeg?fit=1040%2C694&ssl=1&resize=350%2C200","width":350,"height":200,"srcset":"https:\/\/i0.wp.com\/mexicocodigorojo.com.mx\/wp-content\/uploads\/2025\/09\/WhatsApp-Image-2025-09-15-at-8.10.04-AM.jpeg?fit=1040%2C694&ssl=1&resize=350%2C200 1x, https:\/\/i0.wp.com\/mexicocodigorojo.com.mx\/wp-content\/uploads\/2025\/09\/WhatsApp-Image-2025-09-15-at-8.10.04-AM.jpeg?fit=1040%2C694&ssl=1&resize=525%2C300 1.5x, https:\/\/i0.wp.com\/mexicocodigorojo.com.mx\/wp-content\/uploads\/2025\/09\/WhatsApp-Image-2025-09-15-at-8.10.04-AM.jpeg?fit=1040%2C694&ssl=1&resize=700%2C400 2x"},"classes":[]}],"jetpack_sharing_enabled":true,"jetpack_likes_enabled":true,"jetpack_shortlink":"https:\/\/wp.me\/p9TedA-gQI","_links":{"self":[{"href":"https:\/\/mexicocodigorojo.com.mx\/index.php?rest_route=\/wp\/v2\/posts\/64772","targetHints":{"allow":["GET"]}}],"collection":[{"href":"https:\/\/mexicocodigorojo.com.mx\/index.php?rest_route=\/wp\/v2\/posts"}],"about":[{"href":"https:\/\/mexicocodigorojo.com.mx\/index.php?rest_route=\/wp\/v2\/types\/post"}],"author":[{"embeddable":true,"href":"https:\/\/mexicocodigorojo.com.mx\/index.php?rest_route=\/wp\/v2\/users\/21"}],"replies":[{"embeddable":true,"href":"https:\/\/mexicocodigorojo.com.mx\/index.php?rest_route=%2Fwp%2Fv2%2Fcomments&post=64772"}],"version-history":[{"count":1,"href":"https:\/\/mexicocodigorojo.com.mx\/index.php?rest_route=\/wp\/v2\/posts\/64772\/revisions"}],"predecessor-version":[{"id":64774,"href":"https:\/\/mexicocodigorojo.com.mx\/index.php?rest_route=\/wp\/v2\/posts\/64772\/revisions\/64774"}],"wp:featuredmedia":[{"embeddable":true,"href":"https:\/\/mexicocodigorojo.com.mx\/index.php?rest_route=\/wp\/v2\/media\/64773"}],"wp:attachment":[{"href":"https:\/\/mexicocodigorojo.com.mx\/index.php?rest_route=%2Fwp%2Fv2%2Fmedia&parent=64772"}],"wp:term":[{"taxonomy":"category","embeddable":true,"href":"https:\/\/mexicocodigorojo.com.mx\/index.php?rest_route=%2Fwp%2Fv2%2Fcategories&post=64772"},{"taxonomy":"post_tag","embeddable":true,"href":"https:\/\/mexicocodigorojo.com.mx\/index.php?rest_route=%2Fwp%2Fv2%2Ftags&post=64772"}],"curies":[{"name":"wp","href":"https:\/\/api.w.org\/{rel}","templated":true}]}}