{"id":64766,"date":"2025-09-09T12:33:42","date_gmt":"2025-09-09T18:33:42","guid":{"rendered":"https:\/\/mexicocodigorojo.com.mx\/?p=64766"},"modified":"2025-09-28T12:34:43","modified_gmt":"2025-09-28T18:34:43","slug":"ssp-refuerza-c5-escudo-pakal-con-nueva-estrategia-tecnologica-en-chiapas","status":"publish","type":"post","link":"https:\/\/mexicocodigorojo.com.mx\/?p=64766","title":{"rendered":"SSP refuerza C5 Escudo Pakal con nueva estrategia tecnol\u00f3gica en Chiapas"},"content":{"rendered":"<p data-start=\"208\" data-end=\"544\"><strong data-start=\"208\" data-end=\"264\">Tuxtla Guti\u00e9rrez<\/strong>\u00a0\u2013 La Secretar\u00eda de Seguridad del Pueblo (SSP) sostuvo una reuni\u00f3n de trabajo encabezada por su titular, <strong data-start=\"369\" data-end=\"404\">\u00d3scar Alberto Aparicio Avenda\u00f1o<\/strong>, con el prop\u00f3sito de continuar el fortalecimiento del <strong data-start=\"459\" data-end=\"478\">C5 Escudo Pakal<\/strong>, centro estrat\u00e9gico de vigilancia y coordinaci\u00f3n en la entidad.<\/p>\n<p data-start=\"546\" data-end=\"937\">En el encuentro participaron el subsecretario de Seguridad del Pueblo, <strong data-start=\"617\" data-end=\"644\">\u00c1lvaro Serrano Escobedo<\/strong>, y el coordinador general de Administraci\u00f3n y Finanzas, <strong data-start=\"701\" data-end=\"732\">Hugo Alejandro Z\u00fa\u00f1iga Rom\u00e1n<\/strong>, quienes junto al secretario delinearon objetivos puntuales: <strong data-start=\"794\" data-end=\"934\">ampliar la cobertura tecnol\u00f3gica, mejorar la capacidad operativa y optimizar la respuesta ante emergencias en todo el territorio estatal<\/strong>.<\/p>\n<p data-start=\"939\" data-end=\"1397\">Entre las acciones planteadas se encuentra la expansi\u00f3n del sistema de videovigilancia mediante la instalaci\u00f3n de <strong data-start=\"1053\" data-end=\"1102\">nuevas c\u00e1maras urbanas en puntos estrat\u00e9gicos<\/strong>, el refuerzo de la red de comunicaciones, la implementaci\u00f3n de <strong data-start=\"1166\" data-end=\"1214\">arcos carreteros para el monitoreo vehicular<\/strong> y la actualizaci\u00f3n de la plataforma inteligente del C5. Tambi\u00e9n se acord\u00f3 dar mantenimiento preventivo y correctivo a la infraestructura ya existente para garantizar su eficiencia.<\/p>\n<p data-start=\"1399\" data-end=\"1600\">De acuerdo con la dependencia, estas mejoras permitir\u00e1n <strong data-start=\"1455\" data-end=\"1491\">reducir los tiempos de respuesta<\/strong>, facilitar el reporte ciudadano de incidentes y reforzar la seguridad tanto en zonas urbanas como rurales.<\/p>\n<p data-start=\"1602\" data-end=\"1862\">El secretario Aparicio Avenda\u00f1o destac\u00f3 que la coordinaci\u00f3n responde al compromiso del gobernador <strong data-start=\"1700\" data-end=\"1727\">Eduardo Ram\u00edrez Aguilar<\/strong> de consolidar mecanismos de control y vigilancia modernos, garantizando mayor eficiencia en los procedimientos de seguridad p\u00fablica.<\/p>\n<p data-start=\"1864\" data-end=\"2067\">Con estas acciones, la SSP subray\u00f3 que bajo la estrategia de la <strong data-start=\"1928\" data-end=\"1941\">Nueva ERA<\/strong> se apuesta por el uso de <strong data-start=\"1967\" data-end=\"1990\">tecnolog\u00eda de punta<\/strong> para prevenir delitos, salvar vidas y consolidar la paz social en Chiapas.<\/p>\n","protected":false},"excerpt":{"rendered":"<p>Tuxtla Guti\u00e9rrez\u00a0\u2013 La Secretar\u00eda de Seguridad del Pueblo (SSP) sostuvo una reuni\u00f3n de trabajo encabezada por su titular, \u00d3scar Alberto Aparicio Avenda\u00f1o, con el prop\u00f3sito de continuar el fortalecimiento del C5 Escudo Pakal, centro estrat\u00e9gico de vigilancia y coordinaci\u00f3n en la entidad. En el encuentro participaron el subsecretario de Seguridad del Pueblo, \u00c1lvaro Serrano Escobedo, [&hellip;]<\/p>\n","protected":false},"author":21,"featured_media":64767,"comment_status":"open","ping_status":"open","sticky":false,"template":"","format":"standard","meta":{"_uf_show_specific_survey":0,"_uf_disable_surveys":false,"advanced_seo_description":"","jetpack_seo_html_title":"","jetpack_seo_noindex":false,"jetpack_post_was_ever_published":false,"_jetpack_newsletter_access":"","_jetpack_dont_email_post_to_subs":false,"_jetpack_newsletter_tier_id":0,"_jetpack_memberships_contains_paywalled_content":false,"_jetpack_memberships_contains_paid_content":false,"footnotes":"","jetpack_publicize_message":"","jetpack_publicize_feature_enabled":true,"jetpack_social_post_already_shared":true,"jetpack_social_options":{"image_generator_settings":{"template":"highway","default_image_id":0,"font":"","enabled":false},"version":2}},"categories":[75,1724],"tags":[],"class_list":{"0":"post-64766","1":"post","2":"type-post","3":"status-publish","4":"format-standard","5":"has-post-thumbnail","7":"category-chiapas","8":"category-featured"},"jetpack_publicize_connections":[],"jetpack_featured_media_url":"https:\/\/i0.wp.com\/mexicocodigorojo.com.mx\/wp-content\/uploads\/2025\/09\/WhatsApp-Image-2025-09-08-at-6.11.32-PM.jpeg?fit=1040%2C694&ssl=1","jetpack-related-posts":[{"id":64360,"url":"https:\/\/mexicocodigorojo.com.mx\/?p=64360","url_meta":{"origin":64766,"position":0},"title":"SSP difunde n\u00famero de emergencias y denuncia an\u00f3nima en los municipios de Cintalapa y Palenque","author":"MexicoRojoCvmx","date":"julio 3, 2025","format":false,"excerpt":"La Secretar\u00eda de Seguridad del Pueblo (SSP) que encabeza el doctor y piloto aviador, \u00d3scar Alberto Aparicio Avenda\u00f1o a trav\u00e9s de la Direcci\u00f3n Estatal de Coordinaci\u00f3n, Control, Comando, Comunicaci\u00f3n y Computo (C5) Escudo Pakal, imparti\u00f3 pl\u00e1ticas informativas sobre el uso correcto de los n\u00fameros de emergencia, denuncia an\u00f3nima y aplicativo\u2026","rel":"","context":"En \u00abChiapas\u00bb","block_context":{"text":"Chiapas","link":"https:\/\/mexicocodigorojo.com.mx\/?cat=75"},"img":{"alt_text":"","src":"https:\/\/i0.wp.com\/mexicocodigorojo.com.mx\/wp-content\/uploads\/2025\/07\/WhatsApp-Image-2025-07-05-at-6.51.48-AM.jpeg?fit=1200%2C553&ssl=1&resize=350%2C200","width":350,"height":200,"srcset":"https:\/\/i0.wp.com\/mexicocodigorojo.com.mx\/wp-content\/uploads\/2025\/07\/WhatsApp-Image-2025-07-05-at-6.51.48-AM.jpeg?fit=1200%2C553&ssl=1&resize=350%2C200 1x, https:\/\/i0.wp.com\/mexicocodigorojo.com.mx\/wp-content\/uploads\/2025\/07\/WhatsApp-Image-2025-07-05-at-6.51.48-AM.jpeg?fit=1200%2C553&ssl=1&resize=525%2C300 1.5x, https:\/\/i0.wp.com\/mexicocodigorojo.com.mx\/wp-content\/uploads\/2025\/07\/WhatsApp-Image-2025-07-05-at-6.51.48-AM.jpeg?fit=1200%2C553&ssl=1&resize=700%2C400 2x, https:\/\/i0.wp.com\/mexicocodigorojo.com.mx\/wp-content\/uploads\/2025\/07\/WhatsApp-Image-2025-07-05-at-6.51.48-AM.jpeg?fit=1200%2C553&ssl=1&resize=1050%2C600 3x"},"classes":[]},{"id":65035,"url":"https:\/\/mexicocodigorojo.com.mx\/?p=65035","url_meta":{"origin":64766,"position":1},"title":"Hist\u00f3rica transformaci\u00f3n de la seguridad en Chiapas: M\u00e1s tecnolog\u00eda, mejor equipo y sueldos dignos","author":"Staff","date":"enero 14, 2026","format":false,"excerpt":"Tuxtla Guti\u00e9rrez, Chiapas; 14 de enero de 2026. \u2014 Bajo la visi\u00f3n estrat\u00e9gica del gobernador Eduardo Ram\u00edrez Aguilar, el estado de Chiapas consolida una era de paz y protecci\u00f3n ciudadana. El titular de la Secretar\u00eda de Seguridad del Pueblo (SSP), \u00d3scar Alberto Aparicio Avenda\u00f1o, anunci\u00f3 un robustecimiento sin precedentes en\u2026","rel":"","context":"En \u00abChiapas\u00bb","block_context":{"text":"Chiapas","link":"https:\/\/mexicocodigorojo.com.mx\/?cat=75"},"img":{"alt_text":"","src":"https:\/\/i0.wp.com\/mexicocodigorojo.com.mx\/wp-content\/uploads\/2026\/01\/57e10893-488d-4c2b-b9e0-4a51ec544067.jpg?fit=1200%2C675&ssl=1&resize=350%2C200","width":350,"height":200,"srcset":"https:\/\/i0.wp.com\/mexicocodigorojo.com.mx\/wp-content\/uploads\/2026\/01\/57e10893-488d-4c2b-b9e0-4a51ec544067.jpg?fit=1200%2C675&ssl=1&resize=350%2C200 1x, https:\/\/i0.wp.com\/mexicocodigorojo.com.mx\/wp-content\/uploads\/2026\/01\/57e10893-488d-4c2b-b9e0-4a51ec544067.jpg?fit=1200%2C675&ssl=1&resize=525%2C300 1.5x, https:\/\/i0.wp.com\/mexicocodigorojo.com.mx\/wp-content\/uploads\/2026\/01\/57e10893-488d-4c2b-b9e0-4a51ec544067.jpg?fit=1200%2C675&ssl=1&resize=700%2C400 2x, https:\/\/i0.wp.com\/mexicocodigorojo.com.mx\/wp-content\/uploads\/2026\/01\/57e10893-488d-4c2b-b9e0-4a51ec544067.jpg?fit=1200%2C675&ssl=1&resize=1050%2C600 3x"},"classes":[]},{"id":64769,"url":"https:\/\/mexicocodigorojo.com.mx\/?p=64769","url_meta":{"origin":64766,"position":2},"title":"SSP impulsa Comit\u00e9s Vecinales de Seguridad en colonias de Tuxtla Guti\u00e9rrez","author":"MexicoRojoCvmx","date":"septiembre 10, 2025","format":false,"excerpt":"Tuxtla Guti\u00e9rrez, Chiapas. \u2013 Con el prop\u00f3sito de fortalecer la organizaci\u00f3n ciudadana como pilar en la prevenci\u00f3n del delito, la Secretar\u00eda de Seguridad del Pueblo (SSP), a trav\u00e9s de la Unidad de Prevenci\u00f3n del Delito y Pol\u00edtica Criminal y en coordinaci\u00f3n con la Guardia Estatal Preventiva, encabez\u00f3 la instalaci\u00f3n de\u2026","rel":"","context":"En \u00abChiapas\u00bb","block_context":{"text":"Chiapas","link":"https:\/\/mexicocodigorojo.com.mx\/?cat=75"},"img":{"alt_text":"","src":"https:\/\/i0.wp.com\/mexicocodigorojo.com.mx\/wp-content\/uploads\/2025\/09\/WhatsApp-Image-2025-09-09-at-12.45.41-PM.jpeg?fit=1200%2C532&ssl=1&resize=350%2C200","width":350,"height":200,"srcset":"https:\/\/i0.wp.com\/mexicocodigorojo.com.mx\/wp-content\/uploads\/2025\/09\/WhatsApp-Image-2025-09-09-at-12.45.41-PM.jpeg?fit=1200%2C532&ssl=1&resize=350%2C200 1x, https:\/\/i0.wp.com\/mexicocodigorojo.com.mx\/wp-content\/uploads\/2025\/09\/WhatsApp-Image-2025-09-09-at-12.45.41-PM.jpeg?fit=1200%2C532&ssl=1&resize=525%2C300 1.5x, https:\/\/i0.wp.com\/mexicocodigorojo.com.mx\/wp-content\/uploads\/2025\/09\/WhatsApp-Image-2025-09-09-at-12.45.41-PM.jpeg?fit=1200%2C532&ssl=1&resize=700%2C400 2x, https:\/\/i0.wp.com\/mexicocodigorojo.com.mx\/wp-content\/uploads\/2025\/09\/WhatsApp-Image-2025-09-09-at-12.45.41-PM.jpeg?fit=1200%2C532&ssl=1&resize=1050%2C600 3x"},"classes":[]},{"id":64249,"url":"https:\/\/mexicocodigorojo.com.mx\/?p=64249","url_meta":{"origin":64766,"position":3},"title":"Presentan la unidad Kanan: centro m\u00f3vil de seguridad para zonas vulnerables de Chiapas","author":"MexicoRojoCvmx","date":"mayo 12, 2025","format":false,"excerpt":"Con el objetivo de garantizar seguridad en regiones hist\u00f3ricamente desatendidas y fortalecer la gobernabilidad en zonas de alta vulnerabilidad, el gobierno de Chiapas, encabezado por Eduardo Ram\u00edrez Aguilar, y la Secretar\u00eda de Seguridad del Pueblo (SSP), liderada por el doctor y piloto aviador \u00d3scar Alberto Aparicio Avenda\u00f1o, presentaron la primera\u2026","rel":"","context":"En \u00abChiapas\u00bb","block_context":{"text":"Chiapas","link":"https:\/\/mexicocodigorojo.com.mx\/?cat=75"},"img":{"alt_text":"","src":"https:\/\/i0.wp.com\/mexicocodigorojo.com.mx\/wp-content\/uploads\/2025\/06\/nn146.jpg?fit=1200%2C799&ssl=1&resize=350%2C200","width":350,"height":200,"srcset":"https:\/\/i0.wp.com\/mexicocodigorojo.com.mx\/wp-content\/uploads\/2025\/06\/nn146.jpg?fit=1200%2C799&ssl=1&resize=350%2C200 1x, https:\/\/i0.wp.com\/mexicocodigorojo.com.mx\/wp-content\/uploads\/2025\/06\/nn146.jpg?fit=1200%2C799&ssl=1&resize=525%2C300 1.5x, https:\/\/i0.wp.com\/mexicocodigorojo.com.mx\/wp-content\/uploads\/2025\/06\/nn146.jpg?fit=1200%2C799&ssl=1&resize=700%2C400 2x, https:\/\/i0.wp.com\/mexicocodigorojo.com.mx\/wp-content\/uploads\/2025\/06\/nn146.jpg?fit=1200%2C799&ssl=1&resize=1050%2C600 3x"},"classes":[]},{"id":65042,"url":"https:\/\/mexicocodigorojo.com.mx\/?p=65042","url_meta":{"origin":64766,"position":4},"title":"Refuerza SSP seguridad en Chiapas: Se integran 100 nuevos elementos a la Fuerza Pakal","author":"Staff","date":"febrero 9, 2026","format":false,"excerpt":"Tuxtla Guti\u00e9rrez, Chiapas; 07 de febrero de 2026.\u2013 En un paso decisivo para consolidar la paz y el orden en la entidad, la Secretar\u00eda de Seguridad del Pueblo (SSP) anunci\u00f3 la incorporaci\u00f3n de 100 nuevos elementos a las filas de la Fuerza de Reacci\u00f3n Inmediata Pakal (FRIP). Esta acci\u00f3n, impulsada\u2026","rel":"","context":"En \u00abChiapas\u00bb","block_context":{"text":"Chiapas","link":"https:\/\/mexicocodigorojo.com.mx\/?cat=75"},"img":{"alt_text":"","src":"https:\/\/i0.wp.com\/mexicocodigorojo.com.mx\/wp-content\/uploads\/2026\/02\/6b352df6-3ce9-44d7-aabb-e046038d3ff8.jpg?fit=1200%2C801&ssl=1&resize=350%2C200","width":350,"height":200,"srcset":"https:\/\/i0.wp.com\/mexicocodigorojo.com.mx\/wp-content\/uploads\/2026\/02\/6b352df6-3ce9-44d7-aabb-e046038d3ff8.jpg?fit=1200%2C801&ssl=1&resize=350%2C200 1x, https:\/\/i0.wp.com\/mexicocodigorojo.com.mx\/wp-content\/uploads\/2026\/02\/6b352df6-3ce9-44d7-aabb-e046038d3ff8.jpg?fit=1200%2C801&ssl=1&resize=525%2C300 1.5x, https:\/\/i0.wp.com\/mexicocodigorojo.com.mx\/wp-content\/uploads\/2026\/02\/6b352df6-3ce9-44d7-aabb-e046038d3ff8.jpg?fit=1200%2C801&ssl=1&resize=700%2C400 2x, https:\/\/i0.wp.com\/mexicocodigorojo.com.mx\/wp-content\/uploads\/2026\/02\/6b352df6-3ce9-44d7-aabb-e046038d3ff8.jpg?fit=1200%2C801&ssl=1&resize=1050%2C600 3x"},"classes":[]},{"id":64791,"url":"https:\/\/mexicocodigorojo.com.mx\/?p=64791","url_meta":{"origin":64766,"position":5},"title":"Detienen a hombre armado por usurpaci\u00f3n de funciones y presuntos delitos contra la salud en Tuxtla Chico","author":"MexicoRojoCvmx","date":"septiembre 22, 2025","format":false,"excerpt":"Tuxtla Chico, Chiapas. \u2013 En un operativo interinstitucional, elementos de la Guardia Estatal Fronteriza, la Guardia Estatal Preventiva y la Fuerza de Reacci\u00f3n Inmediata Pakal (FRIP), en coordinaci\u00f3n con la Fiscal\u00eda General del Estado (FGE) y la Polic\u00eda Municipal, detuvieron a un hombre se\u00f1alado por los probables delitos de portaci\u00f3n\u2026","rel":"","context":"En \u00abChiapas\u00bb","block_context":{"text":"Chiapas","link":"https:\/\/mexicocodigorojo.com.mx\/?cat=75"},"img":{"alt_text":"","src":"https:\/\/i0.wp.com\/mexicocodigorojo.com.mx\/wp-content\/uploads\/2025\/09\/WhatsApp-Image-2025-09-22-at-6.55.09-AM.jpeg?fit=1200%2C675&ssl=1&resize=350%2C200","width":350,"height":200,"srcset":"https:\/\/i0.wp.com\/mexicocodigorojo.com.mx\/wp-content\/uploads\/2025\/09\/WhatsApp-Image-2025-09-22-at-6.55.09-AM.jpeg?fit=1200%2C675&ssl=1&resize=350%2C200 1x, https:\/\/i0.wp.com\/mexicocodigorojo.com.mx\/wp-content\/uploads\/2025\/09\/WhatsApp-Image-2025-09-22-at-6.55.09-AM.jpeg?fit=1200%2C675&ssl=1&resize=525%2C300 1.5x, https:\/\/i0.wp.com\/mexicocodigorojo.com.mx\/wp-content\/uploads\/2025\/09\/WhatsApp-Image-2025-09-22-at-6.55.09-AM.jpeg?fit=1200%2C675&ssl=1&resize=700%2C400 2x, https:\/\/i0.wp.com\/mexicocodigorojo.com.mx\/wp-content\/uploads\/2025\/09\/WhatsApp-Image-2025-09-22-at-6.55.09-AM.jpeg?fit=1200%2C675&ssl=1&resize=1050%2C600 3x"},"classes":[]}],"jetpack_sharing_enabled":true,"jetpack_likes_enabled":true,"jetpack_shortlink":"https:\/\/wp.me\/p9TedA-gQC","_links":{"self":[{"href":"https:\/\/mexicocodigorojo.com.mx\/index.php?rest_route=\/wp\/v2\/posts\/64766","targetHints":{"allow":["GET"]}}],"collection":[{"href":"https:\/\/mexicocodigorojo.com.mx\/index.php?rest_route=\/wp\/v2\/posts"}],"about":[{"href":"https:\/\/mexicocodigorojo.com.mx\/index.php?rest_route=\/wp\/v2\/types\/post"}],"author":[{"embeddable":true,"href":"https:\/\/mexicocodigorojo.com.mx\/index.php?rest_route=\/wp\/v2\/users\/21"}],"replies":[{"embeddable":true,"href":"https:\/\/mexicocodigorojo.com.mx\/index.php?rest_route=%2Fwp%2Fv2%2Fcomments&post=64766"}],"version-history":[{"count":1,"href":"https:\/\/mexicocodigorojo.com.mx\/index.php?rest_route=\/wp\/v2\/posts\/64766\/revisions"}],"predecessor-version":[{"id":64768,"href":"https:\/\/mexicocodigorojo.com.mx\/index.php?rest_route=\/wp\/v2\/posts\/64766\/revisions\/64768"}],"wp:featuredmedia":[{"embeddable":true,"href":"https:\/\/mexicocodigorojo.com.mx\/index.php?rest_route=\/wp\/v2\/media\/64767"}],"wp:attachment":[{"href":"https:\/\/mexicocodigorojo.com.mx\/index.php?rest_route=%2Fwp%2Fv2%2Fmedia&parent=64766"}],"wp:term":[{"taxonomy":"category","embeddable":true,"href":"https:\/\/mexicocodigorojo.com.mx\/index.php?rest_route=%2Fwp%2Fv2%2Fcategories&post=64766"},{"taxonomy":"post_tag","embeddable":true,"href":"https:\/\/mexicocodigorojo.com.mx\/index.php?rest_route=%2Fwp%2Fv2%2Ftags&post=64766"}],"curies":[{"name":"wp","href":"https:\/\/api.w.org\/{rel}","templated":true}]}}