{"id":64669,"date":"2025-08-15T12:49:38","date_gmt":"2025-08-15T18:49:38","guid":{"rendered":"https:\/\/mexicocodigorojo.com.mx\/?p=64669"},"modified":"2025-09-01T12:51:51","modified_gmt":"2025-09-01T18:51:51","slug":"secretario-de-seguridad-del-pueblo-marca-un-hito-historico-al-reunirse-con-la-policia-rural-de-huehuetan","status":"publish","type":"post","link":"https:\/\/mexicocodigorojo.com.mx\/?p=64669","title":{"rendered":"Secretario de Seguridad del Pueblo marca un hito hist\u00f3rico al reunirse con la Polic\u00eda Rural de Huehuet\u00e1n"},"content":{"rendered":"<p data-start=\"220\" data-end=\"560\"><strong data-start=\"220\" data-end=\"243\">Huehuet\u00e1n, Chiapas.<\/strong> \u2013 En un hecho sin precedentes para la seguridad en la entidad, el secretario de Seguridad del Pueblo, <strong data-start=\"346\" data-end=\"405\">doctor y piloto aviador \u00d3scar Alberto Aparicio Avenda\u00f1o<\/strong>, se convirti\u00f3 en el primer titular de la dependencia en sostener una reuni\u00f3n formal con la <strong data-start=\"497\" data-end=\"514\">Polic\u00eda Rural<\/strong> de la Zona Alta del municipio de Huehuet\u00e1n.<\/p>\n<p data-start=\"562\" data-end=\"950\">El encuentro, realizado con la presencia del presidente municipal <strong data-start=\"628\" data-end=\"649\">Sixto L\u00f3pez P\u00e9rez<\/strong>, el comandante del Sector V de la Guardia Estatal Preventiva, <strong data-start=\"712\" data-end=\"730\">Jorge Mart\u00ednez<\/strong>, y el fiscal de Distrito Fronterizo Costa, <strong data-start=\"774\" data-end=\"791\">Pablo Li\u00e9vano<\/strong>, reuni\u00f3 a representantes de <strong data-start=\"820\" data-end=\"846\">19 comunidades rurales<\/strong>, marcando un avance significativo en materia de proximidad institucional y coordinaci\u00f3n de esfuerzos.<\/p>\n<p data-start=\"952\" data-end=\"1242\">Durante la sesi\u00f3n de trabajo, se escucharon de manera directa las inquietudes, necesidades y propuestas de los polic\u00edas rurales, logrando acuerdos orientados a mejorar las condiciones laborales y de operatividad, con el objetivo de garantizar la tranquilidad de la poblaci\u00f3n de Huehuet\u00e1n.<\/p>\n<p data-start=\"1244\" data-end=\"1342\">El titular de la SSP destac\u00f3 que la seguridad de Chiapas se fortalece desde la base comunitaria:<\/p>\n<blockquote data-start=\"1343\" data-end=\"1582\">\n<p data-start=\"1345\" data-end=\"1582\"><em data-start=\"1345\" data-end=\"1552\">\u201cHoy m\u00e1s que nunca tenemos la oportunidad de apostarle a la seguridad de las y los ciudadanos. Nuestro deber es mantener una Secretar\u00eda cercana, solidaria y comprometida con la salvaguarda de la poblaci\u00f3n\u201d<\/em>, expres\u00f3 Aparicio Avenda\u00f1o.<\/p>\n<\/blockquote>\n<p data-start=\"1584\" data-end=\"1878\">Los polic\u00edas rurales reconocieron la voluntad pol\u00edtica del gobernador <strong data-start=\"1654\" data-end=\"1681\">Eduardo Ram\u00edrez Aguilar<\/strong>, as\u00ed como la apertura del secretario de Seguridad del Pueblo por acercarse directamente a quienes, desde las comunidades, realizan tareas diarias de vigilancia y protecci\u00f3n en las zonas rurales.<\/p>\n<p data-start=\"1880\" data-end=\"2162\">Con este tipo de reuniones hist\u00f3ricas, la <strong data-start=\"1922\" data-end=\"1960\">Secretar\u00eda de Seguridad del Pueblo<\/strong> refrenda, en el marco de la <em data-start=\"1989\" data-end=\"2000\">Nueva ERA<\/em>, su compromiso de trabajar en unidad con todas las regiones del estado, fortaleciendo las estrategias conjuntas para garantizar un <strong data-start=\"2132\" data-end=\"2159\">Chiapas seguro y en paz<\/strong>.<\/p>\n","protected":false},"excerpt":{"rendered":"<p>Huehuet\u00e1n, Chiapas. \u2013 En un hecho sin precedentes para la seguridad en la entidad, el secretario de Seguridad del Pueblo, doctor y piloto aviador \u00d3scar Alberto Aparicio Avenda\u00f1o, se convirti\u00f3 en el primer titular de la dependencia en sostener una reuni\u00f3n formal con la Polic\u00eda Rural de la Zona Alta del municipio de Huehuet\u00e1n. El [&hellip;]<\/p>\n","protected":false},"author":21,"featured_media":64670,"comment_status":"open","ping_status":"open","sticky":false,"template":"","format":"standard","meta":{"_uf_show_specific_survey":0,"_uf_disable_surveys":false,"advanced_seo_description":"","jetpack_seo_html_title":"","jetpack_seo_noindex":false,"jetpack_post_was_ever_published":false,"_jetpack_newsletter_access":"","_jetpack_dont_email_post_to_subs":false,"_jetpack_newsletter_tier_id":0,"_jetpack_memberships_contains_paywalled_content":false,"_jetpack_memberships_contains_paid_content":false,"footnotes":"","jetpack_publicize_message":"","jetpack_publicize_feature_enabled":true,"jetpack_social_post_already_shared":true,"jetpack_social_options":{"image_generator_settings":{"template":"highway","default_image_id":0,"font":"","enabled":false},"version":2}},"categories":[75,1724],"tags":[],"class_list":{"0":"post-64669","1":"post","2":"type-post","3":"status-publish","4":"format-standard","5":"has-post-thumbnail","7":"category-chiapas","8":"category-featured"},"jetpack_publicize_connections":[],"jetpack_featured_media_url":"https:\/\/i0.wp.com\/mexicocodigorojo.com.mx\/wp-content\/uploads\/2025\/09\/nn452.jpg?fit=1600%2C897&ssl=1","jetpack-related-posts":[{"id":64805,"url":"https:\/\/mexicocodigorojo.com.mx\/?p=64805","url_meta":{"origin":64669,"position":0},"title":"SSP sostiene reuni\u00f3n con mandos en Tapachula para reforzar estrategias de seguridad","author":"MexicoRojoCvmx","date":"septiembre 25, 2025","format":false,"excerpt":"Tapachula, Chiapas; 25 de septiembre de 2025. \u2013 Con el prop\u00f3sito de fortalecer la estrategia de seguridad en la regi\u00f3n Soconusco, el secretario de Seguridad del Pueblo, \u00d3scar Alberto Aparicio Avenda\u00f1o, encabez\u00f3 una reuni\u00f3n de trabajo con mandos de la Secretar\u00eda de Seguridad del Pueblo (SSP), de la Fiscal\u00eda General\u2026","rel":"","context":"En \u00abChiapas\u00bb","block_context":{"text":"Chiapas","link":"https:\/\/mexicocodigorojo.com.mx\/?cat=75"},"img":{"alt_text":"","src":"https:\/\/i0.wp.com\/mexicocodigorojo.com.mx\/wp-content\/uploads\/2025\/09\/Captura-de-pantalla-2025-09-28-132034.jpg?fit=1200%2C635&ssl=1&resize=350%2C200","width":350,"height":200,"srcset":"https:\/\/i0.wp.com\/mexicocodigorojo.com.mx\/wp-content\/uploads\/2025\/09\/Captura-de-pantalla-2025-09-28-132034.jpg?fit=1200%2C635&ssl=1&resize=350%2C200 1x, https:\/\/i0.wp.com\/mexicocodigorojo.com.mx\/wp-content\/uploads\/2025\/09\/Captura-de-pantalla-2025-09-28-132034.jpg?fit=1200%2C635&ssl=1&resize=525%2C300 1.5x, https:\/\/i0.wp.com\/mexicocodigorojo.com.mx\/wp-content\/uploads\/2025\/09\/Captura-de-pantalla-2025-09-28-132034.jpg?fit=1200%2C635&ssl=1&resize=700%2C400 2x, https:\/\/i0.wp.com\/mexicocodigorojo.com.mx\/wp-content\/uploads\/2025\/09\/Captura-de-pantalla-2025-09-28-132034.jpg?fit=1200%2C635&ssl=1&resize=1050%2C600 3x"},"classes":[]},{"id":65121,"url":"https:\/\/mexicocodigorojo.com.mx\/?p=65121","url_meta":{"origin":64669,"position":1},"title":"Chiapas se consolida como referente nacional en seguridad bajo el liderazgo de \u00d3scar Alberto Aparicio","author":"Staff","date":"marzo 6, 2026","format":false,"excerpt":"TUXTLA GUTI\u00c9RREZ, CHIAPAS; 04 de marzo de 2026.\u2013 En un ejercicio de transparencia y an\u00e1lisis estrat\u00e9gico, el Secretario de Seguridad del Pueblo, \u00d3scar Alberto Aparicio Avenda\u00f1o, destac\u00f3 que Chiapas hoy se posiciona como un modelo de seguridad a nivel nacional. Durante la presentaci\u00f3n del libro \u201cChiapas en el camino de\u2026","rel":"","context":"En \u00abChiapas\u00bb","block_context":{"text":"Chiapas","link":"https:\/\/mexicocodigorojo.com.mx\/?cat=75"},"img":{"alt_text":"","src":"https:\/\/i0.wp.com\/mexicocodigorojo.com.mx\/wp-content\/uploads\/2026\/03\/62942cf9-49f9-4085-82ce-1e120b77d24e.jpg?fit=1200%2C756&ssl=1&resize=350%2C200","width":350,"height":200,"srcset":"https:\/\/i0.wp.com\/mexicocodigorojo.com.mx\/wp-content\/uploads\/2026\/03\/62942cf9-49f9-4085-82ce-1e120b77d24e.jpg?fit=1200%2C756&ssl=1&resize=350%2C200 1x, https:\/\/i0.wp.com\/mexicocodigorojo.com.mx\/wp-content\/uploads\/2026\/03\/62942cf9-49f9-4085-82ce-1e120b77d24e.jpg?fit=1200%2C756&ssl=1&resize=525%2C300 1.5x, https:\/\/i0.wp.com\/mexicocodigorojo.com.mx\/wp-content\/uploads\/2026\/03\/62942cf9-49f9-4085-82ce-1e120b77d24e.jpg?fit=1200%2C756&ssl=1&resize=700%2C400 2x, https:\/\/i0.wp.com\/mexicocodigorojo.com.mx\/wp-content\/uploads\/2026\/03\/62942cf9-49f9-4085-82ce-1e120b77d24e.jpg?fit=1200%2C756&ssl=1&resize=1050%2C600 3x"},"classes":[]},{"id":64117,"url":"https:\/\/mexicocodigorojo.com.mx\/?p=64117","url_meta":{"origin":64669,"position":2},"title":"Chiapas refuerza vigilancia tur\u00edstica: SSP mantiene mesa de seguridad permanente en Semana Santa","author":"MexicoRojoCvmx","date":"abril 18, 2025","format":false,"excerpt":"Tuxtla Guti\u00e9rrez, Chiapas. \u2014 Con la finalidad de garantizar unas vacaciones seguras para las familias chiapanecas y visitantes, la Secretar\u00eda de Seguridad del Pueblo (SSP), encabezada por el Dr. y piloto aviador \u00d3scar Alberto Aparicio Avenda\u00f1o, mantiene una sesi\u00f3n permanente con la Mesa de Seguridad Estatal, supervisando en tiempo real\u2026","rel":"","context":"En \u00abChiapas\u00bb","block_context":{"text":"Chiapas","link":"https:\/\/mexicocodigorojo.com.mx\/?cat=75"},"img":{"alt_text":"","src":"https:\/\/i0.wp.com\/mexicocodigorojo.com.mx\/wp-content\/uploads\/2025\/05\/Captura-de-pantalla-2025-05-02-112534.jpg?fit=1200%2C771&ssl=1&resize=350%2C200","width":350,"height":200,"srcset":"https:\/\/i0.wp.com\/mexicocodigorojo.com.mx\/wp-content\/uploads\/2025\/05\/Captura-de-pantalla-2025-05-02-112534.jpg?fit=1200%2C771&ssl=1&resize=350%2C200 1x, https:\/\/i0.wp.com\/mexicocodigorojo.com.mx\/wp-content\/uploads\/2025\/05\/Captura-de-pantalla-2025-05-02-112534.jpg?fit=1200%2C771&ssl=1&resize=525%2C300 1.5x, https:\/\/i0.wp.com\/mexicocodigorojo.com.mx\/wp-content\/uploads\/2025\/05\/Captura-de-pantalla-2025-05-02-112534.jpg?fit=1200%2C771&ssl=1&resize=700%2C400 2x, https:\/\/i0.wp.com\/mexicocodigorojo.com.mx\/wp-content\/uploads\/2025\/05\/Captura-de-pantalla-2025-05-02-112534.jpg?fit=1200%2C771&ssl=1&resize=1050%2C600 3x"},"classes":[]},{"id":63482,"url":"https:\/\/mexicocodigorojo.com.mx\/?p=63482","url_meta":{"origin":64669,"position":3},"title":"Eduardo Ram\u00edrez crea fuerza de reacci\u00f3n \u201cPakal\u201d para recuperar seguridad en Chiapas","author":"Staff","date":"diciembre 10, 2024","format":false,"excerpt":"El\u00a0gobernador Eduardo Ram\u00edrez\u00a0Aguilar arranc\u00f3 su gesti\u00f3n en\u00a0Chiapas\u00a0con la puesta en marcha de la\u00a0Fuerza de Reacci\u00f3n Inmediata Pakal (FRIP)\u00a0para que la paz vuelva a reinar en los caminos del estado y se brinde protecci\u00f3n al pueblo. En su primera acci\u00f3n como gobernador Constitucional de Chiapas el morenista Ram\u00edrez Aguilar tom\u00f3 protesta\u2026","rel":"","context":"En \u00abChiapas\u00bb","block_context":{"text":"Chiapas","link":"https:\/\/mexicocodigorojo.com.mx\/?cat=75"},"img":{"alt_text":"","src":"https:\/\/mexicocodigorojo.com.mx\/wp-content\/uploads\/2024\/12\/OLSAQXDFR5HPLBWDGZDTX7DHGE.avif","width":350,"height":200,"srcset":"https:\/\/mexicocodigorojo.com.mx\/wp-content\/uploads\/2024\/12\/OLSAQXDFR5HPLBWDGZDTX7DHGE.avif 1x, https:\/\/mexicocodigorojo.com.mx\/wp-content\/uploads\/2024\/12\/OLSAQXDFR5HPLBWDGZDTX7DHGE.avif 1.5x, https:\/\/mexicocodigorojo.com.mx\/wp-content\/uploads\/2024\/12\/OLSAQXDFR5HPLBWDGZDTX7DHGE.avif 2x, https:\/\/mexicocodigorojo.com.mx\/wp-content\/uploads\/2024\/12\/OLSAQXDFR5HPLBWDGZDTX7DHGE.avif 3x"},"classes":[]},{"id":64137,"url":"https:\/\/mexicocodigorojo.com.mx\/?p=64137","url_meta":{"origin":64669,"position":4},"title":"Refuerzan v\u00ednculos con productores de caf\u00e9 en Chiapas para impulsar seguridad y desarrollo rural","author":"MexicoRojoCvmx","date":"mayo 2, 2025","format":false,"excerpt":"Uni\u00f3n Ju\u00e1rez, Chiapas. \u2014 En un encuentro clave para el fortalecimiento del desarrollo rural y la seguridad en la regi\u00f3n, el titular de la Secretar\u00eda de Seguridad del Pueblo, \u00d3scar Alberto Aparicio Avenda\u00f1o, sostuvo una reuni\u00f3n de trabajo con integrantes de la Uni\u00f3n Agr\u00edcola Regional de Productores de Caf\u00e9 Tacan\u00e1\u2026","rel":"","context":"En \u00abChiapas\u00bb","block_context":{"text":"Chiapas","link":"https:\/\/mexicocodigorojo.com.mx\/?cat=75"},"img":{"alt_text":"","src":"https:\/\/i0.wp.com\/mexicocodigorojo.com.mx\/wp-content\/uploads\/2025\/05\/Gp9gfUJWUAA8S-_.jpg?fit=1200%2C675&ssl=1&resize=350%2C200","width":350,"height":200,"srcset":"https:\/\/i0.wp.com\/mexicocodigorojo.com.mx\/wp-content\/uploads\/2025\/05\/Gp9gfUJWUAA8S-_.jpg?fit=1200%2C675&ssl=1&resize=350%2C200 1x, https:\/\/i0.wp.com\/mexicocodigorojo.com.mx\/wp-content\/uploads\/2025\/05\/Gp9gfUJWUAA8S-_.jpg?fit=1200%2C675&ssl=1&resize=525%2C300 1.5x, https:\/\/i0.wp.com\/mexicocodigorojo.com.mx\/wp-content\/uploads\/2025\/05\/Gp9gfUJWUAA8S-_.jpg?fit=1200%2C675&ssl=1&resize=700%2C400 2x, https:\/\/i0.wp.com\/mexicocodigorojo.com.mx\/wp-content\/uploads\/2025\/05\/Gp9gfUJWUAA8S-_.jpg?fit=1200%2C675&ssl=1&resize=1050%2C600 3x"},"classes":[]},{"id":64587,"url":"https:\/\/mexicocodigorojo.com.mx\/?p=64587","url_meta":{"origin":64669,"position":5},"title":"Seguridad y turismo blindados en Chiapas","author":"MexicoRojoCvmx","date":"agosto 17, 2025","format":false,"excerpt":"En un movimiento coordinado, el secretario de Seguridad del Pueblo, \u00d3scar Alberto Aparicio Avenda\u00f1o, encabez\u00f3 un recorrido interinstitucional de supervisi\u00f3n junto al fiscal General del Estado, Jorge Luis Llaven Abarca, la secretaria de Turismo, Maru Culebro y autoridades municipales, con el prop\u00f3sito de fortalecer las medidas de seguridad en los\u2026","rel":"","context":"En \u00abChiapas\u00bb","block_context":{"text":"Chiapas","link":"https:\/\/mexicocodigorojo.com.mx\/?cat=75"},"img":{"alt_text":"","src":"https:\/\/i0.wp.com\/mexicocodigorojo.com.mx\/wp-content\/uploads\/2025\/08\/Captura-de-pantalla-2025-08-17-114749.jpg?fit=1200%2C671&ssl=1&resize=350%2C200","width":350,"height":200,"srcset":"https:\/\/i0.wp.com\/mexicocodigorojo.com.mx\/wp-content\/uploads\/2025\/08\/Captura-de-pantalla-2025-08-17-114749.jpg?fit=1200%2C671&ssl=1&resize=350%2C200 1x, https:\/\/i0.wp.com\/mexicocodigorojo.com.mx\/wp-content\/uploads\/2025\/08\/Captura-de-pantalla-2025-08-17-114749.jpg?fit=1200%2C671&ssl=1&resize=525%2C300 1.5x, https:\/\/i0.wp.com\/mexicocodigorojo.com.mx\/wp-content\/uploads\/2025\/08\/Captura-de-pantalla-2025-08-17-114749.jpg?fit=1200%2C671&ssl=1&resize=700%2C400 2x, https:\/\/i0.wp.com\/mexicocodigorojo.com.mx\/wp-content\/uploads\/2025\/08\/Captura-de-pantalla-2025-08-17-114749.jpg?fit=1200%2C671&ssl=1&resize=1050%2C600 3x"},"classes":[]}],"jetpack_sharing_enabled":true,"jetpack_likes_enabled":true,"jetpack_shortlink":"https:\/\/wp.me\/p9TedA-gP3","_links":{"self":[{"href":"https:\/\/mexicocodigorojo.com.mx\/index.php?rest_route=\/wp\/v2\/posts\/64669","targetHints":{"allow":["GET"]}}],"collection":[{"href":"https:\/\/mexicocodigorojo.com.mx\/index.php?rest_route=\/wp\/v2\/posts"}],"about":[{"href":"https:\/\/mexicocodigorojo.com.mx\/index.php?rest_route=\/wp\/v2\/types\/post"}],"author":[{"embeddable":true,"href":"https:\/\/mexicocodigorojo.com.mx\/index.php?rest_route=\/wp\/v2\/users\/21"}],"replies":[{"embeddable":true,"href":"https:\/\/mexicocodigorojo.com.mx\/index.php?rest_route=%2Fwp%2Fv2%2Fcomments&post=64669"}],"version-history":[{"count":1,"href":"https:\/\/mexicocodigorojo.com.mx\/index.php?rest_route=\/wp\/v2\/posts\/64669\/revisions"}],"predecessor-version":[{"id":64671,"href":"https:\/\/mexicocodigorojo.com.mx\/index.php?rest_route=\/wp\/v2\/posts\/64669\/revisions\/64671"}],"wp:featuredmedia":[{"embeddable":true,"href":"https:\/\/mexicocodigorojo.com.mx\/index.php?rest_route=\/wp\/v2\/media\/64670"}],"wp:attachment":[{"href":"https:\/\/mexicocodigorojo.com.mx\/index.php?rest_route=%2Fwp%2Fv2%2Fmedia&parent=64669"}],"wp:term":[{"taxonomy":"category","embeddable":true,"href":"https:\/\/mexicocodigorojo.com.mx\/index.php?rest_route=%2Fwp%2Fv2%2Fcategories&post=64669"},{"taxonomy":"post_tag","embeddable":true,"href":"https:\/\/mexicocodigorojo.com.mx\/index.php?rest_route=%2Fwp%2Fv2%2Ftags&post=64669"}],"curies":[{"name":"wp","href":"https:\/\/api.w.org\/{rel}","templated":true}]}}