{"id":64662,"date":"2025-08-07T12:45:13","date_gmt":"2025-08-07T18:45:13","guid":{"rendered":"https:\/\/mexicocodigorojo.com.mx\/?p=64662"},"modified":"2025-09-01T12:46:14","modified_gmt":"2025-09-01T18:46:14","slug":"ssp-capacita-a-servidores-publicos-de-chiapas-en-delitos-ciberneticos-y-ciberseguridad","status":"publish","type":"post","link":"https:\/\/mexicocodigorojo.com.mx\/?p=64662","title":{"rendered":"SSP capacita a servidores p\u00fablicos de Chiapas en delitos cibern\u00e9ticos y ciberseguridad"},"content":{"rendered":"<p data-start=\"192\" data-end=\"666\"><strong data-start=\"192\" data-end=\"222\">Tuxtla Guti\u00e9rrez, Chiapas.<\/strong> \u2013 Con el objetivo de fortalecer las capacidades institucionales frente a los desaf\u00edos de la era digital, la <strong data-start=\"331\" data-end=\"375\">Secretar\u00eda de Seguridad del Pueblo (SSP)<\/strong>, encabezada por el doctor y piloto aviador <strong data-start=\"419\" data-end=\"454\">\u00d3scar Alberto Aparicio Avenda\u00f1o<\/strong>, imparti\u00f3 el curso <em data-start=\"474\" data-end=\"515\">\u201cDelitos Cibern\u00e9ticos y Ciberseguridad\u201d<\/em> a personal de la <strong data-start=\"533\" data-end=\"570\">Oficina del Gobernador del Estado<\/strong>, la <strong data-start=\"575\" data-end=\"621\">Secretar\u00eda General de Gobierno y Mediaci\u00f3n<\/strong>, as\u00ed como otras \u00e1reas del Poder Ejecutivo.<\/p>\n<p data-start=\"668\" data-end=\"910\">La capacitaci\u00f3n, realizada en el auditorio <strong data-start=\"711\" data-end=\"743\">Rosario Castellanos Figueroa<\/strong>, estuvo a cargo de la <strong data-start=\"766\" data-end=\"797\">Guardia Estatal Cibern\u00e9tica<\/strong>, dependencia especializada de la SSP, como parte del proceso de profesionalizaci\u00f3n de los servidores p\u00fablicos.<\/p>\n<p data-start=\"912\" data-end=\"959\">Durante las sesiones se abordaron temas como:<\/p>\n<ul data-start=\"960\" data-end=\"1155\">\n<li data-start=\"960\" data-end=\"1015\">\n<p data-start=\"962\" data-end=\"1015\">Delitos cibern\u00e9ticos y sus principales modalidades.<\/p>\n<\/li>\n<li data-start=\"1016\" data-end=\"1053\">\n<p data-start=\"1018\" data-end=\"1053\">Violencia digital en la sociedad.<\/p>\n<\/li>\n<li data-start=\"1054\" data-end=\"1092\">\n<p data-start=\"1056\" data-end=\"1092\">Uso responsable de redes sociales.<\/p>\n<\/li>\n<li data-start=\"1093\" data-end=\"1155\">\n<p data-start=\"1095\" data-end=\"1155\">Protocolos de actuaci\u00f3n frente a un <strong data-start=\"1131\" data-end=\"1152\">secuestro virtual<\/strong>.<\/p>\n<\/li>\n<\/ul>\n<p data-start=\"1157\" data-end=\"1425\">A los asistentes se les proporcion\u00f3 informaci\u00f3n pr\u00e1ctica sobre medidas preventivas y las l\u00edneas de atenci\u00f3n y orientaci\u00f3n de la Guardia Estatal Cibern\u00e9tica, con el fin de brindar herramientas inmediatas de seguridad y respuesta en casos de riesgo en el ciberespacio.<\/p>\n<p data-start=\"1427\" data-end=\"1709\">Al curso asistieron la <strong data-start=\"1450\" data-end=\"1528\">secretaria general de Gobierno y Mediaci\u00f3n, Patricia del Carmen Conde Ruiz<\/strong>; el <strong data-start=\"1533\" data-end=\"1594\">subsecretario de Gobierno, Jorge Enrique Hern\u00e1ndez Bielma<\/strong>; y el <strong data-start=\"1601\" data-end=\"1706\">director de Informaci\u00f3n P\u00fablica de la Coordinaci\u00f3n de Atenci\u00f3n Ciudadana, V\u00edctor Hugo Alegr\u00eda Cordero<\/strong>.<\/p>\n<p data-start=\"1711\" data-end=\"2016\">Con estas acciones, la <strong data-start=\"1734\" data-end=\"1772\">Secretar\u00eda de Seguridad del Pueblo<\/strong> refrenda su compromiso de mantener un trabajo constante para la <strong data-start=\"1837\" data-end=\"1898\">prevenci\u00f3n, combate e inhibici\u00f3n de los delitos digitales<\/strong>, consolidando una estrategia de seguridad integral en beneficio de la sociedad chiapaneca dentro de la <em data-start=\"2002\" data-end=\"2013\">Nueva ERA<\/em>.<\/p>\n","protected":false},"excerpt":{"rendered":"<p>Tuxtla Guti\u00e9rrez, Chiapas. \u2013 Con el objetivo de fortalecer las capacidades institucionales frente a los desaf\u00edos de la era digital, la Secretar\u00eda de Seguridad del Pueblo (SSP), encabezada por el doctor y piloto aviador \u00d3scar Alberto Aparicio Avenda\u00f1o, imparti\u00f3 el curso \u201cDelitos Cibern\u00e9ticos y Ciberseguridad\u201d a personal de la Oficina del Gobernador del Estado, la [&hellip;]<\/p>\n","protected":false},"author":21,"featured_media":64663,"comment_status":"open","ping_status":"open","sticky":false,"template":"","format":"standard","meta":{"_uf_show_specific_survey":0,"_uf_disable_surveys":false,"advanced_seo_description":"","jetpack_seo_html_title":"","jetpack_seo_noindex":false,"jetpack_post_was_ever_published":false,"_jetpack_newsletter_access":"","_jetpack_dont_email_post_to_subs":false,"_jetpack_newsletter_tier_id":0,"_jetpack_memberships_contains_paywalled_content":false,"_jetpack_memberships_contains_paid_content":false,"footnotes":"","jetpack_publicize_message":"","jetpack_publicize_feature_enabled":true,"jetpack_social_post_already_shared":true,"jetpack_social_options":{"image_generator_settings":{"template":"highway","default_image_id":0,"font":"","enabled":false},"version":2}},"categories":[75],"tags":[],"class_list":{"0":"post-64662","1":"post","2":"type-post","3":"status-publish","4":"format-standard","5":"has-post-thumbnail","7":"category-chiapas"},"jetpack_publicize_connections":[],"jetpack_featured_media_url":"https:\/\/i0.wp.com\/mexicocodigorojo.com.mx\/wp-content\/uploads\/2025\/09\/nn432.jpg?fit=1280%2C960&ssl=1","jetpack-related-posts":[{"id":64534,"url":"https:\/\/mexicocodigorojo.com.mx\/?p=64534","url_meta":{"origin":64662,"position":0},"title":"SSP asiste a capacitaci\u00f3n en materia de Explotaci\u00f3n Infantil y Delitos Cibern\u00e9ticos del FBI en San Salvador","author":"Staff","date":"agosto 6, 2025","format":false,"excerpt":"La Secretar\u00eda de Seguridad del Pueblo (SSP) que encabeza el doctor y piloto aviador, \u00d3scar Alberto Aparicio Avenda\u00f1o, a trav\u00e9s de la Subsecretar\u00eda de Inteligencia e Investigaci\u00f3n y en coordinaci\u00f3n con la direcci\u00f3n de An\u00e1lisis, Estad\u00edstica y Plataforma M\u00e9xico, que dirige el comisario, Levi Francisco Pineda, asistieron al curso de\u2026","rel":"","context":"En \u00abChiapas\u00bb","block_context":{"text":"Chiapas","link":"https:\/\/mexicocodigorojo.com.mx\/?cat=75"},"img":{"alt_text":"","src":"https:\/\/i0.wp.com\/mexicocodigorojo.com.mx\/wp-content\/uploads\/2025\/08\/9bd36334-daba-4752-b981-fb34d496769f.jpg?fit=1200%2C927&ssl=1&resize=350%2C200","width":350,"height":200,"srcset":"https:\/\/i0.wp.com\/mexicocodigorojo.com.mx\/wp-content\/uploads\/2025\/08\/9bd36334-daba-4752-b981-fb34d496769f.jpg?fit=1200%2C927&ssl=1&resize=350%2C200 1x, https:\/\/i0.wp.com\/mexicocodigorojo.com.mx\/wp-content\/uploads\/2025\/08\/9bd36334-daba-4752-b981-fb34d496769f.jpg?fit=1200%2C927&ssl=1&resize=525%2C300 1.5x, https:\/\/i0.wp.com\/mexicocodigorojo.com.mx\/wp-content\/uploads\/2025\/08\/9bd36334-daba-4752-b981-fb34d496769f.jpg?fit=1200%2C927&ssl=1&resize=700%2C400 2x, https:\/\/i0.wp.com\/mexicocodigorojo.com.mx\/wp-content\/uploads\/2025\/08\/9bd36334-daba-4752-b981-fb34d496769f.jpg?fit=1200%2C927&ssl=1&resize=1050%2C600 3x"},"classes":[]},{"id":65141,"url":"https:\/\/mexicocodigorojo.com.mx\/?p=65141","url_meta":{"origin":64662,"position":1},"title":"Chiapas se consolida como el estado m\u00e1s seguro de M\u00e9xico: liga dos meses liderando reducci\u00f3n de delitos","author":"Staff","date":"marzo 26, 2026","format":false,"excerpt":"Tuxtla Guti\u00e9rrez, Chiapas; 23 de marzo de 2026.\u2013 Por segundo mes consecutivo, Chiapas se posiciona en el primer lugar nacional en la reducci\u00f3n de delitos de alto impacto, consolid\u00e1ndose como la entidad con la menor incidencia delictiva en todo el pa\u00eds. De acuerdo con el informe m\u00e1s reciente del Secretariado\u2026","rel":"","context":"En \u00abChiapas\u00bb","block_context":{"text":"Chiapas","link":"https:\/\/mexicocodigorojo.com.mx\/?cat=75"},"img":{"alt_text":"","src":"https:\/\/i0.wp.com\/mexicocodigorojo.com.mx\/wp-content\/uploads\/2026\/03\/83a64706-875e-43de-a5fd-62e9a1766a1f.jpg?fit=1200%2C800&ssl=1&resize=350%2C200","width":350,"height":200,"srcset":"https:\/\/i0.wp.com\/mexicocodigorojo.com.mx\/wp-content\/uploads\/2026\/03\/83a64706-875e-43de-a5fd-62e9a1766a1f.jpg?fit=1200%2C800&ssl=1&resize=350%2C200 1x, https:\/\/i0.wp.com\/mexicocodigorojo.com.mx\/wp-content\/uploads\/2026\/03\/83a64706-875e-43de-a5fd-62e9a1766a1f.jpg?fit=1200%2C800&ssl=1&resize=525%2C300 1.5x, https:\/\/i0.wp.com\/mexicocodigorojo.com.mx\/wp-content\/uploads\/2026\/03\/83a64706-875e-43de-a5fd-62e9a1766a1f.jpg?fit=1200%2C800&ssl=1&resize=700%2C400 2x, https:\/\/i0.wp.com\/mexicocodigorojo.com.mx\/wp-content\/uploads\/2026\/03\/83a64706-875e-43de-a5fd-62e9a1766a1f.jpg?fit=1200%2C800&ssl=1&resize=1050%2C600 3x"},"classes":[]},{"id":64805,"url":"https:\/\/mexicocodigorojo.com.mx\/?p=64805","url_meta":{"origin":64662,"position":2},"title":"SSP sostiene reuni\u00f3n con mandos en Tapachula para reforzar estrategias de seguridad","author":"MexicoRojoCvmx","date":"septiembre 25, 2025","format":false,"excerpt":"Tapachula, Chiapas; 25 de septiembre de 2025. \u2013 Con el prop\u00f3sito de fortalecer la estrategia de seguridad en la regi\u00f3n Soconusco, el secretario de Seguridad del Pueblo, \u00d3scar Alberto Aparicio Avenda\u00f1o, encabez\u00f3 una reuni\u00f3n de trabajo con mandos de la Secretar\u00eda de Seguridad del Pueblo (SSP), de la Fiscal\u00eda General\u2026","rel":"","context":"En \u00abChiapas\u00bb","block_context":{"text":"Chiapas","link":"https:\/\/mexicocodigorojo.com.mx\/?cat=75"},"img":{"alt_text":"","src":"https:\/\/i0.wp.com\/mexicocodigorojo.com.mx\/wp-content\/uploads\/2025\/09\/Captura-de-pantalla-2025-09-28-132034.jpg?fit=1200%2C635&ssl=1&resize=350%2C200","width":350,"height":200,"srcset":"https:\/\/i0.wp.com\/mexicocodigorojo.com.mx\/wp-content\/uploads\/2025\/09\/Captura-de-pantalla-2025-09-28-132034.jpg?fit=1200%2C635&ssl=1&resize=350%2C200 1x, https:\/\/i0.wp.com\/mexicocodigorojo.com.mx\/wp-content\/uploads\/2025\/09\/Captura-de-pantalla-2025-09-28-132034.jpg?fit=1200%2C635&ssl=1&resize=525%2C300 1.5x, https:\/\/i0.wp.com\/mexicocodigorojo.com.mx\/wp-content\/uploads\/2025\/09\/Captura-de-pantalla-2025-09-28-132034.jpg?fit=1200%2C635&ssl=1&resize=700%2C400 2x, https:\/\/i0.wp.com\/mexicocodigorojo.com.mx\/wp-content\/uploads\/2025\/09\/Captura-de-pantalla-2025-09-28-132034.jpg?fit=1200%2C635&ssl=1&resize=1050%2C600 3x"},"classes":[]},{"id":64656,"url":"https:\/\/mexicocodigorojo.com.mx\/?p=64656","url_meta":{"origin":64662,"position":3},"title":"SSP firma convenio con la Universidad del Sur para fortalecer la profesionalizaci\u00f3n policial en Chiapas","author":"MexicoRojoCvmx","date":"agosto 4, 2025","format":false,"excerpt":"Tuxtla Guti\u00e9rrez, Chiapas. \u2013 En la b\u00fasqueda de estrategias que dignifiquen la labor policial y fortalezcan tanto la profesionalizaci\u00f3n del personal operativo y administrativo como la de sus familias, la Secretar\u00eda de Seguridad del Pueblo (SSP) firm\u00f3 un convenio de colaboraci\u00f3n con la Universidad del Sur. El acuerdo fue signado\u2026","rel":"","context":"En \u00abChiapas\u00bb","block_context":{"text":"Chiapas","link":"https:\/\/mexicocodigorojo.com.mx\/?cat=75"},"img":{"alt_text":"","src":"https:\/\/i0.wp.com\/mexicocodigorojo.com.mx\/wp-content\/uploads\/2025\/09\/nn425.jpg?fit=1200%2C799&ssl=1&resize=350%2C200","width":350,"height":200,"srcset":"https:\/\/i0.wp.com\/mexicocodigorojo.com.mx\/wp-content\/uploads\/2025\/09\/nn425.jpg?fit=1200%2C799&ssl=1&resize=350%2C200 1x, https:\/\/i0.wp.com\/mexicocodigorojo.com.mx\/wp-content\/uploads\/2025\/09\/nn425.jpg?fit=1200%2C799&ssl=1&resize=525%2C300 1.5x, https:\/\/i0.wp.com\/mexicocodigorojo.com.mx\/wp-content\/uploads\/2025\/09\/nn425.jpg?fit=1200%2C799&ssl=1&resize=700%2C400 2x, https:\/\/i0.wp.com\/mexicocodigorojo.com.mx\/wp-content\/uploads\/2025\/09\/nn425.jpg?fit=1200%2C799&ssl=1&resize=1050%2C600 3x"},"classes":[]},{"id":64801,"url":"https:\/\/mexicocodigorojo.com.mx\/?p=64801","url_meta":{"origin":64662,"position":4},"title":"SSP y Comisi\u00f3n Estatal de B\u00fasqueda fortalecen coordinaci\u00f3n contra desapariciones en Chiapas","author":"MexicoRojoCvmx","date":"septiembre 23, 2025","format":false,"excerpt":"Tuxtla Guti\u00e9rrez, Chiapas. \u2013 Con el prop\u00f3sito de reforzar los mecanismos interinstitucionales para atender la problem\u00e1tica de desaparici\u00f3n de personas en el estado, el secretario de Seguridad del Pueblo (SSP), \u00d3scar Alberto Aparicio Avenda\u00f1o, sostuvo una reuni\u00f3n de trabajo con la directora general de la Comisi\u00f3n Estatal de B\u00fasqueda de\u2026","rel":"","context":"En \u00abChiapas\u00bb","block_context":{"text":"Chiapas","link":"https:\/\/mexicocodigorojo.com.mx\/?cat=75"},"img":{"alt_text":"","src":"https:\/\/i0.wp.com\/mexicocodigorojo.com.mx\/wp-content\/uploads\/2025\/09\/WhatsApp-Image-2025-09-23-at-11.57.29-AM.jpeg?fit=1024%2C683&ssl=1&resize=350%2C200","width":350,"height":200,"srcset":"https:\/\/i0.wp.com\/mexicocodigorojo.com.mx\/wp-content\/uploads\/2025\/09\/WhatsApp-Image-2025-09-23-at-11.57.29-AM.jpeg?fit=1024%2C683&ssl=1&resize=350%2C200 1x, https:\/\/i0.wp.com\/mexicocodigorojo.com.mx\/wp-content\/uploads\/2025\/09\/WhatsApp-Image-2025-09-23-at-11.57.29-AM.jpeg?fit=1024%2C683&ssl=1&resize=525%2C300 1.5x, https:\/\/i0.wp.com\/mexicocodigorojo.com.mx\/wp-content\/uploads\/2025\/09\/WhatsApp-Image-2025-09-23-at-11.57.29-AM.jpeg?fit=1024%2C683&ssl=1&resize=700%2C400 2x"},"classes":[]},{"id":64766,"url":"https:\/\/mexicocodigorojo.com.mx\/?p=64766","url_meta":{"origin":64662,"position":5},"title":"SSP refuerza C5 Escudo Pakal con nueva estrategia tecnol\u00f3gica en Chiapas","author":"MexicoRojoCvmx","date":"septiembre 9, 2025","format":false,"excerpt":"Tuxtla Guti\u00e9rrez\u00a0\u2013 La Secretar\u00eda de Seguridad del Pueblo (SSP) sostuvo una reuni\u00f3n de trabajo encabezada por su titular, \u00d3scar Alberto Aparicio Avenda\u00f1o, con el prop\u00f3sito de continuar el fortalecimiento del C5 Escudo Pakal, centro estrat\u00e9gico de vigilancia y coordinaci\u00f3n en la entidad. En el encuentro participaron el subsecretario de Seguridad\u2026","rel":"","context":"En \u00abChiapas\u00bb","block_context":{"text":"Chiapas","link":"https:\/\/mexicocodigorojo.com.mx\/?cat=75"},"img":{"alt_text":"","src":"https:\/\/i0.wp.com\/mexicocodigorojo.com.mx\/wp-content\/uploads\/2025\/09\/WhatsApp-Image-2025-09-08-at-6.11.32-PM.jpeg?fit=1040%2C694&ssl=1&resize=350%2C200","width":350,"height":200,"srcset":"https:\/\/i0.wp.com\/mexicocodigorojo.com.mx\/wp-content\/uploads\/2025\/09\/WhatsApp-Image-2025-09-08-at-6.11.32-PM.jpeg?fit=1040%2C694&ssl=1&resize=350%2C200 1x, https:\/\/i0.wp.com\/mexicocodigorojo.com.mx\/wp-content\/uploads\/2025\/09\/WhatsApp-Image-2025-09-08-at-6.11.32-PM.jpeg?fit=1040%2C694&ssl=1&resize=525%2C300 1.5x, https:\/\/i0.wp.com\/mexicocodigorojo.com.mx\/wp-content\/uploads\/2025\/09\/WhatsApp-Image-2025-09-08-at-6.11.32-PM.jpeg?fit=1040%2C694&ssl=1&resize=700%2C400 2x"},"classes":[]}],"jetpack_sharing_enabled":true,"jetpack_likes_enabled":true,"jetpack_shortlink":"https:\/\/wp.me\/p9TedA-gOW","_links":{"self":[{"href":"https:\/\/mexicocodigorojo.com.mx\/index.php?rest_route=\/wp\/v2\/posts\/64662","targetHints":{"allow":["GET"]}}],"collection":[{"href":"https:\/\/mexicocodigorojo.com.mx\/index.php?rest_route=\/wp\/v2\/posts"}],"about":[{"href":"https:\/\/mexicocodigorojo.com.mx\/index.php?rest_route=\/wp\/v2\/types\/post"}],"author":[{"embeddable":true,"href":"https:\/\/mexicocodigorojo.com.mx\/index.php?rest_route=\/wp\/v2\/users\/21"}],"replies":[{"embeddable":true,"href":"https:\/\/mexicocodigorojo.com.mx\/index.php?rest_route=%2Fwp%2Fv2%2Fcomments&post=64662"}],"version-history":[{"count":1,"href":"https:\/\/mexicocodigorojo.com.mx\/index.php?rest_route=\/wp\/v2\/posts\/64662\/revisions"}],"predecessor-version":[{"id":64664,"href":"https:\/\/mexicocodigorojo.com.mx\/index.php?rest_route=\/wp\/v2\/posts\/64662\/revisions\/64664"}],"wp:featuredmedia":[{"embeddable":true,"href":"https:\/\/mexicocodigorojo.com.mx\/index.php?rest_route=\/wp\/v2\/media\/64663"}],"wp:attachment":[{"href":"https:\/\/mexicocodigorojo.com.mx\/index.php?rest_route=%2Fwp%2Fv2%2Fmedia&parent=64662"}],"wp:term":[{"taxonomy":"category","embeddable":true,"href":"https:\/\/mexicocodigorojo.com.mx\/index.php?rest_route=%2Fwp%2Fv2%2Fcategories&post=64662"},{"taxonomy":"post_tag","embeddable":true,"href":"https:\/\/mexicocodigorojo.com.mx\/index.php?rest_route=%2Fwp%2Fv2%2Ftags&post=64662"}],"curies":[{"name":"wp","href":"https:\/\/api.w.org\/{rel}","templated":true}]}}