{"id":64656,"date":"2025-08-04T12:41:24","date_gmt":"2025-08-04T18:41:24","guid":{"rendered":"https:\/\/mexicocodigorojo.com.mx\/?p=64656"},"modified":"2025-09-01T12:42:46","modified_gmt":"2025-09-01T18:42:46","slug":"ssp-firma-convenio-con-la-universidad-del-sur-para-fortalecer-la-profesionalizacion-policial-en-chiapas","status":"publish","type":"post","link":"https:\/\/mexicocodigorojo.com.mx\/?p=64656","title":{"rendered":"SSP firma convenio con la Universidad del Sur para fortalecer la profesionalizaci\u00f3n policial en Chiapas"},"content":{"rendered":"<p data-start=\"250\" data-end=\"565\"><strong data-start=\"250\" data-end=\"280\">Tuxtla Guti\u00e9rrez, Chiapas.<\/strong> \u2013 En la b\u00fasqueda de estrategias que dignifiquen la labor policial y fortalezcan tanto la profesionalizaci\u00f3n del personal operativo y administrativo como la de sus familias, la Secretar\u00eda de Seguridad del Pueblo (SSP) firm\u00f3 un convenio de colaboraci\u00f3n con la <strong data-start=\"539\" data-end=\"562\">Universidad del Sur<\/strong>.<\/p>\n<p data-start=\"567\" data-end=\"886\">El acuerdo fue signado por el titular de la dependencia, <strong data-start=\"624\" data-end=\"683\">doctor y piloto aviador \u00d3scar Alberto Aparicio Avenda\u00f1o<\/strong>, junto al Coordinador General de Administraci\u00f3n y Finanzas, <strong data-start=\"744\" data-end=\"781\">Mtro. Hugo Alejandro Z\u00fa\u00f1iga Rom\u00e1n<\/strong>, y la <strong data-start=\"788\" data-end=\"827\">Dra. Martha Janeth Dom\u00ednguez Selvas<\/strong>, secretaria Acad\u00e9mica General de la Universidad del Sur.<\/p>\n<p data-start=\"888\" data-end=\"1120\">Durante el acto, Aparicio Avenda\u00f1o subray\u00f3 que, desde el inicio de la <em data-start=\"958\" data-end=\"969\">Nueva ERA<\/em>, Chiapas vive un proceso en el que la seguridad y el fortalecimiento de la <strong data-start=\"1045\" data-end=\"1064\">Guardia Estatal<\/strong> son piezas clave para la pacificaci\u00f3n del territorio.<\/p>\n<blockquote data-start=\"1121\" data-end=\"1326\">\n<p data-start=\"1123\" data-end=\"1326\">\u201cEsta colaboraci\u00f3n va a fortalecer el esp\u00edritu de cuerpo y la moral del personal. Celebro este convenio, una acci\u00f3n que hemos impulsado con diversas universidades y que seguiremos promoviendo\u201d, afirm\u00f3.<\/p>\n<\/blockquote>\n<p data-start=\"1328\" data-end=\"1555\">Con el convenio, <strong data-start=\"1345\" data-end=\"1387\">todo el personal de la SSP y sus hijos<\/strong> tendr\u00e1n acceso a beneficios de la oferta acad\u00e9mica de la instituci\u00f3n universitaria, lo que permitir\u00e1 ampliar sus oportunidades de desarrollo profesional y acad\u00e9mico.<\/p>\n<p data-start=\"1557\" data-end=\"1818\">Por su parte, la Dra. Martha Janeth Dom\u00ednguez Selvas destac\u00f3 que la alianza permitir\u00e1 tambi\u00e9n que <strong data-start=\"1655\" data-end=\"1714\">j\u00f3venes universitarios realicen pr\u00e1cticas profesionales<\/strong> en la Secretar\u00eda, consolidando un v\u00ednculo de beneficio mutuo entre la academia y el servicio p\u00fablico.<\/p>\n<p data-start=\"1820\" data-end=\"2120\">Con estas acciones, la Secretar\u00eda de Seguridad del Pueblo refrenda su compromiso con la sociedad chiapaneca, buscando no solo el fortalecimiento operativo de la corporaci\u00f3n, sino tambi\u00e9n la <strong data-start=\"2010\" data-end=\"2117\">mejora en la calidad de vida y la capacitaci\u00f3n integral de quienes salvaguardan la seguridad en Chiapas<\/strong>.<\/p>\n","protected":false},"excerpt":{"rendered":"<p>Tuxtla Guti\u00e9rrez, Chiapas. \u2013 En la b\u00fasqueda de estrategias que dignifiquen la labor policial y fortalezcan tanto la profesionalizaci\u00f3n del personal operativo y administrativo como la de sus familias, la Secretar\u00eda de Seguridad del Pueblo (SSP) firm\u00f3 un convenio de colaboraci\u00f3n con la Universidad del Sur. El acuerdo fue signado por el titular de la [&hellip;]<\/p>\n","protected":false},"author":21,"featured_media":64657,"comment_status":"open","ping_status":"open","sticky":false,"template":"","format":"standard","meta":{"_uf_show_specific_survey":0,"_uf_disable_surveys":false,"advanced_seo_description":"","jetpack_seo_html_title":"","jetpack_seo_noindex":false,"jetpack_post_was_ever_published":false,"_jetpack_newsletter_access":"","_jetpack_dont_email_post_to_subs":false,"_jetpack_newsletter_tier_id":0,"_jetpack_memberships_contains_paywalled_content":false,"_jetpack_memberships_contains_paid_content":false,"footnotes":"","jetpack_publicize_message":"","jetpack_publicize_feature_enabled":true,"jetpack_social_post_already_shared":true,"jetpack_social_options":{"image_generator_settings":{"template":"highway","default_image_id":0,"font":"","enabled":false},"version":2}},"categories":[75],"tags":[],"class_list":{"0":"post-64656","1":"post","2":"type-post","3":"status-publish","4":"format-standard","5":"has-post-thumbnail","7":"category-chiapas"},"jetpack_publicize_connections":[],"jetpack_featured_media_url":"https:\/\/i0.wp.com\/mexicocodigorojo.com.mx\/wp-content\/uploads\/2025\/09\/nn425.jpg?fit=1440%2C959&ssl=1","jetpack-related-posts":[{"id":64390,"url":"https:\/\/mexicocodigorojo.com.mx\/?p=64390","url_meta":{"origin":64656,"position":0},"title":"Firman convenio para profesionalizar polic\u00edas en Tila, Chiapas; SSP y Universidad de Seguridad P\u00fablica del Sureste unen esfuerzos","author":"MexicoRojoCvmx","date":"julio 7, 2025","format":false,"excerpt":"Tuxtla Guti\u00e9rrez, Chiapas.\u2013 En un esfuerzo por fortalecer la seguridad p\u00fablica y elevar el est\u00e1ndar profesional de los cuerpos policiales municipales, la Secretar\u00eda de Seguridad del Pueblo (SSP), encabezada por el doctor \u00d3scar Alberto Aparicio Avenda\u00f1o, formaliz\u00f3 un convenio de colaboraci\u00f3n con el Honorable Ayuntamiento de Tila a trav\u00e9s de\u2026","rel":"","context":"En \u00abChiapas\u00bb","block_context":{"text":"Chiapas","link":"https:\/\/mexicocodigorojo.com.mx\/?cat=75"},"img":{"alt_text":"","src":"https:\/\/i0.wp.com\/mexicocodigorojo.com.mx\/wp-content\/uploads\/2025\/07\/WhatsApp-Image-2025-07-07-at-1.44.52-PM.jpeg?fit=1200%2C800&ssl=1&resize=350%2C200","width":350,"height":200,"srcset":"https:\/\/i0.wp.com\/mexicocodigorojo.com.mx\/wp-content\/uploads\/2025\/07\/WhatsApp-Image-2025-07-07-at-1.44.52-PM.jpeg?fit=1200%2C800&ssl=1&resize=350%2C200 1x, https:\/\/i0.wp.com\/mexicocodigorojo.com.mx\/wp-content\/uploads\/2025\/07\/WhatsApp-Image-2025-07-07-at-1.44.52-PM.jpeg?fit=1200%2C800&ssl=1&resize=525%2C300 1.5x, https:\/\/i0.wp.com\/mexicocodigorojo.com.mx\/wp-content\/uploads\/2025\/07\/WhatsApp-Image-2025-07-07-at-1.44.52-PM.jpeg?fit=1200%2C800&ssl=1&resize=700%2C400 2x, https:\/\/i0.wp.com\/mexicocodigorojo.com.mx\/wp-content\/uploads\/2025\/07\/WhatsApp-Image-2025-07-07-at-1.44.52-PM.jpeg?fit=1200%2C800&ssl=1&resize=1050%2C600 3x"},"classes":[]},{"id":64797,"url":"https:\/\/mexicocodigorojo.com.mx\/?p=64797","url_meta":{"origin":64656,"position":1},"title":"SSP entrega reconocimientos y nombra nuevos directores en \u00e1reas estrat\u00e9gicas de seguridad","author":"MexicoRojoCvmx","date":"septiembre 22, 2025","format":false,"excerpt":"Tuxtla Guti\u00e9rrez. \u2013 En un acto protocolario, la Secretar\u00eda de Seguridad del Pueblo (SSP) llev\u00f3 a cabo la Entrega de Reconocimientos y Nombramientos a Elementos de la corporaci\u00f3n, en ceremonia encabezada por el titular de la dependencia, \u00d3scar Alberto Aparicio Avenda\u00f1o, acompa\u00f1ado de mandos de alto nivel y autoridades acad\u00e9micas\u2026","rel":"","context":"En \u00abChiapas\u00bb","block_context":{"text":"Chiapas","link":"https:\/\/mexicocodigorojo.com.mx\/?cat=75"},"img":{"alt_text":"","src":"https:\/\/i0.wp.com\/mexicocodigorojo.com.mx\/wp-content\/uploads\/2025\/09\/50e76a67-4f78-4665-b33c-d868f5fe71c4-scaled.jpg?fit=1200%2C800&ssl=1&resize=350%2C200","width":350,"height":200,"srcset":"https:\/\/i0.wp.com\/mexicocodigorojo.com.mx\/wp-content\/uploads\/2025\/09\/50e76a67-4f78-4665-b33c-d868f5fe71c4-scaled.jpg?fit=1200%2C800&ssl=1&resize=350%2C200 1x, https:\/\/i0.wp.com\/mexicocodigorojo.com.mx\/wp-content\/uploads\/2025\/09\/50e76a67-4f78-4665-b33c-d868f5fe71c4-scaled.jpg?fit=1200%2C800&ssl=1&resize=525%2C300 1.5x, https:\/\/i0.wp.com\/mexicocodigorojo.com.mx\/wp-content\/uploads\/2025\/09\/50e76a67-4f78-4665-b33c-d868f5fe71c4-scaled.jpg?fit=1200%2C800&ssl=1&resize=700%2C400 2x, https:\/\/i0.wp.com\/mexicocodigorojo.com.mx\/wp-content\/uploads\/2025\/09\/50e76a67-4f78-4665-b33c-d868f5fe71c4-scaled.jpg?fit=1200%2C800&ssl=1&resize=1050%2C600 3x"},"classes":[]},{"id":64433,"url":"https:\/\/mexicocodigorojo.com.mx\/?p=64433","url_meta":{"origin":64656,"position":2},"title":"Con homenaje a la bandera, Chiapas fortalece identidad y profesionalizaci\u00f3n policial","author":"MexicoRojoCvmx","date":"julio 21, 2025","format":false,"excerpt":"Tuxtla Guti\u00e9rrez, Chis., 21 de julio de 2025. \u2013 La Secretar\u00eda de Seguridad del Pueblo (SSP) de Chiapas, encabezada por el doctor y piloto aviador \u00d3scar Alberto Aparicio Avenda\u00f1o, dio inicio a una nueva semana de actividades con un acto c\u00edvico de homenaje a la bandera en las instalaciones de\u2026","rel":"","context":"En \u00abChiapas\u00bb","block_context":{"text":"Chiapas","link":"https:\/\/mexicocodigorojo.com.mx\/?cat=75"},"img":{"alt_text":"","src":"https:\/\/i0.wp.com\/mexicocodigorojo.com.mx\/wp-content\/uploads\/2025\/07\/WhatsApp-Image-2025-07-21-at-12.23.12-PM.jpeg?fit=1200%2C800&ssl=1&resize=350%2C200","width":350,"height":200,"srcset":"https:\/\/i0.wp.com\/mexicocodigorojo.com.mx\/wp-content\/uploads\/2025\/07\/WhatsApp-Image-2025-07-21-at-12.23.12-PM.jpeg?fit=1200%2C800&ssl=1&resize=350%2C200 1x, https:\/\/i0.wp.com\/mexicocodigorojo.com.mx\/wp-content\/uploads\/2025\/07\/WhatsApp-Image-2025-07-21-at-12.23.12-PM.jpeg?fit=1200%2C800&ssl=1&resize=525%2C300 1.5x, https:\/\/i0.wp.com\/mexicocodigorojo.com.mx\/wp-content\/uploads\/2025\/07\/WhatsApp-Image-2025-07-21-at-12.23.12-PM.jpeg?fit=1200%2C800&ssl=1&resize=700%2C400 2x, https:\/\/i0.wp.com\/mexicocodigorojo.com.mx\/wp-content\/uploads\/2025\/07\/WhatsApp-Image-2025-07-21-at-12.23.12-PM.jpeg?fit=1200%2C800&ssl=1&resize=1050%2C600 3x"},"classes":[]},{"id":65042,"url":"https:\/\/mexicocodigorojo.com.mx\/?p=65042","url_meta":{"origin":64656,"position":3},"title":"Refuerza SSP seguridad en Chiapas: Se integran 100 nuevos elementos a la Fuerza Pakal","author":"Staff","date":"febrero 9, 2026","format":false,"excerpt":"Tuxtla Guti\u00e9rrez, Chiapas; 07 de febrero de 2026.\u2013 En un paso decisivo para consolidar la paz y el orden en la entidad, la Secretar\u00eda de Seguridad del Pueblo (SSP) anunci\u00f3 la incorporaci\u00f3n de 100 nuevos elementos a las filas de la Fuerza de Reacci\u00f3n Inmediata Pakal (FRIP). Esta acci\u00f3n, impulsada\u2026","rel":"","context":"En \u00abChiapas\u00bb","block_context":{"text":"Chiapas","link":"https:\/\/mexicocodigorojo.com.mx\/?cat=75"},"img":{"alt_text":"","src":"https:\/\/i0.wp.com\/mexicocodigorojo.com.mx\/wp-content\/uploads\/2026\/02\/6b352df6-3ce9-44d7-aabb-e046038d3ff8.jpg?fit=1200%2C801&ssl=1&resize=350%2C200","width":350,"height":200,"srcset":"https:\/\/i0.wp.com\/mexicocodigorojo.com.mx\/wp-content\/uploads\/2026\/02\/6b352df6-3ce9-44d7-aabb-e046038d3ff8.jpg?fit=1200%2C801&ssl=1&resize=350%2C200 1x, https:\/\/i0.wp.com\/mexicocodigorojo.com.mx\/wp-content\/uploads\/2026\/02\/6b352df6-3ce9-44d7-aabb-e046038d3ff8.jpg?fit=1200%2C801&ssl=1&resize=525%2C300 1.5x, https:\/\/i0.wp.com\/mexicocodigorojo.com.mx\/wp-content\/uploads\/2026\/02\/6b352df6-3ce9-44d7-aabb-e046038d3ff8.jpg?fit=1200%2C801&ssl=1&resize=700%2C400 2x, https:\/\/i0.wp.com\/mexicocodigorojo.com.mx\/wp-content\/uploads\/2026\/02\/6b352df6-3ce9-44d7-aabb-e046038d3ff8.jpg?fit=1200%2C801&ssl=1&resize=1050%2C600 3x"},"classes":[]},{"id":64051,"url":"https:\/\/mexicocodigorojo.com.mx\/?p=64051","url_meta":{"origin":64656,"position":4},"title":"Chiapas refuerza seguridad en el Cerro Mactumatz\u00e1 para fomentar el turismo","author":"MexicoRojoCvmx","date":"abril 1, 2025","format":false,"excerpt":"El secretario de Seguridad del Pueblo (SSP), el doctor y piloto aviador \u00d3scar Alberto Aparicio Avenda\u00f1o, acompa\u00f1\u00f3 al gobernador de Chiapas, Eduardo Ram\u00edrez Aguilar, en un recorrido por el Cerro Mactumatz\u00e1, ubicado en Tuxtla Guti\u00e9rrez, para anunciar el reforzamiento de la seguridad en la zona. Durante la visita, el titular\u2026","rel":"","context":"En \u00abChiapas\u00bb","block_context":{"text":"Chiapas","link":"https:\/\/mexicocodigorojo.com.mx\/?cat=75"},"img":{"alt_text":"","src":"https:\/\/i0.wp.com\/mexicocodigorojo.com.mx\/wp-content\/uploads\/2025\/04\/1-SSP-1.webp?fit=600%2C400&ssl=1&resize=350%2C200","width":350,"height":200,"srcset":"https:\/\/i0.wp.com\/mexicocodigorojo.com.mx\/wp-content\/uploads\/2025\/04\/1-SSP-1.webp?fit=600%2C400&ssl=1&resize=350%2C200 1x, https:\/\/i0.wp.com\/mexicocodigorojo.com.mx\/wp-content\/uploads\/2025\/04\/1-SSP-1.webp?fit=600%2C400&ssl=1&resize=525%2C300 1.5x"},"classes":[]},{"id":64662,"url":"https:\/\/mexicocodigorojo.com.mx\/?p=64662","url_meta":{"origin":64656,"position":5},"title":"SSP capacita a servidores p\u00fablicos de Chiapas en delitos cibern\u00e9ticos y ciberseguridad","author":"MexicoRojoCvmx","date":"agosto 7, 2025","format":false,"excerpt":"Tuxtla Guti\u00e9rrez, Chiapas. \u2013 Con el objetivo de fortalecer las capacidades institucionales frente a los desaf\u00edos de la era digital, la Secretar\u00eda de Seguridad del Pueblo (SSP), encabezada por el doctor y piloto aviador \u00d3scar Alberto Aparicio Avenda\u00f1o, imparti\u00f3 el curso \u201cDelitos Cibern\u00e9ticos y Ciberseguridad\u201d a personal de la Oficina\u2026","rel":"","context":"En \u00abChiapas\u00bb","block_context":{"text":"Chiapas","link":"https:\/\/mexicocodigorojo.com.mx\/?cat=75"},"img":{"alt_text":"","src":"https:\/\/i0.wp.com\/mexicocodigorojo.com.mx\/wp-content\/uploads\/2025\/09\/nn432.jpg?fit=1200%2C900&ssl=1&resize=350%2C200","width":350,"height":200,"srcset":"https:\/\/i0.wp.com\/mexicocodigorojo.com.mx\/wp-content\/uploads\/2025\/09\/nn432.jpg?fit=1200%2C900&ssl=1&resize=350%2C200 1x, https:\/\/i0.wp.com\/mexicocodigorojo.com.mx\/wp-content\/uploads\/2025\/09\/nn432.jpg?fit=1200%2C900&ssl=1&resize=525%2C300 1.5x, https:\/\/i0.wp.com\/mexicocodigorojo.com.mx\/wp-content\/uploads\/2025\/09\/nn432.jpg?fit=1200%2C900&ssl=1&resize=700%2C400 2x, https:\/\/i0.wp.com\/mexicocodigorojo.com.mx\/wp-content\/uploads\/2025\/09\/nn432.jpg?fit=1200%2C900&ssl=1&resize=1050%2C600 3x"},"classes":[]}],"jetpack_sharing_enabled":true,"jetpack_likes_enabled":true,"jetpack_shortlink":"https:\/\/wp.me\/p9TedA-gOQ","_links":{"self":[{"href":"https:\/\/mexicocodigorojo.com.mx\/index.php?rest_route=\/wp\/v2\/posts\/64656","targetHints":{"allow":["GET"]}}],"collection":[{"href":"https:\/\/mexicocodigorojo.com.mx\/index.php?rest_route=\/wp\/v2\/posts"}],"about":[{"href":"https:\/\/mexicocodigorojo.com.mx\/index.php?rest_route=\/wp\/v2\/types\/post"}],"author":[{"embeddable":true,"href":"https:\/\/mexicocodigorojo.com.mx\/index.php?rest_route=\/wp\/v2\/users\/21"}],"replies":[{"embeddable":true,"href":"https:\/\/mexicocodigorojo.com.mx\/index.php?rest_route=%2Fwp%2Fv2%2Fcomments&post=64656"}],"version-history":[{"count":1,"href":"https:\/\/mexicocodigorojo.com.mx\/index.php?rest_route=\/wp\/v2\/posts\/64656\/revisions"}],"predecessor-version":[{"id":64658,"href":"https:\/\/mexicocodigorojo.com.mx\/index.php?rest_route=\/wp\/v2\/posts\/64656\/revisions\/64658"}],"wp:featuredmedia":[{"embeddable":true,"href":"https:\/\/mexicocodigorojo.com.mx\/index.php?rest_route=\/wp\/v2\/media\/64657"}],"wp:attachment":[{"href":"https:\/\/mexicocodigorojo.com.mx\/index.php?rest_route=%2Fwp%2Fv2%2Fmedia&parent=64656"}],"wp:term":[{"taxonomy":"category","embeddable":true,"href":"https:\/\/mexicocodigorojo.com.mx\/index.php?rest_route=%2Fwp%2Fv2%2Fcategories&post=64656"},{"taxonomy":"post_tag","embeddable":true,"href":"https:\/\/mexicocodigorojo.com.mx\/index.php?rest_route=%2Fwp%2Fv2%2Ftags&post=64656"}],"curies":[{"name":"wp","href":"https:\/\/api.w.org\/{rel}","templated":true}]}}