{"id":64653,"date":"2025-08-04T12:39:48","date_gmt":"2025-08-04T18:39:48","guid":{"rendered":"https:\/\/mexicocodigorojo.com.mx\/?p=64653"},"modified":"2025-09-01T12:40:52","modified_gmt":"2025-09-01T18:40:52","slug":"ssp-de-chiapas-fortalece-sus-capacidades-con-donacion-de-ejemplares-caninos-de-la-raza-belga-malinois","status":"publish","type":"post","link":"https:\/\/mexicocodigorojo.com.mx\/?p=64653","title":{"rendered":"SSP de Chiapas fortalece sus capacidades con donaci\u00f3n de ejemplares caninos de la raza Belga Malinois"},"content":{"rendered":"<p data-start=\"232\" data-end=\"628\"><strong data-start=\"232\" data-end=\"262\">Tuxtla Guti\u00e9rrez, Chiapas.<\/strong> \u2013 La Secretar\u00eda de Seguridad del Pueblo (SSP), bajo la direcci\u00f3n del doctor y piloto aviador <strong data-start=\"356\" data-end=\"391\">\u00d3scar Alberto Aparicio Avenda\u00f1o<\/strong>, recibi\u00f3 la donaci\u00f3n de seis ejemplares de la raza <strong data-start=\"443\" data-end=\"461\">Belga Malinois<\/strong>, que ser\u00e1n incorporados a programas de adiestramiento especializado en el Centro de Adiestramiento Canino de la instituci\u00f3n, ubicado en el municipio de Berrioz\u00e1bal.<\/p>\n<p data-start=\"630\" data-end=\"862\">La entrega fue realizada por el ciudadano <strong data-start=\"672\" data-end=\"697\">Enrique Edelman L\u00f3pez<\/strong>, quien don\u00f3 cinco cachorros de apenas dos meses y medio de edad, los cuales ser\u00e1n formados durante un a\u00f1o en labores de alto valor operativo y social, tales como:<\/p>\n<ul data-start=\"863\" data-end=\"1086\">\n<li data-start=\"863\" data-end=\"891\">\n<p data-start=\"865\" data-end=\"891\">Protecci\u00f3n y vigilancia.<\/p>\n<\/li>\n<li data-start=\"892\" data-end=\"927\">\n<p data-start=\"894\" data-end=\"927\">B\u00fasqueda y rescate de personas.<\/p>\n<\/li>\n<li data-start=\"928\" data-end=\"965\">\n<p data-start=\"930\" data-end=\"965\">Detecci\u00f3n de sustancias il\u00edcitas.<\/p>\n<\/li>\n<li data-start=\"966\" data-end=\"1001\">\n<p data-start=\"968\" data-end=\"1001\">Localizaci\u00f3n de restos humanos.<\/p>\n<\/li>\n<li data-start=\"1002\" data-end=\"1086\">\n<p data-start=\"1004\" data-end=\"1086\">Programas de canoterapia para ni\u00f1as y ni\u00f1os con trastornos del espectro autista.<\/p>\n<\/li>\n<\/ul>\n<p data-start=\"1088\" data-end=\"1315\">El entrenamiento se llevar\u00e1 a cabo en las instalaciones de <strong data-start=\"1147\" data-end=\"1165\">Llano San Juan<\/strong>, bajo la conducci\u00f3n de personal especializado en binomios caninos y con est\u00e1ndares internacionales en materia de adiestramiento multidisciplinario.<\/p>\n<p data-start=\"1317\" data-end=\"1729\">La raza <strong data-start=\"1325\" data-end=\"1343\">Belga Malinois<\/strong> es reconocida globalmente por su <strong data-start=\"1377\" data-end=\"1441\">inteligencia, agilidad, obediencia y capacidad de adaptaci\u00f3n<\/strong>, caracter\u00edsticas que la han convertido en aliada indispensable de cuerpos policiales y fuerzas armadas en distintos pa\u00edses. Su versatilidad tambi\u00e9n los hace aptos para actividades de asistencia emocional y terap\u00e9utica, fortaleciendo el car\u00e1cter social y humano de la seguridad p\u00fablica.<\/p>\n<p data-start=\"1731\" data-end=\"2057\">Con esta incorporaci\u00f3n, la SSP no solo ampl\u00eda las capacidades t\u00e1cticas y preventivas de la <strong data-start=\"1822\" data-end=\"1852\">Guardia Estatal Preventiva<\/strong>, sino que tambi\u00e9n impulsa acciones con sentido humanista, en apego a la visi\u00f3n de una seguridad ciudadana integral instruida por el gobernador <strong data-start=\"1996\" data-end=\"2023\">Eduardo Ram\u00edrez Aguilar<\/strong>, en el marco de la <em data-start=\"2043\" data-end=\"2054\">Nueva ERA<\/em>.<\/p>\n<p data-start=\"2059\" data-end=\"2224\">La Secretar\u00eda refrenda as\u00ed su compromiso de trabajar con <strong data-start=\"2116\" data-end=\"2156\">visi\u00f3n, innovaci\u00f3n y responsabilidad<\/strong> en el fortalecimiento de la seguridad y la paz social en Chiapas.<\/p>\n","protected":false},"excerpt":{"rendered":"<p>Tuxtla Guti\u00e9rrez, Chiapas. \u2013 La Secretar\u00eda de Seguridad del Pueblo (SSP), bajo la direcci\u00f3n del doctor y piloto aviador \u00d3scar Alberto Aparicio Avenda\u00f1o, recibi\u00f3 la donaci\u00f3n de seis ejemplares de la raza Belga Malinois, que ser\u00e1n incorporados a programas de adiestramiento especializado en el Centro de Adiestramiento Canino de la instituci\u00f3n, ubicado en el municipio [&hellip;]<\/p>\n","protected":false},"author":21,"featured_media":64654,"comment_status":"open","ping_status":"open","sticky":false,"template":"","format":"standard","meta":{"_uf_show_specific_survey":0,"_uf_disable_surveys":false,"advanced_seo_description":"","jetpack_seo_html_title":"","jetpack_seo_noindex":false,"jetpack_post_was_ever_published":false,"_jetpack_newsletter_access":"","_jetpack_dont_email_post_to_subs":false,"_jetpack_newsletter_tier_id":0,"_jetpack_memberships_contains_paywalled_content":false,"_jetpack_memberships_contains_paid_content":false,"footnotes":"","jetpack_publicize_message":"","jetpack_publicize_feature_enabled":true,"jetpack_social_post_already_shared":true,"jetpack_social_options":{"image_generator_settings":{"template":"highway","default_image_id":0,"font":"","enabled":false},"version":2}},"categories":[75],"tags":[],"class_list":{"0":"post-64653","1":"post","2":"type-post","3":"status-publish","4":"format-standard","5":"has-post-thumbnail","7":"category-chiapas"},"jetpack_publicize_connections":[],"jetpack_featured_media_url":"https:\/\/i0.wp.com\/mexicocodigorojo.com.mx\/wp-content\/uploads\/2025\/09\/nn419.jpg?fit=1600%2C897&ssl=1","jetpack-related-posts":[{"id":64243,"url":"https:\/\/mexicocodigorojo.com.mx\/?p=64243","url_meta":{"origin":64653,"position":0},"title":"SSP Chiapas respalda a Fuerzas Armadas en protesta de bandera del SMN 2006","author":"MexicoRojoCvmx","date":"mayo 10, 2025","format":false,"excerpt":"El titular de la Secretar\u00eda de Seguridad del Pueblo (SSP) de Chiapas, \u00d3scar Alberto Aparicio Avenda\u00f1o, particip\u00f3 en la ceremonia de Protesta de Bandera del Servicio Militar Nacional (SMN) clase 2006, reafirmando el compromiso institucional con la paz y la seguridad del estado, en un evento encabezado por el gobernador\u2026","rel":"","context":"En \u00abChiapas\u00bb","block_context":{"text":"Chiapas","link":"https:\/\/mexicocodigorojo.com.mx\/?cat=75"},"img":{"alt_text":"","src":"https:\/\/i0.wp.com\/mexicocodigorojo.com.mx\/wp-content\/uploads\/2025\/06\/nn130.jpg?fit=1200%2C673&ssl=1&resize=350%2C200","width":350,"height":200,"srcset":"https:\/\/i0.wp.com\/mexicocodigorojo.com.mx\/wp-content\/uploads\/2025\/06\/nn130.jpg?fit=1200%2C673&ssl=1&resize=350%2C200 1x, https:\/\/i0.wp.com\/mexicocodigorojo.com.mx\/wp-content\/uploads\/2025\/06\/nn130.jpg?fit=1200%2C673&ssl=1&resize=525%2C300 1.5x, https:\/\/i0.wp.com\/mexicocodigorojo.com.mx\/wp-content\/uploads\/2025\/06\/nn130.jpg?fit=1200%2C673&ssl=1&resize=700%2C400 2x, https:\/\/i0.wp.com\/mexicocodigorojo.com.mx\/wp-content\/uploads\/2025\/06\/nn130.jpg?fit=1200%2C673&ssl=1&resize=1050%2C600 3x"},"classes":[]},{"id":64805,"url":"https:\/\/mexicocodigorojo.com.mx\/?p=64805","url_meta":{"origin":64653,"position":1},"title":"SSP sostiene reuni\u00f3n con mandos en Tapachula para reforzar estrategias de seguridad","author":"MexicoRojoCvmx","date":"septiembre 25, 2025","format":false,"excerpt":"Tapachula, Chiapas; 25 de septiembre de 2025. \u2013 Con el prop\u00f3sito de fortalecer la estrategia de seguridad en la regi\u00f3n Soconusco, el secretario de Seguridad del Pueblo, \u00d3scar Alberto Aparicio Avenda\u00f1o, encabez\u00f3 una reuni\u00f3n de trabajo con mandos de la Secretar\u00eda de Seguridad del Pueblo (SSP), de la Fiscal\u00eda General\u2026","rel":"","context":"En \u00abChiapas\u00bb","block_context":{"text":"Chiapas","link":"https:\/\/mexicocodigorojo.com.mx\/?cat=75"},"img":{"alt_text":"","src":"https:\/\/i0.wp.com\/mexicocodigorojo.com.mx\/wp-content\/uploads\/2025\/09\/Captura-de-pantalla-2025-09-28-132034.jpg?fit=1200%2C635&ssl=1&resize=350%2C200","width":350,"height":200,"srcset":"https:\/\/i0.wp.com\/mexicocodigorojo.com.mx\/wp-content\/uploads\/2025\/09\/Captura-de-pantalla-2025-09-28-132034.jpg?fit=1200%2C635&ssl=1&resize=350%2C200 1x, https:\/\/i0.wp.com\/mexicocodigorojo.com.mx\/wp-content\/uploads\/2025\/09\/Captura-de-pantalla-2025-09-28-132034.jpg?fit=1200%2C635&ssl=1&resize=525%2C300 1.5x, https:\/\/i0.wp.com\/mexicocodigorojo.com.mx\/wp-content\/uploads\/2025\/09\/Captura-de-pantalla-2025-09-28-132034.jpg?fit=1200%2C635&ssl=1&resize=700%2C400 2x, https:\/\/i0.wp.com\/mexicocodigorojo.com.mx\/wp-content\/uploads\/2025\/09\/Captura-de-pantalla-2025-09-28-132034.jpg?fit=1200%2C635&ssl=1&resize=1050%2C600 3x"},"classes":[]},{"id":64801,"url":"https:\/\/mexicocodigorojo.com.mx\/?p=64801","url_meta":{"origin":64653,"position":2},"title":"SSP y Comisi\u00f3n Estatal de B\u00fasqueda fortalecen coordinaci\u00f3n contra desapariciones en Chiapas","author":"MexicoRojoCvmx","date":"septiembre 23, 2025","format":false,"excerpt":"Tuxtla Guti\u00e9rrez, Chiapas. \u2013 Con el prop\u00f3sito de reforzar los mecanismos interinstitucionales para atender la problem\u00e1tica de desaparici\u00f3n de personas en el estado, el secretario de Seguridad del Pueblo (SSP), \u00d3scar Alberto Aparicio Avenda\u00f1o, sostuvo una reuni\u00f3n de trabajo con la directora general de la Comisi\u00f3n Estatal de B\u00fasqueda de\u2026","rel":"","context":"En \u00abChiapas\u00bb","block_context":{"text":"Chiapas","link":"https:\/\/mexicocodigorojo.com.mx\/?cat=75"},"img":{"alt_text":"","src":"https:\/\/i0.wp.com\/mexicocodigorojo.com.mx\/wp-content\/uploads\/2025\/09\/WhatsApp-Image-2025-09-23-at-11.57.29-AM.jpeg?fit=1024%2C683&ssl=1&resize=350%2C200","width":350,"height":200,"srcset":"https:\/\/i0.wp.com\/mexicocodigorojo.com.mx\/wp-content\/uploads\/2025\/09\/WhatsApp-Image-2025-09-23-at-11.57.29-AM.jpeg?fit=1024%2C683&ssl=1&resize=350%2C200 1x, https:\/\/i0.wp.com\/mexicocodigorojo.com.mx\/wp-content\/uploads\/2025\/09\/WhatsApp-Image-2025-09-23-at-11.57.29-AM.jpeg?fit=1024%2C683&ssl=1&resize=525%2C300 1.5x, https:\/\/i0.wp.com\/mexicocodigorojo.com.mx\/wp-content\/uploads\/2025\/09\/WhatsApp-Image-2025-09-23-at-11.57.29-AM.jpeg?fit=1024%2C683&ssl=1&resize=700%2C400 2x"},"classes":[]},{"id":64117,"url":"https:\/\/mexicocodigorojo.com.mx\/?p=64117","url_meta":{"origin":64653,"position":3},"title":"Chiapas refuerza vigilancia tur\u00edstica: SSP mantiene mesa de seguridad permanente en Semana Santa","author":"MexicoRojoCvmx","date":"abril 18, 2025","format":false,"excerpt":"Tuxtla Guti\u00e9rrez, Chiapas. \u2014 Con la finalidad de garantizar unas vacaciones seguras para las familias chiapanecas y visitantes, la Secretar\u00eda de Seguridad del Pueblo (SSP), encabezada por el Dr. y piloto aviador \u00d3scar Alberto Aparicio Avenda\u00f1o, mantiene una sesi\u00f3n permanente con la Mesa de Seguridad Estatal, supervisando en tiempo real\u2026","rel":"","context":"En \u00abChiapas\u00bb","block_context":{"text":"Chiapas","link":"https:\/\/mexicocodigorojo.com.mx\/?cat=75"},"img":{"alt_text":"","src":"https:\/\/i0.wp.com\/mexicocodigorojo.com.mx\/wp-content\/uploads\/2025\/05\/Captura-de-pantalla-2025-05-02-112534.jpg?fit=1200%2C771&ssl=1&resize=350%2C200","width":350,"height":200,"srcset":"https:\/\/i0.wp.com\/mexicocodigorojo.com.mx\/wp-content\/uploads\/2025\/05\/Captura-de-pantalla-2025-05-02-112534.jpg?fit=1200%2C771&ssl=1&resize=350%2C200 1x, https:\/\/i0.wp.com\/mexicocodigorojo.com.mx\/wp-content\/uploads\/2025\/05\/Captura-de-pantalla-2025-05-02-112534.jpg?fit=1200%2C771&ssl=1&resize=525%2C300 1.5x, https:\/\/i0.wp.com\/mexicocodigorojo.com.mx\/wp-content\/uploads\/2025\/05\/Captura-de-pantalla-2025-05-02-112534.jpg?fit=1200%2C771&ssl=1&resize=700%2C400 2x, https:\/\/i0.wp.com\/mexicocodigorojo.com.mx\/wp-content\/uploads\/2025\/05\/Captura-de-pantalla-2025-05-02-112534.jpg?fit=1200%2C771&ssl=1&resize=1050%2C600 3x"},"classes":[]},{"id":64656,"url":"https:\/\/mexicocodigorojo.com.mx\/?p=64656","url_meta":{"origin":64653,"position":4},"title":"SSP firma convenio con la Universidad del Sur para fortalecer la profesionalizaci\u00f3n policial en Chiapas","author":"MexicoRojoCvmx","date":"agosto 4, 2025","format":false,"excerpt":"Tuxtla Guti\u00e9rrez, Chiapas. \u2013 En la b\u00fasqueda de estrategias que dignifiquen la labor policial y fortalezcan tanto la profesionalizaci\u00f3n del personal operativo y administrativo como la de sus familias, la Secretar\u00eda de Seguridad del Pueblo (SSP) firm\u00f3 un convenio de colaboraci\u00f3n con la Universidad del Sur. El acuerdo fue signado\u2026","rel":"","context":"En \u00abChiapas\u00bb","block_context":{"text":"Chiapas","link":"https:\/\/mexicocodigorojo.com.mx\/?cat=75"},"img":{"alt_text":"","src":"https:\/\/i0.wp.com\/mexicocodigorojo.com.mx\/wp-content\/uploads\/2025\/09\/nn425.jpg?fit=1200%2C799&ssl=1&resize=350%2C200","width":350,"height":200,"srcset":"https:\/\/i0.wp.com\/mexicocodigorojo.com.mx\/wp-content\/uploads\/2025\/09\/nn425.jpg?fit=1200%2C799&ssl=1&resize=350%2C200 1x, https:\/\/i0.wp.com\/mexicocodigorojo.com.mx\/wp-content\/uploads\/2025\/09\/nn425.jpg?fit=1200%2C799&ssl=1&resize=525%2C300 1.5x, https:\/\/i0.wp.com\/mexicocodigorojo.com.mx\/wp-content\/uploads\/2025\/09\/nn425.jpg?fit=1200%2C799&ssl=1&resize=700%2C400 2x, https:\/\/i0.wp.com\/mexicocodigorojo.com.mx\/wp-content\/uploads\/2025\/09\/nn425.jpg?fit=1200%2C799&ssl=1&resize=1050%2C600 3x"},"classes":[]},{"id":64666,"url":"https:\/\/mexicocodigorojo.com.mx\/?p=64666","url_meta":{"origin":64653,"position":5},"title":"Chiapas se mantiene en primer lugar nacional en el Registro de Informaci\u00f3n Penitenciaria","author":"MexicoRojoCvmx","date":"agosto 14, 2025","format":false,"excerpt":"Tuxtla Guti\u00e9rrez, Chiapas. \u2013 La Secretar\u00eda de Seguridad del Pueblo (SSP), encabezada por el doctor y piloto aviador \u00d3scar Alberto Aparicio Avenda\u00f1o, inform\u00f3 que la entidad se mantiene en primer lugar nacional en el Registro Nacional de Informaci\u00f3n Penitenciaria (RNIP), tras superar las auditor\u00edas mensuales del Centro Nacional de Informaci\u00f3n.\u2026","rel":"","context":"En \u00abChiapas\u00bb","block_context":{"text":"Chiapas","link":"https:\/\/mexicocodigorojo.com.mx\/?cat=75"},"img":{"alt_text":"","src":"https:\/\/i0.wp.com\/mexicocodigorojo.com.mx\/wp-content\/uploads\/2025\/09\/En-calma-y-paz-poblacion-penitenciaria-en-el-Cerss-de-San-Cristobal-SSyPC-2-2.jpg?fit=1200%2C900&ssl=1&resize=350%2C200","width":350,"height":200,"srcset":"https:\/\/i0.wp.com\/mexicocodigorojo.com.mx\/wp-content\/uploads\/2025\/09\/En-calma-y-paz-poblacion-penitenciaria-en-el-Cerss-de-San-Cristobal-SSyPC-2-2.jpg?fit=1200%2C900&ssl=1&resize=350%2C200 1x, https:\/\/i0.wp.com\/mexicocodigorojo.com.mx\/wp-content\/uploads\/2025\/09\/En-calma-y-paz-poblacion-penitenciaria-en-el-Cerss-de-San-Cristobal-SSyPC-2-2.jpg?fit=1200%2C900&ssl=1&resize=525%2C300 1.5x, https:\/\/i0.wp.com\/mexicocodigorojo.com.mx\/wp-content\/uploads\/2025\/09\/En-calma-y-paz-poblacion-penitenciaria-en-el-Cerss-de-San-Cristobal-SSyPC-2-2.jpg?fit=1200%2C900&ssl=1&resize=700%2C400 2x, https:\/\/i0.wp.com\/mexicocodigorojo.com.mx\/wp-content\/uploads\/2025\/09\/En-calma-y-paz-poblacion-penitenciaria-en-el-Cerss-de-San-Cristobal-SSyPC-2-2.jpg?fit=1200%2C900&ssl=1&resize=1050%2C600 3x"},"classes":[]}],"jetpack_sharing_enabled":true,"jetpack_likes_enabled":true,"jetpack_shortlink":"https:\/\/wp.me\/p9TedA-gON","_links":{"self":[{"href":"https:\/\/mexicocodigorojo.com.mx\/index.php?rest_route=\/wp\/v2\/posts\/64653","targetHints":{"allow":["GET"]}}],"collection":[{"href":"https:\/\/mexicocodigorojo.com.mx\/index.php?rest_route=\/wp\/v2\/posts"}],"about":[{"href":"https:\/\/mexicocodigorojo.com.mx\/index.php?rest_route=\/wp\/v2\/types\/post"}],"author":[{"embeddable":true,"href":"https:\/\/mexicocodigorojo.com.mx\/index.php?rest_route=\/wp\/v2\/users\/21"}],"replies":[{"embeddable":true,"href":"https:\/\/mexicocodigorojo.com.mx\/index.php?rest_route=%2Fwp%2Fv2%2Fcomments&post=64653"}],"version-history":[{"count":1,"href":"https:\/\/mexicocodigorojo.com.mx\/index.php?rest_route=\/wp\/v2\/posts\/64653\/revisions"}],"predecessor-version":[{"id":64655,"href":"https:\/\/mexicocodigorojo.com.mx\/index.php?rest_route=\/wp\/v2\/posts\/64653\/revisions\/64655"}],"wp:featuredmedia":[{"embeddable":true,"href":"https:\/\/mexicocodigorojo.com.mx\/index.php?rest_route=\/wp\/v2\/media\/64654"}],"wp:attachment":[{"href":"https:\/\/mexicocodigorojo.com.mx\/index.php?rest_route=%2Fwp%2Fv2%2Fmedia&parent=64653"}],"wp:term":[{"taxonomy":"category","embeddable":true,"href":"https:\/\/mexicocodigorojo.com.mx\/index.php?rest_route=%2Fwp%2Fv2%2Fcategories&post=64653"},{"taxonomy":"post_tag","embeddable":true,"href":"https:\/\/mexicocodigorojo.com.mx\/index.php?rest_route=%2Fwp%2Fv2%2Ftags&post=64653"}],"curies":[{"name":"wp","href":"https:\/\/api.w.org\/{rel}","templated":true}]}}