{"id":64637,"date":"2025-08-28T18:13:44","date_gmt":"2025-08-29T00:13:44","guid":{"rendered":"https:\/\/mexicocodigorojo.com.mx\/?p=64637"},"modified":"2025-08-28T19:37:01","modified_gmt":"2025-08-29T01:37:01","slug":"tania-contreras-inicio-de-una-nueva-etapa-en-el-poder-judicial-de-tamaulipas","status":"publish","type":"post","link":"https:\/\/mexicocodigorojo.com.mx\/?p=64637","title":{"rendered":"Tania Contreras: inicio de una nueva etapa en el Poder Judicial de Tamaulipas"},"content":{"rendered":"<p data-start=\"127\" data-end=\"384\">Ciudad Victoria, Tamps.\u2014 En un momento en que la confianza ciudadana en las instituciones es clave, <strong data-start=\"227\" data-end=\"246\">Tania Contreras<\/strong> encabez\u00f3 la reuni\u00f3n con las y los magistrados electos del Poder Judicial de Tamaulipas para marcar el inicio del proceso de transici\u00f3n.<\/p>\n<p data-start=\"386\" data-end=\"691\">El encuentro fue descrito como un <strong data-start=\"420\" data-end=\"451\">ejercicio de escucha activa<\/strong>, donde se recogieron propuestas que servir\u00e1n de base para un modelo judicial m\u00e1s eficiente y transparente. Contreras destac\u00f3 que los nuevos tiempos requieren jueces y magistrados cercanos a la sociedad y alejados de pr\u00e1cticas del pasado.<\/p>\n<p data-start=\"693\" data-end=\"1034\">En un entorno donde la oposici\u00f3n ha intentado generar desconfianza mediante campa\u00f1as de desprestigio, la respuesta de la nueva etapa judicial es clara: fortalecer la <strong data-start=\"859\" data-end=\"883\">unidad institucional<\/strong>, blindar la independencia de los magistrados y garantizar que el Poder Judicial se convierta en un <strong data-start=\"983\" data-end=\"1031\">referente de confianza p\u00fablica en Tamaulipas<\/strong>.<\/p>\n","protected":false},"excerpt":{"rendered":"<p>Ciudad Victoria, Tamps.\u2014 En un momento en que la confianza ciudadana en las instituciones es clave, Tania Contreras encabez\u00f3 la reuni\u00f3n con las y los magistrados electos del Poder Judicial de Tamaulipas para marcar el inicio del proceso de transici\u00f3n. El encuentro fue descrito como un ejercicio de escucha activa, donde se recogieron propuestas que [&hellip;]<\/p>\n","protected":false},"author":21,"featured_media":64638,"comment_status":"open","ping_status":"open","sticky":false,"template":"","format":"standard","meta":{"_uf_show_specific_survey":0,"_uf_disable_surveys":false,"advanced_seo_description":"","jetpack_seo_html_title":"","jetpack_seo_noindex":false,"jetpack_post_was_ever_published":false,"_jetpack_newsletter_access":"","_jetpack_dont_email_post_to_subs":false,"_jetpack_newsletter_tier_id":0,"_jetpack_memberships_contains_paywalled_content":false,"_jetpack_memberships_contains_paid_content":false,"footnotes":"","jetpack_publicize_message":"","jetpack_publicize_feature_enabled":true,"jetpack_social_post_already_shared":true,"jetpack_social_options":{"image_generator_settings":{"template":"highway","default_image_id":0,"font":"","enabled":false},"version":2}},"categories":[1724,2],"tags":[],"class_list":{"0":"post-64637","1":"post","2":"type-post","3":"status-publish","4":"format-standard","5":"has-post-thumbnail","7":"category-featured","8":"category-tamaulipas"},"jetpack_publicize_connections":[],"jetpack_featured_media_url":"https:\/\/i0.wp.com\/mexicocodigorojo.com.mx\/wp-content\/uploads\/2025\/08\/GzegUYAXYAAahQz.jpg?fit=2048%2C1366&ssl=1","jetpack-related-posts":[{"id":64729,"url":"https:\/\/mexicocodigorojo.com.mx\/?p=64729","url_meta":{"origin":64637,"position":0},"title":"Los tres amparos de Andy L\u00f3pez Beltr\u00e1n y la red del huachicol fiscal","author":"Staff","date":"septiembre 17, 2025","format":false,"excerpt":"El esc\u00e1ndalo por el huachicol fiscal alcanza un nuevo nivel: Andy L\u00f3pez Beltr\u00e1n, hijo del expresidente Andr\u00e9s Manuel L\u00f3pez Obrador, no tiene uno ni dos, sino tres amparos contra \u00f3rdenes de aprehensi\u00f3n. Y no est\u00e1 solo. Sus hermanos Jos\u00e9 Ram\u00f3n y Gonzalo tambi\u00e9n aparecen en estas listas, junto con una\u2026","rel":"","context":"En \u00abCiudad de M\u00e9xico\u00bb","block_context":{"text":"Ciudad de M\u00e9xico","link":"https:\/\/mexicocodigorojo.com.mx\/?cat=101"},"img":{"alt_text":"","src":"https:\/\/i0.wp.com\/mexicocodigorojo.com.mx\/wp-content\/uploads\/2025\/09\/img_9081.jpg?fit=1200%2C1200&ssl=1&resize=350%2C200","width":350,"height":200,"srcset":"https:\/\/i0.wp.com\/mexicocodigorojo.com.mx\/wp-content\/uploads\/2025\/09\/img_9081.jpg?fit=1200%2C1200&ssl=1&resize=350%2C200 1x, https:\/\/i0.wp.com\/mexicocodigorojo.com.mx\/wp-content\/uploads\/2025\/09\/img_9081.jpg?fit=1200%2C1200&ssl=1&resize=525%2C300 1.5x, https:\/\/i0.wp.com\/mexicocodigorojo.com.mx\/wp-content\/uploads\/2025\/09\/img_9081.jpg?fit=1200%2C1200&ssl=1&resize=700%2C400 2x, https:\/\/i0.wp.com\/mexicocodigorojo.com.mx\/wp-content\/uploads\/2025\/09\/img_9081.jpg?fit=1200%2C1200&ssl=1&resize=1050%2C600 3x"},"classes":[]},{"id":32818,"url":"https:\/\/mexicocodigorojo.com.mx\/?p=32818","url_meta":{"origin":64637,"position":1},"title":"Ponen en la mira bienes de los jueces","author":"Staff","date":"febrero 13, 2020","format":false,"excerpt":"Por primera vez, la Corte plantea que una contralor\u00eda d\u00e9 seguimiento al patrimonio de los juzgadores para detectar irregularidades en sus ingresos y combatir casos de corrupci\u00f3n El combate a la corrupci\u00f3n es uno de los pilares de la nueva reforma alPoder Judicial, presentada ayer. En su propuesta, la\u00a0Suprema Corte\u00a0plantea\u2026","rel":"","context":"En \u00abCiudad de M\u00e9xico\u00bb","block_context":{"text":"Ciudad de M\u00e9xico","link":"https:\/\/mexicocodigorojo.com.mx\/?cat=101"},"img":{"alt_text":"","src":"https:\/\/i0.wp.com\/mexicocodigorojo.com.mx\/wp-content\/uploads\/2020\/02\/2305338.jpg?fit=664%2C498&ssl=1&resize=350%2C200","width":350,"height":200,"srcset":"https:\/\/i0.wp.com\/mexicocodigorojo.com.mx\/wp-content\/uploads\/2020\/02\/2305338.jpg?fit=664%2C498&ssl=1&resize=350%2C200 1x, https:\/\/i0.wp.com\/mexicocodigorojo.com.mx\/wp-content\/uploads\/2020\/02\/2305338.jpg?fit=664%2C498&ssl=1&resize=525%2C300 1.5x"},"classes":[]},{"id":53745,"url":"https:\/\/mexicocodigorojo.com.mx\/?p=53745","url_meta":{"origin":64637,"position":2},"title":"\u201cEl tiempo y la ley me han dado la raz\u00f3n\u201d: Garc\u00eda Cabeza de Vaca","author":"MexicoRojoCvmx","date":"agosto 18, 2022","format":false,"excerpt":"Ciudad Victoria.- El gobernador de Tamaulipas, Francisco Garc\u00eda Cabeza de Vaca, se\u00f1al\u00f3 esta tarde que, despu\u00e9s de m\u00e1s de un a\u00f1o, la Suprema Corte de Justicia de la Naci\u00f3n (SCJN) ha dejado claro que siempre tuvo la raz\u00f3n, \u201cy que, en todo momento, actuamos con estricto apego a la verdad\u201d.\u2026","rel":"","context":"En \u00abFeatured\u00bb","block_context":{"text":"Featured","link":"https:\/\/mexicocodigorojo.com.mx\/?cat=1724"},"img":{"alt_text":"","src":"https:\/\/i0.wp.com\/mexicocodigorojo.com.mx\/wp-content\/uploads\/2022\/08\/Captura-de-pantalla-2022-08-18-090948.jpg?fit=1138%2C723&ssl=1&resize=350%2C200","width":350,"height":200,"srcset":"https:\/\/i0.wp.com\/mexicocodigorojo.com.mx\/wp-content\/uploads\/2022\/08\/Captura-de-pantalla-2022-08-18-090948.jpg?fit=1138%2C723&ssl=1&resize=350%2C200 1x, https:\/\/i0.wp.com\/mexicocodigorojo.com.mx\/wp-content\/uploads\/2022\/08\/Captura-de-pantalla-2022-08-18-090948.jpg?fit=1138%2C723&ssl=1&resize=525%2C300 1.5x, https:\/\/i0.wp.com\/mexicocodigorojo.com.mx\/wp-content\/uploads\/2022\/08\/Captura-de-pantalla-2022-08-18-090948.jpg?fit=1138%2C723&ssl=1&resize=700%2C400 2x, https:\/\/i0.wp.com\/mexicocodigorojo.com.mx\/wp-content\/uploads\/2022\/08\/Captura-de-pantalla-2022-08-18-090948.jpg?fit=1138%2C723&ssl=1&resize=1050%2C600 3x"},"classes":[]},{"id":64132,"url":"https:\/\/mexicocodigorojo.com.mx\/?p=64132","url_meta":{"origin":64637,"position":3},"title":"Confirman condena de 17 a\u00f1os de prisi\u00f3n a Fofo M\u00e1rquez por feminicidio tentado","author":"MexicoRojoCvmx","date":"mayo 2, 2025","format":false,"excerpt":"Tlalnepantla, Estado de M\u00e9xico. \u2014 La condena de 17 a\u00f1os y 6 meses de prisi\u00f3n contra Rodolfo M\u00e1rquez, conocido como \u201cFofo M\u00e1rquez\u201d, fue ratificada por el Segundo Tribunal de Alzada en Materia Penal del Poder Judicial del Estado de M\u00e9xico. La sentencia confirma su responsabilidad penal por el delito de\u2026","rel":"","context":"En \u00abCiudad de M\u00e9xico\u00bb","block_context":{"text":"Ciudad de M\u00e9xico","link":"https:\/\/mexicocodigorojo.com.mx\/?cat=101"},"img":{"alt_text":"","src":"https:\/\/i0.wp.com\/mexicocodigorojo.com.mx\/wp-content\/uploads\/2025\/05\/Captura-de-pantalla-2025-05-02-124406.jpg?fit=915%2C675&ssl=1&resize=350%2C200","width":350,"height":200,"srcset":"https:\/\/i0.wp.com\/mexicocodigorojo.com.mx\/wp-content\/uploads\/2025\/05\/Captura-de-pantalla-2025-05-02-124406.jpg?fit=915%2C675&ssl=1&resize=350%2C200 1x, https:\/\/i0.wp.com\/mexicocodigorojo.com.mx\/wp-content\/uploads\/2025\/05\/Captura-de-pantalla-2025-05-02-124406.jpg?fit=915%2C675&ssl=1&resize=525%2C300 1.5x, https:\/\/i0.wp.com\/mexicocodigorojo.com.mx\/wp-content\/uploads\/2025\/05\/Captura-de-pantalla-2025-05-02-124406.jpg?fit=915%2C675&ssl=1&resize=700%2C400 2x"},"classes":[]},{"id":63725,"url":"https:\/\/mexicocodigorojo.com.mx\/?p=63725","url_meta":{"origin":64637,"position":4},"title":"EN CATEO HALLAN MARIHUANA EN REYNOSA","author":"Staff","date":"enero 27, 2025","format":false,"excerpt":"Reynosa, Tamaulipas.- La Fiscal\u00eda General de Justicia del Estado de Tamaulipas informa que, Agentes de Investigaci\u00f3n cumplimentaron una orden de cateo por Delitos Contra la Salud en su modalidad de Narcomenudeo; en colaboraci\u00f3n con la Secretar\u00eda de la Defensa Nacional y la Guardia Nacional. El mandamiento judicial, autorizado por el\u2026","rel":"","context":"En \u00abFeatured\u00bb","block_context":{"text":"Featured","link":"https:\/\/mexicocodigorojo.com.mx\/?cat=1724"},"img":{"alt_text":"","src":"https:\/\/i0.wp.com\/mexicocodigorojo.com.mx\/wp-content\/uploads\/2025\/01\/ca517b09-71ad-4794-9e02-7f1434888791-1.jpg?fit=1200%2C900&ssl=1&resize=350%2C200","width":350,"height":200,"srcset":"https:\/\/i0.wp.com\/mexicocodigorojo.com.mx\/wp-content\/uploads\/2025\/01\/ca517b09-71ad-4794-9e02-7f1434888791-1.jpg?fit=1200%2C900&ssl=1&resize=350%2C200 1x, https:\/\/i0.wp.com\/mexicocodigorojo.com.mx\/wp-content\/uploads\/2025\/01\/ca517b09-71ad-4794-9e02-7f1434888791-1.jpg?fit=1200%2C900&ssl=1&resize=525%2C300 1.5x, https:\/\/i0.wp.com\/mexicocodigorojo.com.mx\/wp-content\/uploads\/2025\/01\/ca517b09-71ad-4794-9e02-7f1434888791-1.jpg?fit=1200%2C900&ssl=1&resize=700%2C400 2x, https:\/\/i0.wp.com\/mexicocodigorojo.com.mx\/wp-content\/uploads\/2025\/01\/ca517b09-71ad-4794-9e02-7f1434888791-1.jpg?fit=1200%2C900&ssl=1&resize=1050%2C600 3x"},"classes":[]},{"id":28527,"url":"https:\/\/mexicocodigorojo.com.mx\/?p=28527","url_meta":{"origin":64637,"position":5},"title":"Luz verde a Javier Duarte para apelar condena","author":"Staff","date":"diciembre 10, 2019","format":false,"excerpt":"Las autoridades ordenaron tambi\u00e9n levantar el decomiso dictado sobre un departamento en Polanco propiedad de Mois\u00e9s Mansur Cysneiros, se\u00f1alado de ser uno de los prestanombres del exgobernador de Veracruz Un tribunal federal determin\u00f3 que el exgobernador de Veracruz, Javier Duarte podr\u00e1 apelar la condena de nueve a\u00f1os de c\u00e1rcel que\u2026","rel":"","context":"En \u00abFeatured\u00bb","block_context":{"text":"Featured","link":"https:\/\/mexicocodigorojo.com.mx\/?cat=1724"},"img":{"alt_text":"","src":"https:\/\/i0.wp.com\/mexicocodigorojo.com.mx\/wp-content\/uploads\/2019\/12\/Javier_Duarte_Comparecencia-696x464.jpg?fit=696%2C464&ssl=1&resize=350%2C200","width":350,"height":200,"srcset":"https:\/\/i0.wp.com\/mexicocodigorojo.com.mx\/wp-content\/uploads\/2019\/12\/Javier_Duarte_Comparecencia-696x464.jpg?fit=696%2C464&ssl=1&resize=350%2C200 1x, https:\/\/i0.wp.com\/mexicocodigorojo.com.mx\/wp-content\/uploads\/2019\/12\/Javier_Duarte_Comparecencia-696x464.jpg?fit=696%2C464&ssl=1&resize=525%2C300 1.5x"},"classes":[]}],"jetpack_sharing_enabled":true,"jetpack_likes_enabled":true,"jetpack_shortlink":"https:\/\/wp.me\/p9TedA-gOx","_links":{"self":[{"href":"https:\/\/mexicocodigorojo.com.mx\/index.php?rest_route=\/wp\/v2\/posts\/64637","targetHints":{"allow":["GET"]}}],"collection":[{"href":"https:\/\/mexicocodigorojo.com.mx\/index.php?rest_route=\/wp\/v2\/posts"}],"about":[{"href":"https:\/\/mexicocodigorojo.com.mx\/index.php?rest_route=\/wp\/v2\/types\/post"}],"author":[{"embeddable":true,"href":"https:\/\/mexicocodigorojo.com.mx\/index.php?rest_route=\/wp\/v2\/users\/21"}],"replies":[{"embeddable":true,"href":"https:\/\/mexicocodigorojo.com.mx\/index.php?rest_route=%2Fwp%2Fv2%2Fcomments&post=64637"}],"version-history":[{"count":1,"href":"https:\/\/mexicocodigorojo.com.mx\/index.php?rest_route=\/wp\/v2\/posts\/64637\/revisions"}],"predecessor-version":[{"id":64639,"href":"https:\/\/mexicocodigorojo.com.mx\/index.php?rest_route=\/wp\/v2\/posts\/64637\/revisions\/64639"}],"wp:featuredmedia":[{"embeddable":true,"href":"https:\/\/mexicocodigorojo.com.mx\/index.php?rest_route=\/wp\/v2\/media\/64638"}],"wp:attachment":[{"href":"https:\/\/mexicocodigorojo.com.mx\/index.php?rest_route=%2Fwp%2Fv2%2Fmedia&parent=64637"}],"wp:term":[{"taxonomy":"category","embeddable":true,"href":"https:\/\/mexicocodigorojo.com.mx\/index.php?rest_route=%2Fwp%2Fv2%2Fcategories&post=64637"},{"taxonomy":"post_tag","embeddable":true,"href":"https:\/\/mexicocodigorojo.com.mx\/index.php?rest_route=%2Fwp%2Fv2%2Ftags&post=64637"}],"curies":[{"name":"wp","href":"https:\/\/api.w.org\/{rel}","templated":true}]}}