{"id":64630,"date":"2025-08-28T13:14:26","date_gmt":"2025-08-28T19:14:26","guid":{"rendered":"https:\/\/mexicocodigorojo.com.mx\/?p=64630"},"modified":"2025-08-28T13:14:57","modified_gmt":"2025-08-28T19:14:57","slug":"arley-perez-descarta-que-facciones-del-c-o-en-culiacan-esten-detras-del-ayentado-a-su-casa","status":"publish","type":"post","link":"https:\/\/mexicocodigorojo.com.mx\/?p=64630","title":{"rendered":"ARLEY PEREZ DESCARTA QUE FACCIONES DEL C.O EN CULIAC\u00c1N ESTEN DETRAS DEL ATENTADO A SU CASA"},"content":{"rendered":"<p>En medio de la guerra interna que fragmenta al C\u00e1rtel de Sinaloa, otro nombre de la m\u00fasica regional mexicana vuelve a colocarse bajo los reflectores.<\/p>\n<p>&nbsp;<\/p>\n<p>&nbsp;<\/p>\n<p>Arley P\u00e9rez, int\u00e9rprete originario de Culiac\u00e1n, fue protagonista de un ataque la noche del lunes, cuando sujetos armados dispararon y arrojaron una bomba molotov contra la vivienda de su madre, ubicada en la colonia Amistad de la capital sinaloense.<\/p>\n<p>&nbsp;<\/p>\n<p>&nbsp;<\/p>\n<p>Sin embargo, fue hasta la noche del martes que Arley P\u00e9rez ocup\u00f3 sus redes sociales para pronunciarse sobre los hechos.<\/p>\n<p>&nbsp;<\/p>\n<p>&nbsp;<\/p>\n<p>En una historia de Instagram el cantante rechaz\u00f3 que el ataque est\u00e9 relacionado con la disputa interna del C\u00e1rtel de Sinaloa, espec\u00edficamente entre las facciones identificadas como Los Chapitos y La Mayiza.<\/p>\n<p>&nbsp;<\/p>\n<p>&nbsp;<\/p>\n<p>El cantante explic\u00f3: \u201cLa vivienda de mi mam\u00e1 fue vandalizada por 2 tipos en una moto. Ustedes saben el poder que tienen los grupos de delincuencia organizada en nuestra ciudad.<\/p>\n<p>&nbsp;<\/p>\n<p>&nbsp;<\/p>\n<p>Si hubiera sido alguna facci\u00f3n lo hacen a gran escala, tumban la casa si quieren, este fue un acto de vandalismo el cual se concret\u00f3 con 6 disparos y una bomba molotov\u201d.<\/p>\n<p>&nbsp;<\/p>\n<p>&nbsp;<\/p>\n<p>El propio P\u00e9rez precis\u00f3 que la vivienda no se utiliza y pidi\u00f3 no especular respecto al incidente, \u201cno caigamos en juegos de unos cuantos\u201d.<\/p>\n<p>&nbsp;<\/p>\n<p>&nbsp;<\/p>\n<p>Tambi\u00e9n hizo un llamado a que dejen al gobierno hacer su trabajo y que no se especule sobre el hecho.<\/p>\n","protected":false},"excerpt":{"rendered":"<p>En medio de la guerra interna que fragmenta al C\u00e1rtel de Sinaloa, otro nombre de la m\u00fasica regional mexicana vuelve a colocarse bajo los reflectores. &nbsp; &nbsp; Arley P\u00e9rez, int\u00e9rprete originario de Culiac\u00e1n, fue protagonista de un ataque la noche del lunes, cuando sujetos armados dispararon y arrojaron una bomba molotov contra la vivienda de [&hellip;]<\/p>\n","protected":false},"author":16,"featured_media":64631,"comment_status":"open","ping_status":"open","sticky":false,"template":"","format":"standard","meta":{"_uf_show_specific_survey":0,"_uf_disable_surveys":false,"advanced_seo_description":"","jetpack_seo_html_title":"","jetpack_seo_noindex":false,"jetpack_post_was_ever_published":false,"_jetpack_newsletter_access":"","_jetpack_dont_email_post_to_subs":false,"_jetpack_newsletter_tier_id":0,"_jetpack_memberships_contains_paywalled_content":false,"_jetpack_memberships_contains_paid_content":false,"footnotes":"","jetpack_publicize_message":"","jetpack_publicize_feature_enabled":true,"jetpack_social_post_already_shared":true,"jetpack_social_options":{"image_generator_settings":{"template":"highway","default_image_id":0,"font":"","enabled":false},"version":2}},"categories":[41],"tags":[1140,906,510],"class_list":{"0":"post-64630","1":"post","2":"type-post","3":"status-publish","4":"format-standard","5":"has-post-thumbnail","7":"category-sinaloa","8":"tag-carteldesinaloa","9":"tag-crimenorganizado","10":"tag-nacional"},"jetpack_publicize_connections":[],"jetpack_featured_media_url":"https:\/\/i0.wp.com\/mexicocodigorojo.com.mx\/wp-content\/uploads\/2025\/08\/FB_IMG_1756408273831.jpg?fit=945%2C1150&ssl=1","jetpack-related-posts":[{"id":42238,"url":"https:\/\/mexicocodigorojo.com.mx\/?p=42238","url_meta":{"origin":64630,"position":0},"title":"(VIDEO) CARTEL DE SINALOA DESMIENTE VERSION DEL TOQUE DE QUEDA EN LA VENTA DE CERVEZAS EN CULIAC\u00c1N SINALOA","author":"MexicoRojo","date":"agosto 26, 2020","format":false,"excerpt":"Circula en redes sociales dos audios aparentemente vinculados al jefe de sicarios de los hijos de Joaquin Archibaldo Guzman Loera ex lider del Cartel De Sinaloa ahora preso en un prisi\u00f3n de m\u00e1xima seguridad en Estados Unidos de Am\u00e9rica. Alparecer el jefe de sicarios del grupo de \"Los Ninis\" y\u2026","rel":"","context":"En \u00abFeatured\u00bb","block_context":{"text":"Featured","link":"https:\/\/mexicocodigorojo.com.mx\/?cat=1724"},"img":{"alt_text":"","src":"https:\/\/i0.wp.com\/mexicocodigorojo.com.mx\/wp-content\/uploads\/2020\/08\/20200826_122815.png?fit=284%2C230&ssl=1&resize=350%2C200","width":350,"height":200},"classes":[]},{"id":62864,"url":"https:\/\/mexicocodigorojo.com.mx\/?p=62864","url_meta":{"origin":64630,"position":1},"title":"El Silencio del Terror en Sinaloa: La Guerra Interna del C\u00e1rtel de Sinaloa Desangra al Estado","author":"MexicoRojoCvmx","date":"septiembre 19, 2024","format":false,"excerpt":"El sonido del miedo ha invadido Sinaloa. Las calles de Culiac\u00e1n, que alguna vez fueron el bullicioso epicentro de una ciudad en movimiento, hoy permanecen desiertas, en un tenso silencio que parece interminable. La fractura del C\u00e1rtel de Sinaloa ha desatado una guerra entre narcos que, desde hace una semana,\u2026","rel":"","context":"En \u00abFeatured\u00bb","block_context":{"text":"Featured","link":"https:\/\/mexicocodigorojo.com.mx\/?cat=1724"},"img":{"alt_text":"","src":"https:\/\/i0.wp.com\/mexicocodigorojo.com.mx\/wp-content\/uploads\/2024\/09\/Captura-de-pantalla-2024-09-19-142117.jpg?fit=1085%2C602&ssl=1&resize=350%2C200","width":350,"height":200,"srcset":"https:\/\/i0.wp.com\/mexicocodigorojo.com.mx\/wp-content\/uploads\/2024\/09\/Captura-de-pantalla-2024-09-19-142117.jpg?fit=1085%2C602&ssl=1&resize=350%2C200 1x, https:\/\/i0.wp.com\/mexicocodigorojo.com.mx\/wp-content\/uploads\/2024\/09\/Captura-de-pantalla-2024-09-19-142117.jpg?fit=1085%2C602&ssl=1&resize=525%2C300 1.5x, https:\/\/i0.wp.com\/mexicocodigorojo.com.mx\/wp-content\/uploads\/2024\/09\/Captura-de-pantalla-2024-09-19-142117.jpg?fit=1085%2C602&ssl=1&resize=700%2C400 2x, https:\/\/i0.wp.com\/mexicocodigorojo.com.mx\/wp-content\/uploads\/2024\/09\/Captura-de-pantalla-2024-09-19-142117.jpg?fit=1085%2C602&ssl=1&resize=1050%2C600 3x"},"classes":[]},{"id":62437,"url":"https:\/\/mexicocodigorojo.com.mx\/?p=62437","url_meta":{"origin":64630,"position":2},"title":"FOTOS Y VIDEOS &#8211; DESTROZAN CAPILLA DE FAMILIARES DE &#8216;LOS DAMASOS&#8217; EN CULIACAN SINALOA","author":"MexicoRojo","date":"julio 30, 2024","format":false,"excerpt":"FOTOS Y VIDEOS - DESTROZAN CAPILLA DE FAMILIARES DE 'LOS DAMASOS' EN CULIACAN SINALOA \u00a0 \u00a0 Culiac\u00e1n, Sinaloa.- La lujosa y enorme capilla donde yacen sepultados familiares del narcotraficante D\u00e1maso L\u00f3pez N\u00fa\u00f1ez, alias El Licenciado, quien fuera uno de los l\u00edderes del C\u00e1rtel de Sinaloa y compadre de Joaqu\u00edn El\u2026","rel":"","context":"En \u00abFeatured\u00bb","block_context":{"text":"Featured","link":"https:\/\/mexicocodigorojo.com.mx\/?cat=1724"},"img":{"alt_text":"","src":"https:\/\/i0.wp.com\/mexicocodigorojo.com.mx\/wp-content\/uploads\/2024\/07\/20240730_114511.jpg?fit=1200%2C900&ssl=1&resize=350%2C200","width":350,"height":200,"srcset":"https:\/\/i0.wp.com\/mexicocodigorojo.com.mx\/wp-content\/uploads\/2024\/07\/20240730_114511.jpg?fit=1200%2C900&ssl=1&resize=350%2C200 1x, https:\/\/i0.wp.com\/mexicocodigorojo.com.mx\/wp-content\/uploads\/2024\/07\/20240730_114511.jpg?fit=1200%2C900&ssl=1&resize=525%2C300 1.5x, https:\/\/i0.wp.com\/mexicocodigorojo.com.mx\/wp-content\/uploads\/2024\/07\/20240730_114511.jpg?fit=1200%2C900&ssl=1&resize=700%2C400 2x, https:\/\/i0.wp.com\/mexicocodigorojo.com.mx\/wp-content\/uploads\/2024\/07\/20240730_114511.jpg?fit=1200%2C900&ssl=1&resize=1050%2C600 3x"},"classes":[]},{"id":18883,"url":"https:\/\/mexicocodigorojo.com.mx\/?p=18883","url_meta":{"origin":64630,"position":3},"title":"(VIDEO) Ejecutan a balazos a sobrino de \u00abEl Potro de Sinaloa\u00bb en Culiac\u00e1n","author":"Staff","date":"junio 22, 2019","format":false,"excerpt":"Ejecutan a balazos a sobrino de \"El Potro de Sinaloa\" en Culiac\u00e1n Sinaloa El dia de ayer se viralizaron unas imagenes en video en grupos de la red social de Facebook apenas unos cuantos minutos de que ocurriera un Ataque Armado en la Colonia CNOP en Culiacan Sinaloa. Seria hasta\u2026","rel":"","context":"En \u00abFeatured\u00bb","block_context":{"text":"Featured","link":"https:\/\/mexicocodigorojo.com.mx\/?cat=1724"},"img":{"alt_text":"","src":"https:\/\/i0.wp.com\/mexicocodigorojo.com.mx\/wp-content\/uploads\/2019\/06\/fb_img_1561188710150157311225.jpg?resize=350%2C200&ssl=1","width":350,"height":200,"srcset":"https:\/\/i0.wp.com\/mexicocodigorojo.com.mx\/wp-content\/uploads\/2019\/06\/fb_img_1561188710150157311225.jpg?resize=350%2C200&ssl=1 1x, https:\/\/i0.wp.com\/mexicocodigorojo.com.mx\/wp-content\/uploads\/2019\/06\/fb_img_1561188710150157311225.jpg?resize=525%2C300&ssl=1 1.5x, https:\/\/i0.wp.com\/mexicocodigorojo.com.mx\/wp-content\/uploads\/2019\/06\/fb_img_1561188710150157311225.jpg?resize=700%2C400&ssl=1 2x"},"classes":[]},{"id":25979,"url":"https:\/\/mexicocodigorojo.com.mx\/?p=25979","url_meta":{"origin":64630,"position":4},"title":"SICARIOS DEL CARTEL DE SINALOA SE PELEABAN POR RADIO EL DIA QUE DETUVIERON A LOS CHAPITOS","author":"Staff","date":"octubre 23, 2019","format":false,"excerpt":"El Cartel De Sinaloa pide disculpas publicamente en un comunicado que circula en redes sociales,hasta el momento no se sabe si en realidad fue mandado por los l\u00edderes del cartel sinaloense pidiendo disculpas a la gente de Culiac\u00e1n. Ademas en la red social de Twitter los hijos del chapo guzman\u2026","rel":"","context":"En \u00abFeatured\u00bb","block_context":{"text":"Featured","link":"https:\/\/mexicocodigorojo.com.mx\/?cat=1724"},"img":{"alt_text":"","src":"https:\/\/i0.wp.com\/secureservercdn.net\/166.62.108.22\/cg1.af3.myftpupload.com\/wp-content\/uploads\/2019\/10\/IMG_20191023_010821.jpg?resize=350%2C200&ssl=1","width":350,"height":200,"srcset":"https:\/\/i0.wp.com\/secureservercdn.net\/166.62.108.22\/cg1.af3.myftpupload.com\/wp-content\/uploads\/2019\/10\/IMG_20191023_010821.jpg?resize=350%2C200&ssl=1 1x, https:\/\/i0.wp.com\/secureservercdn.net\/166.62.108.22\/cg1.af3.myftpupload.com\/wp-content\/uploads\/2019\/10\/IMG_20191023_010821.jpg?resize=525%2C300&ssl=1 1.5x, https:\/\/i0.wp.com\/secureservercdn.net\/166.62.108.22\/cg1.af3.myftpupload.com\/wp-content\/uploads\/2019\/10\/IMG_20191023_010821.jpg?resize=700%2C400&ssl=1 2x"},"classes":[]},{"id":63332,"url":"https:\/\/mexicocodigorojo.com.mx\/?p=63332","url_meta":{"origin":64630,"position":5},"title":"Suspenden clases en Sinaloa tras hechos de violencia y masacres","author":"Staff","date":"noviembre 26, 2024","format":false,"excerpt":"Un fin de semana violento se vivi\u00f3 Sinaloa con nueve muertos en Culiac\u00e1n, y dos m\u00e1s en Mazatl\u00e1n y Navolato. El exsecretario de Seguridad P\u00fablica de Mazatl\u00e1n, Juan Ram\u00f3n Alfaro Gaxiola, fue asesinado por un grupo armado en su domicilio. Tambi\u00e9n fue localizado sin vida y con huellas de tortura\u2026","rel":"","context":"En \u00abFeatured\u00bb","block_context":{"text":"Featured","link":"https:\/\/mexicocodigorojo.com.mx\/?cat=1724"},"img":{"alt_text":"","src":"https:\/\/mexicocodigorojo.com.mx\/wp-content\/uploads\/2024\/11\/UD72WA77ERGJFGS2VTXEE2ADR4.avif","width":350,"height":200,"srcset":"https:\/\/mexicocodigorojo.com.mx\/wp-content\/uploads\/2024\/11\/UD72WA77ERGJFGS2VTXEE2ADR4.avif 1x, https:\/\/mexicocodigorojo.com.mx\/wp-content\/uploads\/2024\/11\/UD72WA77ERGJFGS2VTXEE2ADR4.avif 1.5x, https:\/\/mexicocodigorojo.com.mx\/wp-content\/uploads\/2024\/11\/UD72WA77ERGJFGS2VTXEE2ADR4.avif 2x, https:\/\/mexicocodigorojo.com.mx\/wp-content\/uploads\/2024\/11\/UD72WA77ERGJFGS2VTXEE2ADR4.avif 3x"},"classes":[]}],"jetpack_sharing_enabled":true,"jetpack_likes_enabled":true,"jetpack_shortlink":"https:\/\/wp.me\/p9TedA-gOq","_links":{"self":[{"href":"https:\/\/mexicocodigorojo.com.mx\/index.php?rest_route=\/wp\/v2\/posts\/64630","targetHints":{"allow":["GET"]}}],"collection":[{"href":"https:\/\/mexicocodigorojo.com.mx\/index.php?rest_route=\/wp\/v2\/posts"}],"about":[{"href":"https:\/\/mexicocodigorojo.com.mx\/index.php?rest_route=\/wp\/v2\/types\/post"}],"author":[{"embeddable":true,"href":"https:\/\/mexicocodigorojo.com.mx\/index.php?rest_route=\/wp\/v2\/users\/16"}],"replies":[{"embeddable":true,"href":"https:\/\/mexicocodigorojo.com.mx\/index.php?rest_route=%2Fwp%2Fv2%2Fcomments&post=64630"}],"version-history":[{"count":2,"href":"https:\/\/mexicocodigorojo.com.mx\/index.php?rest_route=\/wp\/v2\/posts\/64630\/revisions"}],"predecessor-version":[{"id":64633,"href":"https:\/\/mexicocodigorojo.com.mx\/index.php?rest_route=\/wp\/v2\/posts\/64630\/revisions\/64633"}],"wp:featuredmedia":[{"embeddable":true,"href":"https:\/\/mexicocodigorojo.com.mx\/index.php?rest_route=\/wp\/v2\/media\/64631"}],"wp:attachment":[{"href":"https:\/\/mexicocodigorojo.com.mx\/index.php?rest_route=%2Fwp%2Fv2%2Fmedia&parent=64630"}],"wp:term":[{"taxonomy":"category","embeddable":true,"href":"https:\/\/mexicocodigorojo.com.mx\/index.php?rest_route=%2Fwp%2Fv2%2Fcategories&post=64630"},{"taxonomy":"post_tag","embeddable":true,"href":"https:\/\/mexicocodigorojo.com.mx\/index.php?rest_route=%2Fwp%2Fv2%2Ftags&post=64630"}],"curies":[{"name":"wp","href":"https:\/\/api.w.org\/{rel}","templated":true}]}}