{"id":64599,"date":"2025-08-19T07:30:54","date_gmt":"2025-08-19T13:30:54","guid":{"rendered":"https:\/\/mexicocodigorojo.com.mx\/?p=64599"},"modified":"2025-08-19T07:31:21","modified_gmt":"2025-08-19T13:31:21","slug":"extorsion-y-decomisos-contra-propietarios-de-autos-regularizados-en-tamaulipas","status":"publish","type":"post","link":"https:\/\/mexicocodigorojo.com.mx\/?p=64599","title":{"rendered":"Extorsi\u00f3n y decomisos contra propietarios de autos regularizados en Tamaulipas"},"content":{"rendered":"<p data-start=\"201\" data-end=\"552\"><strong data-start=\"201\" data-end=\"225\">TAMAULIPAS, M\u00c9XICO.-<\/strong> Propietarios de veh\u00edculos importados que fueron regularizados bajo el decreto federal de legalizaci\u00f3n han denunciado pr\u00e1cticas de <strong data-start=\"356\" data-end=\"380\">extorsi\u00f3n y decomiso<\/strong> por parte de algunas autoridades en aduanas y carreteras. As\u00ed lo inform\u00f3 Christian P\u00e9rez Cos\u00edo, consejero jur\u00eddico de la Federaci\u00f3n de C\u00e1maras de Comercio en la entidad.<\/p>\n<p data-start=\"554\" data-end=\"882\">De acuerdo con el abogado, numerosos due\u00f1os de estas unidades han tenido que recurrir a <strong data-start=\"642\" data-end=\"663\">juicios de amparo<\/strong> para evitar que sus autos sean retenidos, pese a que el decreto expedido durante la pasada administraci\u00f3n federal ten\u00eda como prop\u00f3sito dar certeza jur\u00eddica a familias que pose\u00edan autos usados ya presentes en el pa\u00eds.<\/p>\n<h2 data-start=\"884\" data-end=\"911\">De la certeza al abuso<\/h2>\n<p data-start=\"912\" data-end=\"1090\">El programa de regularizaci\u00f3n, explic\u00f3, se transform\u00f3 en un esquema de importaci\u00f3n irregular para veh\u00edculos adquiridos despu\u00e9s de la fecha l\u00edmite del <strong data-start=\"1062\" data-end=\"1087\">19 de octubre de 2021<\/strong>.<\/p>\n<blockquote data-start=\"1092\" data-end=\"1297\">\n<p data-start=\"1094\" data-end=\"1297\"><span class=\"td_text_highlight_marker_blue td_text_highlight_marker\" style=\"background-color: #ff6600;\">\u201cSe estima que cerca del <strong data-start=\"1119\" data-end=\"1157\">90% de los veh\u00edculos regularizados<\/strong> tuvieron un procedimiento incorrecto de importaci\u00f3n. El programa dej\u00f3 de ser familiar y se convirti\u00f3 en comercial\u201d, advirti\u00f3 P\u00e9rez Cos\u00edo.<\/span><\/p>\n<\/blockquote>\n<p data-start=\"1299\" data-end=\"1543\">A esta irregularidad se suma otra problem\u00e1tica: la norma establece que los veh\u00edculos no pueden ser vendidos antes de dos a\u00f1os, pero en la pr\u00e1ctica ya se est\u00e1n <strong data-start=\"1458\" data-end=\"1494\">comercializando de manera ilegal<\/strong>, lo que ha detonado decomisos y nuevos abusos.<\/p>\n<h2 data-start=\"1545\" data-end=\"1571\">Amparos y vac\u00edo legal<\/h2>\n<p data-start=\"1572\" data-end=\"1735\">El representante empresarial subray\u00f3 que apenas un <strong data-start=\"1623\" data-end=\"1650\">10% de los propietarios<\/strong> ha promovido amparos, mientras que la mayor\u00eda espera hasta enfrentar un conflicto.<\/p>\n<p data-start=\"1737\" data-end=\"1828\">\u201cEl amparo es preventivo, no funciona una vez que el veh\u00edculo ya fue retenido\u201d, enfatiz\u00f3.<\/p>\n<p data-start=\"1830\" data-end=\"2113\">P\u00e9rez Cos\u00edo consider\u00f3 indispensable que el <strong data-start=\"1873\" data-end=\"1926\">gobierno federal modifique la fecha de referencia<\/strong> del decreto y la haga retroactiva, de lo contrario, los operativos de decomiso continuar\u00e1n, afectando tanto a las familias como a los comerciantes que aprovecharon las lagunas legales.<\/p>\n<p data-start=\"1830\" data-end=\"2113\"><img data-recalc-dims=\"1\" loading=\"lazy\" decoding=\"async\" data-attachment-id=\"64601\" data-permalink=\"https:\/\/mexicocodigorojo.com.mx\/?attachment_id=64601\" data-orig-file=\"https:\/\/i0.wp.com\/mexicocodigorojo.com.mx\/wp-content\/uploads\/2025\/08\/490466965_1063889585785345_7067900595530390966_n.jpg?fit=1280%2C960&amp;ssl=1\" data-orig-size=\"1280,960\" data-comments-opened=\"1\" data-image-meta=\"{&quot;aperture&quot;:&quot;0&quot;,&quot;credit&quot;:&quot;&quot;,&quot;camera&quot;:&quot;&quot;,&quot;caption&quot;:&quot;&quot;,&quot;created_timestamp&quot;:&quot;0&quot;,&quot;copyright&quot;:&quot;&quot;,&quot;focal_length&quot;:&quot;0&quot;,&quot;iso&quot;:&quot;0&quot;,&quot;shutter_speed&quot;:&quot;0&quot;,&quot;title&quot;:&quot;&quot;,&quot;orientation&quot;:&quot;0&quot;}\" data-image-title=\"490466965_1063889585785345_7067900595530390966_n\" data-image-description=\"\" data-image-caption=\"\" data-large-file=\"https:\/\/i0.wp.com\/mexicocodigorojo.com.mx\/wp-content\/uploads\/2025\/08\/490466965_1063889585785345_7067900595530390966_n.jpg?fit=696%2C522&amp;ssl=1\" class=\"alignnone wp-image-64601 size-full\" src=\"https:\/\/i0.wp.com\/mexicocodigorojo.com.mx\/wp-content\/uploads\/2025\/08\/490466965_1063889585785345_7067900595530390966_n.jpg?resize=696%2C522&#038;ssl=1\" alt=\"\" width=\"696\" height=\"522\" srcset=\"https:\/\/i0.wp.com\/mexicocodigorojo.com.mx\/wp-content\/uploads\/2025\/08\/490466965_1063889585785345_7067900595530390966_n.jpg?w=1280&amp;ssl=1 1280w, https:\/\/i0.wp.com\/mexicocodigorojo.com.mx\/wp-content\/uploads\/2025\/08\/490466965_1063889585785345_7067900595530390966_n.jpg?resize=300%2C225&amp;ssl=1 300w, https:\/\/i0.wp.com\/mexicocodigorojo.com.mx\/wp-content\/uploads\/2025\/08\/490466965_1063889585785345_7067900595530390966_n.jpg?resize=1024%2C768&amp;ssl=1 1024w, https:\/\/i0.wp.com\/mexicocodigorojo.com.mx\/wp-content\/uploads\/2025\/08\/490466965_1063889585785345_7067900595530390966_n.jpg?resize=768%2C576&amp;ssl=1 768w, https:\/\/i0.wp.com\/mexicocodigorojo.com.mx\/wp-content\/uploads\/2025\/08\/490466965_1063889585785345_7067900595530390966_n.jpg?resize=560%2C420&amp;ssl=1 560w, https:\/\/i0.wp.com\/mexicocodigorojo.com.mx\/wp-content\/uploads\/2025\/08\/490466965_1063889585785345_7067900595530390966_n.jpg?resize=80%2C60&amp;ssl=1 80w, https:\/\/i0.wp.com\/mexicocodigorojo.com.mx\/wp-content\/uploads\/2025\/08\/490466965_1063889585785345_7067900595530390966_n.jpg?resize=150%2C113&amp;ssl=1 150w, https:\/\/i0.wp.com\/mexicocodigorojo.com.mx\/wp-content\/uploads\/2025\/08\/490466965_1063889585785345_7067900595530390966_n.jpg?resize=696%2C522&amp;ssl=1 696w, https:\/\/i0.wp.com\/mexicocodigorojo.com.mx\/wp-content\/uploads\/2025\/08\/490466965_1063889585785345_7067900595530390966_n.jpg?resize=1068%2C801&amp;ssl=1 1068w, https:\/\/i0.wp.com\/mexicocodigorojo.com.mx\/wp-content\/uploads\/2025\/08\/490466965_1063889585785345_7067900595530390966_n.jpg?resize=265%2C198&amp;ssl=1 265w\" sizes=\"auto, (max-width: 696px) 100vw, 696px\" \/><\/p>\n","protected":false},"excerpt":{"rendered":"<p>TAMAULIPAS, M\u00c9XICO.- Propietarios de veh\u00edculos importados que fueron regularizados bajo el decreto federal de legalizaci\u00f3n han denunciado pr\u00e1cticas de extorsi\u00f3n y decomiso por parte de algunas autoridades en aduanas y carreteras. As\u00ed lo inform\u00f3 Christian P\u00e9rez Cos\u00edo, consejero jur\u00eddico de la Federaci\u00f3n de C\u00e1maras de Comercio en la entidad. De acuerdo con el abogado, numerosos [&hellip;]<\/p>\n","protected":false},"author":21,"featured_media":64600,"comment_status":"open","ping_status":"open","sticky":false,"template":"","format":"standard","meta":{"_uf_show_specific_survey":0,"_uf_disable_surveys":false,"advanced_seo_description":"","jetpack_seo_html_title":"","jetpack_seo_noindex":false,"jetpack_post_was_ever_published":false,"_jetpack_newsletter_access":"","_jetpack_dont_email_post_to_subs":false,"_jetpack_newsletter_tier_id":0,"_jetpack_memberships_contains_paywalled_content":false,"_jetpack_memberships_contains_paid_content":false,"footnotes":"","jetpack_publicize_message":"","jetpack_publicize_feature_enabled":true,"jetpack_social_post_already_shared":true,"jetpack_social_options":{"image_generator_settings":{"template":"highway","default_image_id":0,"font":"","enabled":false},"version":2}},"categories":[1724,2],"tags":[],"class_list":{"0":"post-64599","1":"post","2":"type-post","3":"status-publish","4":"format-standard","5":"has-post-thumbnail","7":"category-featured","8":"category-tamaulipas"},"jetpack_publicize_connections":[],"jetpack_featured_media_url":"https:\/\/i0.wp.com\/mexicocodigorojo.com.mx\/wp-content\/uploads\/2025\/08\/490131113_1063889592452011_4153439667035715_n.jpg?fit=1440%2C1080&ssl=1","jetpack-related-posts":[{"id":22369,"url":"https:\/\/mexicocodigorojo.com.mx\/?p=22369","url_meta":{"origin":64599,"position":0},"title":"UCD: Pide tregua por operativos contra autos \u2018chocolate\u2019 en Tamaulipas","author":"Staff","date":"agosto 21, 2019","format":false,"excerpt":"La Uni\u00f3n Democr\u00e1tica Campesina pidi\u00f3 di\u00e1logo con autoridades, porque est\u00e1n afectando a propietarios de unidades con placas extranjeras que pertenecen al gremio. DENIS S\u00c1NCHEZ \/ Altamira La\u00a0Uni\u00f3n Campesina Democr\u00e1tica\u00a0(UCD) teme que contin\u00faen los\u00a0operativos\u00a0para\u00a0confiscar veh\u00edculos con placas del extranjero\u00a0como los que se llevaron a cabo d\u00edas pasados, y pide di\u00e1logo con\u2026","rel":"","context":"En \u00abTamaulipas\u00bb","block_context":{"text":"Tamaulipas","link":"https:\/\/mexicocodigorojo.com.mx\/?cat=2"},"img":{"alt_text":"","src":"https:\/\/i0.wp.com\/mexicocodigorojo.com.mx\/wp-content\/uploads\/2019\/08\/placas-ucd-foto-especial_72_0_1010_628-780x405.jpg?fit=780%2C405&ssl=1&resize=350%2C200","width":350,"height":200,"srcset":"https:\/\/i0.wp.com\/mexicocodigorojo.com.mx\/wp-content\/uploads\/2019\/08\/placas-ucd-foto-especial_72_0_1010_628-780x405.jpg?fit=780%2C405&ssl=1&resize=350%2C200 1x, https:\/\/i0.wp.com\/mexicocodigorojo.com.mx\/wp-content\/uploads\/2019\/08\/placas-ucd-foto-especial_72_0_1010_628-780x405.jpg?fit=780%2C405&ssl=1&resize=525%2C300 1.5x, https:\/\/i0.wp.com\/mexicocodigorojo.com.mx\/wp-content\/uploads\/2019\/08\/placas-ucd-foto-especial_72_0_1010_628-780x405.jpg?fit=780%2C405&ssl=1&resize=700%2C400 2x"},"classes":[]},{"id":51315,"url":"https:\/\/mexicocodigorojo.com.mx\/?p=51315","url_meta":{"origin":64599,"position":1},"title":"AMLO firma decreto para regularizar autos \u00abchocolate\u00bb; beneficio inicia en estados fronterizos con EU","author":"Staff","date":"octubre 18, 2021","format":false,"excerpt":"El presidente L\u00f3pez Obrador anunci\u00f3 este viernes que el tr\u00e1mite para regularizar a los \"autos chocolate\" tendr\u00e1 un costo de dos mil 500 pesos Ensenada.- El presidente Andr\u00e9s Manuel L\u00f3pez Obrador firm\u00f3 este s\u00e1bado el decreto para regularizar autom\u00f3viles extranjeros irregulares, com\u00fanmente llamados \u201cautos chocolate\u201d, programa que iniciar\u00e1 en los\u2026","rel":"","context":"En \u00abBaja California\u00bb","block_context":{"text":"Baja California","link":"https:\/\/mexicocodigorojo.com.mx\/?cat=130"},"img":{"alt_text":"","src":"https:\/\/i0.wp.com\/mexicocodigorojo.com.mx\/wp-content\/uploads\/2021\/10\/f800x450-144511_195957_5050.jpg?fit=800%2C450&ssl=1&resize=350%2C200","width":350,"height":200,"srcset":"https:\/\/i0.wp.com\/mexicocodigorojo.com.mx\/wp-content\/uploads\/2021\/10\/f800x450-144511_195957_5050.jpg?fit=800%2C450&ssl=1&resize=350%2C200 1x, https:\/\/i0.wp.com\/mexicocodigorojo.com.mx\/wp-content\/uploads\/2021\/10\/f800x450-144511_195957_5050.jpg?fit=800%2C450&ssl=1&resize=525%2C300 1.5x, https:\/\/i0.wp.com\/mexicocodigorojo.com.mx\/wp-content\/uploads\/2021\/10\/f800x450-144511_195957_5050.jpg?fit=800%2C450&ssl=1&resize=700%2C400 2x"},"classes":[]},{"id":35129,"url":"https:\/\/mexicocodigorojo.com.mx\/?p=35129","url_meta":{"origin":64599,"position":2},"title":"Vinculados por extorsi\u00f3n en Hidalgo, Tamaulipas","author":"Staff","date":"marzo 19, 2020","format":false,"excerpt":"Ciudad Victoria, Tamaulipas.- La Fiscal\u00eda General de Justicia del Estado de Tamaulipas informa que fueron vinculados a proceso Javier Ulises \u201cF\u201d y Juan Jos\u00e9 \u201cO\u201d por el delito de extorsi\u00f3n agravada. Un Juez de Control decret\u00f3 la medida ante la solidez de los elementos aportados por el Agente del Ministerio\u2026","rel":"","context":"En \u00abTamaulipas\u00bb","block_context":{"text":"Tamaulipas","link":"https:\/\/mexicocodigorojo.com.mx\/?cat=2"},"img":{"alt_text":"","src":"https:\/\/i0.wp.com\/secureservercdn.net\/166.62.108.22\/cg1.af3.myftpupload.com\/wp-content\/uploads\/2020\/03\/25b20eb2-2078-4037-a818-5c0538a15e63.jpg?resize=350%2C200&ssl=1","width":350,"height":200},"classes":[]},{"id":14801,"url":"https:\/\/mexicocodigorojo.com.mx\/?p=14801","url_meta":{"origin":64599,"position":3},"title":"Cierran la frontera a \u00b4chuecos\u00b4","author":"Staff","date":"febrero 27, 2019","format":false,"excerpt":"La Comisi\u00f3n Nacional de Mejora Regulatoria (Conamer) public\u00f3 el proyecto de decreto para la importaci\u00f3n de autos usados donde extiende la vigencia del mismo hasta el 31 de diciembre de 2019. El actual venc\u00eda el 31 de marzo. Guillermo Rosales, director general adjunto de la Asociaci\u00f3n Mexicana de Distribuidores de\u2026","rel":"","context":"En \u00abTamaulipas\u00bb","block_context":{"text":"Tamaulipas","link":"https:\/\/mexicocodigorojo.com.mx\/?cat=2"},"img":{"alt_text":"","src":"https:\/\/i0.wp.com\/mexicocodigorojo.com.mx\/wp-content\/uploads\/2019\/02\/cropw0h0fchuecoskk-focus-0.06-min0.28-628-524.jpg?fit=628%2C524&ssl=1&resize=350%2C200","width":350,"height":200,"srcset":"https:\/\/i0.wp.com\/mexicocodigorojo.com.mx\/wp-content\/uploads\/2019\/02\/cropw0h0fchuecoskk-focus-0.06-min0.28-628-524.jpg?fit=628%2C524&ssl=1&resize=350%2C200 1x, https:\/\/i0.wp.com\/mexicocodigorojo.com.mx\/wp-content\/uploads\/2019\/02\/cropw0h0fchuecoskk-focus-0.06-min0.28-628-524.jpg?fit=628%2C524&ssl=1&resize=525%2C300 1.5x"},"classes":[]},{"id":1479,"url":"https:\/\/mexicocodigorojo.com.mx\/?p=1479","url_meta":{"origin":64599,"position":4},"title":"Sentencia de 15 a\u00f1os a \u201cel Malandro\u201d por extorsi\u00f3n, asociaci\u00f3n delictuosa y cohecho","author":"Staff","date":"agosto 16, 2018","format":false,"excerpt":"Ciudad Victoria, Tamaulipas.- La Procuradur\u00eda General de Justicia de Tamaulipas informa que se dict\u00f3 sentencia condenatoria de 15 a\u00f1os de prisi\u00f3n en contra de Jos\u00e9 Juan \u201cN\u201d, alias \u201cEl Pollo y\/o El Malandro\u201d por el delito de extorsi\u00f3n, asociaci\u00f3n delictuosa y cohecho. Un Tribunal de Enjuiciamiento encontr\u00f3 culpable al imputado,\u2026","rel":"","context":"En \u00abTamaulipas\u00bb","block_context":{"text":"Tamaulipas","link":"https:\/\/mexicocodigorojo.com.mx\/?cat=2"},"img":{"alt_text":"","src":"https:\/\/i0.wp.com\/mexicocodigorojo.com.mx\/wp-content\/uploads\/2018\/08\/78872A3D-8703-4DD3-B16D-67815F2B9A12.jpeg?fit=1200%2C1200&ssl=1&resize=350%2C200","width":350,"height":200,"srcset":"https:\/\/i0.wp.com\/mexicocodigorojo.com.mx\/wp-content\/uploads\/2018\/08\/78872A3D-8703-4DD3-B16D-67815F2B9A12.jpeg?fit=1200%2C1200&ssl=1&resize=350%2C200 1x, https:\/\/i0.wp.com\/mexicocodigorojo.com.mx\/wp-content\/uploads\/2018\/08\/78872A3D-8703-4DD3-B16D-67815F2B9A12.jpeg?fit=1200%2C1200&ssl=1&resize=525%2C300 1.5x, https:\/\/i0.wp.com\/mexicocodigorojo.com.mx\/wp-content\/uploads\/2018\/08\/78872A3D-8703-4DD3-B16D-67815F2B9A12.jpeg?fit=1200%2C1200&ssl=1&resize=700%2C400 2x, https:\/\/i0.wp.com\/mexicocodigorojo.com.mx\/wp-content\/uploads\/2018\/08\/78872A3D-8703-4DD3-B16D-67815F2B9A12.jpeg?fit=1200%2C1200&ssl=1&resize=1050%2C600 3x"},"classes":[]},{"id":62478,"url":"https:\/\/mexicocodigorojo.com.mx\/?p=62478","url_meta":{"origin":64599,"position":5},"title":"Reabren OXXO en Nuevo Laredo tras acuerdos por presiones del crimen organizado","author":"Staff","date":"agosto 2, 2024","format":false,"excerpt":"Luego de permanecer cerradas por varios d\u00edas 193 tiendas Oxxo y 7 gasoliner\u00edas de la misma marca, en protesta por las presiones, amenazas y exigencia de cobro de piso por parte del grupo criminal que domina en Nuevo Laredo, la empresa FEMSA, propietaria de esa cadena comercial, inform\u00f3 que abrir\u00e1\u2026","rel":"","context":"En \u00abFeatured\u00bb","block_context":{"text":"Featured","link":"https:\/\/mexicocodigorojo.com.mx\/?cat=1724"},"img":{"alt_text":"","src":"https:\/\/i0.wp.com\/mexicocodigorojo.com.mx\/wp-content\/uploads\/2024\/08\/img_2782-1.jpg?fit=553%2C415&ssl=1&resize=350%2C200","width":350,"height":200,"srcset":"https:\/\/i0.wp.com\/mexicocodigorojo.com.mx\/wp-content\/uploads\/2024\/08\/img_2782-1.jpg?fit=553%2C415&ssl=1&resize=350%2C200 1x, https:\/\/i0.wp.com\/mexicocodigorojo.com.mx\/wp-content\/uploads\/2024\/08\/img_2782-1.jpg?fit=553%2C415&ssl=1&resize=525%2C300 1.5x"},"classes":[]}],"jetpack_sharing_enabled":true,"jetpack_likes_enabled":true,"jetpack_shortlink":"https:\/\/wp.me\/p9TedA-gNV","_links":{"self":[{"href":"https:\/\/mexicocodigorojo.com.mx\/index.php?rest_route=\/wp\/v2\/posts\/64599","targetHints":{"allow":["GET"]}}],"collection":[{"href":"https:\/\/mexicocodigorojo.com.mx\/index.php?rest_route=\/wp\/v2\/posts"}],"about":[{"href":"https:\/\/mexicocodigorojo.com.mx\/index.php?rest_route=\/wp\/v2\/types\/post"}],"author":[{"embeddable":true,"href":"https:\/\/mexicocodigorojo.com.mx\/index.php?rest_route=\/wp\/v2\/users\/21"}],"replies":[{"embeddable":true,"href":"https:\/\/mexicocodigorojo.com.mx\/index.php?rest_route=%2Fwp%2Fv2%2Fcomments&post=64599"}],"version-history":[{"count":1,"href":"https:\/\/mexicocodigorojo.com.mx\/index.php?rest_route=\/wp\/v2\/posts\/64599\/revisions"}],"predecessor-version":[{"id":64602,"href":"https:\/\/mexicocodigorojo.com.mx\/index.php?rest_route=\/wp\/v2\/posts\/64599\/revisions\/64602"}],"wp:featuredmedia":[{"embeddable":true,"href":"https:\/\/mexicocodigorojo.com.mx\/index.php?rest_route=\/wp\/v2\/media\/64600"}],"wp:attachment":[{"href":"https:\/\/mexicocodigorojo.com.mx\/index.php?rest_route=%2Fwp%2Fv2%2Fmedia&parent=64599"}],"wp:term":[{"taxonomy":"category","embeddable":true,"href":"https:\/\/mexicocodigorojo.com.mx\/index.php?rest_route=%2Fwp%2Fv2%2Fcategories&post=64599"},{"taxonomy":"post_tag","embeddable":true,"href":"https:\/\/mexicocodigorojo.com.mx\/index.php?rest_route=%2Fwp%2Fv2%2Ftags&post=64599"}],"curies":[{"name":"wp","href":"https:\/\/api.w.org\/{rel}","templated":true}]}}