{"id":64595,"date":"2025-08-17T17:01:11","date_gmt":"2025-08-17T23:01:11","guid":{"rendered":"https:\/\/mexicocodigorojo.com.mx\/?p=64595"},"modified":"2025-08-17T17:01:11","modified_gmt":"2025-08-17T23:01:11","slug":"cae-tormenta-junior-en-matamoros","status":"publish","type":"post","link":"https:\/\/mexicocodigorojo.com.mx\/?p=64595","title":{"rendered":"Cae \u201cTormenta Junior\u201d en Matamoros"},"content":{"rendered":"<p data-start=\"39\" data-end=\"146\"><strong data-start=\"39\" data-end=\"146\">Guardia Estatal de Tamaulipas captura a Ezequiel C\u00e1rdenas Rivera, hijo del exl\u00edder del C\u00e1rtel del Golfo<\/strong><\/p>\n<p data-start=\"148\" data-end=\"558\"><strong data-start=\"148\" data-end=\"169\">Matamoros, Tamps.<\/strong>\u2014La <strong data-start=\"173\" data-end=\"206\">Guardia Estatal de Tamaulipas<\/strong> detuvo en Matamoros a <strong data-start=\"229\" data-end=\"257\">Ezequiel C\u00e1rdenas Rivera<\/strong>, alias <strong data-start=\"265\" data-end=\"286\">\u201cTormenta Junior\u201d<\/strong>, identificado como hijo de <strong data-start=\"314\" data-end=\"342\">Antonio C\u00e1rdenas Guill\u00e9n<\/strong>, ex jefe del <strong data-start=\"356\" data-end=\"382\">C\u00e1rtel del Golfo (CDG)<\/strong>. La aprehensi\u00f3n ocurri\u00f3 durante un operativo en la ciudad fronteriza; el detenido fue puesto a disposici\u00f3n de <strong data-start=\"493\" data-end=\"522\">autoridades ministeriales<\/strong> para definir su situaci\u00f3n jur\u00eddica.<\/p>\n<h2 data-start=\"560\" data-end=\"576\">Lo confirmado<\/h2>\n<ul data-start=\"577\" data-end=\"826\">\n<li data-start=\"577\" data-end=\"639\">\n<p data-start=\"579\" data-end=\"639\"><strong data-start=\"579\" data-end=\"592\">Detenido:<\/strong> Ezequiel C\u00e1rdenas Rivera, \u201cTormenta Junior\u201d.<\/p>\n<\/li>\n<li data-start=\"640\" data-end=\"677\">\n<p data-start=\"642\" data-end=\"677\"><strong data-start=\"642\" data-end=\"652\">Lugar:<\/strong> Matamoros, Tamaulipas.<\/p>\n<\/li>\n<li data-start=\"678\" data-end=\"736\">\n<p data-start=\"680\" data-end=\"736\"><strong data-start=\"680\" data-end=\"703\">Autoridad actuante:<\/strong> Guardia Estatal de Tamaulipas.<\/p>\n<\/li>\n<li data-start=\"737\" data-end=\"826\">\n<p data-start=\"739\" data-end=\"826\"><strong data-start=\"739\" data-end=\"751\">Estatus:<\/strong> A disposici\u00f3n del Ministerio P\u00fablico para investigaci\u00f3n y judicializaci\u00f3n.<\/p>\n<\/li>\n<\/ul>\n<h2 data-start=\"828\" data-end=\"839\">Contexto<\/h2>\n<p data-start=\"840\" data-end=\"1169\">Antonio C\u00e1rdenas Guill\u00e9n, padre del detenido, fue uno de los l\u00edderes hist\u00f3ricos del <strong data-start=\"924\" data-end=\"931\">CDG<\/strong> (conocido como \u201c<strong data-start=\"948\" data-end=\"965\">Tony Tormenta<\/strong>\u201d), organizaci\u00f3n con arraigo en la franja fronteriza de Tamaulipas. La captura de su hijo se inscribe en los esfuerzos recientes por <strong data-start=\"1098\" data-end=\"1134\">desarticular estructuras locales<\/strong> del crimen organizado en esa zona.<\/p>\n<h2 data-start=\"1171\" data-end=\"1186\">Lo que sigue<\/h2>\n<ul data-start=\"1187\" data-end=\"1568\">\n<li data-start=\"1187\" data-end=\"1313\">\n<p data-start=\"1189\" data-end=\"1313\"><strong data-start=\"1189\" data-end=\"1209\">Cargos formales:<\/strong> La autoridad ministerial deber\u00e1 precisar los <strong data-start=\"1255\" data-end=\"1266\">delitos<\/strong> que se imputar\u00e1n y <strong data-start=\"1286\" data-end=\"1302\">judicializar<\/strong> el caso.<\/p>\n<\/li>\n<li data-start=\"1314\" data-end=\"1455\">\n<p data-start=\"1316\" data-end=\"1455\"><strong data-start=\"1316\" data-end=\"1341\">Traslados y custodia:<\/strong> No se ha informado si el detenido ser\u00e1 llevado a un <strong data-start=\"1394\" data-end=\"1412\">centro federal<\/strong> o permanecer\u00e1 bajo jurisdicci\u00f3n estatal.<\/p>\n<\/li>\n<li data-start=\"1456\" data-end=\"1568\">\n<p data-start=\"1458\" data-end=\"1568\"><strong data-start=\"1458\" data-end=\"1486\">L\u00edneas de investigaci\u00f3n:<\/strong> Se espera informaci\u00f3n sobre <strong data-start=\"1515\" data-end=\"1538\">v\u00ednculos operativos<\/strong> y posibles <strong data-start=\"1550\" data-end=\"1567\">colaboradores<\/strong>.<\/p>\n<\/li>\n<\/ul>\n<h2 data-start=\"1570\" data-end=\"1593\">Enfoque de legalidad<\/h2>\n<p data-start=\"1594\" data-end=\"1827\">El detenido goza de la <strong data-start=\"1617\" data-end=\"1644\">presunci\u00f3n de inocencia<\/strong> hasta que exista una resoluci\u00f3n judicial. Las autoridades est\u00e1n obligadas a comunicar <strong data-start=\"1731\" data-end=\"1758\">motivos de la detenci\u00f3n<\/strong>, <strong data-start=\"1760\" data-end=\"1782\">cadena de custodia<\/strong> y <strong data-start=\"1785\" data-end=\"1807\">respeto a derechos<\/strong> durante el proceso.<\/p>\n","protected":false},"excerpt":{"rendered":"<p>Guardia Estatal de Tamaulipas captura a Ezequiel C\u00e1rdenas Rivera, hijo del exl\u00edder del C\u00e1rtel del Golfo Matamoros, Tamps.\u2014La Guardia Estatal de Tamaulipas detuvo en Matamoros a Ezequiel C\u00e1rdenas Rivera, alias \u201cTormenta Junior\u201d, identificado como hijo de Antonio C\u00e1rdenas Guill\u00e9n, ex jefe del C\u00e1rtel del Golfo (CDG). La aprehensi\u00f3n ocurri\u00f3 durante un operativo en la ciudad [&hellip;]<\/p>\n","protected":false},"author":21,"featured_media":64596,"comment_status":"open","ping_status":"open","sticky":false,"template":"","format":"standard","meta":{"_uf_show_specific_survey":0,"_uf_disable_surveys":false,"advanced_seo_description":"","jetpack_seo_html_title":"","jetpack_seo_noindex":false,"jetpack_post_was_ever_published":false,"_jetpack_newsletter_access":"","_jetpack_dont_email_post_to_subs":false,"_jetpack_newsletter_tier_id":0,"_jetpack_memberships_contains_paywalled_content":false,"_jetpack_memberships_contains_paid_content":false,"footnotes":"","jetpack_publicize_message":"","jetpack_publicize_feature_enabled":true,"jetpack_social_post_already_shared":true,"jetpack_social_options":{"image_generator_settings":{"template":"highway","default_image_id":0,"font":"","enabled":false},"version":2}},"categories":[1724,2],"tags":[],"class_list":{"0":"post-64595","1":"post","2":"type-post","3":"status-publish","4":"format-standard","5":"has-post-thumbnail","7":"category-featured","8":"category-tamaulipas"},"jetpack_publicize_connections":[],"jetpack_featured_media_url":"https:\/\/i0.wp.com\/mexicocodigorojo.com.mx\/wp-content\/uploads\/2025\/08\/Captura-de-pantalla-2025-08-17-170005.jpg?fit=575%2C327&ssl=1","jetpack-related-posts":[{"id":58106,"url":"https:\/\/mexicocodigorojo.com.mx\/?p=58106","url_meta":{"origin":64595,"position":0},"title":"VIDEO As\u00ed se form\u00f3 el Grupo Escorpi\u00f3n,brazo armado del C\u00e1rtel del Golfo en Matamoros Tamaulipas","author":"MexicoRojo","date":"noviembre 10, 2023","format":false,"excerpt":"Tras la muerte de \u201cTony Tormenta\u201d se crey\u00f3 que \u201cLos Escorpiones\u201d hab\u00edan desaparecido pero se aliaron con otra facci\u00f3n y hasta aparecieron en un video.El C\u00e1rtel del Golfo cuenta con un c\u00e9lula armada denominada Grupo Escorpi\u00f3n o Los Escorpiones, en su origen la organizaci\u00f3n criminal estaba conformada por ex polic\u00edas\u2026","rel":"","context":"En \u00abFeatured\u00bb","block_context":{"text":"Featured","link":"https:\/\/mexicocodigorojo.com.mx\/?cat=1724"},"img":{"alt_text":"","src":"https:\/\/i0.wp.com\/mexicocodigorojo.com.mx\/wp-content\/uploads\/2023\/11\/Screenshot_20231110-112417_Video-Player.jpg?fit=720%2C413&ssl=1&resize=350%2C200","width":350,"height":200,"srcset":"https:\/\/i0.wp.com\/mexicocodigorojo.com.mx\/wp-content\/uploads\/2023\/11\/Screenshot_20231110-112417_Video-Player.jpg?fit=720%2C413&ssl=1&resize=350%2C200 1x, https:\/\/i0.wp.com\/mexicocodigorojo.com.mx\/wp-content\/uploads\/2023\/11\/Screenshot_20231110-112417_Video-Player.jpg?fit=720%2C413&ssl=1&resize=525%2C300 1.5x, https:\/\/i0.wp.com\/mexicocodigorojo.com.mx\/wp-content\/uploads\/2023\/11\/Screenshot_20231110-112417_Video-Player.jpg?fit=720%2C413&ssl=1&resize=700%2C400 2x"},"classes":[]},{"id":7329,"url":"https:\/\/mexicocodigorojo.com.mx\/?p=7329","url_meta":{"origin":64595,"position":1},"title":"LA CAIDA DE \u00abTONY TORMENTA\u00bb &#038; EL TOPON DE ESCORPIONES vs SEMAR EN MATAMOROS TAMAULIPAS","author":"Staff","date":"octubre 27, 2018","format":false,"excerpt":"LA CAIDA DE \"TONY TORMENTA\" & EL TOPON DE ESCORPIONES vs SEMAR EN MATAMOROS TAMAULIPAS Eran m\u00e1s de 600 Marinos y tra\u00edan la encomienda de acabar con el, pues \u201cEl Amigo era Violento\u201d,Corr\u00eda el a\u00f1o 2010 en matamoros Tamaulipas, Antonio Ezequiel C\u00e1rdenas Guill\u00e9n, \u00abTony Tormenta\u00bb, l\u00edder del c\u00e1rtel del Golfo,\u2026","rel":"","context":"En \u00abInternacional\u00bb","block_context":{"text":"Internacional","link":"https:\/\/mexicocodigorojo.com.mx\/?cat=14"},"img":{"alt_text":"","src":"https:\/\/i0.wp.com\/img.youtube.com\/vi\/J5vrVnDEm7w\/0.jpg?resize=350%2C200","width":350,"height":200},"classes":[]},{"id":43735,"url":"https:\/\/mexicocodigorojo.com.mx\/?p=43735","url_meta":{"origin":64595,"position":2},"title":"Juez autorizo extradici\u00f3n de Mario C\u00e1rdenas Guill\u00e9n, alias el \u201cM1\u201d","author":"Staff","date":"octubre 9, 2020","format":false,"excerpt":"El violento l\u00edder del C\u00e1rtel del Golfo, Mario C\u00e1rdenas Guill\u00e9n, alias el \u201cM1\u201d, encara ahora su mayor miedo: la posibilidad de ser juzgado por las autoridades estadounidenses. Este mi\u00e9rcoles, la juez federal, Abigail Ocampo \u00c1lvarez, autoriz\u00f3 al gobierno de M\u00e9xico proceder en la extradici\u00f3n del narco mexicano, acusado de delincuencia\u2026","rel":"","context":"En \u00abFeatured\u00bb","block_context":{"text":"Featured","link":"https:\/\/mexicocodigorojo.com.mx\/?cat=1724"},"img":{"alt_text":"","src":"https:\/\/i0.wp.com\/mexicocodigorojo.com.mx\/wp-content\/uploads\/2020\/10\/0013729e431911b133b00e.jpg?fit=400%2C512&ssl=1&resize=350%2C200","width":350,"height":200},"classes":[]},{"id":46868,"url":"https:\/\/mexicocodigorojo.com.mx\/?p=46868","url_meta":{"origin":64595,"position":3},"title":"EJECUTAN A SOBRINO DE OSIEL CARDENAS EN MATAMOROS","author":"Staff","date":"febrero 6, 2021","format":false,"excerpt":"Grupo REFORMA Matamoros, M\u00e9xico (06 febrero 2021) Un grupo de pistoleros embosc\u00f3 y ejecut\u00f3 a Enrique C\u00e1rdenas, sobrino del ex l\u00edder del C\u00e1rtel del Golfo, esta ma\u00f1ana en la Avenida Marte R. G\u00f3mez, en una c\u00e9ntrica zona de Matamoros, Tamaulipas. Fuentes allegadas a la investigaci\u00f3n de la Fiscal\u00eda General de\u2026","rel":"","context":"En \u00abFeatured\u00bb","block_context":{"text":"Featured","link":"https:\/\/mexicocodigorojo.com.mx\/?cat=1724"},"img":{"alt_text":"","src":"https:\/\/i0.wp.com\/secureservercdn.net\/166.62.108.22\/cg1.af3.myftpupload.com\/wp-content\/uploads\/2021\/02\/img_20210206_140421120729643.jpg?resize=350%2C200&ssl=1","width":350,"height":200,"srcset":"https:\/\/i0.wp.com\/secureservercdn.net\/166.62.108.22\/cg1.af3.myftpupload.com\/wp-content\/uploads\/2021\/02\/img_20210206_140421120729643.jpg?resize=350%2C200&ssl=1 1x, https:\/\/i0.wp.com\/secureservercdn.net\/166.62.108.22\/cg1.af3.myftpupload.com\/wp-content\/uploads\/2021\/02\/img_20210206_140421120729643.jpg?resize=525%2C300&ssl=1 1.5x, https:\/\/i0.wp.com\/secureservercdn.net\/166.62.108.22\/cg1.af3.myftpupload.com\/wp-content\/uploads\/2021\/02\/img_20210206_140421120729643.jpg?resize=700%2C400&ssl=1 2x"},"classes":[]},{"id":48537,"url":"https:\/\/mexicocodigorojo.com.mx\/?p=48537","url_meta":{"origin":64595,"position":4},"title":"20 a\u00f1os de prisi\u00f3n a Mario C\u00e1rdenas Guill\u00e9n","author":"Staff","date":"abril 18, 2021","format":false,"excerpt":"CIUDAD DE M\u00c9XICO (apro).\u00ad\u2013 Mario C\u00e1rdenas Guillen, quien asumi\u00f3 el liderazgo del C\u00e1rtel del Golfo (CDG) \u00ad\u2013el cual fue fundado y dirigido por sus hermanos Ezequiel y Osiel\u2013, fue sentenciado a 20 a\u00f1os de prisi\u00f3n por el delito de delincuencia organizada con funciones de administraci\u00f3n, supervisi\u00f3n o direcci\u00f3n. En un\u2026","rel":"","context":"En \u00abFeatured\u00bb","block_context":{"text":"Featured","link":"https:\/\/mexicocodigorojo.com.mx\/?cat=1724"},"img":{"alt_text":"","src":"https:\/\/i0.wp.com\/mexicocodigorojo.com.mx\/wp-content\/uploads\/2021\/04\/f800x450-133683_185129_5216.jpg?fit=800%2C450&ssl=1&resize=350%2C200","width":350,"height":200,"srcset":"https:\/\/i0.wp.com\/mexicocodigorojo.com.mx\/wp-content\/uploads\/2021\/04\/f800x450-133683_185129_5216.jpg?fit=800%2C450&ssl=1&resize=350%2C200 1x, https:\/\/i0.wp.com\/mexicocodigorojo.com.mx\/wp-content\/uploads\/2021\/04\/f800x450-133683_185129_5216.jpg?fit=800%2C450&ssl=1&resize=525%2C300 1.5x, https:\/\/i0.wp.com\/mexicocodigorojo.com.mx\/wp-content\/uploads\/2021\/04\/f800x450-133683_185129_5216.jpg?fit=800%2C450&ssl=1&resize=700%2C400 2x"},"classes":[]},{"id":6766,"url":"https:\/\/mexicocodigorojo.com.mx\/?p=6766","url_meta":{"origin":64595,"position":5},"title":"M-100 o Panilo El l\u00edder rebelde del C\u00e1rtel del Golfo que se cre\u00eda muerto","author":"Staff","date":"octubre 20, 2018","format":false,"excerpt":"Uno de los principales pilares de la violencia en Tamaulipas cay\u00f3. Se trata de Petronilo Moreno Flores, alias \"El Panilo\", uno de los l\u00edderes del C\u00e1rtel del Golfo identificados por autoridades mexicanas y estadunidenses,Apodado tambi\u00e9n como el \"Metro 100\", fue capturado por elementos de la Secretar\u00eda de la Defensa Nacional\u2026","rel":"","context":"En \u00abInternacional\u00bb","block_context":{"text":"Internacional","link":"https:\/\/mexicocodigorojo.com.mx\/?cat=14"},"img":{"alt_text":"","src":"https:\/\/i0.wp.com\/mexicocodigorojo.com.mx\/wp-content\/uploads\/2018\/10\/panilocdg1-1.jpg?resize=350%2C200&ssl=1","width":350,"height":200,"srcset":"https:\/\/i0.wp.com\/mexicocodigorojo.com.mx\/wp-content\/uploads\/2018\/10\/panilocdg1-1.jpg?resize=350%2C200&ssl=1 1x, https:\/\/i0.wp.com\/mexicocodigorojo.com.mx\/wp-content\/uploads\/2018\/10\/panilocdg1-1.jpg?resize=525%2C300&ssl=1 1.5x, https:\/\/i0.wp.com\/mexicocodigorojo.com.mx\/wp-content\/uploads\/2018\/10\/panilocdg1-1.jpg?resize=700%2C400&ssl=1 2x"},"classes":[]}],"jetpack_sharing_enabled":true,"jetpack_likes_enabled":true,"jetpack_shortlink":"https:\/\/wp.me\/p9TedA-gNR","_links":{"self":[{"href":"https:\/\/mexicocodigorojo.com.mx\/index.php?rest_route=\/wp\/v2\/posts\/64595","targetHints":{"allow":["GET"]}}],"collection":[{"href":"https:\/\/mexicocodigorojo.com.mx\/index.php?rest_route=\/wp\/v2\/posts"}],"about":[{"href":"https:\/\/mexicocodigorojo.com.mx\/index.php?rest_route=\/wp\/v2\/types\/post"}],"author":[{"embeddable":true,"href":"https:\/\/mexicocodigorojo.com.mx\/index.php?rest_route=\/wp\/v2\/users\/21"}],"replies":[{"embeddable":true,"href":"https:\/\/mexicocodigorojo.com.mx\/index.php?rest_route=%2Fwp%2Fv2%2Fcomments&post=64595"}],"version-history":[{"count":1,"href":"https:\/\/mexicocodigorojo.com.mx\/index.php?rest_route=\/wp\/v2\/posts\/64595\/revisions"}],"predecessor-version":[{"id":64597,"href":"https:\/\/mexicocodigorojo.com.mx\/index.php?rest_route=\/wp\/v2\/posts\/64595\/revisions\/64597"}],"wp:featuredmedia":[{"embeddable":true,"href":"https:\/\/mexicocodigorojo.com.mx\/index.php?rest_route=\/wp\/v2\/media\/64596"}],"wp:attachment":[{"href":"https:\/\/mexicocodigorojo.com.mx\/index.php?rest_route=%2Fwp%2Fv2%2Fmedia&parent=64595"}],"wp:term":[{"taxonomy":"category","embeddable":true,"href":"https:\/\/mexicocodigorojo.com.mx\/index.php?rest_route=%2Fwp%2Fv2%2Fcategories&post=64595"},{"taxonomy":"post_tag","embeddable":true,"href":"https:\/\/mexicocodigorojo.com.mx\/index.php?rest_route=%2Fwp%2Fv2%2Ftags&post=64595"}],"curies":[{"name":"wp","href":"https:\/\/api.w.org\/{rel}","templated":true}]}}