{"id":64587,"date":"2025-08-17T11:48:18","date_gmt":"2025-08-17T17:48:18","guid":{"rendered":"https:\/\/mexicocodigorojo.com.mx\/?p=64587"},"modified":"2025-08-17T11:48:18","modified_gmt":"2025-08-17T17:48:18","slug":"seguridad-y-turismo-blindados-en-chiapas","status":"publish","type":"post","link":"https:\/\/mexicocodigorojo.com.mx\/?p=64587","title":{"rendered":"Seguridad y turismo blindados en Chiapas"},"content":{"rendered":"<p data-start=\"432\" data-end=\"845\">En un movimiento coordinado, el <strong data-start=\"464\" data-end=\"535\">secretario de Seguridad del Pueblo, \u00d3scar Alberto Aparicio Avenda\u00f1o<\/strong>, encabez\u00f3 un <strong data-start=\"549\" data-end=\"596\">recorrido interinstitucional de supervisi\u00f3n<\/strong> junto al <strong data-start=\"606\" data-end=\"661\">fiscal General del Estado, Jorge Luis Llaven Abarca<\/strong>, la <strong data-start=\"666\" data-end=\"705\">secretaria de Turismo, Maru Culebro<\/strong> y autoridades municipales, con el prop\u00f3sito de fortalecer las medidas de <strong data-start=\"779\" data-end=\"792\">seguridad<\/strong> en los principales destinos tur\u00edsticos de Chiapas.<\/p>\n<p data-start=\"847\" data-end=\"1213\">Desde el <strong data-start=\"856\" data-end=\"885\">embarcadero de Osumacinta<\/strong>, el equipo de trabajo revis\u00f3 las <strong data-start=\"919\" data-end=\"946\">estrategias preventivas<\/strong> en puntos de mayor afluencia, con miras a garantizar experiencias seguras tanto a <strong data-start=\"1029\" data-end=\"1043\">visitantes<\/strong> como a <strong data-start=\"1051\" data-end=\"1073\">habitantes locales<\/strong>. La colaboraci\u00f3n interinstitucional fue se\u00f1alada como clave para impulsar el <strong data-start=\"1151\" data-end=\"1175\">desarrollo tur\u00edstico<\/strong> y reforzar la <strong data-start=\"1190\" data-end=\"1210\">econom\u00eda estatal<\/strong>.<\/p>\n<p data-start=\"1215\" data-end=\"1565\">En <strong data-start=\"1218\" data-end=\"1248\">San Crist\u00f3bal de Las Casas<\/strong>, el secretario Aparicio Avenda\u00f1o, acompa\u00f1ado por la senadora <strong data-start=\"1310\" data-end=\"1325\">Edith L\u00f3pez<\/strong> y la presidenta municipal <strong data-start=\"1352\" data-end=\"1369\">Fabiola Ricci<\/strong>, recorri\u00f3 los alrededores de la <strong data-start=\"1402\" data-end=\"1430\">Iglesia de Santo Domingo<\/strong>, donde escucharon de primera mano a los <strong data-start=\"1471\" data-end=\"1495\">comerciantes locales<\/strong> y expusieron los <strong data-start=\"1513\" data-end=\"1537\">avances en seguridad<\/strong> implementados en la zona.<\/p>\n<p data-start=\"1567\" data-end=\"1934\">Posteriormente, en el marco del <strong data-start=\"1599\" data-end=\"1645\">D\u00eda Internacional de los Pueblos Ind\u00edgenas<\/strong>, las autoridades visitaron el municipio de <strong data-start=\"1689\" data-end=\"1700\">Chamula<\/strong>. Ah\u00ed, en coordinaci\u00f3n con representantes federales y estatales, se presentaron <strong data-start=\"1780\" data-end=\"1810\">nuevas acciones integrales<\/strong> que refuerzan la coordinaci\u00f3n de los <strong data-start=\"1848\" data-end=\"1876\">tres \u00f3rdenes de gobierno<\/strong> para salvaguardar la paz y la convivencia en la regi\u00f3n.<\/p>\n<p data-start=\"1936\" data-end=\"2320\">Durante el recorrido, el secretario de Seguridad destac\u00f3 el <strong data-start=\"1996\" data-end=\"2060\">compromiso con la transparencia y el combate a la corrupci\u00f3n<\/strong>, afirmando que la prioridad es un <strong data-start=\"2095\" data-end=\"2114\">estado pac\u00edfico<\/strong> bajo la consigna de <strong data-start=\"2135\" data-end=\"2156\">\u201cCero Corrupci\u00f3n\u201d<\/strong>. Asimismo, reconoci\u00f3 la inversi\u00f3n y voluntad pol\u00edtica del gobernador <strong data-start=\"2226\" data-end=\"2253\">Eduardo Ram\u00edrez Aguilar<\/strong>, que ha permitido <strong data-start=\"2272\" data-end=\"2307\">incrementar la fuerza operativa<\/strong> de la SSP.<\/p>\n<blockquote data-start=\"2322\" data-end=\"2430\">\n<blockquote class=\"td_pull_quote td_pull_center\">\n<p data-start=\"2324\" data-end=\"2430\">\u201cGracias a la voluntad pol\u00edtica del gobernador, estamos unidos y trabajando\u201d, subray\u00f3 Aparicio Avenda\u00f1o.<\/p>\n<\/blockquote>\n<\/blockquote>\n<p data-start=\"2432\" data-end=\"2687\">Con estas acciones, la <strong data-start=\"2455\" data-end=\"2493\">Secretar\u00eda de Seguridad del Pueblo<\/strong> reafirma su compromiso de <strong data-start=\"2520\" data-end=\"2563\">robustecer la cooperaci\u00f3n institucional<\/strong> y garantizar que Chiapas se mantenga como un <strong data-start=\"2609\" data-end=\"2639\">destino seguro y confiable<\/strong> para visitantes nacionales e internacionales.<\/p>\n","protected":false},"excerpt":{"rendered":"<p>En un movimiento coordinado, el secretario de Seguridad del Pueblo, \u00d3scar Alberto Aparicio Avenda\u00f1o, encabez\u00f3 un recorrido interinstitucional de supervisi\u00f3n junto al fiscal General del Estado, Jorge Luis Llaven Abarca, la secretaria de Turismo, Maru Culebro y autoridades municipales, con el prop\u00f3sito de fortalecer las medidas de seguridad en los principales destinos tur\u00edsticos de Chiapas. [&hellip;]<\/p>\n","protected":false},"author":21,"featured_media":64588,"comment_status":"open","ping_status":"open","sticky":false,"template":"","format":"standard","meta":{"_uf_show_specific_survey":0,"_uf_disable_surveys":false,"advanced_seo_description":"","jetpack_seo_html_title":"","jetpack_seo_noindex":false,"jetpack_post_was_ever_published":false,"_jetpack_newsletter_access":"","_jetpack_dont_email_post_to_subs":false,"_jetpack_newsletter_tier_id":0,"_jetpack_memberships_contains_paywalled_content":false,"_jetpack_memberships_contains_paid_content":false,"footnotes":"","jetpack_publicize_message":"","jetpack_publicize_feature_enabled":true,"jetpack_social_post_already_shared":true,"jetpack_social_options":{"image_generator_settings":{"template":"highway","default_image_id":0,"font":"","enabled":false},"version":2}},"categories":[75,1724],"tags":[],"class_list":{"0":"post-64587","1":"post","2":"type-post","3":"status-publish","4":"format-standard","5":"has-post-thumbnail","7":"category-chiapas","8":"category-featured"},"jetpack_publicize_connections":[],"jetpack_featured_media_url":"https:\/\/i0.wp.com\/mexicocodigorojo.com.mx\/wp-content\/uploads\/2025\/08\/Captura-de-pantalla-2025-08-17-114749.jpg?fit=1365%2C763&ssl=1","jetpack-related-posts":[{"id":64051,"url":"https:\/\/mexicocodigorojo.com.mx\/?p=64051","url_meta":{"origin":64587,"position":0},"title":"Chiapas refuerza seguridad en el Cerro Mactumatz\u00e1 para fomentar el turismo","author":"MexicoRojoCvmx","date":"abril 1, 2025","format":false,"excerpt":"El secretario de Seguridad del Pueblo (SSP), el doctor y piloto aviador \u00d3scar Alberto Aparicio Avenda\u00f1o, acompa\u00f1\u00f3 al gobernador de Chiapas, Eduardo Ram\u00edrez Aguilar, en un recorrido por el Cerro Mactumatz\u00e1, ubicado en Tuxtla Guti\u00e9rrez, para anunciar el reforzamiento de la seguridad en la zona. Durante la visita, el titular\u2026","rel":"","context":"En \u00abChiapas\u00bb","block_context":{"text":"Chiapas","link":"https:\/\/mexicocodigorojo.com.mx\/?cat=75"},"img":{"alt_text":"","src":"https:\/\/i0.wp.com\/mexicocodigorojo.com.mx\/wp-content\/uploads\/2025\/04\/1-SSP-1.webp?fit=600%2C400&ssl=1&resize=350%2C200","width":350,"height":200,"srcset":"https:\/\/i0.wp.com\/mexicocodigorojo.com.mx\/wp-content\/uploads\/2025\/04\/1-SSP-1.webp?fit=600%2C400&ssl=1&resize=350%2C200 1x, https:\/\/i0.wp.com\/mexicocodigorojo.com.mx\/wp-content\/uploads\/2025\/04\/1-SSP-1.webp?fit=600%2C400&ssl=1&resize=525%2C300 1.5x"},"classes":[]},{"id":64366,"url":"https:\/\/mexicocodigorojo.com.mx\/?p=64366","url_meta":{"origin":64587,"position":1},"title":"La seguridad en Chiapas tiene un nuevo rostro\u201d: \u00d3scar Aparicio Avenda\u00f1o","author":"MexicoRojoCvmx","date":"julio 5, 2025","format":false,"excerpt":"Tuxtla Guti\u00e9rrez, Chiapas.\u2013 En el marco de las estrategias de fortalecimiento institucional y prevenci\u00f3n del delito, el secretario de Seguridad del Pueblo, doctor y piloto aviador \u00d3scar Alberto Aparicio Avenda\u00f1o, encabez\u00f3 la primera reuni\u00f3n de trabajo convocada por la Subsecretar\u00eda Vial Preventiva y de Turismo, con la participaci\u00f3n de autoridades\u2026","rel":"","context":"En \u00abChiapas\u00bb","block_context":{"text":"Chiapas","link":"https:\/\/mexicocodigorojo.com.mx\/?cat=75"},"img":{"alt_text":"","src":"https:\/\/i0.wp.com\/mexicocodigorojo.com.mx\/wp-content\/uploads\/2025\/07\/WhatsApp-Image-2025-07-05-at-6.52.26-AM.jpeg?fit=1200%2C673&ssl=1&resize=350%2C200","width":350,"height":200,"srcset":"https:\/\/i0.wp.com\/mexicocodigorojo.com.mx\/wp-content\/uploads\/2025\/07\/WhatsApp-Image-2025-07-05-at-6.52.26-AM.jpeg?fit=1200%2C673&ssl=1&resize=350%2C200 1x, https:\/\/i0.wp.com\/mexicocodigorojo.com.mx\/wp-content\/uploads\/2025\/07\/WhatsApp-Image-2025-07-05-at-6.52.26-AM.jpeg?fit=1200%2C673&ssl=1&resize=525%2C300 1.5x, https:\/\/i0.wp.com\/mexicocodigorojo.com.mx\/wp-content\/uploads\/2025\/07\/WhatsApp-Image-2025-07-05-at-6.52.26-AM.jpeg?fit=1200%2C673&ssl=1&resize=700%2C400 2x, https:\/\/i0.wp.com\/mexicocodigorojo.com.mx\/wp-content\/uploads\/2025\/07\/WhatsApp-Image-2025-07-05-at-6.52.26-AM.jpeg?fit=1200%2C673&ssl=1&resize=1050%2C600 3x"},"classes":[]},{"id":64117,"url":"https:\/\/mexicocodigorojo.com.mx\/?p=64117","url_meta":{"origin":64587,"position":2},"title":"Chiapas refuerza vigilancia tur\u00edstica: SSP mantiene mesa de seguridad permanente en Semana Santa","author":"MexicoRojoCvmx","date":"abril 18, 2025","format":false,"excerpt":"Tuxtla Guti\u00e9rrez, Chiapas. \u2014 Con la finalidad de garantizar unas vacaciones seguras para las familias chiapanecas y visitantes, la Secretar\u00eda de Seguridad del Pueblo (SSP), encabezada por el Dr. y piloto aviador \u00d3scar Alberto Aparicio Avenda\u00f1o, mantiene una sesi\u00f3n permanente con la Mesa de Seguridad Estatal, supervisando en tiempo real\u2026","rel":"","context":"En \u00abChiapas\u00bb","block_context":{"text":"Chiapas","link":"https:\/\/mexicocodigorojo.com.mx\/?cat=75"},"img":{"alt_text":"","src":"https:\/\/i0.wp.com\/mexicocodigorojo.com.mx\/wp-content\/uploads\/2025\/05\/Captura-de-pantalla-2025-05-02-112534.jpg?fit=1200%2C771&ssl=1&resize=350%2C200","width":350,"height":200,"srcset":"https:\/\/i0.wp.com\/mexicocodigorojo.com.mx\/wp-content\/uploads\/2025\/05\/Captura-de-pantalla-2025-05-02-112534.jpg?fit=1200%2C771&ssl=1&resize=350%2C200 1x, https:\/\/i0.wp.com\/mexicocodigorojo.com.mx\/wp-content\/uploads\/2025\/05\/Captura-de-pantalla-2025-05-02-112534.jpg?fit=1200%2C771&ssl=1&resize=525%2C300 1.5x, https:\/\/i0.wp.com\/mexicocodigorojo.com.mx\/wp-content\/uploads\/2025\/05\/Captura-de-pantalla-2025-05-02-112534.jpg?fit=1200%2C771&ssl=1&resize=700%2C400 2x, https:\/\/i0.wp.com\/mexicocodigorojo.com.mx\/wp-content\/uploads\/2025\/05\/Captura-de-pantalla-2025-05-02-112534.jpg?fit=1200%2C771&ssl=1&resize=1050%2C600 3x"},"classes":[]},{"id":64772,"url":"https:\/\/mexicocodigorojo.com.mx\/?p=64772","url_meta":{"origin":64587,"position":3},"title":"SSP refuerza operativos de seguridad por Fiestas Patrias en Chiapas","author":"MexicoRojoCvmx","date":"septiembre 12, 2025","format":false,"excerpt":"Tuxtla Guti\u00e9rrez, Chiapas \u2013 La Secretar\u00eda de Seguridad del Pueblo (SSP) anunci\u00f3 la puesta en marcha de un dispositivo integral de seguridad durante las celebraciones de las Fiestas Patrias en Chiapas, que se desarrollar\u00e1n del 13 al 16 de septiembre en todo el estado. El operativo tiene como objetivo salvaguardar\u2026","rel":"","context":"En \u00abChiapas\u00bb","block_context":{"text":"Chiapas","link":"https:\/\/mexicocodigorojo.com.mx\/?cat=75"},"img":{"alt_text":"","src":"https:\/\/i0.wp.com\/mexicocodigorojo.com.mx\/wp-content\/uploads\/2025\/09\/WhatsApp-Image-2025-09-12-at-1.06.48-PM.jpeg?fit=1200%2C875&ssl=1&resize=350%2C200","width":350,"height":200,"srcset":"https:\/\/i0.wp.com\/mexicocodigorojo.com.mx\/wp-content\/uploads\/2025\/09\/WhatsApp-Image-2025-09-12-at-1.06.48-PM.jpeg?fit=1200%2C875&ssl=1&resize=350%2C200 1x, https:\/\/i0.wp.com\/mexicocodigorojo.com.mx\/wp-content\/uploads\/2025\/09\/WhatsApp-Image-2025-09-12-at-1.06.48-PM.jpeg?fit=1200%2C875&ssl=1&resize=525%2C300 1.5x, https:\/\/i0.wp.com\/mexicocodigorojo.com.mx\/wp-content\/uploads\/2025\/09\/WhatsApp-Image-2025-09-12-at-1.06.48-PM.jpeg?fit=1200%2C875&ssl=1&resize=700%2C400 2x, https:\/\/i0.wp.com\/mexicocodigorojo.com.mx\/wp-content\/uploads\/2025\/09\/WhatsApp-Image-2025-09-12-at-1.06.48-PM.jpeg?fit=1200%2C875&ssl=1&resize=1050%2C600 3x"},"classes":[]},{"id":64029,"url":"https:\/\/mexicocodigorojo.com.mx\/?p=64029","url_meta":{"origin":64587,"position":4},"title":"Chiapas Brilla en Seguridad: Acreditaci\u00f3n Internacional CALEA","author":"MexicoRojoCvmx","date":"marzo 25, 2025","format":false,"excerpt":"Chiapas.- En un notable avance para la seguridad p\u00fablica en Chiapas, la Conferencia Internacional de la Agencia Acreditadora de la Polic\u00eda (CALEA) celebrada en Estados Unidos culmin\u00f3 con el reconocimiento de las agencias de seguridad del estado por su excelencia operativa y compromiso con los est\u00e1ndares internacionales de seguridad. La\u2026","rel":"","context":"En \u00abChiapas\u00bb","block_context":{"text":"Chiapas","link":"https:\/\/mexicocodigorojo.com.mx\/?cat=75"},"img":{"alt_text":"","src":"https:\/\/i0.wp.com\/mexicocodigorojo.com.mx\/wp-content\/uploads\/2025\/03\/486400159_1173273674173772_7912157770271487941_n.jpg?fit=1113%2C1200&ssl=1&resize=350%2C200","width":350,"height":200,"srcset":"https:\/\/i0.wp.com\/mexicocodigorojo.com.mx\/wp-content\/uploads\/2025\/03\/486400159_1173273674173772_7912157770271487941_n.jpg?fit=1113%2C1200&ssl=1&resize=350%2C200 1x, https:\/\/i0.wp.com\/mexicocodigorojo.com.mx\/wp-content\/uploads\/2025\/03\/486400159_1173273674173772_7912157770271487941_n.jpg?fit=1113%2C1200&ssl=1&resize=525%2C300 1.5x, https:\/\/i0.wp.com\/mexicocodigorojo.com.mx\/wp-content\/uploads\/2025\/03\/486400159_1173273674173772_7912157770271487941_n.jpg?fit=1113%2C1200&ssl=1&resize=700%2C400 2x, https:\/\/i0.wp.com\/mexicocodigorojo.com.mx\/wp-content\/uploads\/2025\/03\/486400159_1173273674173772_7912157770271487941_n.jpg?fit=1113%2C1200&ssl=1&resize=1050%2C600 3x"},"classes":[]},{"id":64669,"url":"https:\/\/mexicocodigorojo.com.mx\/?p=64669","url_meta":{"origin":64587,"position":5},"title":"Secretario de Seguridad del Pueblo marca un hito hist\u00f3rico al reunirse con la Polic\u00eda Rural de Huehuet\u00e1n","author":"MexicoRojoCvmx","date":"agosto 15, 2025","format":false,"excerpt":"Huehuet\u00e1n, Chiapas. \u2013 En un hecho sin precedentes para la seguridad en la entidad, el secretario de Seguridad del Pueblo, doctor y piloto aviador \u00d3scar Alberto Aparicio Avenda\u00f1o, se convirti\u00f3 en el primer titular de la dependencia en sostener una reuni\u00f3n formal con la Polic\u00eda Rural de la Zona Alta\u2026","rel":"","context":"En \u00abChiapas\u00bb","block_context":{"text":"Chiapas","link":"https:\/\/mexicocodigorojo.com.mx\/?cat=75"},"img":{"alt_text":"","src":"https:\/\/i0.wp.com\/mexicocodigorojo.com.mx\/wp-content\/uploads\/2025\/09\/nn452.jpg?fit=1200%2C673&ssl=1&resize=350%2C200","width":350,"height":200,"srcset":"https:\/\/i0.wp.com\/mexicocodigorojo.com.mx\/wp-content\/uploads\/2025\/09\/nn452.jpg?fit=1200%2C673&ssl=1&resize=350%2C200 1x, https:\/\/i0.wp.com\/mexicocodigorojo.com.mx\/wp-content\/uploads\/2025\/09\/nn452.jpg?fit=1200%2C673&ssl=1&resize=525%2C300 1.5x, https:\/\/i0.wp.com\/mexicocodigorojo.com.mx\/wp-content\/uploads\/2025\/09\/nn452.jpg?fit=1200%2C673&ssl=1&resize=700%2C400 2x, https:\/\/i0.wp.com\/mexicocodigorojo.com.mx\/wp-content\/uploads\/2025\/09\/nn452.jpg?fit=1200%2C673&ssl=1&resize=1050%2C600 3x"},"classes":[]}],"jetpack_sharing_enabled":true,"jetpack_likes_enabled":true,"jetpack_shortlink":"https:\/\/wp.me\/p9TedA-gNJ","_links":{"self":[{"href":"https:\/\/mexicocodigorojo.com.mx\/index.php?rest_route=\/wp\/v2\/posts\/64587","targetHints":{"allow":["GET"]}}],"collection":[{"href":"https:\/\/mexicocodigorojo.com.mx\/index.php?rest_route=\/wp\/v2\/posts"}],"about":[{"href":"https:\/\/mexicocodigorojo.com.mx\/index.php?rest_route=\/wp\/v2\/types\/post"}],"author":[{"embeddable":true,"href":"https:\/\/mexicocodigorojo.com.mx\/index.php?rest_route=\/wp\/v2\/users\/21"}],"replies":[{"embeddable":true,"href":"https:\/\/mexicocodigorojo.com.mx\/index.php?rest_route=%2Fwp%2Fv2%2Fcomments&post=64587"}],"version-history":[{"count":1,"href":"https:\/\/mexicocodigorojo.com.mx\/index.php?rest_route=\/wp\/v2\/posts\/64587\/revisions"}],"predecessor-version":[{"id":64589,"href":"https:\/\/mexicocodigorojo.com.mx\/index.php?rest_route=\/wp\/v2\/posts\/64587\/revisions\/64589"}],"wp:featuredmedia":[{"embeddable":true,"href":"https:\/\/mexicocodigorojo.com.mx\/index.php?rest_route=\/wp\/v2\/media\/64588"}],"wp:attachment":[{"href":"https:\/\/mexicocodigorojo.com.mx\/index.php?rest_route=%2Fwp%2Fv2%2Fmedia&parent=64587"}],"wp:term":[{"taxonomy":"category","embeddable":true,"href":"https:\/\/mexicocodigorojo.com.mx\/index.php?rest_route=%2Fwp%2Fv2%2Fcategories&post=64587"},{"taxonomy":"post_tag","embeddable":true,"href":"https:\/\/mexicocodigorojo.com.mx\/index.php?rest_route=%2Fwp%2Fv2%2Ftags&post=64587"}],"curies":[{"name":"wp","href":"https:\/\/api.w.org\/{rel}","templated":true}]}}