{"id":64570,"date":"2025-08-11T09:21:52","date_gmt":"2025-08-11T15:21:52","guid":{"rendered":"https:\/\/mexicocodigorojo.com.mx\/?p=64570"},"modified":"2025-08-11T09:21:52","modified_gmt":"2025-08-11T15:21:52","slug":"cae-en-sinaloa-el-chendo-uno-de-los-principales-lideres-de-las-fuerzas-especiales-avendano","status":"publish","type":"post","link":"https:\/\/mexicocodigorojo.com.mx\/?p=64570","title":{"rendered":"Cae en Sinaloa \u201cEl Chendo\u201d, uno de los principales l\u00edderes de las Fuerzas Especiales Avenda\u00f1o"},"content":{"rendered":"<p data-start=\"203\" data-end=\"654\"><em data-start=\"203\" data-end=\"233\">Ciudad de M\u00e9xico \/ Sinaloa.\u2014<\/em> En un operativo conjunto, elementos de la Secretar\u00eda de la Defensa Nacional (Sedena), Secretar\u00eda de Marina (Semar), Fiscal\u00eda General de la Rep\u00fablica (FGR), Guardia Nacional (GN) y Secretar\u00eda de Seguridad y Protecci\u00f3n Ciudadana (SSPC) detuvieron en Los Mochis, Sinaloa, a cuatro presuntos integrantes del grupo delictivo <em data-start=\"554\" data-end=\"583\">Fuerzas Especiales Avenda\u00f1o<\/em> (FEA), brazo operativo del C\u00e1rtel del Pac\u00edfico, facci\u00f3n \u201cLos Mayos\u201d.<\/p>\n<p data-start=\"656\" data-end=\"1225\">Entre los arrestados figura <strong data-start=\"684\" data-end=\"736\">Jes\u00fas Miguel Avenda\u00f1o Jim\u00e9nez o Rosendo Avenda\u00f1o<\/strong>, alias <em data-start=\"744\" data-end=\"754\">\u201cChendo\u201d<\/em> y\/o <em data-start=\"759\" data-end=\"768\">\u201cEl 16\u201d<\/em>, de 38 a\u00f1os, se\u00f1alado como uno de los principales l\u00edderes log\u00edsticos y operativos de las FEA y subordinado directo de <strong data-start=\"887\" data-end=\"904\">Juan Avenda\u00f1o<\/strong>, alias <em data-start=\"912\" data-end=\"927\">\u201cViejo Mayor\u201d<\/em> o <em data-start=\"930\" data-end=\"939\">\u201cEl 14\u201d<\/em>. Junto a \u00e9l fueron capturados <strong data-start=\"970\" data-end=\"1001\">Jayson Ariel Tapia C\u00e1rdenas<\/strong>, alias <em data-start=\"1009\" data-end=\"1027\">\u201cFlaco Avenda\u00f1o\u201d<\/em>, identificado como encargado del trasiego de droga y la ejecuci\u00f3n de acciones violentas contra grupos rivales; <strong data-start=\"1139\" data-end=\"1172\">Jos\u00e9 Antonio Garc\u00eda Rodr\u00edguez<\/strong>, de 48 a\u00f1os, y <strong data-start=\"1188\" data-end=\"1215\">Jos\u00e9 Vizcarra Cervantes<\/strong>, de 40.<\/p>\n<p data-start=\"1227\" data-end=\"1482\">De acuerdo con informaci\u00f3n oficial, el grupo se dedica a la elaboraci\u00f3n y trasiego de drogas, lavado de dinero y homicidios contra integrantes de organizaciones antag\u00f3nicas, adem\u00e1s de operar intimidaciones contra autoridades en la zona norte de Sinaloa.<\/p>\n<p data-start=\"1484\" data-end=\"1916\"><strong data-start=\"1484\" data-end=\"1498\">La captura<\/strong><br data-start=\"1498\" data-end=\"1501\" \/>Las autoridades desplegaron un operativo en la colonia Loma Dorada, Los Mochis, tras ubicar la zona de movilidad de dos objetivos prioritarios. Mediante herramientas tecnol\u00f3gicas y patrullajes, detectaron dos veh\u00edculos de alta gama con hombres armados a bordo. Al marcarles el alto, los conductores intentaron huir, inici\u00e1ndose una persecuci\u00f3n que concluy\u00f3 en el kil\u00f3metro 201 de la carretera Culiac\u00e1n\u2013Los Mochis.<\/p>\n<p data-start=\"1918\" data-end=\"2073\">Durante la revisi\u00f3n de seguridad, se les aseguraron cuatro armas largas, cartuchos, cargadores, un paquete con coca\u00edna y un veh\u00edculo con reporte de robo.<\/p>\n<p data-start=\"2075\" data-end=\"2546\"><strong data-start=\"2075\" data-end=\"2100\">Contexto de seguridad<\/strong><br data-start=\"2100\" data-end=\"2103\" \/>Fuentes de inteligencia destacan que \u201cEl Chendo\u201d era uno de los generadores de violencia m\u00e1s relevantes en el norte de Sinaloa, con capacidad de coordinar traslados de droga a gran escala y ordenar ataques armados contra rivales. Su detenci\u00f3n, junto con la de <em data-start=\"2363\" data-end=\"2379\">Flaco Avenda\u00f1o<\/em>, representa un golpe significativo a la estructura de las FEA, aunque expertos advierten que la fragmentaci\u00f3n de estos grupos suele derivar en reacomodos violentos.<\/p>\n<p data-start=\"2548\" data-end=\"2707\">Los detenidos y el material incautado fueron puestos a disposici\u00f3n del Ministerio P\u00fablico Federal, que integrar\u00e1 la carpeta de investigaci\u00f3n correspondiente.<\/p>\n<p data-start=\"2709\" data-end=\"2973\">El Gabinete de Seguridad federal reiter\u00f3 que estos operativos forman parte de una estrategia de reforzamiento en Sinaloa, orientada a la captura de generadores de violencia y a la recuperaci\u00f3n de territorios clave en la cadena de producci\u00f3n y trasiego de drogas.<\/p>\n","protected":false},"excerpt":{"rendered":"<p>Ciudad de M\u00e9xico \/ Sinaloa.\u2014 En un operativo conjunto, elementos de la Secretar\u00eda de la Defensa Nacional (Sedena), Secretar\u00eda de Marina (Semar), Fiscal\u00eda General de la Rep\u00fablica (FGR), Guardia Nacional (GN) y Secretar\u00eda de Seguridad y Protecci\u00f3n Ciudadana (SSPC) detuvieron en Los Mochis, Sinaloa, a cuatro presuntos integrantes del grupo delictivo Fuerzas Especiales Avenda\u00f1o (FEA), [&hellip;]<\/p>\n","protected":false},"author":21,"featured_media":64571,"comment_status":"open","ping_status":"open","sticky":false,"template":"","format":"standard","meta":{"_uf_show_specific_survey":0,"_uf_disable_surveys":false,"advanced_seo_description":"","jetpack_seo_html_title":"","jetpack_seo_noindex":false,"jetpack_post_was_ever_published":false,"_jetpack_newsletter_access":"","_jetpack_dont_email_post_to_subs":false,"_jetpack_newsletter_tier_id":0,"_jetpack_memberships_contains_paywalled_content":false,"_jetpack_memberships_contains_paid_content":false,"footnotes":"","jetpack_publicize_message":"","jetpack_publicize_feature_enabled":true,"jetpack_social_post_already_shared":true,"jetpack_social_options":{"image_generator_settings":{"template":"highway","default_image_id":0,"font":"","enabled":false},"version":2}},"categories":[1724,41],"tags":[],"class_list":{"0":"post-64570","1":"post","2":"type-post","3":"status-publish","4":"format-standard","5":"has-post-thumbnail","7":"category-featured","8":"category-sinaloa"},"jetpack_publicize_connections":[],"jetpack_featured_media_url":"https:\/\/i0.wp.com\/mexicocodigorojo.com.mx\/wp-content\/uploads\/2025\/08\/Captura-de-pantalla-2025-08-11-092104.jpg?fit=1096%2C662&ssl=1","jetpack-related-posts":[{"id":64990,"url":"https:\/\/mexicocodigorojo.com.mx\/?p=64990","url_meta":{"origin":64570,"position":0},"title":"Fortalecen Estrategia de Pacificaci\u00f3n en Chiapas con Respaldo de la Federaci\u00f3n","author":"Staff","date":"diciembre 25, 2025","format":false,"excerpt":"Tuxtla Guti\u00e9rrez, Chiapas; 16 de diciembre de 2025. \u2013 En un esfuerzo conjunto para consolidar la seguridad en el sureste mexicano, el secretario de Seguridad del Pueblo, \u00d3scar Alberto Aparicio Avenda\u00f1o, destac\u00f3 la estrecha coordinaci\u00f3n entre el Gobierno del Estado y la Federaci\u00f3n tras la participaci\u00f3n de Omar Garc\u00eda Harfuch,\u2026","rel":"","context":"En \u00abChiapas\u00bb","block_context":{"text":"Chiapas","link":"https:\/\/mexicocodigorojo.com.mx\/?cat=75"},"img":{"alt_text":"","src":"https:\/\/i0.wp.com\/mexicocodigorojo.com.mx\/wp-content\/uploads\/2025\/12\/59d8b244-93a9-47be-afec-213cc99af253.jpg?fit=1200%2C900&ssl=1&resize=350%2C200","width":350,"height":200,"srcset":"https:\/\/i0.wp.com\/mexicocodigorojo.com.mx\/wp-content\/uploads\/2025\/12\/59d8b244-93a9-47be-afec-213cc99af253.jpg?fit=1200%2C900&ssl=1&resize=350%2C200 1x, https:\/\/i0.wp.com\/mexicocodigorojo.com.mx\/wp-content\/uploads\/2025\/12\/59d8b244-93a9-47be-afec-213cc99af253.jpg?fit=1200%2C900&ssl=1&resize=525%2C300 1.5x, https:\/\/i0.wp.com\/mexicocodigorojo.com.mx\/wp-content\/uploads\/2025\/12\/59d8b244-93a9-47be-afec-213cc99af253.jpg?fit=1200%2C900&ssl=1&resize=700%2C400 2x, https:\/\/i0.wp.com\/mexicocodigorojo.com.mx\/wp-content\/uploads\/2025\/12\/59d8b244-93a9-47be-afec-213cc99af253.jpg?fit=1200%2C900&ssl=1&resize=1050%2C600 3x"},"classes":[]},{"id":64215,"url":"https:\/\/mexicocodigorojo.com.mx\/?p=64215","url_meta":{"origin":64570,"position":1},"title":"Abatido en enfrentamiento \u201cEl Perris\u201d, operador y jefe de seguridad de Los Chapitos","author":"Staff","date":"mayo 26, 2025","format":false,"excerpt":"Jorge Humberto Figueroa Ben\u00edtez, alias \u201cEl Perris\u201d y\/o \u201cEl 27\u201d fue\u00a0abatido\u00a0la tarde de este viernes 23 de mayo por Fuerzas Especiales del Ej\u00e9rcito Mexicano, tras un\u00a0enfrentamiento\u00a0con elementos del Ej\u00e9rcito Mexicano en el municipio de Navolato, Sinaloa. A trav\u00e9s de sus redes sociales, Omar Garc\u00eda Harfuch, confirm\u00f3 que \"El Perris\" hab\u00eda\u2026","rel":"","context":"En \u00abFeatured\u00bb","block_context":{"text":"Featured","link":"https:\/\/mexicocodigorojo.com.mx\/?cat=1724"},"img":{"alt_text":"","src":"https:\/\/i0.wp.com\/mexicocodigorojo.com.mx\/wp-content\/uploads\/2025\/05\/img_0665-1.jpg?fit=1200%2C675&ssl=1&resize=350%2C200","width":350,"height":200,"srcset":"https:\/\/i0.wp.com\/mexicocodigorojo.com.mx\/wp-content\/uploads\/2025\/05\/img_0665-1.jpg?fit=1200%2C675&ssl=1&resize=350%2C200 1x, https:\/\/i0.wp.com\/mexicocodigorojo.com.mx\/wp-content\/uploads\/2025\/05\/img_0665-1.jpg?fit=1200%2C675&ssl=1&resize=525%2C300 1.5x, https:\/\/i0.wp.com\/mexicocodigorojo.com.mx\/wp-content\/uploads\/2025\/05\/img_0665-1.jpg?fit=1200%2C675&ssl=1&resize=700%2C400 2x, https:\/\/i0.wp.com\/mexicocodigorojo.com.mx\/wp-content\/uploads\/2025\/05\/img_0665-1.jpg?fit=1200%2C675&ssl=1&resize=1050%2C600 3x"},"classes":[]},{"id":64587,"url":"https:\/\/mexicocodigorojo.com.mx\/?p=64587","url_meta":{"origin":64570,"position":2},"title":"Seguridad y turismo blindados en Chiapas","author":"MexicoRojoCvmx","date":"agosto 17, 2025","format":false,"excerpt":"En un movimiento coordinado, el secretario de Seguridad del Pueblo, \u00d3scar Alberto Aparicio Avenda\u00f1o, encabez\u00f3 un recorrido interinstitucional de supervisi\u00f3n junto al fiscal General del Estado, Jorge Luis Llaven Abarca, la secretaria de Turismo, Maru Culebro y autoridades municipales, con el prop\u00f3sito de fortalecer las medidas de seguridad en los\u2026","rel":"","context":"En \u00abChiapas\u00bb","block_context":{"text":"Chiapas","link":"https:\/\/mexicocodigorojo.com.mx\/?cat=75"},"img":{"alt_text":"","src":"https:\/\/i0.wp.com\/mexicocodigorojo.com.mx\/wp-content\/uploads\/2025\/08\/Captura-de-pantalla-2025-08-17-114749.jpg?fit=1200%2C671&ssl=1&resize=350%2C200","width":350,"height":200,"srcset":"https:\/\/i0.wp.com\/mexicocodigorojo.com.mx\/wp-content\/uploads\/2025\/08\/Captura-de-pantalla-2025-08-17-114749.jpg?fit=1200%2C671&ssl=1&resize=350%2C200 1x, https:\/\/i0.wp.com\/mexicocodigorojo.com.mx\/wp-content\/uploads\/2025\/08\/Captura-de-pantalla-2025-08-17-114749.jpg?fit=1200%2C671&ssl=1&resize=525%2C300 1.5x, https:\/\/i0.wp.com\/mexicocodigorojo.com.mx\/wp-content\/uploads\/2025\/08\/Captura-de-pantalla-2025-08-17-114749.jpg?fit=1200%2C671&ssl=1&resize=700%2C400 2x, https:\/\/i0.wp.com\/mexicocodigorojo.com.mx\/wp-content\/uploads\/2025\/08\/Captura-de-pantalla-2025-08-17-114749.jpg?fit=1200%2C671&ssl=1&resize=1050%2C600 3x"},"classes":[]},{"id":64805,"url":"https:\/\/mexicocodigorojo.com.mx\/?p=64805","url_meta":{"origin":64570,"position":3},"title":"SSP sostiene reuni\u00f3n con mandos en Tapachula para reforzar estrategias de seguridad","author":"MexicoRojoCvmx","date":"septiembre 25, 2025","format":false,"excerpt":"Tapachula, Chiapas; 25 de septiembre de 2025. \u2013 Con el prop\u00f3sito de fortalecer la estrategia de seguridad en la regi\u00f3n Soconusco, el secretario de Seguridad del Pueblo, \u00d3scar Alberto Aparicio Avenda\u00f1o, encabez\u00f3 una reuni\u00f3n de trabajo con mandos de la Secretar\u00eda de Seguridad del Pueblo (SSP), de la Fiscal\u00eda General\u2026","rel":"","context":"En \u00abChiapas\u00bb","block_context":{"text":"Chiapas","link":"https:\/\/mexicocodigorojo.com.mx\/?cat=75"},"img":{"alt_text":"","src":"https:\/\/i0.wp.com\/mexicocodigorojo.com.mx\/wp-content\/uploads\/2025\/09\/Captura-de-pantalla-2025-09-28-132034.jpg?fit=1200%2C635&ssl=1&resize=350%2C200","width":350,"height":200,"srcset":"https:\/\/i0.wp.com\/mexicocodigorojo.com.mx\/wp-content\/uploads\/2025\/09\/Captura-de-pantalla-2025-09-28-132034.jpg?fit=1200%2C635&ssl=1&resize=350%2C200 1x, https:\/\/i0.wp.com\/mexicocodigorojo.com.mx\/wp-content\/uploads\/2025\/09\/Captura-de-pantalla-2025-09-28-132034.jpg?fit=1200%2C635&ssl=1&resize=525%2C300 1.5x, https:\/\/i0.wp.com\/mexicocodigorojo.com.mx\/wp-content\/uploads\/2025\/09\/Captura-de-pantalla-2025-09-28-132034.jpg?fit=1200%2C635&ssl=1&resize=700%2C400 2x, https:\/\/i0.wp.com\/mexicocodigorojo.com.mx\/wp-content\/uploads\/2025\/09\/Captura-de-pantalla-2025-09-28-132034.jpg?fit=1200%2C635&ssl=1&resize=1050%2C600 3x"},"classes":[]},{"id":65138,"url":"https:\/\/mexicocodigorojo.com.mx\/?p=65138","url_meta":{"origin":64570,"position":4},"title":"GOLPE AL CJNG EN CHIAPAS: Caen 5 sicarios con arsenal tras operativo con el Black Hawk en Ixhuat\u00e1n","author":"Staff","date":"marzo 13, 2026","format":false,"excerpt":"TUXTLA GUTI\u00c9RREZ, CHIAPAS.\u2013 En un despliegue de fuerza que incluy\u00f3 artiller\u00eda a\u00e9rea y unidades de inteligencia, fuerzas federales y estatales asestaron un golpe a la estructura del C\u00e1rtel Jalisco Nueva Generaci\u00f3n (CJNG) que operaba en la regi\u00f3n de Ixhuat\u00e1n. El operativo dej\u00f3 como saldo cinco detenidos, un arsenal asegurado y\u2026","rel":"","context":"En \u00abChiapas\u00bb","block_context":{"text":"Chiapas","link":"https:\/\/mexicocodigorojo.com.mx\/?cat=75"},"img":{"alt_text":"","src":"https:\/\/i0.wp.com\/mexicocodigorojo.com.mx\/wp-content\/uploads\/2026\/03\/664d9050-d888-40cc-a5bd-555ae9c00106.jpg?fit=1200%2C553&ssl=1&resize=350%2C200","width":350,"height":200,"srcset":"https:\/\/i0.wp.com\/mexicocodigorojo.com.mx\/wp-content\/uploads\/2026\/03\/664d9050-d888-40cc-a5bd-555ae9c00106.jpg?fit=1200%2C553&ssl=1&resize=350%2C200 1x, https:\/\/i0.wp.com\/mexicocodigorojo.com.mx\/wp-content\/uploads\/2026\/03\/664d9050-d888-40cc-a5bd-555ae9c00106.jpg?fit=1200%2C553&ssl=1&resize=525%2C300 1.5x, https:\/\/i0.wp.com\/mexicocodigorojo.com.mx\/wp-content\/uploads\/2026\/03\/664d9050-d888-40cc-a5bd-555ae9c00106.jpg?fit=1200%2C553&ssl=1&resize=700%2C400 2x, https:\/\/i0.wp.com\/mexicocodigorojo.com.mx\/wp-content\/uploads\/2026\/03\/664d9050-d888-40cc-a5bd-555ae9c00106.jpg?fit=1200%2C553&ssl=1&resize=1050%2C600 3x"},"classes":[]},{"id":64996,"url":"https:\/\/mexicocodigorojo.com.mx\/?p=64996","url_meta":{"origin":64570,"position":5},"title":"\u201cCero Corrupci\u00f3n y Resultados Contundentes\u201d: Aparicio Avenda\u00f1o blinda la seguridad en Chiapas","author":"Staff","date":"diciembre 25, 2025","format":false,"excerpt":"Tuxtla Guti\u00e9rrez, Chiapas. \u2013 Bajo la premisa de que la seguridad es una prioridad compartida, la Secretar\u00eda de Seguridad del Pueblo (SSP), encabezada por su titular, \u00d3scar Alberto Aparicio Avenda\u00f1o, ha intensificado de manera permanente las acciones operativas en todo el territorio estatal. Mediante una presencia estrat\u00e9gica en carreteras y\u2026","rel":"","context":"En \u00abChiapas\u00bb","block_context":{"text":"Chiapas","link":"https:\/\/mexicocodigorojo.com.mx\/?cat=75"},"img":{"alt_text":"","src":"https:\/\/i0.wp.com\/mexicocodigorojo.com.mx\/wp-content\/uploads\/2025\/12\/d95e96a9-304d-440d-8231-3c4424bc01ad.jpg?fit=1200%2C801&ssl=1&resize=350%2C200","width":350,"height":200,"srcset":"https:\/\/i0.wp.com\/mexicocodigorojo.com.mx\/wp-content\/uploads\/2025\/12\/d95e96a9-304d-440d-8231-3c4424bc01ad.jpg?fit=1200%2C801&ssl=1&resize=350%2C200 1x, https:\/\/i0.wp.com\/mexicocodigorojo.com.mx\/wp-content\/uploads\/2025\/12\/d95e96a9-304d-440d-8231-3c4424bc01ad.jpg?fit=1200%2C801&ssl=1&resize=525%2C300 1.5x, https:\/\/i0.wp.com\/mexicocodigorojo.com.mx\/wp-content\/uploads\/2025\/12\/d95e96a9-304d-440d-8231-3c4424bc01ad.jpg?fit=1200%2C801&ssl=1&resize=700%2C400 2x, https:\/\/i0.wp.com\/mexicocodigorojo.com.mx\/wp-content\/uploads\/2025\/12\/d95e96a9-304d-440d-8231-3c4424bc01ad.jpg?fit=1200%2C801&ssl=1&resize=1050%2C600 3x"},"classes":[]}],"jetpack_sharing_enabled":true,"jetpack_likes_enabled":true,"jetpack_shortlink":"https:\/\/wp.me\/p9TedA-gNs","_links":{"self":[{"href":"https:\/\/mexicocodigorojo.com.mx\/index.php?rest_route=\/wp\/v2\/posts\/64570","targetHints":{"allow":["GET"]}}],"collection":[{"href":"https:\/\/mexicocodigorojo.com.mx\/index.php?rest_route=\/wp\/v2\/posts"}],"about":[{"href":"https:\/\/mexicocodigorojo.com.mx\/index.php?rest_route=\/wp\/v2\/types\/post"}],"author":[{"embeddable":true,"href":"https:\/\/mexicocodigorojo.com.mx\/index.php?rest_route=\/wp\/v2\/users\/21"}],"replies":[{"embeddable":true,"href":"https:\/\/mexicocodigorojo.com.mx\/index.php?rest_route=%2Fwp%2Fv2%2Fcomments&post=64570"}],"version-history":[{"count":1,"href":"https:\/\/mexicocodigorojo.com.mx\/index.php?rest_route=\/wp\/v2\/posts\/64570\/revisions"}],"predecessor-version":[{"id":64572,"href":"https:\/\/mexicocodigorojo.com.mx\/index.php?rest_route=\/wp\/v2\/posts\/64570\/revisions\/64572"}],"wp:featuredmedia":[{"embeddable":true,"href":"https:\/\/mexicocodigorojo.com.mx\/index.php?rest_route=\/wp\/v2\/media\/64571"}],"wp:attachment":[{"href":"https:\/\/mexicocodigorojo.com.mx\/index.php?rest_route=%2Fwp%2Fv2%2Fmedia&parent=64570"}],"wp:term":[{"taxonomy":"category","embeddable":true,"href":"https:\/\/mexicocodigorojo.com.mx\/index.php?rest_route=%2Fwp%2Fv2%2Fcategories&post=64570"},{"taxonomy":"post_tag","embeddable":true,"href":"https:\/\/mexicocodigorojo.com.mx\/index.php?rest_route=%2Fwp%2Fv2%2Ftags&post=64570"}],"curies":[{"name":"wp","href":"https:\/\/api.w.org\/{rel}","templated":true}]}}