{"id":64544,"date":"2025-08-06T22:43:20","date_gmt":"2025-08-07T04:43:20","guid":{"rendered":"https:\/\/mexicocodigorojo.com.mx\/?p=64544"},"modified":"2025-08-06T22:43:20","modified_gmt":"2025-08-07T04:43:20","slug":"velan-en-reynosa-al-delegado-de-la-fgr-asesinado","status":"publish","type":"post","link":"https:\/\/mexicocodigorojo.com.mx\/?p=64544","title":{"rendered":"Velan en Reynosa al delegado de la FGR asesinado"},"content":{"rendered":"\n<p>Con fuerte vigilancia, velan en Gayoso a Ernesto V\u00e1zquez Reyna, delegado de la FGR ejecutado en la avenida Hidalgo de Reynosa<\/p>\n\n\n\n<p>Por: Mart\u00edn Ju\u00e1rez Torres<\/p>\n\n\n\n<p>Reynosa, Tamaulipas \u00b7 6 de agosto de 2025<\/p>\n\n\n\n<p>Bajo estrictas medidas de seguridad, familiares, amigos y autoridades velan este mi\u00e9rcoles en Reynosa a Ernesto Cuitl\u00e1huac V\u00e1zquez Reyna, delegado de la Fiscal\u00eda General de la Rep\u00fablica (FGR) en Tamaulipas, quien fue asesinado el pasado lunes en un ataque armado sobre la avenida Hidalgo.<\/p>\n\n\n\n<p>El cuerpo del funcionario es despedido con honores f\u00fanebres en la funeraria Gayoso, ubicada en el Bulevar Hidalgo, hasta donde arribaron elementos de la Guardia Nacional, Ej\u00e9rcito Mexicano y corporaciones estatales para garantizar la seguridad durante el acto f\u00fanebre. El operativo fue notorio, tanto en el exterior como en los accesos del lugar, mostrando el alto perfil del funcionario y la gravedad del crimen.<\/p>\n\n\n\n<p>Durante el cortejo f\u00fanebre, la carroza hizo una parada simb\u00f3lica frente a la sede estatal de la FGR, en la colonia Jarachina Norte, donde compa\u00f1eros y personal del organismo le rindieron un \u00faltimo homenaje.<\/p>\n\n\n\n<p>La afluencia de personas al velorio aument\u00f3 con el paso de las horas, hasta llenar la sala principal de la funeraria, motivo por el cual tambi\u00e9n se habilit\u00f3 la antesala. Coronas y arreglos florales se apilaron como muestra de respeto, mientras los asistentes expresaban consternaci\u00f3n por el atentado.<\/p>\n\n\n\n<p>El sepelio se llevar\u00e1 a cabo este jueves en el Pante\u00f3n Espa\u00f1ol de Reynosa. Hasta el momento, las autoridades federales no han dado a conocer avances en la investigaci\u00f3n del homicidio, el cual ha generado gran impacto en el estado debido al perfil del funcionario y el contexto de violencia que enfrenta la regi\u00f3n.<\/p>\n","protected":false},"excerpt":{"rendered":"<p>Con fuerte vigilancia, velan en Gayoso a Ernesto V\u00e1zquez Reyna, delegado de la FGR ejecutado en la avenida Hidalgo de Reynosa Por: Mart\u00edn Ju\u00e1rez Torres Reynosa, Tamaulipas \u00b7 6 de agosto de 2025 Bajo estrictas medidas de seguridad, familiares, amigos y autoridades velan este mi\u00e9rcoles en Reynosa a Ernesto Cuitl\u00e1huac V\u00e1zquez Reyna, delegado de la [&hellip;]<\/p>\n","protected":false},"author":5,"featured_media":64543,"comment_status":"closed","ping_status":"open","sticky":false,"template":"","format":"standard","meta":{"_uf_show_specific_survey":0,"_uf_disable_surveys":false,"advanced_seo_description":"","jetpack_seo_html_title":"","jetpack_seo_noindex":false,"jetpack_post_was_ever_published":false,"_jetpack_newsletter_access":"","_jetpack_dont_email_post_to_subs":false,"_jetpack_newsletter_tier_id":0,"_jetpack_memberships_contains_paywalled_content":false,"_jetpack_memberships_contains_paid_content":false,"footnotes":"","jetpack_publicize_message":"","jetpack_publicize_feature_enabled":true,"jetpack_social_post_already_shared":true,"jetpack_social_options":{"image_generator_settings":{"template":"highway","default_image_id":0,"font":"","enabled":false},"version":2}},"categories":[1724,2],"tags":[906],"class_list":{"0":"post-64544","1":"post","2":"type-post","3":"status-publish","4":"format-standard","5":"has-post-thumbnail","7":"category-featured","8":"category-tamaulipas","9":"tag-crimenorganizado"},"jetpack_publicize_connections":[],"jetpack_featured_media_url":"https:\/\/i0.wp.com\/mexicocodigorojo.com.mx\/wp-content\/uploads\/2025\/08\/img_1647.jpg?fit=1920%2C1080&ssl=1","jetpack-related-posts":[{"id":64500,"url":"https:\/\/mexicocodigorojo.com.mx\/?p=64500","url_meta":{"origin":64544,"position":0},"title":"Ejecutan en Reynosa al delegado de la FGR en Tamaulipas: estalla la violencia en la frontera","author":"MexicoRojoCvmx","date":"agosto 4, 2025","format":false,"excerpt":"Un nuevo golpe a la estructura de seguridad federal cimbr\u00f3 a Tamaulipas este lunes por la tarde, cuando el delegado de la Fiscal\u00eda General de la Rep\u00fablica (FGR) en la entidad, Ernesto Cuitl\u00e1huac V\u00e1zquez Reyna, fue asesinado en un ataque directo y coordinado en la ciudad de Reynosa. El atentado\u2026","rel":"","context":"En \u00abFeatured\u00bb","block_context":{"text":"Featured","link":"https:\/\/mexicocodigorojo.com.mx\/?cat=1724"},"img":{"alt_text":"","src":"https:\/\/i0.wp.com\/mexicocodigorojo.com.mx\/wp-content\/uploads\/2025\/08\/Captura-de-pantalla-2025-08-04-223059.jpg?fit=1043%2C719&ssl=1&resize=350%2C200","width":350,"height":200,"srcset":"https:\/\/i0.wp.com\/mexicocodigorojo.com.mx\/wp-content\/uploads\/2025\/08\/Captura-de-pantalla-2025-08-04-223059.jpg?fit=1043%2C719&ssl=1&resize=350%2C200 1x, https:\/\/i0.wp.com\/mexicocodigorojo.com.mx\/wp-content\/uploads\/2025\/08\/Captura-de-pantalla-2025-08-04-223059.jpg?fit=1043%2C719&ssl=1&resize=525%2C300 1.5x, https:\/\/i0.wp.com\/mexicocodigorojo.com.mx\/wp-content\/uploads\/2025\/08\/Captura-de-pantalla-2025-08-04-223059.jpg?fit=1043%2C719&ssl=1&resize=700%2C400 2x"},"classes":[]},{"id":65094,"url":"https:\/\/mexicocodigorojo.com.mx\/?p=65094","url_meta":{"origin":64544,"position":1},"title":"FGR designa a Manuel Eduardo Le\u00f3n Torres como nuevo titular en Tamaulipas tras siete meses de interinato","author":"Staff","date":"marzo 2, 2026","format":false,"excerpt":"REYNOSA, TAM. \u2013 La Fiscal\u00eda General de la Rep\u00fablica (FGR) formaliz\u00f3 este d\u00eda el relevo en su delegaci\u00f3n de Tamaulipas con el nombramiento de Manuel Eduardo Le\u00f3n Torres como nuevo fiscal federal en la entidad. El anuncio fue realizado por la titular de la FGR, Ernestina Godoy, marcando el fin\u2026","rel":"","context":"En \u00abFeatured\u00bb","block_context":{"text":"Featured","link":"https:\/\/mexicocodigorojo.com.mx\/?cat=1724"},"img":{"alt_text":"","src":"https:\/\/i0.wp.com\/mexicocodigorojo.com.mx\/wp-content\/uploads\/2026\/03\/img_8259.jpg?fit=1200%2C800&ssl=1&resize=350%2C200","width":350,"height":200,"srcset":"https:\/\/i0.wp.com\/mexicocodigorojo.com.mx\/wp-content\/uploads\/2026\/03\/img_8259.jpg?fit=1200%2C800&ssl=1&resize=350%2C200 1x, https:\/\/i0.wp.com\/mexicocodigorojo.com.mx\/wp-content\/uploads\/2026\/03\/img_8259.jpg?fit=1200%2C800&ssl=1&resize=525%2C300 1.5x, https:\/\/i0.wp.com\/mexicocodigorojo.com.mx\/wp-content\/uploads\/2026\/03\/img_8259.jpg?fit=1200%2C800&ssl=1&resize=700%2C400 2x, https:\/\/i0.wp.com\/mexicocodigorojo.com.mx\/wp-content\/uploads\/2026\/03\/img_8259.jpg?fit=1200%2C800&ssl=1&resize=1050%2C600 3x"},"classes":[]},{"id":63614,"url":"https:\/\/mexicocodigorojo.com.mx\/?p=63614","url_meta":{"origin":64544,"position":2},"title":"INVESTIGAN A FUNCIONARIOS DE LA FGR EN REYNOSA POR ROBO DE ARMAS","author":"Staff","date":"enero 21, 2025","format":false,"excerpt":"Personal de la Fiscal\u00eda General de la Rep\u00fablica (FGR) lleg\u00f3 a Reynosa para investigar el robo de armas largas de su delegaci\u00f3n en esa ciudad fronteriza de Tamaulipas, informaron anoche fuentes allegadas al caso. En medio del hermetismo oficial, los informantes se\u00f1alaron que criminales, con apoyo de al menos un\u2026","rel":"","context":"En \u00abFeatured\u00bb","block_context":{"text":"Featured","link":"https:\/\/mexicocodigorojo.com.mx\/?cat=1724"},"img":{"alt_text":"","src":"https:\/\/i0.wp.com\/mexicocodigorojo.com.mx\/wp-content\/uploads\/2025\/01\/img_6238-1.jpg?fit=400%2C234&ssl=1&resize=350%2C200","width":350,"height":200},"classes":[]},{"id":64547,"url":"https:\/\/mexicocodigorojo.com.mx\/?p=64547","url_meta":{"origin":64544,"position":3},"title":"DETIENEN A \u201cJR\u201d POR EL ASESINATO DEL DELEGADO DE LA FGR","author":"Staff","date":"agosto 8, 2025","format":false,"excerpt":"La Fiscal\u00eda General de la Rep\u00fablica (FGR) logr\u00f3 un avance clave en la investigaci\u00f3n por el asesinato del delegado de la FGR en Tamaulipas, Licenciado Ernesto Cuitl\u00e1huac V\u00e1squez Reyna. En una operaci\u00f3n conjunta con la Secretar\u00eda de Seguridad y Protecci\u00f3n Ciudadana federal y las Fuerzas Armadas, fue detenido Jaret Roberto\u2026","rel":"","context":"En \u00abTamaulipas\u00bb","block_context":{"text":"Tamaulipas","link":"https:\/\/mexicocodigorojo.com.mx\/?cat=2"},"img":{"alt_text":"","src":"https:\/\/i0.wp.com\/mexicocodigorojo.com.mx\/wp-content\/uploads\/2025\/08\/img_1880.jpg?fit=739%2C415&ssl=1&resize=350%2C200","width":350,"height":200,"srcset":"https:\/\/i0.wp.com\/mexicocodigorojo.com.mx\/wp-content\/uploads\/2025\/08\/img_1880.jpg?fit=739%2C415&ssl=1&resize=350%2C200 1x, https:\/\/i0.wp.com\/mexicocodigorojo.com.mx\/wp-content\/uploads\/2025\/08\/img_1880.jpg?fit=739%2C415&ssl=1&resize=525%2C300 1.5x, https:\/\/i0.wp.com\/mexicocodigorojo.com.mx\/wp-content\/uploads\/2025\/08\/img_1880.jpg?fit=739%2C415&ssl=1&resize=700%2C400 2x"},"classes":[]},{"id":62379,"url":"https:\/\/mexicocodigorojo.com.mx\/?p=62379","url_meta":{"origin":64544,"position":4},"title":"Se cae mentira al Gobierno de Tamaulipas y a FGR con regalo de helic\u00f3ptero: Ocultan crimen","author":"MexicoRojoCvmx","date":"julio 22, 2024","format":false,"excerpt":"M\u00e9xico.- El Gobierno de Tamaulipas y la Fiscal\u00eda General de la Rep\u00fablica (FGR) se hallan en medio de una seria controversia debido a la donaci\u00f3n de un helic\u00f3ptero Bell 206, la cual fue anunciada con mucha pompa en un evento en Reynosa, Tamaulipas. Dicha aeronave, presentada como un medio para\u2026","rel":"","context":"En \u00abFeatured\u00bb","block_context":{"text":"Featured","link":"https:\/\/mexicocodigorojo.com.mx\/?cat=1724"},"img":{"alt_text":"","src":"https:\/\/i0.wp.com\/mexicocodigorojo.com.mx\/wp-content\/uploads\/2024\/07\/Personas.jpg?fit=1200%2C800&ssl=1&resize=350%2C200","width":350,"height":200,"srcset":"https:\/\/i0.wp.com\/mexicocodigorojo.com.mx\/wp-content\/uploads\/2024\/07\/Personas.jpg?fit=1200%2C800&ssl=1&resize=350%2C200 1x, https:\/\/i0.wp.com\/mexicocodigorojo.com.mx\/wp-content\/uploads\/2024\/07\/Personas.jpg?fit=1200%2C800&ssl=1&resize=525%2C300 1.5x, https:\/\/i0.wp.com\/mexicocodigorojo.com.mx\/wp-content\/uploads\/2024\/07\/Personas.jpg?fit=1200%2C800&ssl=1&resize=700%2C400 2x, https:\/\/i0.wp.com\/mexicocodigorojo.com.mx\/wp-content\/uploads\/2024\/07\/Personas.jpg?fit=1200%2C800&ssl=1&resize=1050%2C600 3x"},"classes":[]},{"id":65194,"url":"https:\/\/mexicocodigorojo.com.mx\/?p=65194","url_meta":{"origin":64544,"position":5},"title":"Vinculan a proceso a tres funcionarios de la FGR de Reynosa por omisiones en investigaci\u00f3n de \u00abhuachicol\u00bb, entre ellos al ex delegado interino Juan Arturo Garza quien asumi\u00f3 tras el asesinato de V\u00e1zquez Reyna","author":"Staff","date":"abril 29, 2026","format":false,"excerpt":"La Fiscal\u00eda General de la Rep\u00fablica (FGR) inform\u00f3 que tres de sus servidores p\u00fablicos, identificados como Carlos \u201cN\u201d, Israel \u201cN\u201d y Juan \u201cN\u201d, han sido vinculados a proceso por su probable responsabilidad en delitos contra la administraci\u00f3n de justicia. Los hechos: Omisi\u00f3n en el sector petrolero De acuerdo con la\u2026","rel":"","context":"En \u00abFeatured\u00bb","block_context":{"text":"Featured","link":"https:\/\/mexicocodigorojo.com.mx\/?cat=1724"},"img":{"alt_text":"","src":"https:\/\/i0.wp.com\/mexicocodigorojo.com.mx\/wp-content\/uploads\/2026\/04\/b15df259-4088-4db5-a5c0-3bc87fc8128f.jpg?fit=1200%2C1200&ssl=1&resize=350%2C200","width":350,"height":200,"srcset":"https:\/\/i0.wp.com\/mexicocodigorojo.com.mx\/wp-content\/uploads\/2026\/04\/b15df259-4088-4db5-a5c0-3bc87fc8128f.jpg?fit=1200%2C1200&ssl=1&resize=350%2C200 1x, https:\/\/i0.wp.com\/mexicocodigorojo.com.mx\/wp-content\/uploads\/2026\/04\/b15df259-4088-4db5-a5c0-3bc87fc8128f.jpg?fit=1200%2C1200&ssl=1&resize=525%2C300 1.5x, https:\/\/i0.wp.com\/mexicocodigorojo.com.mx\/wp-content\/uploads\/2026\/04\/b15df259-4088-4db5-a5c0-3bc87fc8128f.jpg?fit=1200%2C1200&ssl=1&resize=700%2C400 2x, https:\/\/i0.wp.com\/mexicocodigorojo.com.mx\/wp-content\/uploads\/2026\/04\/b15df259-4088-4db5-a5c0-3bc87fc8128f.jpg?fit=1200%2C1200&ssl=1&resize=1050%2C600 3x"},"classes":[]}],"jetpack_sharing_enabled":true,"jetpack_likes_enabled":true,"jetpack_shortlink":"https:\/\/wp.me\/p9TedA-gN2","_links":{"self":[{"href":"https:\/\/mexicocodigorojo.com.mx\/index.php?rest_route=\/wp\/v2\/posts\/64544","targetHints":{"allow":["GET"]}}],"collection":[{"href":"https:\/\/mexicocodigorojo.com.mx\/index.php?rest_route=\/wp\/v2\/posts"}],"about":[{"href":"https:\/\/mexicocodigorojo.com.mx\/index.php?rest_route=\/wp\/v2\/types\/post"}],"author":[{"embeddable":true,"href":"https:\/\/mexicocodigorojo.com.mx\/index.php?rest_route=\/wp\/v2\/users\/5"}],"replies":[{"embeddable":true,"href":"https:\/\/mexicocodigorojo.com.mx\/index.php?rest_route=%2Fwp%2Fv2%2Fcomments&post=64544"}],"version-history":[{"count":1,"href":"https:\/\/mexicocodigorojo.com.mx\/index.php?rest_route=\/wp\/v2\/posts\/64544\/revisions"}],"predecessor-version":[{"id":64545,"href":"https:\/\/mexicocodigorojo.com.mx\/index.php?rest_route=\/wp\/v2\/posts\/64544\/revisions\/64545"}],"wp:featuredmedia":[{"embeddable":true,"href":"https:\/\/mexicocodigorojo.com.mx\/index.php?rest_route=\/wp\/v2\/media\/64543"}],"wp:attachment":[{"href":"https:\/\/mexicocodigorojo.com.mx\/index.php?rest_route=%2Fwp%2Fv2%2Fmedia&parent=64544"}],"wp:term":[{"taxonomy":"category","embeddable":true,"href":"https:\/\/mexicocodigorojo.com.mx\/index.php?rest_route=%2Fwp%2Fv2%2Fcategories&post=64544"},{"taxonomy":"post_tag","embeddable":true,"href":"https:\/\/mexicocodigorojo.com.mx\/index.php?rest_route=%2Fwp%2Fv2%2Ftags&post=64544"}],"curies":[{"name":"wp","href":"https:\/\/api.w.org\/{rel}","templated":true}]}}