{"id":64500,"date":"2025-08-04T22:31:49","date_gmt":"2025-08-05T04:31:49","guid":{"rendered":"https:\/\/mexicocodigorojo.com.mx\/?p=64500"},"modified":"2025-08-04T22:48:49","modified_gmt":"2025-08-05T04:48:49","slug":"ejecutan-en-reynosa-al-delegado-de-la-fgr-en-tamaulipas-estalla-la-violencia-en-la-frontera","status":"publish","type":"post","link":"https:\/\/mexicocodigorojo.com.mx\/?p=64500","title":{"rendered":"Ejecutan en Reynosa al delegado de la FGR en Tamaulipas: estalla la violencia en la frontera"},"content":{"rendered":"<p data-start=\"354\" data-end=\"640\">Un nuevo golpe a la estructura de seguridad federal cimbr\u00f3 a Tamaulipas este lunes por la tarde, cuando el delegado de la Fiscal\u00eda General de la Rep\u00fablica (FGR) en la entidad, <strong data-start=\"530\" data-end=\"566\">Ernesto Cuitl\u00e1huac V\u00e1zquez Reyna<\/strong>, fue asesinado en un ataque directo y coordinado en la ciudad de Reynosa.<\/p>\n<p data-start=\"642\" data-end=\"1103\">El atentado ocurri\u00f3 pasadas las 19:00 horas sobre el transitado <strong data-start=\"706\" data-end=\"732\">bulevar Miguel Hidalgo<\/strong>, frente a la plaza Engrei, cuando la camioneta en la que viajaba el funcionario federal fue interceptada y atacada con <strong data-start=\"852\" data-end=\"911\">una granada y r\u00e1fagas de armas de fuego de alto calibre<\/strong>. El veh\u00edculo se incendi\u00f3 tras la explosi\u00f3n. Testigos se\u00f1alan que V\u00e1zquez Reyna logr\u00f3 descender herido, pero fue rematado en el pavimento por sicarios que descendieron de una camioneta plateada.<\/p>\n<p data-start=\"1105\" data-end=\"1471\">El asesinato del representante de la FGR no fue un hecho aislado. Casi de inmediato se desataron m\u00faltiples actos de violencia en distintos puntos de la ciudad: <strong data-start=\"1265\" data-end=\"1352\">r\u00e1fagas de armas largas, bloqueos carreteros, ponchallantas y veh\u00edculos atravesados<\/strong> fueron reportados en zonas como los puentes gemelos, bulevar del Maestro, Parque Industrial del Norte y Jarachina Sur.<\/p>\n<p data-start=\"1473\" data-end=\"1738\">El nivel de coordinaci\u00f3n de los ataques evidencia una respuesta del crimen organizado ante la presencia o acciones recientes de la autoridad federal en la zona, particularmente en el combate al tr\u00e1fico de hidrocarburos, una l\u00ednea que fuentes federales no descartan.<\/p>\n<p data-start=\"1740\" data-end=\"2132\">La <strong data-start=\"1743\" data-end=\"1788\">Fiscal\u00eda General del Estado de Tamaulipas<\/strong> confirm\u00f3 la identidad de la v\u00edctima e inform\u00f3 que mantiene una coordinaci\u00f3n estrecha con la <strong data-start=\"1881\" data-end=\"1917\">Fiscal\u00eda General de la Rep\u00fablica<\/strong> para esclarecer los hechos. Las primeras diligencias fueron encabezadas por peritos ministeriales, en tanto <strong data-start=\"2026\" data-end=\"2078\">la Guardia Nacional, SEDENA y polic\u00edas estatales<\/strong> desplegaron operativos en puntos cr\u00edticos de Reynosa.<\/p>\n<p data-start=\"2134\" data-end=\"2465\">V\u00e1zquez Reyna, quien asumi\u00f3 la delegaci\u00f3n de la FGR en 2019, era considerado un operador clave en investigaciones contra delitos federales en la regi\u00f3n noreste del pa\u00eds. Su ejecuci\u00f3n representa una grave escalada en los niveles de violencia contra representantes de instituciones federales, y un desaf\u00edo directo al Estado mexicano.<\/p>\n<p data-start=\"2467\" data-end=\"2753\">Por la noche, el gobernador <strong data-start=\"2495\" data-end=\"2523\">Am\u00e9rico Villarreal Anaya<\/strong> conden\u00f3 el asesinato y expres\u00f3 su respaldo a las investigaciones. \u201cDesde el Gobierno de Tamaulipas reiteramos nuestra disposici\u00f3n para coadyuvar en la b\u00fasqueda de justicia y la construcci\u00f3n de la paz\u201d, public\u00f3 en redes oficiales.<\/p>\n<p data-start=\"2755\" data-end=\"3029\">Mientras tanto, la poblaci\u00f3n de Reynosa vive horas de tensi\u00f3n e incertidumbre. El ataque no s\u00f3lo cobr\u00f3 la vida de un alto funcionario, sino que mostr\u00f3 el m\u00fasculo de grupos armados que siguen operando con impunidad en el coraz\u00f3n de una de las ciudades m\u00e1s vigiladas del pa\u00eds.<\/p>\n","protected":false},"excerpt":{"rendered":"<p>Un nuevo golpe a la estructura de seguridad federal cimbr\u00f3 a Tamaulipas este lunes por la tarde, cuando el delegado de la Fiscal\u00eda General de la Rep\u00fablica (FGR) en la entidad, Ernesto Cuitl\u00e1huac V\u00e1zquez Reyna, fue asesinado en un ataque directo y coordinado en la ciudad de Reynosa. El atentado ocurri\u00f3 pasadas las 19:00 horas [&hellip;]<\/p>\n","protected":false},"author":21,"featured_media":64501,"comment_status":"open","ping_status":"open","sticky":false,"template":"","format":"standard","meta":{"_uf_show_specific_survey":0,"_uf_disable_surveys":false,"advanced_seo_description":"","jetpack_seo_html_title":"","jetpack_seo_noindex":false,"jetpack_post_was_ever_published":false,"_jetpack_newsletter_access":"","_jetpack_dont_email_post_to_subs":false,"_jetpack_newsletter_tier_id":0,"_jetpack_memberships_contains_paywalled_content":false,"_jetpack_memberships_contains_paid_content":false,"footnotes":"","jetpack_publicize_message":"","jetpack_publicize_feature_enabled":true,"jetpack_social_post_already_shared":true,"jetpack_social_options":{"image_generator_settings":{"template":"highway","default_image_id":0,"font":"","enabled":false},"version":2}},"categories":[1724,2],"tags":[],"class_list":{"0":"post-64500","1":"post","2":"type-post","3":"status-publish","4":"format-standard","5":"has-post-thumbnail","7":"category-featured","8":"category-tamaulipas"},"jetpack_publicize_connections":[],"jetpack_featured_media_url":"https:\/\/i0.wp.com\/mexicocodigorojo.com.mx\/wp-content\/uploads\/2025\/08\/Captura-de-pantalla-2025-08-04-223059.jpg?fit=1043%2C719&ssl=1","jetpack-related-posts":[{"id":64544,"url":"https:\/\/mexicocodigorojo.com.mx\/?p=64544","url_meta":{"origin":64500,"position":0},"title":"Velan en Reynosa al delegado de la FGR asesinado","author":"Staff","date":"agosto 6, 2025","format":false,"excerpt":"Con fuerte vigilancia, velan en Gayoso a Ernesto V\u00e1zquez Reyna, delegado de la FGR ejecutado en la avenida Hidalgo de Reynosa Por: Mart\u00edn Ju\u00e1rez Torres Reynosa, Tamaulipas \u00b7 6 de agosto de 2025 Bajo estrictas medidas de seguridad, familiares, amigos y autoridades velan este mi\u00e9rcoles en Reynosa a Ernesto Cuitl\u00e1huac\u2026","rel":"","context":"En \u00abFeatured\u00bb","block_context":{"text":"Featured","link":"https:\/\/mexicocodigorojo.com.mx\/?cat=1724"},"img":{"alt_text":"","src":"https:\/\/i0.wp.com\/mexicocodigorojo.com.mx\/wp-content\/uploads\/2025\/08\/img_1647.jpg?fit=1200%2C675&ssl=1&resize=350%2C200","width":350,"height":200,"srcset":"https:\/\/i0.wp.com\/mexicocodigorojo.com.mx\/wp-content\/uploads\/2025\/08\/img_1647.jpg?fit=1200%2C675&ssl=1&resize=350%2C200 1x, https:\/\/i0.wp.com\/mexicocodigorojo.com.mx\/wp-content\/uploads\/2025\/08\/img_1647.jpg?fit=1200%2C675&ssl=1&resize=525%2C300 1.5x, https:\/\/i0.wp.com\/mexicocodigorojo.com.mx\/wp-content\/uploads\/2025\/08\/img_1647.jpg?fit=1200%2C675&ssl=1&resize=700%2C400 2x, https:\/\/i0.wp.com\/mexicocodigorojo.com.mx\/wp-content\/uploads\/2025\/08\/img_1647.jpg?fit=1200%2C675&ssl=1&resize=1050%2C600 3x"},"classes":[]},{"id":65094,"url":"https:\/\/mexicocodigorojo.com.mx\/?p=65094","url_meta":{"origin":64500,"position":1},"title":"FGR designa a Manuel Eduardo Le\u00f3n Torres como nuevo titular en Tamaulipas tras siete meses de interinato","author":"Staff","date":"marzo 2, 2026","format":false,"excerpt":"REYNOSA, TAM. \u2013 La Fiscal\u00eda General de la Rep\u00fablica (FGR) formaliz\u00f3 este d\u00eda el relevo en su delegaci\u00f3n de Tamaulipas con el nombramiento de Manuel Eduardo Le\u00f3n Torres como nuevo fiscal federal en la entidad. El anuncio fue realizado por la titular de la FGR, Ernestina Godoy, marcando el fin\u2026","rel":"","context":"En \u00abFeatured\u00bb","block_context":{"text":"Featured","link":"https:\/\/mexicocodigorojo.com.mx\/?cat=1724"},"img":{"alt_text":"","src":"https:\/\/i0.wp.com\/mexicocodigorojo.com.mx\/wp-content\/uploads\/2026\/03\/img_8259.jpg?fit=1200%2C800&ssl=1&resize=350%2C200","width":350,"height":200,"srcset":"https:\/\/i0.wp.com\/mexicocodigorojo.com.mx\/wp-content\/uploads\/2026\/03\/img_8259.jpg?fit=1200%2C800&ssl=1&resize=350%2C200 1x, https:\/\/i0.wp.com\/mexicocodigorojo.com.mx\/wp-content\/uploads\/2026\/03\/img_8259.jpg?fit=1200%2C800&ssl=1&resize=525%2C300 1.5x, https:\/\/i0.wp.com\/mexicocodigorojo.com.mx\/wp-content\/uploads\/2026\/03\/img_8259.jpg?fit=1200%2C800&ssl=1&resize=700%2C400 2x, https:\/\/i0.wp.com\/mexicocodigorojo.com.mx\/wp-content\/uploads\/2026\/03\/img_8259.jpg?fit=1200%2C800&ssl=1&resize=1050%2C600 3x"},"classes":[]},{"id":64547,"url":"https:\/\/mexicocodigorojo.com.mx\/?p=64547","url_meta":{"origin":64500,"position":2},"title":"DETIENEN A \u201cJR\u201d POR EL ASESINATO DEL DELEGADO DE LA FGR","author":"Staff","date":"agosto 8, 2025","format":false,"excerpt":"La Fiscal\u00eda General de la Rep\u00fablica (FGR) logr\u00f3 un avance clave en la investigaci\u00f3n por el asesinato del delegado de la FGR en Tamaulipas, Licenciado Ernesto Cuitl\u00e1huac V\u00e1squez Reyna. En una operaci\u00f3n conjunta con la Secretar\u00eda de Seguridad y Protecci\u00f3n Ciudadana federal y las Fuerzas Armadas, fue detenido Jaret Roberto\u2026","rel":"","context":"En \u00abTamaulipas\u00bb","block_context":{"text":"Tamaulipas","link":"https:\/\/mexicocodigorojo.com.mx\/?cat=2"},"img":{"alt_text":"","src":"https:\/\/i0.wp.com\/mexicocodigorojo.com.mx\/wp-content\/uploads\/2025\/08\/img_1880.jpg?fit=739%2C415&ssl=1&resize=350%2C200","width":350,"height":200,"srcset":"https:\/\/i0.wp.com\/mexicocodigorojo.com.mx\/wp-content\/uploads\/2025\/08\/img_1880.jpg?fit=739%2C415&ssl=1&resize=350%2C200 1x, https:\/\/i0.wp.com\/mexicocodigorojo.com.mx\/wp-content\/uploads\/2025\/08\/img_1880.jpg?fit=739%2C415&ssl=1&resize=525%2C300 1.5x, https:\/\/i0.wp.com\/mexicocodigorojo.com.mx\/wp-content\/uploads\/2025\/08\/img_1880.jpg?fit=739%2C415&ssl=1&resize=700%2C400 2x"},"classes":[]},{"id":63614,"url":"https:\/\/mexicocodigorojo.com.mx\/?p=63614","url_meta":{"origin":64500,"position":3},"title":"INVESTIGAN A FUNCIONARIOS DE LA FGR EN REYNOSA POR ROBO DE ARMAS","author":"Staff","date":"enero 21, 2025","format":false,"excerpt":"Personal de la Fiscal\u00eda General de la Rep\u00fablica (FGR) lleg\u00f3 a Reynosa para investigar el robo de armas largas de su delegaci\u00f3n en esa ciudad fronteriza de Tamaulipas, informaron anoche fuentes allegadas al caso. En medio del hermetismo oficial, los informantes se\u00f1alaron que criminales, con apoyo de al menos un\u2026","rel":"","context":"En \u00abFeatured\u00bb","block_context":{"text":"Featured","link":"https:\/\/mexicocodigorojo.com.mx\/?cat=1724"},"img":{"alt_text":"","src":"https:\/\/i0.wp.com\/mexicocodigorojo.com.mx\/wp-content\/uploads\/2025\/01\/img_6238-1.jpg?fit=400%2C234&ssl=1&resize=350%2C200","width":350,"height":200},"classes":[]},{"id":62379,"url":"https:\/\/mexicocodigorojo.com.mx\/?p=62379","url_meta":{"origin":64500,"position":4},"title":"Se cae mentira al Gobierno de Tamaulipas y a FGR con regalo de helic\u00f3ptero: Ocultan crimen","author":"MexicoRojoCvmx","date":"julio 22, 2024","format":false,"excerpt":"M\u00e9xico.- El Gobierno de Tamaulipas y la Fiscal\u00eda General de la Rep\u00fablica (FGR) se hallan en medio de una seria controversia debido a la donaci\u00f3n de un helic\u00f3ptero Bell 206, la cual fue anunciada con mucha pompa en un evento en Reynosa, Tamaulipas. Dicha aeronave, presentada como un medio para\u2026","rel":"","context":"En \u00abFeatured\u00bb","block_context":{"text":"Featured","link":"https:\/\/mexicocodigorojo.com.mx\/?cat=1724"},"img":{"alt_text":"","src":"https:\/\/i0.wp.com\/mexicocodigorojo.com.mx\/wp-content\/uploads\/2024\/07\/Personas.jpg?fit=1200%2C800&ssl=1&resize=350%2C200","width":350,"height":200,"srcset":"https:\/\/i0.wp.com\/mexicocodigorojo.com.mx\/wp-content\/uploads\/2024\/07\/Personas.jpg?fit=1200%2C800&ssl=1&resize=350%2C200 1x, https:\/\/i0.wp.com\/mexicocodigorojo.com.mx\/wp-content\/uploads\/2024\/07\/Personas.jpg?fit=1200%2C800&ssl=1&resize=525%2C300 1.5x, https:\/\/i0.wp.com\/mexicocodigorojo.com.mx\/wp-content\/uploads\/2024\/07\/Personas.jpg?fit=1200%2C800&ssl=1&resize=700%2C400 2x, https:\/\/i0.wp.com\/mexicocodigorojo.com.mx\/wp-content\/uploads\/2024\/07\/Personas.jpg?fit=1200%2C800&ssl=1&resize=1050%2C600 3x"},"classes":[]},{"id":65194,"url":"https:\/\/mexicocodigorojo.com.mx\/?p=65194","url_meta":{"origin":64500,"position":5},"title":"Vinculan a proceso a tres funcionarios de la FGR de Reynosa por omisiones en investigaci\u00f3n de \u00abhuachicol\u00bb, entre ellos al ex delegado interino Juan Arturo Garza quien asumi\u00f3 tras el asesinato de V\u00e1zquez Reyna","author":"Staff","date":"abril 29, 2026","format":false,"excerpt":"La Fiscal\u00eda General de la Rep\u00fablica (FGR) inform\u00f3 que tres de sus servidores p\u00fablicos, identificados como Carlos \u201cN\u201d, Israel \u201cN\u201d y Juan \u201cN\u201d, han sido vinculados a proceso por su probable responsabilidad en delitos contra la administraci\u00f3n de justicia. Los hechos: Omisi\u00f3n en el sector petrolero De acuerdo con la\u2026","rel":"","context":"En \u00abFeatured\u00bb","block_context":{"text":"Featured","link":"https:\/\/mexicocodigorojo.com.mx\/?cat=1724"},"img":{"alt_text":"","src":"https:\/\/i0.wp.com\/mexicocodigorojo.com.mx\/wp-content\/uploads\/2026\/04\/b15df259-4088-4db5-a5c0-3bc87fc8128f.jpg?fit=1200%2C1200&ssl=1&resize=350%2C200","width":350,"height":200,"srcset":"https:\/\/i0.wp.com\/mexicocodigorojo.com.mx\/wp-content\/uploads\/2026\/04\/b15df259-4088-4db5-a5c0-3bc87fc8128f.jpg?fit=1200%2C1200&ssl=1&resize=350%2C200 1x, https:\/\/i0.wp.com\/mexicocodigorojo.com.mx\/wp-content\/uploads\/2026\/04\/b15df259-4088-4db5-a5c0-3bc87fc8128f.jpg?fit=1200%2C1200&ssl=1&resize=525%2C300 1.5x, https:\/\/i0.wp.com\/mexicocodigorojo.com.mx\/wp-content\/uploads\/2026\/04\/b15df259-4088-4db5-a5c0-3bc87fc8128f.jpg?fit=1200%2C1200&ssl=1&resize=700%2C400 2x, https:\/\/i0.wp.com\/mexicocodigorojo.com.mx\/wp-content\/uploads\/2026\/04\/b15df259-4088-4db5-a5c0-3bc87fc8128f.jpg?fit=1200%2C1200&ssl=1&resize=1050%2C600 3x"},"classes":[]}],"jetpack_sharing_enabled":true,"jetpack_likes_enabled":true,"jetpack_shortlink":"https:\/\/wp.me\/p9TedA-gMk","_links":{"self":[{"href":"https:\/\/mexicocodigorojo.com.mx\/index.php?rest_route=\/wp\/v2\/posts\/64500","targetHints":{"allow":["GET"]}}],"collection":[{"href":"https:\/\/mexicocodigorojo.com.mx\/index.php?rest_route=\/wp\/v2\/posts"}],"about":[{"href":"https:\/\/mexicocodigorojo.com.mx\/index.php?rest_route=\/wp\/v2\/types\/post"}],"author":[{"embeddable":true,"href":"https:\/\/mexicocodigorojo.com.mx\/index.php?rest_route=\/wp\/v2\/users\/21"}],"replies":[{"embeddable":true,"href":"https:\/\/mexicocodigorojo.com.mx\/index.php?rest_route=%2Fwp%2Fv2%2Fcomments&post=64500"}],"version-history":[{"count":2,"href":"https:\/\/mexicocodigorojo.com.mx\/index.php?rest_route=\/wp\/v2\/posts\/64500\/revisions"}],"predecessor-version":[{"id":64503,"href":"https:\/\/mexicocodigorojo.com.mx\/index.php?rest_route=\/wp\/v2\/posts\/64500\/revisions\/64503"}],"wp:featuredmedia":[{"embeddable":true,"href":"https:\/\/mexicocodigorojo.com.mx\/index.php?rest_route=\/wp\/v2\/media\/64501"}],"wp:attachment":[{"href":"https:\/\/mexicocodigorojo.com.mx\/index.php?rest_route=%2Fwp%2Fv2%2Fmedia&parent=64500"}],"wp:term":[{"taxonomy":"category","embeddable":true,"href":"https:\/\/mexicocodigorojo.com.mx\/index.php?rest_route=%2Fwp%2Fv2%2Fcategories&post=64500"},{"taxonomy":"post_tag","embeddable":true,"href":"https:\/\/mexicocodigorojo.com.mx\/index.php?rest_route=%2Fwp%2Fv2%2Ftags&post=64500"}],"curies":[{"name":"wp","href":"https:\/\/api.w.org\/{rel}","templated":true}]}}