{"id":64427,"date":"2025-07-21T18:22:49","date_gmt":"2025-07-22T00:22:49","guid":{"rendered":"https:\/\/mexicocodigorojo.com.mx\/?p=64427"},"modified":"2025-07-21T18:22:49","modified_gmt":"2025-07-22T00:22:49","slug":"sinaloa-mas-de-40-policias-han-perdido-la-vida-en-10-meses-gobierno-estatal-admite-dos-lineas-de-investigacion-pero-sin-resultados","status":"publish","type":"post","link":"https:\/\/mexicocodigorojo.com.mx\/?p=64427","title":{"rendered":"Sinaloa: M\u00e1s de 40 polic\u00edas han perdido la vida en 10 meses; gobierno estatal admite dos l\u00edneas de investigaci\u00f3n, pero sin resultados"},"content":{"rendered":"<p data-start=\"293\" data-end=\"752\"><strong data-start=\"293\" data-end=\"313\">Culiac\u00e1n, Sin. \u2013<\/strong> La violencia contra las fuerzas del orden en Sinaloa ya no es una estad\u00edstica: es un s\u00edntoma crudo del colapso institucional en materia de seguridad. Con m\u00e1s de <strong data-start=\"475\" data-end=\"520\">cuarenta ataques mortales contra polic\u00edas<\/strong> en apenas diez meses, el gobernador <strong data-start=\"557\" data-end=\"577\">Rub\u00e9n Rocha Moya<\/strong> reconoci\u00f3 que las investigaciones se dividen en dos hip\u00f3tesis: <strong data-start=\"641\" data-end=\"751\">venganzas del crimen organizado o represalias por actuaciones deshonestas dentro de los cuerpos policiacos<\/strong>.<\/p>\n<p data-start=\"754\" data-end=\"1199\">Durante su rueda de prensa semanal, el mandatario estatal fue cuestionado por el m\u00e1s reciente atentado contra <strong data-start=\"864\" data-end=\"883\">Jos\u00e9 Carlos \u201cN\u201d<\/strong>, comandante de la Polic\u00eda Municipal de Culiac\u00e1n, quien fue emboscado a balazos el domingo por la noche. El ataque dej\u00f3 a Jos\u00e9 Carlos herido, pero tambi\u00e9n provoc\u00f3 la <strong data-start=\"1049\" data-end=\"1082\">muerte colateral de una mujer<\/strong>, identificada como <strong data-start=\"1102\" data-end=\"1118\">Efigenia \u201cN\u201d<\/strong>, presuntamente esposa de un militar, quien recibi\u00f3 una bala perdida en el pecho.<\/p>\n<blockquote data-start=\"1201\" data-end=\"1456\">\n<h4 data-start=\"1203\" data-end=\"1456\">\u201cNo tenemos pruebas de que haya corrupci\u00f3n dentro de las corporaciones, pero cada caso tiene sus caracter\u00edsticas y deben investigarse a fondo\u201d, sostuvo Rocha, en un discurso que intenta equilibrar la narrativa, pero <strong data-start=\"1419\" data-end=\"1455\">sin ofrecer resultados concretos<\/strong>.<\/h4>\n<\/blockquote>\n<h3 data-start=\"1458\" data-end=\"1497\">La impunidad como denominador com\u00fan<\/h3>\n<p data-start=\"1499\" data-end=\"1870\">El ataque se suma a una <strong data-start=\"1523\" data-end=\"1643\">ola de ejecuciones, emboscadas y atentados directos contra elementos de seguridad municipales, estatales y federales<\/strong>. De acuerdo con datos oficiales, <strong data-start=\"1677\" data-end=\"1739\">al menos 40 agentes han sido asesinados en menos de un a\u00f1o<\/strong>, sin que hasta el momento se tenga claridad sobre qui\u00e9nes son los autores intelectuales ni si hay un patr\u00f3n criminal estructurado.<\/p>\n<p data-start=\"1872\" data-end=\"2223\">En esta ocasi\u00f3n, el comandante atacado fue emboscado en el <strong data-start=\"1931\" data-end=\"1948\">Malec\u00f3n Viejo<\/strong>, zona urbana cercana al zool\u00f3gico de Culiac\u00e1n, cuando reci\u00e9n hab\u00eda terminado su turno. Tras la agresi\u00f3n, se despleg\u00f3 un operativo conjunto entre el Ej\u00e9rcito Mexicano y la Polic\u00eda Estatal. <strong data-start=\"2137\" data-end=\"2205\">Hubo persecuci\u00f3n, intercambio de fuego\u2026 y huida de los atacantes<\/strong>, sin detenciones.<\/p>\n<p data-start=\"2225\" data-end=\"2384\">La mujer v\u00edctima del fuego cruzado, Efigenia \u201cN\u201d, fue trasladada a\u00fan con vida por param\u00e9dicos, pero muri\u00f3 poco despu\u00e9s en un hospital de la capital sinaloense.<\/p>\n<h3 data-start=\"2386\" data-end=\"2418\">Dos hip\u00f3tesis, cero certezas<\/h3>\n<p data-start=\"2420\" data-end=\"2761\">Rocha Moya insiste en que cada caso tiene motivaciones distintas. Sin embargo, el hecho de que la \u00fanica narrativa oficial sea que \u201c<strong data-start=\"2551\" data-end=\"2613\">pudo ser por cumplir con su deber o por corrupci\u00f3n interna<\/strong>\u201d refleja no solo <strong data-start=\"2631\" data-end=\"2675\">falta de l\u00edneas s\u00f3lidas de investigaci\u00f3n<\/strong>, sino una preocupante <strong data-start=\"2698\" data-end=\"2760\">normalizaci\u00f3n del ataque sistem\u00e1tico a servidores p\u00fablicos<\/strong>.<\/p>\n<blockquote data-start=\"2763\" data-end=\"2928\">\n<h4 data-start=\"2765\" data-end=\"2928\">\u201cNos preocupa el n\u00famero, nos ocupa el fondo\u201d, declar\u00f3 el gobernador, sin detallar si hay avances significativos en alguna de las m\u00e1s de cuarenta carpetas abiertas.<\/h4>\n<\/blockquote>\n<h3 data-start=\"2930\" data-end=\"2971\">El crimen avanza, el Estado retrocede<\/h3>\n<p data-start=\"2973\" data-end=\"3206\">Mientras los grupos criminales utilizan armas largas, drones, estrategias de infiltraci\u00f3n y control territorial en zonas clave del estado, las respuestas del gobierno se reducen a comunicados, operativos reactivos y ruedas de prensa.<\/p>\n<p data-start=\"3208\" data-end=\"3480\">Lo ocurrido en Culiac\u00e1n no es un caso aislado. <strong data-start=\"3255\" data-end=\"3325\">Es la fotograf\u00eda del deterioro estructural de la seguridad p\u00fablica<\/strong>, donde polic\u00edas caen sin respaldo, ciudadanos mueren por balas perdidas, y la justicia se pierde entre comunicados ambiguos y discursos sin consecuencias.<\/p>\n<p data-start=\"3482\" data-end=\"3642\"><strong data-start=\"3482\" data-end=\"3574\">\u00bfCu\u00e1ntos polic\u00edas m\u00e1s deben morir para que el Estado recupere su capacidad de respuesta?<\/strong><br data-start=\"3574\" data-end=\"3577\" \/>\u00bfY cu\u00e1ntos ciudadanos m\u00e1s quedar\u00e1n atrapados en el fuego cruzado?<\/p>\n","protected":false},"excerpt":{"rendered":"<p>Culiac\u00e1n, Sin. \u2013 La violencia contra las fuerzas del orden en Sinaloa ya no es una estad\u00edstica: es un s\u00edntoma crudo del colapso institucional en materia de seguridad. Con m\u00e1s de cuarenta ataques mortales contra polic\u00edas en apenas diez meses, el gobernador Rub\u00e9n Rocha Moya reconoci\u00f3 que las investigaciones se dividen en dos hip\u00f3tesis: venganzas [&hellip;]<\/p>\n","protected":false},"author":21,"featured_media":64428,"comment_status":"open","ping_status":"open","sticky":false,"template":"","format":"standard","meta":{"_uf_show_specific_survey":0,"_uf_disable_surveys":false,"advanced_seo_description":"","jetpack_seo_html_title":"","jetpack_seo_noindex":false,"jetpack_post_was_ever_published":false,"_jetpack_newsletter_access":"","_jetpack_dont_email_post_to_subs":false,"_jetpack_newsletter_tier_id":0,"_jetpack_memberships_contains_paywalled_content":false,"_jetpack_memberships_contains_paid_content":false,"footnotes":"","jetpack_publicize_message":"","jetpack_publicize_feature_enabled":true,"jetpack_social_post_already_shared":true,"jetpack_social_options":{"image_generator_settings":{"template":"highway","default_image_id":0,"font":"","enabled":false},"version":2}},"categories":[1724,41],"tags":[],"class_list":{"0":"post-64427","1":"post","2":"type-post","3":"status-publish","4":"format-standard","5":"has-post-thumbnail","7":"category-featured","8":"category-sinaloa"},"jetpack_publicize_connections":[],"jetpack_featured_media_url":"https:\/\/i0.wp.com\/mexicocodigorojo.com.mx\/wp-content\/uploads\/2025\/07\/Captura-de-pantalla-2025-07-21-182221.jpg?fit=1084%2C659&ssl=1","jetpack-related-posts":[{"id":63352,"url":"https:\/\/mexicocodigorojo.com.mx\/?p=63352","url_meta":{"origin":64427,"position":0},"title":"Contin\u00faan ataques contra polic\u00edas en Sinaloa; Francisco Javier Ver\u00e1stica fue desaparecido en Culiac\u00e1n","author":"Staff","date":"noviembre 27, 2024","format":false,"excerpt":"Culiac\u00e1n, Sin.- Francisco Javier Ver\u00e1stica, comandante de la Polic\u00eda Estatal Preventiva de Sinaloa, fue desaparecido la tarde del 26 de noviembre en Culiac\u00e1n. \u201cEl d\u00eda de ayer nos privaron de la libertad a un elemento de la Polic\u00eda Estatal\u201d, anunci\u00f3 Gerardo M\u00e9rida S\u00e1nchez, secretario de Seguridad P\u00fablica. \u201cPasa aqu\u00ed que\u2026","rel":"","context":"En \u00abFeatured\u00bb","block_context":{"text":"Featured","link":"https:\/\/mexicocodigorojo.com.mx\/?cat=1724"},"img":{"alt_text":"","src":"https:\/\/i0.wp.com\/mexicocodigorojo.com.mx\/wp-content\/uploads\/2024\/11\/f960x540-424387_498462_5050.webp?fit=960%2C540&ssl=1&resize=350%2C200","width":350,"height":200,"srcset":"https:\/\/i0.wp.com\/mexicocodigorojo.com.mx\/wp-content\/uploads\/2024\/11\/f960x540-424387_498462_5050.webp?fit=960%2C540&ssl=1&resize=350%2C200 1x, https:\/\/i0.wp.com\/mexicocodigorojo.com.mx\/wp-content\/uploads\/2024\/11\/f960x540-424387_498462_5050.webp?fit=960%2C540&ssl=1&resize=525%2C300 1.5x, https:\/\/i0.wp.com\/mexicocodigorojo.com.mx\/wp-content\/uploads\/2024\/11\/f960x540-424387_498462_5050.webp?fit=960%2C540&ssl=1&resize=700%2C400 2x"},"classes":[]},{"id":18541,"url":"https:\/\/mexicocodigorojo.com.mx\/?p=18541","url_meta":{"origin":64427,"position":1},"title":"EJECUTAN A UN JOVEN EN CULIAC\u00c1N","author":"Staff","date":"junio 18, 2019","format":false,"excerpt":"El homicidio es el segundo ocurrido en lo que va de la noche de este lunes Culiac\u00e1n, Sin.- Un joven fue asesinado a balazos la noche de este lunes en una de las calles de la colonia Ruben Jaramillo, luego de una persecuci\u00f3n de carro a carro. Las autoridades informaron\u2026","rel":"","context":"En \u00abSinaloa\u00bb","block_context":{"text":"Sinaloa","link":"https:\/\/mexicocodigorojo.com.mx\/?cat=41"},"img":{"alt_text":"","src":"","width":0,"height":0},"classes":[]},{"id":25939,"url":"https:\/\/mexicocodigorojo.com.mx\/?p=25939","url_meta":{"origin":64427,"position":2},"title":"Armados levantaron cad\u00e1veres de sus compa\u00f1eros tras balaceras en Culiac\u00e1n, Sinaloa","author":"Staff","date":"octubre 23, 2019","format":false,"excerpt":"Durante las balaceras en Culiac\u00e1n, los hombres armados se llevaron cad\u00e1veres de sus compa\u00f1eros Sinaloa.- El grupo criminal que realiz\u00f3 las\u00a0balaceras el pasado jueves en Culiac\u00e1n\u00a0si se llev\u00f3 a sus muertos \u00a0pero no saben cu\u00e1ntos fueron dijo el subsecretario de Seguridad P\u00fablica de Sinaloa, Carlos Alberto Hern\u00e1ndez Leyva. De acuerdo\u2026","rel":"","context":"En \u00abSinaloa\u00bb","block_context":{"text":"Sinaloa","link":"https:\/\/mexicocodigorojo.com.mx\/?cat=41"},"img":{"alt_text":"","src":"https:\/\/i0.wp.com\/mexicocodigorojo.com.mx\/wp-content\/uploads\/2019\/10\/armados_levantaron_cadxveres_de_sus_compaxeros_tras_balaceras_en_culiacxn.jpg_219914347.jpg?fit=960%2C540&ssl=1&resize=350%2C200","width":350,"height":200,"srcset":"https:\/\/i0.wp.com\/mexicocodigorojo.com.mx\/wp-content\/uploads\/2019\/10\/armados_levantaron_cadxveres_de_sus_compaxeros_tras_balaceras_en_culiacxn.jpg_219914347.jpg?fit=960%2C540&ssl=1&resize=350%2C200 1x, https:\/\/i0.wp.com\/mexicocodigorojo.com.mx\/wp-content\/uploads\/2019\/10\/armados_levantaron_cadxveres_de_sus_compaxeros_tras_balaceras_en_culiacxn.jpg_219914347.jpg?fit=960%2C540&ssl=1&resize=525%2C300 1.5x, https:\/\/i0.wp.com\/mexicocodigorojo.com.mx\/wp-content\/uploads\/2019\/10\/armados_levantaron_cadxveres_de_sus_compaxeros_tras_balaceras_en_culiacxn.jpg_219914347.jpg?fit=960%2C540&ssl=1&resize=700%2C400 2x"},"classes":[]},{"id":37675,"url":"https:\/\/mexicocodigorojo.com.mx\/?p=37675","url_meta":{"origin":64427,"position":3},"title":"Polic\u00edas estatales liberan a uno y detienen a presunto secuestrador en Culiac\u00e1n","author":"Staff","date":"mayo 8, 2020","format":false,"excerpt":"Polic\u00edas Estatales liberan a conductor que hab\u00eda sido retenido contra su voluntad y aseguran al probable responsable \u2022 Los hechos se registraron la tarde de este jueves en el municipio de Culiac\u00e1n Culiac\u00e1n, Sinaloa, 8 de mayo de 2020.- Tras un reporte a la l\u00ednea de emergencias 9-1-1, elementos de\u2026","rel":"","context":"En \u00abFeatured\u00bb","block_context":{"text":"Featured","link":"https:\/\/mexicocodigorojo.com.mx\/?cat=1724"},"img":{"alt_text":"","src":"https:\/\/i0.wp.com\/secureservercdn.net\/166.62.108.22\/cg1.af3.myftpupload.com\/wp-content\/uploads\/2020\/05\/fd05f402-1c73-4dd3-8e20-de57477b3b3e.jpg?resize=350%2C200&ssl=1","width":350,"height":200,"srcset":"https:\/\/i0.wp.com\/secureservercdn.net\/166.62.108.22\/cg1.af3.myftpupload.com\/wp-content\/uploads\/2020\/05\/fd05f402-1c73-4dd3-8e20-de57477b3b3e.jpg?resize=350%2C200&ssl=1 1x, https:\/\/i0.wp.com\/secureservercdn.net\/166.62.108.22\/cg1.af3.myftpupload.com\/wp-content\/uploads\/2020\/05\/fd05f402-1c73-4dd3-8e20-de57477b3b3e.jpg?resize=525%2C300&ssl=1 1.5x, https:\/\/i0.wp.com\/secureservercdn.net\/166.62.108.22\/cg1.af3.myftpupload.com\/wp-content\/uploads\/2020\/05\/fd05f402-1c73-4dd3-8e20-de57477b3b3e.jpg?resize=700%2C400&ssl=1 2x"},"classes":[]},{"id":35962,"url":"https:\/\/mexicocodigorojo.com.mx\/?p=35962","url_meta":{"origin":64427,"position":4},"title":"Agresi\u00f3n a polic\u00edas en Sinaloa deja dos detenidos","author":"Staff","date":"marzo 31, 2020","format":false,"excerpt":"Elementos de la SEDENA, SEMAR, Polic\u00eda Estatal y Polic\u00eda Municipal aseguraron a dos personas con armas de grueso calibre \u2022 Se despleg\u00f3 un operativo tras la agresi\u00f3n que sufrieron dos elementos municipales, donde adem\u00e1s se localiz\u00f3 el veh\u00edculo con el que se llev\u00f3 a cabo el asalto, el cual tiene\u2026","rel":"","context":"En \u00abSinaloa\u00bb","block_context":{"text":"Sinaloa","link":"https:\/\/mexicocodigorojo.com.mx\/?cat=41"},"img":{"alt_text":"","src":"https:\/\/i0.wp.com\/secureservercdn.net\/166.62.108.22\/cg1.af3.myftpupload.com\/wp-content\/uploads\/2020\/03\/8b31db18-e5be-428a-9e47-cf403ba8baae-1.jpg?resize=350%2C200&ssl=1","width":350,"height":200,"srcset":"https:\/\/i0.wp.com\/secureservercdn.net\/166.62.108.22\/cg1.af3.myftpupload.com\/wp-content\/uploads\/2020\/03\/8b31db18-e5be-428a-9e47-cf403ba8baae-1.jpg?resize=350%2C200&ssl=1 1x, https:\/\/i0.wp.com\/secureservercdn.net\/166.62.108.22\/cg1.af3.myftpupload.com\/wp-content\/uploads\/2020\/03\/8b31db18-e5be-428a-9e47-cf403ba8baae-1.jpg?resize=525%2C300&ssl=1 1.5x, https:\/\/i0.wp.com\/secureservercdn.net\/166.62.108.22\/cg1.af3.myftpupload.com\/wp-content\/uploads\/2020\/03\/8b31db18-e5be-428a-9e47-cf403ba8baae-1.jpg?resize=700%2C400&ssl=1 2x"},"classes":[]},{"id":50858,"url":"https:\/\/mexicocodigorojo.com.mx\/?p=50858","url_meta":{"origin":64427,"position":5},"title":"Polic\u00edas Estatales de Culiac\u00e1n recuperan Tahoe robada en EU","author":"Staff","date":"agosto 19, 2021","format":false,"excerpt":"Camioneta robada es recuperada por Polic\u00eda Estatal Preventiva \u2022 La unidad motriz fue localizada en el sector Prados del Sur Culiac\u00e1n, Sinaloa, 17 de agosto del 2021.- Elementos de la Polic\u00eda Estatal Preventiva recuperaron una unidad motriz con reporte de robo durante recorridos de prevenci\u00f3n y vigilancia en la capital\u2026","rel":"","context":"En \u00abFeatured\u00bb","block_context":{"text":"Featured","link":"https:\/\/mexicocodigorojo.com.mx\/?cat=1724"},"img":{"alt_text":"","src":"https:\/\/i0.wp.com\/mexicocodigorojo.com.mx\/wp-content\/uploads\/2021\/08\/IMG-20210819-WA0108.jpg?fit=1200%2C922&ssl=1&resize=350%2C200","width":350,"height":200,"srcset":"https:\/\/i0.wp.com\/mexicocodigorojo.com.mx\/wp-content\/uploads\/2021\/08\/IMG-20210819-WA0108.jpg?fit=1200%2C922&ssl=1&resize=350%2C200 1x, https:\/\/i0.wp.com\/mexicocodigorojo.com.mx\/wp-content\/uploads\/2021\/08\/IMG-20210819-WA0108.jpg?fit=1200%2C922&ssl=1&resize=525%2C300 1.5x, https:\/\/i0.wp.com\/mexicocodigorojo.com.mx\/wp-content\/uploads\/2021\/08\/IMG-20210819-WA0108.jpg?fit=1200%2C922&ssl=1&resize=700%2C400 2x, https:\/\/i0.wp.com\/mexicocodigorojo.com.mx\/wp-content\/uploads\/2021\/08\/IMG-20210819-WA0108.jpg?fit=1200%2C922&ssl=1&resize=1050%2C600 3x"},"classes":[]}],"jetpack_sharing_enabled":true,"jetpack_likes_enabled":true,"jetpack_shortlink":"https:\/\/wp.me\/p9TedA-gL9","_links":{"self":[{"href":"https:\/\/mexicocodigorojo.com.mx\/index.php?rest_route=\/wp\/v2\/posts\/64427","targetHints":{"allow":["GET"]}}],"collection":[{"href":"https:\/\/mexicocodigorojo.com.mx\/index.php?rest_route=\/wp\/v2\/posts"}],"about":[{"href":"https:\/\/mexicocodigorojo.com.mx\/index.php?rest_route=\/wp\/v2\/types\/post"}],"author":[{"embeddable":true,"href":"https:\/\/mexicocodigorojo.com.mx\/index.php?rest_route=\/wp\/v2\/users\/21"}],"replies":[{"embeddable":true,"href":"https:\/\/mexicocodigorojo.com.mx\/index.php?rest_route=%2Fwp%2Fv2%2Fcomments&post=64427"}],"version-history":[{"count":1,"href":"https:\/\/mexicocodigorojo.com.mx\/index.php?rest_route=\/wp\/v2\/posts\/64427\/revisions"}],"predecessor-version":[{"id":64429,"href":"https:\/\/mexicocodigorojo.com.mx\/index.php?rest_route=\/wp\/v2\/posts\/64427\/revisions\/64429"}],"wp:featuredmedia":[{"embeddable":true,"href":"https:\/\/mexicocodigorojo.com.mx\/index.php?rest_route=\/wp\/v2\/media\/64428"}],"wp:attachment":[{"href":"https:\/\/mexicocodigorojo.com.mx\/index.php?rest_route=%2Fwp%2Fv2%2Fmedia&parent=64427"}],"wp:term":[{"taxonomy":"category","embeddable":true,"href":"https:\/\/mexicocodigorojo.com.mx\/index.php?rest_route=%2Fwp%2Fv2%2Fcategories&post=64427"},{"taxonomy":"post_tag","embeddable":true,"href":"https:\/\/mexicocodigorojo.com.mx\/index.php?rest_route=%2Fwp%2Fv2%2Ftags&post=64427"}],"curies":[{"name":"wp","href":"https:\/\/api.w.org\/{rel}","templated":true}]}}