{"id":64366,"date":"2025-07-05T11:51:19","date_gmt":"2025-07-05T17:51:19","guid":{"rendered":"https:\/\/mexicocodigorojo.com.mx\/?p=64366"},"modified":"2025-07-05T11:51:19","modified_gmt":"2025-07-05T17:51:19","slug":"la-seguridad-en-chiapas-tiene-un-nuevo-rostro-oscar-aparicio-avendano","status":"publish","type":"post","link":"https:\/\/mexicocodigorojo.com.mx\/?p=64366","title":{"rendered":"La seguridad en Chiapas tiene un nuevo rostro\u201d: \u00d3scar Aparicio Avenda\u00f1o"},"content":{"rendered":"<p data-start=\"171\" data-end=\"568\"><em data-start=\"171\" data-end=\"200\">Tuxtla Guti\u00e9rrez, Chiapas.\u2013<\/em> En el marco de las estrategias de fortalecimiento institucional y prevenci\u00f3n del delito, el secretario de Seguridad del Pueblo, doctor y piloto aviador \u00d3scar Alberto Aparicio Avenda\u00f1o, encabez\u00f3 la primera reuni\u00f3n de trabajo convocada por la Subsecretar\u00eda Vial Preventiva y de Turismo, con la participaci\u00f3n de autoridades de seguridad estatales y delegados operativos.<\/p>\n<p data-start=\"570\" data-end=\"919\">El encuentro, celebrado con la presencia del comisario jefe Guillermo L\u00f3pez Mur\u00faa, subsecretario de Seguridad del Pueblo \u00c1lvaro Serrano Escobedo, y el subsecretario de Ejecuci\u00f3n de Sanciones Penales y Medidas de Seguridad, Zein Jer\u00f3nimo Gil, reuni\u00f3 a 51 delegados de la Guardia Estatal Vial Preventiva y 7 delegados de la Guardia Estatal de Turismo.<\/p>\n<p data-start=\"921\" data-end=\"1279\">Durante la jornada, se present\u00f3 una campa\u00f1a de seguridad vial orientada a fomentar una cultura de prevenci\u00f3n entre motociclistas y dem\u00e1s usuarios de la v\u00eda p\u00fablica. La iniciativa promueve el uso del equipo de protecci\u00f3n, el respeto a las normas de tr\u00e1nsito y la concientizaci\u00f3n sobre comportamientos responsables al conducir, caminar o utilizar la bicicleta.<\/p>\n<p data-start=\"1281\" data-end=\"1595\">En su intervenci\u00f3n, Aparicio Avenda\u00f1o afirm\u00f3 que \u201cla seguridad en Chiapas tiene un nuevo rostro\u201d, al referirse a la transformaci\u00f3n institucional que impulsa desde su nombramiento. Resalt\u00f3 la importancia de contar con corporaciones fortalecidas, cercanas a la ciudadan\u00eda y comprometidas con una cultura de servicio.<\/p>\n<p data-start=\"1597\" data-end=\"1910\">El titular de Seguridad reconoci\u00f3 el respaldo del gobernador del estado, Eduardo Ram\u00edrez Aguilar, se\u00f1alando que su voluntad pol\u00edtica ha sido clave para implementar nuevas estrategias con resultados visibles. \u201cEsta administraci\u00f3n es de puertas abiertas, y seguiremos trabajando de la mano con ustedes\u201d, puntualiz\u00f3.<\/p>\n<p data-start=\"1912\" data-end=\"2164\">Agentes de la Guardia Estatal Vial Preventiva y de Turismo expresaron su respaldo a la estrategia impulsada por la Secretar\u00eda, destacando la cohesi\u00f3n institucional, mejoras operativas y el sentido de pertenencia que se ha reforzado en esta nueva etapa.<\/p>\n<p data-start=\"2166\" data-end=\"2364\" data-is-last-node=\"\" data-is-only-node=\"\">Con estas acciones, la Secretar\u00eda de Seguridad del Pueblo refrenda su compromiso con la ciudadan\u00eda, priorizando la prevenci\u00f3n y la proximidad social como ejes rectores de la pacificaci\u00f3n en Chiapas.<\/p>\n","protected":false},"excerpt":{"rendered":"<p>Tuxtla Guti\u00e9rrez, Chiapas.\u2013 En el marco de las estrategias de fortalecimiento institucional y prevenci\u00f3n del delito, el secretario de Seguridad del Pueblo, doctor y piloto aviador \u00d3scar Alberto Aparicio Avenda\u00f1o, encabez\u00f3 la primera reuni\u00f3n de trabajo convocada por la Subsecretar\u00eda Vial Preventiva y de Turismo, con la participaci\u00f3n de autoridades de seguridad estatales y delegados [&hellip;]<\/p>\n","protected":false},"author":21,"featured_media":64367,"comment_status":"open","ping_status":"open","sticky":false,"template":"","format":"standard","meta":{"_uf_show_specific_survey":0,"_uf_disable_surveys":false,"advanced_seo_description":"","jetpack_seo_html_title":"","jetpack_seo_noindex":false,"jetpack_post_was_ever_published":false,"_jetpack_newsletter_access":"","_jetpack_dont_email_post_to_subs":false,"_jetpack_newsletter_tier_id":0,"_jetpack_memberships_contains_paywalled_content":false,"_jetpack_memberships_contains_paid_content":false,"footnotes":"","jetpack_publicize_message":"","jetpack_publicize_feature_enabled":true,"jetpack_social_post_already_shared":true,"jetpack_social_options":{"image_generator_settings":{"template":"highway","default_image_id":0,"font":"","enabled":false},"version":2}},"categories":[75,1724],"tags":[],"class_list":{"0":"post-64366","1":"post","2":"type-post","3":"status-publish","4":"format-standard","5":"has-post-thumbnail","7":"category-chiapas","8":"category-featured"},"jetpack_publicize_connections":[],"jetpack_featured_media_url":"https:\/\/i0.wp.com\/mexicocodigorojo.com.mx\/wp-content\/uploads\/2025\/07\/WhatsApp-Image-2025-07-05-at-6.52.26-AM.jpeg?fit=1600%2C897&ssl=1","jetpack-related-posts":[{"id":64778,"url":"https:\/\/mexicocodigorojo.com.mx\/?p=64778","url_meta":{"origin":64366,"position":0},"title":"SSP participa en desfile c\u00edvico-militar por el 215 aniversario de la Independencia de M\u00e9xico","author":"MexicoRojoCvmx","date":"septiembre 16, 2025","format":false,"excerpt":"Tuxtla Guti\u00e9rrez, Chiapas; 16 de septiembre de 2025. \u2013 La Secretar\u00eda de Seguridad del Pueblo (SSP), bajo el mando de su titular \u00d3scar Alberto Aparicio Avenda\u00f1o, particip\u00f3 en el Desfile C\u00edvico-Militar Conmemorativo por el 215 Aniversario de la Independencia de M\u00e9xico, realizado en la capital chiapaneca y encabezado por el\u2026","rel":"","context":"En \u00abChiapas\u00bb","block_context":{"text":"Chiapas","link":"https:\/\/mexicocodigorojo.com.mx\/?cat=75"},"img":{"alt_text":"","src":"https:\/\/i0.wp.com\/mexicocodigorojo.com.mx\/wp-content\/uploads\/2025\/09\/WhatsApp-Image-2025-09-17-at-6.56.41-AM.jpeg?fit=1040%2C694&ssl=1&resize=350%2C200","width":350,"height":200,"srcset":"https:\/\/i0.wp.com\/mexicocodigorojo.com.mx\/wp-content\/uploads\/2025\/09\/WhatsApp-Image-2025-09-17-at-6.56.41-AM.jpeg?fit=1040%2C694&ssl=1&resize=350%2C200 1x, https:\/\/i0.wp.com\/mexicocodigorojo.com.mx\/wp-content\/uploads\/2025\/09\/WhatsApp-Image-2025-09-17-at-6.56.41-AM.jpeg?fit=1040%2C694&ssl=1&resize=525%2C300 1.5x, https:\/\/i0.wp.com\/mexicocodigorojo.com.mx\/wp-content\/uploads\/2025\/09\/WhatsApp-Image-2025-09-17-at-6.56.41-AM.jpeg?fit=1040%2C694&ssl=1&resize=700%2C400 2x"},"classes":[]},{"id":64990,"url":"https:\/\/mexicocodigorojo.com.mx\/?p=64990","url_meta":{"origin":64366,"position":1},"title":"Fortalecen Estrategia de Pacificaci\u00f3n en Chiapas con Respaldo de la Federaci\u00f3n","author":"Staff","date":"diciembre 25, 2025","format":false,"excerpt":"Tuxtla Guti\u00e9rrez, Chiapas; 16 de diciembre de 2025. \u2013 En un esfuerzo conjunto para consolidar la seguridad en el sureste mexicano, el secretario de Seguridad del Pueblo, \u00d3scar Alberto Aparicio Avenda\u00f1o, destac\u00f3 la estrecha coordinaci\u00f3n entre el Gobierno del Estado y la Federaci\u00f3n tras la participaci\u00f3n de Omar Garc\u00eda Harfuch,\u2026","rel":"","context":"En \u00abChiapas\u00bb","block_context":{"text":"Chiapas","link":"https:\/\/mexicocodigorojo.com.mx\/?cat=75"},"img":{"alt_text":"","src":"https:\/\/i0.wp.com\/mexicocodigorojo.com.mx\/wp-content\/uploads\/2025\/12\/59d8b244-93a9-47be-afec-213cc99af253.jpg?fit=1200%2C900&ssl=1&resize=350%2C200","width":350,"height":200,"srcset":"https:\/\/i0.wp.com\/mexicocodigorojo.com.mx\/wp-content\/uploads\/2025\/12\/59d8b244-93a9-47be-afec-213cc99af253.jpg?fit=1200%2C900&ssl=1&resize=350%2C200 1x, https:\/\/i0.wp.com\/mexicocodigorojo.com.mx\/wp-content\/uploads\/2025\/12\/59d8b244-93a9-47be-afec-213cc99af253.jpg?fit=1200%2C900&ssl=1&resize=525%2C300 1.5x, https:\/\/i0.wp.com\/mexicocodigorojo.com.mx\/wp-content\/uploads\/2025\/12\/59d8b244-93a9-47be-afec-213cc99af253.jpg?fit=1200%2C900&ssl=1&resize=700%2C400 2x, https:\/\/i0.wp.com\/mexicocodigorojo.com.mx\/wp-content\/uploads\/2025\/12\/59d8b244-93a9-47be-afec-213cc99af253.jpg?fit=1200%2C900&ssl=1&resize=1050%2C600 3x"},"classes":[]},{"id":64669,"url":"https:\/\/mexicocodigorojo.com.mx\/?p=64669","url_meta":{"origin":64366,"position":2},"title":"Secretario de Seguridad del Pueblo marca un hito hist\u00f3rico al reunirse con la Polic\u00eda Rural de Huehuet\u00e1n","author":"MexicoRojoCvmx","date":"agosto 15, 2025","format":false,"excerpt":"Huehuet\u00e1n, Chiapas. \u2013 En un hecho sin precedentes para la seguridad en la entidad, el secretario de Seguridad del Pueblo, doctor y piloto aviador \u00d3scar Alberto Aparicio Avenda\u00f1o, se convirti\u00f3 en el primer titular de la dependencia en sostener una reuni\u00f3n formal con la Polic\u00eda Rural de la Zona Alta\u2026","rel":"","context":"En \u00abChiapas\u00bb","block_context":{"text":"Chiapas","link":"https:\/\/mexicocodigorojo.com.mx\/?cat=75"},"img":{"alt_text":"","src":"https:\/\/i0.wp.com\/mexicocodigorojo.com.mx\/wp-content\/uploads\/2025\/09\/nn452.jpg?fit=1200%2C673&ssl=1&resize=350%2C200","width":350,"height":200,"srcset":"https:\/\/i0.wp.com\/mexicocodigorojo.com.mx\/wp-content\/uploads\/2025\/09\/nn452.jpg?fit=1200%2C673&ssl=1&resize=350%2C200 1x, https:\/\/i0.wp.com\/mexicocodigorojo.com.mx\/wp-content\/uploads\/2025\/09\/nn452.jpg?fit=1200%2C673&ssl=1&resize=525%2C300 1.5x, https:\/\/i0.wp.com\/mexicocodigorojo.com.mx\/wp-content\/uploads\/2025\/09\/nn452.jpg?fit=1200%2C673&ssl=1&resize=700%2C400 2x, https:\/\/i0.wp.com\/mexicocodigorojo.com.mx\/wp-content\/uploads\/2025\/09\/nn452.jpg?fit=1200%2C673&ssl=1&resize=1050%2C600 3x"},"classes":[]},{"id":64805,"url":"https:\/\/mexicocodigorojo.com.mx\/?p=64805","url_meta":{"origin":64366,"position":3},"title":"SSP sostiene reuni\u00f3n con mandos en Tapachula para reforzar estrategias de seguridad","author":"MexicoRojoCvmx","date":"septiembre 25, 2025","format":false,"excerpt":"Tapachula, Chiapas; 25 de septiembre de 2025. \u2013 Con el prop\u00f3sito de fortalecer la estrategia de seguridad en la regi\u00f3n Soconusco, el secretario de Seguridad del Pueblo, \u00d3scar Alberto Aparicio Avenda\u00f1o, encabez\u00f3 una reuni\u00f3n de trabajo con mandos de la Secretar\u00eda de Seguridad del Pueblo (SSP), de la Fiscal\u00eda General\u2026","rel":"","context":"En \u00abChiapas\u00bb","block_context":{"text":"Chiapas","link":"https:\/\/mexicocodigorojo.com.mx\/?cat=75"},"img":{"alt_text":"","src":"https:\/\/i0.wp.com\/mexicocodigorojo.com.mx\/wp-content\/uploads\/2025\/09\/Captura-de-pantalla-2025-09-28-132034.jpg?fit=1200%2C635&ssl=1&resize=350%2C200","width":350,"height":200,"srcset":"https:\/\/i0.wp.com\/mexicocodigorojo.com.mx\/wp-content\/uploads\/2025\/09\/Captura-de-pantalla-2025-09-28-132034.jpg?fit=1200%2C635&ssl=1&resize=350%2C200 1x, https:\/\/i0.wp.com\/mexicocodigorojo.com.mx\/wp-content\/uploads\/2025\/09\/Captura-de-pantalla-2025-09-28-132034.jpg?fit=1200%2C635&ssl=1&resize=525%2C300 1.5x, https:\/\/i0.wp.com\/mexicocodigorojo.com.mx\/wp-content\/uploads\/2025\/09\/Captura-de-pantalla-2025-09-28-132034.jpg?fit=1200%2C635&ssl=1&resize=700%2C400 2x, https:\/\/i0.wp.com\/mexicocodigorojo.com.mx\/wp-content\/uploads\/2025\/09\/Captura-de-pantalla-2025-09-28-132034.jpg?fit=1200%2C635&ssl=1&resize=1050%2C600 3x"},"classes":[]},{"id":64587,"url":"https:\/\/mexicocodigorojo.com.mx\/?p=64587","url_meta":{"origin":64366,"position":4},"title":"Seguridad y turismo blindados en Chiapas","author":"MexicoRojoCvmx","date":"agosto 17, 2025","format":false,"excerpt":"En un movimiento coordinado, el secretario de Seguridad del Pueblo, \u00d3scar Alberto Aparicio Avenda\u00f1o, encabez\u00f3 un recorrido interinstitucional de supervisi\u00f3n junto al fiscal General del Estado, Jorge Luis Llaven Abarca, la secretaria de Turismo, Maru Culebro y autoridades municipales, con el prop\u00f3sito de fortalecer las medidas de seguridad en los\u2026","rel":"","context":"En \u00abChiapas\u00bb","block_context":{"text":"Chiapas","link":"https:\/\/mexicocodigorojo.com.mx\/?cat=75"},"img":{"alt_text":"","src":"https:\/\/i0.wp.com\/mexicocodigorojo.com.mx\/wp-content\/uploads\/2025\/08\/Captura-de-pantalla-2025-08-17-114749.jpg?fit=1200%2C671&ssl=1&resize=350%2C200","width":350,"height":200,"srcset":"https:\/\/i0.wp.com\/mexicocodigorojo.com.mx\/wp-content\/uploads\/2025\/08\/Captura-de-pantalla-2025-08-17-114749.jpg?fit=1200%2C671&ssl=1&resize=350%2C200 1x, https:\/\/i0.wp.com\/mexicocodigorojo.com.mx\/wp-content\/uploads\/2025\/08\/Captura-de-pantalla-2025-08-17-114749.jpg?fit=1200%2C671&ssl=1&resize=525%2C300 1.5x, https:\/\/i0.wp.com\/mexicocodigorojo.com.mx\/wp-content\/uploads\/2025\/08\/Captura-de-pantalla-2025-08-17-114749.jpg?fit=1200%2C671&ssl=1&resize=700%2C400 2x, https:\/\/i0.wp.com\/mexicocodigorojo.com.mx\/wp-content\/uploads\/2025\/08\/Captura-de-pantalla-2025-08-17-114749.jpg?fit=1200%2C671&ssl=1&resize=1050%2C600 3x"},"classes":[]},{"id":65121,"url":"https:\/\/mexicocodigorojo.com.mx\/?p=65121","url_meta":{"origin":64366,"position":5},"title":"Chiapas se consolida como referente nacional en seguridad bajo el liderazgo de \u00d3scar Alberto Aparicio","author":"Staff","date":"marzo 6, 2026","format":false,"excerpt":"TUXTLA GUTI\u00c9RREZ, CHIAPAS; 04 de marzo de 2026.\u2013 En un ejercicio de transparencia y an\u00e1lisis estrat\u00e9gico, el Secretario de Seguridad del Pueblo, \u00d3scar Alberto Aparicio Avenda\u00f1o, destac\u00f3 que Chiapas hoy se posiciona como un modelo de seguridad a nivel nacional. Durante la presentaci\u00f3n del libro \u201cChiapas en el camino de\u2026","rel":"","context":"En \u00abChiapas\u00bb","block_context":{"text":"Chiapas","link":"https:\/\/mexicocodigorojo.com.mx\/?cat=75"},"img":{"alt_text":"","src":"https:\/\/i0.wp.com\/mexicocodigorojo.com.mx\/wp-content\/uploads\/2026\/03\/62942cf9-49f9-4085-82ce-1e120b77d24e.jpg?fit=1200%2C756&ssl=1&resize=350%2C200","width":350,"height":200,"srcset":"https:\/\/i0.wp.com\/mexicocodigorojo.com.mx\/wp-content\/uploads\/2026\/03\/62942cf9-49f9-4085-82ce-1e120b77d24e.jpg?fit=1200%2C756&ssl=1&resize=350%2C200 1x, https:\/\/i0.wp.com\/mexicocodigorojo.com.mx\/wp-content\/uploads\/2026\/03\/62942cf9-49f9-4085-82ce-1e120b77d24e.jpg?fit=1200%2C756&ssl=1&resize=525%2C300 1.5x, https:\/\/i0.wp.com\/mexicocodigorojo.com.mx\/wp-content\/uploads\/2026\/03\/62942cf9-49f9-4085-82ce-1e120b77d24e.jpg?fit=1200%2C756&ssl=1&resize=700%2C400 2x, https:\/\/i0.wp.com\/mexicocodigorojo.com.mx\/wp-content\/uploads\/2026\/03\/62942cf9-49f9-4085-82ce-1e120b77d24e.jpg?fit=1200%2C756&ssl=1&resize=1050%2C600 3x"},"classes":[]}],"jetpack_sharing_enabled":true,"jetpack_likes_enabled":true,"jetpack_shortlink":"https:\/\/wp.me\/p9TedA-gKa","_links":{"self":[{"href":"https:\/\/mexicocodigorojo.com.mx\/index.php?rest_route=\/wp\/v2\/posts\/64366","targetHints":{"allow":["GET"]}}],"collection":[{"href":"https:\/\/mexicocodigorojo.com.mx\/index.php?rest_route=\/wp\/v2\/posts"}],"about":[{"href":"https:\/\/mexicocodigorojo.com.mx\/index.php?rest_route=\/wp\/v2\/types\/post"}],"author":[{"embeddable":true,"href":"https:\/\/mexicocodigorojo.com.mx\/index.php?rest_route=\/wp\/v2\/users\/21"}],"replies":[{"embeddable":true,"href":"https:\/\/mexicocodigorojo.com.mx\/index.php?rest_route=%2Fwp%2Fv2%2Fcomments&post=64366"}],"version-history":[{"count":1,"href":"https:\/\/mexicocodigorojo.com.mx\/index.php?rest_route=\/wp\/v2\/posts\/64366\/revisions"}],"predecessor-version":[{"id":64368,"href":"https:\/\/mexicocodigorojo.com.mx\/index.php?rest_route=\/wp\/v2\/posts\/64366\/revisions\/64368"}],"wp:featuredmedia":[{"embeddable":true,"href":"https:\/\/mexicocodigorojo.com.mx\/index.php?rest_route=\/wp\/v2\/media\/64367"}],"wp:attachment":[{"href":"https:\/\/mexicocodigorojo.com.mx\/index.php?rest_route=%2Fwp%2Fv2%2Fmedia&parent=64366"}],"wp:term":[{"taxonomy":"category","embeddable":true,"href":"https:\/\/mexicocodigorojo.com.mx\/index.php?rest_route=%2Fwp%2Fv2%2Fcategories&post=64366"},{"taxonomy":"post_tag","embeddable":true,"href":"https:\/\/mexicocodigorojo.com.mx\/index.php?rest_route=%2Fwp%2Fv2%2Ftags&post=64366"}],"curies":[{"name":"wp","href":"https:\/\/api.w.org\/{rel}","templated":true}]}}