{"id":64309,"date":"2025-06-29T11:51:32","date_gmt":"2025-06-29T17:51:32","guid":{"rendered":"https:\/\/mexicocodigorojo.com.mx\/?p=64309"},"modified":"2025-06-30T11:53:03","modified_gmt":"2025-06-30T17:53:03","slug":"capacitan-en-lengua-de-senas-mexicana-a-personal-juridico-de-seguridad-del-pueblo","status":"publish","type":"post","link":"https:\/\/mexicocodigorojo.com.mx\/?p=64309","title":{"rendered":"Capacitan en Lengua de Se\u00f1as Mexicana a personal jur\u00eddico de Seguridad del Pueblo"},"content":{"rendered":"<p data-start=\"597\" data-end=\"944\"><strong data-start=\"597\" data-end=\"625\">Tuxtla Guti\u00e9rrez, Chis.-<\/strong> Como parte de su compromiso con la <strong data-start=\"661\" data-end=\"697\">inclusi\u00f3n y los derechos humanos<\/strong>, la <strong data-start=\"702\" data-end=\"740\">Secretar\u00eda de Seguridad del Pueblo<\/strong>, encabezada por el <strong data-start=\"760\" data-end=\"819\">doctor y piloto aviador \u00d3scar Alberto Aparicio Avenda\u00f1o<\/strong>, llev\u00f3 a cabo un <strong data-start=\"837\" data-end=\"891\">Taller de Capacitaci\u00f3n en Lengua de Se\u00f1as Mexicana<\/strong> para el personal de la <strong data-start=\"915\" data-end=\"943\">Unidad de Apoyo Jur\u00eddico<\/strong>.<\/p>\n<p data-start=\"946\" data-end=\"1340\">La actividad fue coordinada por el <strong data-start=\"981\" data-end=\"1071\">\u00c1rea de Difusi\u00f3n y Educaci\u00f3n de la Unidad de Prevenci\u00f3n del Delito y Pol\u00edtica Criminal<\/strong>, dirigida por el <strong data-start=\"1089\" data-end=\"1120\">comisario Ever Salazar Ruiz<\/strong>, y tuvo una duraci\u00f3n de cuatro d\u00edas. El objetivo principal fue <strong data-start=\"1184\" data-end=\"1225\">mejorar la atenci\u00f3n y la comunicaci\u00f3n<\/strong> con personas <strong data-start=\"1239\" data-end=\"1277\">sordas o con discapacidad auditiva<\/strong> que interact\u00faan con las instituciones de seguridad y justicia.<\/p>\n<p data-start=\"1342\" data-end=\"1672\">Este tipo de capacitaci\u00f3n no s\u00f3lo permite una <strong data-start=\"1388\" data-end=\"1422\">atenci\u00f3n m\u00e1s digna y accesible<\/strong>, sino que tambi\u00e9n <strong data-start=\"1441\" data-end=\"1485\">derriba barreras hist\u00f3ricas de exclusi\u00f3n<\/strong> en el \u00e1mbito p\u00fablico. La incorporaci\u00f3n de herramientas como la <strong data-start=\"1549\" data-end=\"1583\">Lengua de Se\u00f1as Mexicana (LSM)<\/strong> representa un paso firme hacia una visi\u00f3n <strong data-start=\"1626\" data-end=\"1671\">moderna y humanista de la funci\u00f3n p\u00fablica<\/strong>.<\/p>\n<p data-start=\"1674\" data-end=\"1964\">A trav\u00e9s del aprendizaje de LSM, el personal jur\u00eddico podr\u00e1 brindar <strong data-start=\"1742\" data-end=\"1789\">respuestas m\u00e1s emp\u00e1ticas, eficaces y justas<\/strong> a una poblaci\u00f3n que hist\u00f3ricamente ha sido marginada en procesos legales, policiales o administrativos por la falta de capacidades institucionales para comunicarse con ellas.<\/p>\n<p data-start=\"1966\" data-end=\"2187\">El reconocimiento de la LSM no solo es una herramienta de atenci\u00f3n, sino tambi\u00e9n un <strong data-start=\"2050\" data-end=\"2115\">reconocimiento a la identidad y cultura de la comunidad sorda<\/strong>, cuyo derecho a la comunicaci\u00f3n plena ha sido relegado durante d\u00e9cadas.<\/p>\n<p data-start=\"2189\" data-end=\"2432\">Con esta acci\u00f3n, la <strong data-start=\"2209\" data-end=\"2247\">Secretar\u00eda de Seguridad del Pueblo<\/strong> refrenda su compromiso de servir con <strong data-start=\"2285\" data-end=\"2324\">humanismo, empat\u00eda y enfoque social<\/strong>, apostando por un modelo de seguridad donde <strong data-start=\"2369\" data-end=\"2431\">la inclusi\u00f3n no sea un adorno, sino una pol\u00edtica de Estado<\/strong>.<\/p>\n<p data-start=\"2434\" data-end=\"2728\">El reto sigue siendo escalar este tipo de esfuerzos a todas las \u00e1reas operativas, policiales y administrativas, para garantizar que <strong data-start=\"2566\" data-end=\"2612\">la justicia tambi\u00e9n se escuche en silencio<\/strong> y que el Estado est\u00e9 preparado para <strong data-start=\"2649\" data-end=\"2677\">entender todas las voces<\/strong>, incluso aquellas que no se expresan con palabras.<\/p>\n","protected":false},"excerpt":{"rendered":"<p>Tuxtla Guti\u00e9rrez, Chis.- Como parte de su compromiso con la inclusi\u00f3n y los derechos humanos, la Secretar\u00eda de Seguridad del Pueblo, encabezada por el doctor y piloto aviador \u00d3scar Alberto Aparicio Avenda\u00f1o, llev\u00f3 a cabo un Taller de Capacitaci\u00f3n en Lengua de Se\u00f1as Mexicana para el personal de la Unidad de Apoyo Jur\u00eddico. La actividad [&hellip;]<\/p>\n","protected":false},"author":21,"featured_media":64310,"comment_status":"open","ping_status":"open","sticky":false,"template":"","format":"standard","meta":{"_uf_show_specific_survey":0,"_uf_disable_surveys":false,"advanced_seo_description":"","jetpack_seo_html_title":"","jetpack_seo_noindex":false,"jetpack_post_was_ever_published":false,"_jetpack_newsletter_access":"","_jetpack_dont_email_post_to_subs":false,"_jetpack_newsletter_tier_id":0,"_jetpack_memberships_contains_paywalled_content":false,"_jetpack_memberships_contains_paid_content":false,"footnotes":"","jetpack_publicize_message":"","jetpack_publicize_feature_enabled":true,"jetpack_social_post_already_shared":true,"jetpack_social_options":{"image_generator_settings":{"template":"highway","default_image_id":0,"font":"","enabled":false},"version":2}},"categories":[75],"tags":[],"class_list":{"0":"post-64309","1":"post","2":"type-post","3":"status-publish","4":"format-standard","5":"has-post-thumbnail","7":"category-chiapas"},"jetpack_publicize_connections":[],"jetpack_featured_media_url":"https:\/\/i0.wp.com\/mexicocodigorojo.com.mx\/wp-content\/uploads\/2025\/06\/WhatsApp-Image-2025-06-30-at-7.15.27-AM.jpeg?fit=1280%2C721&ssl=1","jetpack-related-posts":[{"id":64249,"url":"https:\/\/mexicocodigorojo.com.mx\/?p=64249","url_meta":{"origin":64309,"position":0},"title":"Presentan la unidad Kanan: centro m\u00f3vil de seguridad para zonas vulnerables de Chiapas","author":"MexicoRojoCvmx","date":"mayo 12, 2025","format":false,"excerpt":"Con el objetivo de garantizar seguridad en regiones hist\u00f3ricamente desatendidas y fortalecer la gobernabilidad en zonas de alta vulnerabilidad, el gobierno de Chiapas, encabezado por Eduardo Ram\u00edrez Aguilar, y la Secretar\u00eda de Seguridad del Pueblo (SSP), liderada por el doctor y piloto aviador \u00d3scar Alberto Aparicio Avenda\u00f1o, presentaron la primera\u2026","rel":"","context":"En \u00abChiapas\u00bb","block_context":{"text":"Chiapas","link":"https:\/\/mexicocodigorojo.com.mx\/?cat=75"},"img":{"alt_text":"","src":"https:\/\/i0.wp.com\/mexicocodigorojo.com.mx\/wp-content\/uploads\/2025\/06\/nn146.jpg?fit=1200%2C799&ssl=1&resize=350%2C200","width":350,"height":200,"srcset":"https:\/\/i0.wp.com\/mexicocodigorojo.com.mx\/wp-content\/uploads\/2025\/06\/nn146.jpg?fit=1200%2C799&ssl=1&resize=350%2C200 1x, https:\/\/i0.wp.com\/mexicocodigorojo.com.mx\/wp-content\/uploads\/2025\/06\/nn146.jpg?fit=1200%2C799&ssl=1&resize=525%2C300 1.5x, https:\/\/i0.wp.com\/mexicocodigorojo.com.mx\/wp-content\/uploads\/2025\/06\/nn146.jpg?fit=1200%2C799&ssl=1&resize=700%2C400 2x, https:\/\/i0.wp.com\/mexicocodigorojo.com.mx\/wp-content\/uploads\/2025\/06\/nn146.jpg?fit=1200%2C799&ssl=1&resize=1050%2C600 3x"},"classes":[]},{"id":64775,"url":"https:\/\/mexicocodigorojo.com.mx\/?p=64775","url_meta":{"origin":64309,"position":1},"title":"SSP participa en la conmemoraci\u00f3n del 201 Aniversario de la Federaci\u00f3n de Chiapas a M\u00e9xico","author":"MexicoRojoCvmx","date":"septiembre 14, 2025","format":false,"excerpt":"Tuxtla Guti\u00e9rrez, Chiapas \u2013 En un acto solemne realizado en el Parque Bicentenario, frente al Monumento a la Federaci\u00f3n de Chiapas a M\u00e9xico, autoridades de los tres niveles de gobierno encabezaron la ceremonia por el 201 Aniversario de la Federaci\u00f3n de Chiapas a M\u00e9xico. El secretario de Seguridad del Pueblo,\u2026","rel":"","context":"En \u00abChiapas\u00bb","block_context":{"text":"Chiapas","link":"https:\/\/mexicocodigorojo.com.mx\/?cat=75"},"img":{"alt_text":"","src":"https:\/\/i0.wp.com\/mexicocodigorojo.com.mx\/wp-content\/uploads\/2025\/09\/WhatsApp-Image-2025-09-15-at-8.10.04-AM.jpeg?fit=1040%2C694&ssl=1&resize=350%2C200","width":350,"height":200,"srcset":"https:\/\/i0.wp.com\/mexicocodigorojo.com.mx\/wp-content\/uploads\/2025\/09\/WhatsApp-Image-2025-09-15-at-8.10.04-AM.jpeg?fit=1040%2C694&ssl=1&resize=350%2C200 1x, https:\/\/i0.wp.com\/mexicocodigorojo.com.mx\/wp-content\/uploads\/2025\/09\/WhatsApp-Image-2025-09-15-at-8.10.04-AM.jpeg?fit=1040%2C694&ssl=1&resize=525%2C300 1.5x, https:\/\/i0.wp.com\/mexicocodigorojo.com.mx\/wp-content\/uploads\/2025\/09\/WhatsApp-Image-2025-09-15-at-8.10.04-AM.jpeg?fit=1040%2C694&ssl=1&resize=700%2C400 2x"},"classes":[]},{"id":64302,"url":"https:\/\/mexicocodigorojo.com.mx\/?p=64302","url_meta":{"origin":64309,"position":2},"title":"Secretar\u00eda del Pueblo fortalece v\u00ednculos con EUA en acto conmemorativo en M\u00e9rida","author":"MexicoRojoCvmx","date":"junio 28, 2025","format":false,"excerpt":"M\u00e9rida, Yuc.- La Secretar\u00eda de Seguridad del Pueblo, encabezada por el doctor y piloto aviador \u00d3scar Alberto Aparicio Avenda\u00f1o, particip\u00f3 en la celebraci\u00f3n del 249 aniversario de la Independencia de los Estados Unidos, en un acto conmemorativo realizado en el nuevo Consulado General de EE.UU. en M\u00e9rida. En representaci\u00f3n oficial\u2026","rel":"","context":"En \u00abChiapas\u00bb","block_context":{"text":"Chiapas","link":"https:\/\/mexicocodigorojo.com.mx\/?cat=75"},"img":{"alt_text":"","src":"https:\/\/i0.wp.com\/mexicocodigorojo.com.mx\/wp-content\/uploads\/2025\/06\/WhatsApp-Image-2025-06-30-at-7.14.50-AM.jpeg?fit=1200%2C937&ssl=1&resize=350%2C200","width":350,"height":200,"srcset":"https:\/\/i0.wp.com\/mexicocodigorojo.com.mx\/wp-content\/uploads\/2025\/06\/WhatsApp-Image-2025-06-30-at-7.14.50-AM.jpeg?fit=1200%2C937&ssl=1&resize=350%2C200 1x, https:\/\/i0.wp.com\/mexicocodigorojo.com.mx\/wp-content\/uploads\/2025\/06\/WhatsApp-Image-2025-06-30-at-7.14.50-AM.jpeg?fit=1200%2C937&ssl=1&resize=525%2C300 1.5x, https:\/\/i0.wp.com\/mexicocodigorojo.com.mx\/wp-content\/uploads\/2025\/06\/WhatsApp-Image-2025-06-30-at-7.14.50-AM.jpeg?fit=1200%2C937&ssl=1&resize=700%2C400 2x, https:\/\/i0.wp.com\/mexicocodigorojo.com.mx\/wp-content\/uploads\/2025\/06\/WhatsApp-Image-2025-06-30-at-7.14.50-AM.jpeg?fit=1200%2C937&ssl=1&resize=1050%2C600 3x"},"classes":[]},{"id":60877,"url":"https:\/\/mexicocodigorojo.com.mx\/?p=60877","url_meta":{"origin":64309,"position":3},"title":"TAMAULIPAS | FOTOS COLECTIVO DE B\u00daSQUEDA LOCALIZA UN CUERPO CON VARIOS IMPACTO DE BALAS Y EN DESCOMPOSICI\u00d3N EN REYNOSA","author":"MexicoRojo","date":"mayo 21, 2024","format":false,"excerpt":"El colectivo Amor por los Desaparecidos pide a quienes tengan alg\u00fan familiar desaparecido y coincidan con las se\u00f1as de la osamenta pueden acudir a la Unidad de Investigaci\u00f3n en turno en Puerta del Sol Reynosa, Tamaulipas. \u2013 El Colectivo Amor por los Desaparecidos en Tamaulipas realiz\u00f3 el hallazgo de una\u2026","rel":"","context":"En \u00abFeatured\u00bb","block_context":{"text":"Featured","link":"https:\/\/mexicocodigorojo.com.mx\/?cat=1724"},"img":{"alt_text":"","src":"https:\/\/i0.wp.com\/mexicocodigorojo.com.mx\/wp-content\/uploads\/2024\/05\/IMG_20240521_151953.jpg?fit=1200%2C900&ssl=1&resize=350%2C200","width":350,"height":200,"srcset":"https:\/\/i0.wp.com\/mexicocodigorojo.com.mx\/wp-content\/uploads\/2024\/05\/IMG_20240521_151953.jpg?fit=1200%2C900&ssl=1&resize=350%2C200 1x, https:\/\/i0.wp.com\/mexicocodigorojo.com.mx\/wp-content\/uploads\/2024\/05\/IMG_20240521_151953.jpg?fit=1200%2C900&ssl=1&resize=525%2C300 1.5x, https:\/\/i0.wp.com\/mexicocodigorojo.com.mx\/wp-content\/uploads\/2024\/05\/IMG_20240521_151953.jpg?fit=1200%2C900&ssl=1&resize=700%2C400 2x, https:\/\/i0.wp.com\/mexicocodigorojo.com.mx\/wp-content\/uploads\/2024\/05\/IMG_20240521_151953.jpg?fit=1200%2C900&ssl=1&resize=1050%2C600 3x"},"classes":[]},{"id":33026,"url":"https:\/\/mexicocodigorojo.com.mx\/?p=33026","url_meta":{"origin":64309,"position":4},"title":"Tres asaltantes son detenidos en Edomex","author":"Staff","date":"febrero 17, 2020","format":false,"excerpt":"En el marco del operativo Transporte Seguro, polic\u00edas de Naucalpan detuvieron a tres hombres por su presunta participaci\u00f3n en el asalto a una combi Tres sujetos, dos de los cuales son menores de edad, fueron\u00a0detenidos\u00a0cuando\u00a0asaltaban\u00a0a los pasajeros de una unidad del\u00a0transporte\u00a0p\u00fablico\u00a0de\u00a0Naucalpan, Estado de M\u00e9xico. Fue la noche del mi\u00e9rcoles 12\u2026","rel":"","context":"En \u00abEstado de M\u00e9xico\u00bb","block_context":{"text":"Estado de M\u00e9xico","link":"https:\/\/mexicocodigorojo.com.mx\/?cat=53"},"img":{"alt_text":"","src":"https:\/\/i0.wp.com\/mexicocodigorojo.com.mx\/wp-content\/uploads\/2020\/02\/asaltantes-del-transporte-publico-en-naucalpan.jpg?fit=980%2C550&ssl=1&resize=350%2C200","width":350,"height":200,"srcset":"https:\/\/i0.wp.com\/mexicocodigorojo.com.mx\/wp-content\/uploads\/2020\/02\/asaltantes-del-transporte-publico-en-naucalpan.jpg?fit=980%2C550&ssl=1&resize=350%2C200 1x, https:\/\/i0.wp.com\/mexicocodigorojo.com.mx\/wp-content\/uploads\/2020\/02\/asaltantes-del-transporte-publico-en-naucalpan.jpg?fit=980%2C550&ssl=1&resize=525%2C300 1.5x, https:\/\/i0.wp.com\/mexicocodigorojo.com.mx\/wp-content\/uploads\/2020\/02\/asaltantes-del-transporte-publico-en-naucalpan.jpg?fit=980%2C550&ssl=1&resize=700%2C400 2x"},"classes":[]},{"id":63900,"url":"https:\/\/mexicocodigorojo.com.mx\/?p=63900","url_meta":{"origin":64309,"position":5},"title":"El Gobierno de M\u00e9xico avanza en la colaboraci\u00f3n binacional en materia de seguridad","author":"Staff","date":"febrero 27, 2025","format":false,"excerpt":"En el marco del respeto a la soberan\u00eda de nuestros pa\u00edses, as\u00ed como del compromiso de cooperaci\u00f3n en materia de seguridad y protecci\u00f3n a nuestras comunidades, se llev\u00f3 a cabo la primera reuni\u00f3n binacional de alto nivel sobre seguridad en el Departamento de Estado en la ciudad de Washington, D.C.\u2026","rel":"","context":"En \u00abCiudad de M\u00e9xico\u00bb","block_context":{"text":"Ciudad de M\u00e9xico","link":"https:\/\/mexicocodigorojo.com.mx\/?cat=101"},"img":{"alt_text":"","src":"https:\/\/i0.wp.com\/mexicocodigorojo.com.mx\/wp-content\/uploads\/2025\/02\/img_0512-1.jpg?fit=1200%2C685&ssl=1&resize=350%2C200","width":350,"height":200,"srcset":"https:\/\/i0.wp.com\/mexicocodigorojo.com.mx\/wp-content\/uploads\/2025\/02\/img_0512-1.jpg?fit=1200%2C685&ssl=1&resize=350%2C200 1x, https:\/\/i0.wp.com\/mexicocodigorojo.com.mx\/wp-content\/uploads\/2025\/02\/img_0512-1.jpg?fit=1200%2C685&ssl=1&resize=525%2C300 1.5x, https:\/\/i0.wp.com\/mexicocodigorojo.com.mx\/wp-content\/uploads\/2025\/02\/img_0512-1.jpg?fit=1200%2C685&ssl=1&resize=700%2C400 2x, https:\/\/i0.wp.com\/mexicocodigorojo.com.mx\/wp-content\/uploads\/2025\/02\/img_0512-1.jpg?fit=1200%2C685&ssl=1&resize=1050%2C600 3x"},"classes":[]}],"jetpack_sharing_enabled":true,"jetpack_likes_enabled":true,"jetpack_shortlink":"https:\/\/wp.me\/p9TedA-gJf","_links":{"self":[{"href":"https:\/\/mexicocodigorojo.com.mx\/index.php?rest_route=\/wp\/v2\/posts\/64309","targetHints":{"allow":["GET"]}}],"collection":[{"href":"https:\/\/mexicocodigorojo.com.mx\/index.php?rest_route=\/wp\/v2\/posts"}],"about":[{"href":"https:\/\/mexicocodigorojo.com.mx\/index.php?rest_route=\/wp\/v2\/types\/post"}],"author":[{"embeddable":true,"href":"https:\/\/mexicocodigorojo.com.mx\/index.php?rest_route=\/wp\/v2\/users\/21"}],"replies":[{"embeddable":true,"href":"https:\/\/mexicocodigorojo.com.mx\/index.php?rest_route=%2Fwp%2Fv2%2Fcomments&post=64309"}],"version-history":[{"count":1,"href":"https:\/\/mexicocodigorojo.com.mx\/index.php?rest_route=\/wp\/v2\/posts\/64309\/revisions"}],"predecessor-version":[{"id":64311,"href":"https:\/\/mexicocodigorojo.com.mx\/index.php?rest_route=\/wp\/v2\/posts\/64309\/revisions\/64311"}],"wp:featuredmedia":[{"embeddable":true,"href":"https:\/\/mexicocodigorojo.com.mx\/index.php?rest_route=\/wp\/v2\/media\/64310"}],"wp:attachment":[{"href":"https:\/\/mexicocodigorojo.com.mx\/index.php?rest_route=%2Fwp%2Fv2%2Fmedia&parent=64309"}],"wp:term":[{"taxonomy":"category","embeddable":true,"href":"https:\/\/mexicocodigorojo.com.mx\/index.php?rest_route=%2Fwp%2Fv2%2Fcategories&post=64309"},{"taxonomy":"post_tag","embeddable":true,"href":"https:\/\/mexicocodigorojo.com.mx\/index.php?rest_route=%2Fwp%2Fv2%2Ftags&post=64309"}],"curies":[{"name":"wp","href":"https:\/\/api.w.org\/{rel}","templated":true}]}}