{"id":64305,"date":"2025-06-29T11:48:27","date_gmt":"2025-06-29T17:48:27","guid":{"rendered":"https:\/\/mexicocodigorojo.com.mx\/?p=64305"},"modified":"2025-06-30T11:51:09","modified_gmt":"2025-06-30T17:51:09","slug":"olimpiadas-por-la-diversidad-promueven-inclusion-en-centros-penitenciarios-de-ssp","status":"publish","type":"post","link":"https:\/\/mexicocodigorojo.com.mx\/?p=64305","title":{"rendered":"Olimpiadas por la Diversidad promueven inclusi\u00f3n en centros penitenciarios de SSP"},"content":{"rendered":"<p data-start=\"562\" data-end=\"926\"><strong data-start=\"562\" data-end=\"590\">Tuxtla Guti\u00e9rrez, Chis.-<\/strong> En el marco del <strong data-start=\"607\" data-end=\"650\">D\u00eda Internacional del Orgullo LGBTTTIQ+<\/strong>, celebrado el 28 de junio, la <strong data-start=\"681\" data-end=\"725\">Secretar\u00eda de Seguridad del Pueblo (SSP)<\/strong>, encabezada por el <strong data-start=\"745\" data-end=\"804\">doctor y piloto aviador \u00d3scar Alberto Aparicio Avenda\u00f1o<\/strong>, llev\u00f3 a cabo las <strong data-start=\"823\" data-end=\"857\">\u201cOlimpiadas por la Diversidad\u201d<\/strong>, una jornada de inclusi\u00f3n, deporte y respeto a los derechos humanos.<\/p>\n<p data-start=\"928\" data-end=\"1232\">Estas actividades se realizaron del 23 al 28 de junio en los <strong data-start=\"989\" data-end=\"1029\">16 Centros Penitenciarios del Estado<\/strong>, incluyendo los <strong data-start=\"1046\" data-end=\"1115\">Centros Estatales de Reinserci\u00f3n Social para Sentenciados (CERSS)<\/strong>, los <strong data-start=\"1121\" data-end=\"1190\">Centros de Internamiento Especializados para Adolescentes (CIEAS)<\/strong> y el <strong data-start=\"1196\" data-end=\"1231\">Centro Estatal Preventivo (CEP)<\/strong>.<\/p>\n<p data-start=\"1234\" data-end=\"1554\">La organizaci\u00f3n estuvo a cargo de la <strong data-start=\"1271\" data-end=\"1354\">Subsecretar\u00eda de Ejecuci\u00f3n de Sanciones Penales y Medidas de Seguridad (SESPMS)<\/strong>, dirigida por el <strong data-start=\"1372\" data-end=\"1404\">licenciado Ze\u00edn Jer\u00f3nimo Gil<\/strong>, y cont\u00f3 con la participaci\u00f3n activa de <strong data-start=\"1445\" data-end=\"1487\">3,256 Personas Privadas de la Libertad<\/strong>, tanto de la comunidad <strong data-start=\"1511\" data-end=\"1524\">LGBTTTIQ+<\/strong> como de la poblaci\u00f3n general.<\/p>\n<p data-start=\"1556\" data-end=\"1804\">El objetivo fue <strong data-start=\"1572\" data-end=\"1628\">promover la inclusi\u00f3n, la igualdad y la salud mental<\/strong>, fomentando la integraci\u00f3n a trav\u00e9s de actividades deportivas y recreativas que rompen estigmas y construyen <strong data-start=\"1738\" data-end=\"1764\">una cultura de respeto<\/strong> dentro de los centros penitenciarios.<\/p>\n<p data-start=\"1806\" data-end=\"2037\">Las \u00abOlimpiadas por la Diversidad\u00bb incluyeron torneos, din\u00e1micas colaborativas y espacios de expresi\u00f3n, donde las personas privadas de su libertad pudieron mostrar habilidades y talentos en un ambiente de <strong data-start=\"2011\" data-end=\"2036\">aceptaci\u00f3n e igualdad<\/strong>.<\/p>\n<p data-start=\"2039\" data-end=\"2290\">Estas acciones, adem\u00e1s de visibilizar a las poblaciones vulnerables dentro del sistema penitenciario, apuntan a un enfoque de <strong data-start=\"2165\" data-end=\"2219\">reinserci\u00f3n social con enfoque de derechos humanos<\/strong>, que reconoce la dignidad y diversidad de las personas sin distinci\u00f3n.<\/p>\n<p data-start=\"2292\" data-end=\"2567\">En una instituci\u00f3n donde tradicionalmente prevalecen estructuras r\u00edgidas y entornos excluyentes, esta iniciativa representa un <strong data-start=\"2419\" data-end=\"2453\">avance institucional relevante<\/strong> que contribuye a frenar la discriminaci\u00f3n y fortalecer una visi\u00f3n m\u00e1s <strong data-start=\"2524\" data-end=\"2542\">humana y justa<\/strong> de la seguridad p\u00fablica.<\/p>\n<p data-start=\"2569\" data-end=\"2762\">Con estas acciones, la <strong data-start=\"2592\" data-end=\"2630\">Secretar\u00eda de Seguridad del Pueblo<\/strong> reafirma su compromiso con la <strong data-start=\"2661\" data-end=\"2713\">inclusi\u00f3n, el respeto y la promoci\u00f3n de derechos<\/strong> en todos los espacios del sistema penitenciario.<\/p>\n","protected":false},"excerpt":{"rendered":"<p>Tuxtla Guti\u00e9rrez, Chis.- En el marco del D\u00eda Internacional del Orgullo LGBTTTIQ+, celebrado el 28 de junio, la Secretar\u00eda de Seguridad del Pueblo (SSP), encabezada por el doctor y piloto aviador \u00d3scar Alberto Aparicio Avenda\u00f1o, llev\u00f3 a cabo las \u201cOlimpiadas por la Diversidad\u201d, una jornada de inclusi\u00f3n, deporte y respeto a los derechos humanos. Estas [&hellip;]<\/p>\n","protected":false},"author":21,"featured_media":64306,"comment_status":"open","ping_status":"open","sticky":false,"template":"","format":"standard","meta":{"_uf_show_specific_survey":0,"_uf_disable_surveys":false,"advanced_seo_description":"","jetpack_seo_html_title":"","jetpack_seo_noindex":false,"jetpack_post_was_ever_published":false,"_jetpack_newsletter_access":"","_jetpack_dont_email_post_to_subs":false,"_jetpack_newsletter_tier_id":0,"_jetpack_memberships_contains_paywalled_content":false,"_jetpack_memberships_contains_paid_content":false,"footnotes":"","jetpack_publicize_message":"","jetpack_publicize_feature_enabled":true,"jetpack_social_post_already_shared":true,"jetpack_social_options":{"image_generator_settings":{"template":"highway","default_image_id":0,"font":"","enabled":false},"version":2}},"categories":[75,1724],"tags":[],"class_list":{"0":"post-64305","1":"post","2":"type-post","3":"status-publish","4":"format-standard","5":"has-post-thumbnail","7":"category-chiapas","8":"category-featured"},"jetpack_publicize_connections":[],"jetpack_featured_media_url":"https:\/\/i0.wp.com\/mexicocodigorojo.com.mx\/wp-content\/uploads\/2025\/06\/WhatsApp-Image-2025-06-30-at-7.15.08-AM.jpeg?fit=1108%2C727&ssl=1","jetpack-related-posts":[{"id":23698,"url":"https:\/\/mexicocodigorojo.com.mx\/?p=23698","url_meta":{"origin":64305,"position":0},"title":"Servir\u00e1n pozole a internos en c\u00e1rceles por fiestas patrias","author":"Staff","date":"septiembre 15, 2019","format":false,"excerpt":"Alrededor de 25 mil reos, as\u00ed como las personas que sean remitidas a \"El Torito\", podr\u00e1n comer pozole, as\u00ed como tostadas y agua de frutas Para\u00a0conmemorar las\u00a0fiestas patrias\u00a0centros penitenciarios de la Ciudad de M\u00e9xico\u00a0ofrecer\u00e1n a los internos un men\u00fa especial que incluye el tradicional\u00a0pozole. Igual preparaci\u00f3n se servir\u00e1 a las\u2026","rel":"","context":"En \u00abCiudad de M\u00e9xico\u00bb","block_context":{"text":"Ciudad de M\u00e9xico","link":"https:\/\/mexicocodigorojo.com.mx\/?cat=101"},"img":{"alt_text":"","src":"https:\/\/i0.wp.com\/mexicocodigorojo.com.mx\/wp-content\/uploads\/2019\/09\/entrada-del-reclusorio-norte-1.jpg?fit=980%2C550&ssl=1&resize=350%2C200","width":350,"height":200,"srcset":"https:\/\/i0.wp.com\/mexicocodigorojo.com.mx\/wp-content\/uploads\/2019\/09\/entrada-del-reclusorio-norte-1.jpg?fit=980%2C550&ssl=1&resize=350%2C200 1x, https:\/\/i0.wp.com\/mexicocodigorojo.com.mx\/wp-content\/uploads\/2019\/09\/entrada-del-reclusorio-norte-1.jpg?fit=980%2C550&ssl=1&resize=525%2C300 1.5x, https:\/\/i0.wp.com\/mexicocodigorojo.com.mx\/wp-content\/uploads\/2019\/09\/entrada-del-reclusorio-norte-1.jpg?fit=980%2C550&ssl=1&resize=700%2C400 2x"},"classes":[]},{"id":47996,"url":"https:\/\/mexicocodigorojo.com.mx\/?p=47996","url_meta":{"origin":64305,"position":1},"title":"Trasladan a 398 internos de Cieneguillas a penales federales","author":"Staff","date":"marzo 30, 2021","format":false,"excerpt":"\u25a0 Se registr\u00f3 una ri\u00f1a la noche de este lunes por dicha acci\u00f3n \u25a0 Fueron llevados a sitios de internamiento en Michoac\u00e1n, Chiapas, Coahuila, Durango y Oaxaca \u25a0 El Gobierno de M\u00e9xico atendi\u00f3 la solicitud y se dio cumplimiento a la Estrategia de Seguridad P\u00fablica Integral para Zacatecas En atenci\u00f3n\u2026","rel":"","context":"En \u00abFeatured\u00bb","block_context":{"text":"Featured","link":"https:\/\/mexicocodigorojo.com.mx\/?cat=1724"},"img":{"alt_text":"Guardia Nacional traslada a 398 internos de Cieneguillas a penales federales","src":"https:\/\/i0.wp.com\/ljz.mx\/wp-content\/uploads\/2021\/03\/REOS-1-copia.png?resize=350%2C200&ssl=1","width":350,"height":200,"srcset":"https:\/\/i0.wp.com\/ljz.mx\/wp-content\/uploads\/2021\/03\/REOS-1-copia.png?resize=350%2C200&ssl=1 1x, https:\/\/i0.wp.com\/ljz.mx\/wp-content\/uploads\/2021\/03\/REOS-1-copia.png?resize=525%2C300&ssl=1 1.5x, https:\/\/i0.wp.com\/ljz.mx\/wp-content\/uploads\/2021\/03\/REOS-1-copia.png?resize=700%2C400&ssl=1 2x"},"classes":[]},{"id":35177,"url":"https:\/\/mexicocodigorojo.com.mx\/?p=35177","url_meta":{"origin":64305,"position":2},"title":"No habr\u00e1 velorios ni funerales para quien muera con COVID-19","author":"Staff","date":"marzo 20, 2020","format":false,"excerpt":"Fue publicado en el peri\u00f3dico oficial de Quer\u00e9taro un acuerdo con un total de 28 medidas sanitarias para combatir el COVID-19 El gobierno de\u00a0Quer\u00e9taro\u00a0public\u00f3 en el peri\u00f3dico oficial estatal una serie de\u00a0medidas sanitarias\u00a0para combatir el\u00a0coronavirus\u00a0(COVID-19), las cuales han generado pol\u00e9mica. Por medio del\u00a0Consejo Estatal de Seguridad, encabezado por el gobernador\u00a0Francisco\u2026","rel":"","context":"En \u00abQuer\u00e9taro\u00bb","block_context":{"text":"Quer\u00e9taro","link":"https:\/\/mexicocodigorojo.com.mx\/?cat=109"},"img":{"alt_text":"","src":"https:\/\/i0.wp.com\/mexicocodigorojo.com.mx\/wp-content\/uploads\/2020\/03\/ffuneral-2.jpg?fit=980%2C550&ssl=1&resize=350%2C200","width":350,"height":200,"srcset":"https:\/\/i0.wp.com\/mexicocodigorojo.com.mx\/wp-content\/uploads\/2020\/03\/ffuneral-2.jpg?fit=980%2C550&ssl=1&resize=350%2C200 1x, https:\/\/i0.wp.com\/mexicocodigorojo.com.mx\/wp-content\/uploads\/2020\/03\/ffuneral-2.jpg?fit=980%2C550&ssl=1&resize=525%2C300 1.5x, https:\/\/i0.wp.com\/mexicocodigorojo.com.mx\/wp-content\/uploads\/2020\/03\/ffuneral-2.jpg?fit=980%2C550&ssl=1&resize=700%2C400 2x"},"classes":[]},{"id":62475,"url":"https:\/\/mexicocodigorojo.com.mx\/?p=62475","url_meta":{"origin":64305,"position":3},"title":"Trasladan desde CEDES de Tamaulipas a 68 personas privadas de la libertad a CEFERESOS","author":"Staff","date":"agosto 2, 2024","format":false,"excerpt":"Ciudad Victoria, Tamaulipas.- Teniendo como principio b\u00e1sico el respeto a los Derechos Humanos, la Secretar\u00eda de Seguridad P\u00fablica de Tamaulipas (SSPT) efectu\u00f3 el traslado de 68 personas privadas de la libertad (PPLs) desde los Centros de Ejecuci\u00f3n de Sanciones (CEDES) de esta entidad hacia diferentes Centros Federales de Readaptaci\u00f3n Social\u2026","rel":"","context":"En \u00abFeatured\u00bb","block_context":{"text":"Featured","link":"https:\/\/mexicocodigorojo.com.mx\/?cat=1724"},"img":{"alt_text":"","src":"https:\/\/i0.wp.com\/mexicocodigorojo.com.mx\/wp-content\/uploads\/2024\/08\/a5ddb392-b96e-4835-856c-efd3e0c310ab-1.jpg?fit=1200%2C900&ssl=1&resize=350%2C200","width":350,"height":200,"srcset":"https:\/\/i0.wp.com\/mexicocodigorojo.com.mx\/wp-content\/uploads\/2024\/08\/a5ddb392-b96e-4835-856c-efd3e0c310ab-1.jpg?fit=1200%2C900&ssl=1&resize=350%2C200 1x, https:\/\/i0.wp.com\/mexicocodigorojo.com.mx\/wp-content\/uploads\/2024\/08\/a5ddb392-b96e-4835-856c-efd3e0c310ab-1.jpg?fit=1200%2C900&ssl=1&resize=525%2C300 1.5x, https:\/\/i0.wp.com\/mexicocodigorojo.com.mx\/wp-content\/uploads\/2024\/08\/a5ddb392-b96e-4835-856c-efd3e0c310ab-1.jpg?fit=1200%2C900&ssl=1&resize=700%2C400 2x, https:\/\/i0.wp.com\/mexicocodigorojo.com.mx\/wp-content\/uploads\/2024\/08\/a5ddb392-b96e-4835-856c-efd3e0c310ab-1.jpg?fit=1200%2C900&ssl=1&resize=1050%2C600 3x"},"classes":[]},{"id":5869,"url":"https:\/\/mexicocodigorojo.com.mx\/?p=5869","url_meta":{"origin":64305,"position":4},"title":"Los expedientes psicol\u00f3gicos secretos del \u00abNarco de Narcos\u00bb Rafael Caro Quintero","author":"Staff","date":"octubre 10, 2018","format":false,"excerpt":"Las familias de las v\u00edctimas de Rafael Caro Quintero quieren saber qu\u00e9 lo llev\u00f3 a convertirse en un ser humano despiadado y a la vez ser reconocido como uno de los padres del narcotr\u00e1fico moderno, pero por decisi\u00f3n de la extinta Secretar\u00eda de Seguridad P\u00fablica (SSP) los documentos que contienen\u2026","rel":"","context":"En \u00abInternacional\u00bb","block_context":{"text":"Internacional","link":"https:\/\/mexicocodigorojo.com.mx\/?cat=14"},"img":{"alt_text":"","src":"","width":0,"height":0},"classes":[]},{"id":1516,"url":"https:\/\/mexicocodigorojo.com.mx\/?p=1516","url_meta":{"origin":64305,"position":5},"title":"SECRETAR\u00cdA DE SEGURIDAD TRASLADA A M\u00c1S DE 120 PRESOS AL PENAL FEDERAL DE ISLAS MAR\u00cdAS","author":"Staff","date":"agosto 23, 2018","format":false,"excerpt":"*En completo respeto a los derechos humanos y en com\u00fan acuerdo con los PPL, se realiz\u00f3 la reubicaci\u00f3n Toluca, Estado de M\u00e9xico, 23 de agosto de 2018.-Como parte de las acciones de despresurizaci\u00f3n de los Centros de Reinserci\u00f3n Social de la entidad, la Secretar\u00eda de Seguridad (SS) a trav\u00e9s de\u2026","rel":"","context":"En \u00abEstado de M\u00e9xico\u00bb","block_context":{"text":"Estado de M\u00e9xico","link":"https:\/\/mexicocodigorojo.com.mx\/?cat=53"},"img":{"alt_text":"","src":"https:\/\/i0.wp.com\/mexicocodigorojo.com.mx\/wp-content\/uploads\/2018\/08\/95BB1126-206F-4938-8F05-8BF6339095F2.jpeg?fit=551%2C350&ssl=1&resize=350%2C200","width":350,"height":200,"srcset":"https:\/\/i0.wp.com\/mexicocodigorojo.com.mx\/wp-content\/uploads\/2018\/08\/95BB1126-206F-4938-8F05-8BF6339095F2.jpeg?fit=551%2C350&ssl=1&resize=350%2C200 1x, https:\/\/i0.wp.com\/mexicocodigorojo.com.mx\/wp-content\/uploads\/2018\/08\/95BB1126-206F-4938-8F05-8BF6339095F2.jpeg?fit=551%2C350&ssl=1&resize=525%2C300 1.5x"},"classes":[]}],"jetpack_sharing_enabled":true,"jetpack_likes_enabled":true,"jetpack_shortlink":"https:\/\/wp.me\/p9TedA-gJb","_links":{"self":[{"href":"https:\/\/mexicocodigorojo.com.mx\/index.php?rest_route=\/wp\/v2\/posts\/64305","targetHints":{"allow":["GET"]}}],"collection":[{"href":"https:\/\/mexicocodigorojo.com.mx\/index.php?rest_route=\/wp\/v2\/posts"}],"about":[{"href":"https:\/\/mexicocodigorojo.com.mx\/index.php?rest_route=\/wp\/v2\/types\/post"}],"author":[{"embeddable":true,"href":"https:\/\/mexicocodigorojo.com.mx\/index.php?rest_route=\/wp\/v2\/users\/21"}],"replies":[{"embeddable":true,"href":"https:\/\/mexicocodigorojo.com.mx\/index.php?rest_route=%2Fwp%2Fv2%2Fcomments&post=64305"}],"version-history":[{"count":1,"href":"https:\/\/mexicocodigorojo.com.mx\/index.php?rest_route=\/wp\/v2\/posts\/64305\/revisions"}],"predecessor-version":[{"id":64307,"href":"https:\/\/mexicocodigorojo.com.mx\/index.php?rest_route=\/wp\/v2\/posts\/64305\/revisions\/64307"}],"wp:featuredmedia":[{"embeddable":true,"href":"https:\/\/mexicocodigorojo.com.mx\/index.php?rest_route=\/wp\/v2\/media\/64306"}],"wp:attachment":[{"href":"https:\/\/mexicocodigorojo.com.mx\/index.php?rest_route=%2Fwp%2Fv2%2Fmedia&parent=64305"}],"wp:term":[{"taxonomy":"category","embeddable":true,"href":"https:\/\/mexicocodigorojo.com.mx\/index.php?rest_route=%2Fwp%2Fv2%2Fcategories&post=64305"},{"taxonomy":"post_tag","embeddable":true,"href":"https:\/\/mexicocodigorojo.com.mx\/index.php?rest_route=%2Fwp%2Fv2%2Ftags&post=64305"}],"curies":[{"name":"wp","href":"https:\/\/api.w.org\/{rel}","templated":true}]}}