{"id":64302,"date":"2025-06-28T11:46:01","date_gmt":"2025-06-28T17:46:01","guid":{"rendered":"https:\/\/mexicocodigorojo.com.mx\/?p=64302"},"modified":"2025-06-30T11:47:58","modified_gmt":"2025-06-30T17:47:58","slug":"secretaria-del-pueblo-fortalece-vinculos-con-eua-en-acto-conmemorativo-en-merida","status":"publish","type":"post","link":"https:\/\/mexicocodigorojo.com.mx\/?p=64302","title":{"rendered":"Secretar\u00eda del Pueblo fortalece v\u00ednculos con EUA en acto conmemorativo en M\u00e9rida"},"content":{"rendered":"<p data-start=\"573\" data-end=\"897\"><strong data-start=\"573\" data-end=\"590\">M\u00e9rida, Yuc.-<\/strong> La <strong data-start=\"594\" data-end=\"632\">Secretar\u00eda de Seguridad del Pueblo<\/strong>, encabezada por el <strong data-start=\"652\" data-end=\"711\">doctor y piloto aviador \u00d3scar Alberto Aparicio Avenda\u00f1o<\/strong>, particip\u00f3 en la celebraci\u00f3n del <strong data-start=\"745\" data-end=\"806\">249 aniversario de la Independencia de los Estados Unidos<\/strong>, en un acto conmemorativo realizado en el nuevo <strong data-start=\"855\" data-end=\"896\">Consulado General de EE.UU. en M\u00e9rida<\/strong>.<\/p>\n<p data-start=\"899\" data-end=\"1161\">En representaci\u00f3n oficial acudi\u00f3 el <strong data-start=\"935\" data-end=\"983\">comisario general \u00c1lvaro C. Serrano Escobedo<\/strong>, <strong data-start=\"985\" data-end=\"1026\">Subsecretario de Seguridad del Pueblo<\/strong>, quien destac\u00f3 la importancia de reforzar los canales de di\u00e1logo y <strong data-start=\"1094\" data-end=\"1123\">cooperaci\u00f3n internacional<\/strong> en materia de <strong data-start=\"1138\" data-end=\"1160\">seguridad regional<\/strong>.<\/p>\n<p data-start=\"1163\" data-end=\"1440\">El evento fue presidido por el <strong data-start=\"1194\" data-end=\"1229\">C\u00f3nsul General Justen A. Thomas<\/strong>, quien en su discurso subray\u00f3 la relevancia estrat\u00e9gica de la relaci\u00f3n bilateral entre <strong data-start=\"1317\" data-end=\"1344\">M\u00e9xico y Estados Unidos<\/strong>, particularmente ante los <strong data-start=\"1371\" data-end=\"1439\">desaf\u00edos comunes en seguridad, migraci\u00f3n y desarrollo fronterizo<\/strong>.<\/p>\n<p data-start=\"1442\" data-end=\"1715\">La presencia de la Secretar\u00eda en este evento no fue meramente protocolaria. Representa un mensaje claro: <strong data-start=\"1547\" data-end=\"1671\">el fortalecimiento institucional de la seguridad p\u00fablica mexicana debe ser respaldado por alianzas s\u00f3lidas y funcionales<\/strong>, tanto a nivel nacional como internacional.<\/p>\n<p data-start=\"1717\" data-end=\"2041\">En medio de un escenario donde la <strong data-start=\"1751\" data-end=\"1789\">violencia y el crimen trasnacional<\/strong> siguen generando tensi\u00f3n en distintas regiones del pa\u00eds, estos espacios diplom\u00e1ticos ofrecen una plataforma para el <strong data-start=\"1906\" data-end=\"1937\">intercambio de experiencias<\/strong>, la <strong data-start=\"1942\" data-end=\"1969\">formaci\u00f3n especializada<\/strong> y la construcci\u00f3n de una agenda de seguridad binacional m\u00e1s coordinada.<\/p>\n<p data-start=\"2043\" data-end=\"2291\">Durante la ceremonia, los representantes mexicanos expresaron su disposici\u00f3n a <strong data-start=\"2122\" data-end=\"2165\">mantener canales de cooperaci\u00f3n t\u00e9cnica<\/strong> con el gobierno de los Estados Unidos, con el objetivo de combatir fen\u00f3menos como el <strong data-start=\"2251\" data-end=\"2290\">tr\u00e1fico de armas, drogas y personas<\/strong>.<\/p>\n<p data-start=\"2293\" data-end=\"2748\">La participaci\u00f3n de la <strong data-start=\"2316\" data-end=\"2354\">Secretar\u00eda de Seguridad del Pueblo<\/strong> reafirma su compromiso con una visi\u00f3n de seguridad basada en la <strong data-start=\"2419\" data-end=\"2473\">inteligencia, el profesionalismo y la colaboraci\u00f3n<\/strong> con aliados estrat\u00e9gicos. M\u00e1s all\u00e1 del acto simb\u00f3lico, el encuentro dej\u00f3 en claro que las instituciones mexicanas deben <strong data-start=\"2594\" data-end=\"2632\">recuperar el respeto internacional<\/strong>, especialmente en una etapa donde la gobernabilidad se ve amenazada por intereses pol\u00edticos y el crimen organizado.<\/p>\n","protected":false},"excerpt":{"rendered":"<p>M\u00e9rida, Yuc.- La Secretar\u00eda de Seguridad del Pueblo, encabezada por el doctor y piloto aviador \u00d3scar Alberto Aparicio Avenda\u00f1o, particip\u00f3 en la celebraci\u00f3n del 249 aniversario de la Independencia de los Estados Unidos, en un acto conmemorativo realizado en el nuevo Consulado General de EE.UU. en M\u00e9rida. En representaci\u00f3n oficial acudi\u00f3 el comisario general \u00c1lvaro [&hellip;]<\/p>\n","protected":false},"author":21,"featured_media":64303,"comment_status":"open","ping_status":"open","sticky":false,"template":"","format":"standard","meta":{"_uf_show_specific_survey":0,"_uf_disable_surveys":false,"advanced_seo_description":"","jetpack_seo_html_title":"","jetpack_seo_noindex":false,"jetpack_post_was_ever_published":false,"_jetpack_newsletter_access":"","_jetpack_dont_email_post_to_subs":false,"_jetpack_newsletter_tier_id":0,"_jetpack_memberships_contains_paywalled_content":false,"_jetpack_memberships_contains_paid_content":false,"footnotes":"","jetpack_publicize_message":"","jetpack_publicize_feature_enabled":true,"jetpack_social_post_already_shared":true,"jetpack_social_options":{"image_generator_settings":{"template":"highway","default_image_id":0,"font":"","enabled":false},"version":2}},"categories":[75,1724],"tags":[],"class_list":{"0":"post-64302","1":"post","2":"type-post","3":"status-publish","4":"format-standard","5":"has-post-thumbnail","7":"category-chiapas","8":"category-featured"},"jetpack_publicize_connections":[],"jetpack_featured_media_url":"https:\/\/i0.wp.com\/mexicocodigorojo.com.mx\/wp-content\/uploads\/2025\/06\/WhatsApp-Image-2025-06-30-at-7.14.50-AM.jpeg?fit=1428%2C1115&ssl=1","jetpack-related-posts":[{"id":20790,"url":"https:\/\/mexicocodigorojo.com.mx\/?p=20790","url_meta":{"origin":64302,"position":0},"title":"Conductor ebrio embiste y deja lesionados a dos polic\u00edas en M\u00e9rida","author":"Staff","date":"julio 29, 2019","format":false,"excerpt":"Cuando agentes de seguridad entrevistaron\u00a0al presunto responsable, se\u00a0percataron que el conductor se encontraba bajo los efectos del alcohol y as\u00ed transitaba por las calles de M\u00e9rida. Un hombre, quien transitaba bajo los efectos del alcohol caus\u00f3 un aparatoso accidente al chocar su Jeep contra una camioneta de la SSP, dejando\u2026","rel":"","context":"En \u00abYucatan\u00bb","block_context":{"text":"Yucatan","link":"https:\/\/mexicocodigorojo.com.mx\/?cat=414"},"img":{"alt_text":"","src":"https:\/\/i0.wp.com\/mexicocodigorojo.com.mx\/wp-content\/uploads\/2019\/07\/conductor_borracho_embiste_y_deja_heridos_a_dos_policixas_en_centro_de_mexridax1.jpeg_793492074.jpeg?fit=718%2C452&ssl=1&resize=350%2C200","width":350,"height":200,"srcset":"https:\/\/i0.wp.com\/mexicocodigorojo.com.mx\/wp-content\/uploads\/2019\/07\/conductor_borracho_embiste_y_deja_heridos_a_dos_policixas_en_centro_de_mexridax1.jpeg_793492074.jpeg?fit=718%2C452&ssl=1&resize=350%2C200 1x, https:\/\/i0.wp.com\/mexicocodigorojo.com.mx\/wp-content\/uploads\/2019\/07\/conductor_borracho_embiste_y_deja_heridos_a_dos_policixas_en_centro_de_mexridax1.jpeg_793492074.jpeg?fit=718%2C452&ssl=1&resize=525%2C300 1.5x, https:\/\/i0.wp.com\/mexicocodigorojo.com.mx\/wp-content\/uploads\/2019\/07\/conductor_borracho_embiste_y_deja_heridos_a_dos_policixas_en_centro_de_mexridax1.jpeg_793492074.jpeg?fit=718%2C452&ssl=1&resize=700%2C400 2x"},"classes":[]},{"id":64360,"url":"https:\/\/mexicocodigorojo.com.mx\/?p=64360","url_meta":{"origin":64302,"position":1},"title":"SSP difunde n\u00famero de emergencias y denuncia an\u00f3nima en los municipios de Cintalapa y Palenque","author":"MexicoRojoCvmx","date":"julio 3, 2025","format":false,"excerpt":"La Secretar\u00eda de Seguridad del Pueblo (SSP) que encabeza el doctor y piloto aviador, \u00d3scar Alberto Aparicio Avenda\u00f1o a trav\u00e9s de la Direcci\u00f3n Estatal de Coordinaci\u00f3n, Control, Comando, Comunicaci\u00f3n y Computo (C5) Escudo Pakal, imparti\u00f3 pl\u00e1ticas informativas sobre el uso correcto de los n\u00fameros de emergencia, denuncia an\u00f3nima y aplicativo\u2026","rel":"","context":"En \u00abChiapas\u00bb","block_context":{"text":"Chiapas","link":"https:\/\/mexicocodigorojo.com.mx\/?cat=75"},"img":{"alt_text":"","src":"https:\/\/i0.wp.com\/mexicocodigorojo.com.mx\/wp-content\/uploads\/2025\/07\/WhatsApp-Image-2025-07-05-at-6.51.48-AM.jpeg?fit=1200%2C553&ssl=1&resize=350%2C200","width":350,"height":200,"srcset":"https:\/\/i0.wp.com\/mexicocodigorojo.com.mx\/wp-content\/uploads\/2025\/07\/WhatsApp-Image-2025-07-05-at-6.51.48-AM.jpeg?fit=1200%2C553&ssl=1&resize=350%2C200 1x, https:\/\/i0.wp.com\/mexicocodigorojo.com.mx\/wp-content\/uploads\/2025\/07\/WhatsApp-Image-2025-07-05-at-6.51.48-AM.jpeg?fit=1200%2C553&ssl=1&resize=525%2C300 1.5x, https:\/\/i0.wp.com\/mexicocodigorojo.com.mx\/wp-content\/uploads\/2025\/07\/WhatsApp-Image-2025-07-05-at-6.51.48-AM.jpeg?fit=1200%2C553&ssl=1&resize=700%2C400 2x, https:\/\/i0.wp.com\/mexicocodigorojo.com.mx\/wp-content\/uploads\/2025\/07\/WhatsApp-Image-2025-07-05-at-6.51.48-AM.jpeg?fit=1200%2C553&ssl=1&resize=1050%2C600 3x"},"classes":[]},{"id":47098,"url":"https:\/\/mexicocodigorojo.com.mx\/?p=47098","url_meta":{"origin":64302,"position":2},"title":"CAEN DOS NARCO MILITARES CARGADOS CON MARIHUANA Y METANFETAMINA","author":"Staff","date":"febrero 21, 2021","format":false,"excerpt":"Caen dos Militares, Elementos de la Guardia Nacional con 450 kg de Mariguana y 15 de Metanfetamina M\u00c9RIDA, Yucatan.- Dos elementos de la Guardia Nacional fueron detenidos por agentes de la Secretar\u00eda de Seguridad P\u00fablica (SSP) en posesi\u00f3n de 450 kilos de marihuana y 15 de metanfetamina que trasladaban del\u2026","rel":"","context":"En \u00abFeatured\u00bb","block_context":{"text":"Featured","link":"https:\/\/mexicocodigorojo.com.mx\/?cat=1724"},"img":{"alt_text":"","src":"https:\/\/i0.wp.com\/mexicocodigorojo.com.mx\/wp-content\/uploads\/2021\/02\/img-20210221-wa0004475349263.jpg?fit=1152%2C864&ssl=1&resize=350%2C200","width":350,"height":200,"srcset":"https:\/\/i0.wp.com\/mexicocodigorojo.com.mx\/wp-content\/uploads\/2021\/02\/img-20210221-wa0004475349263.jpg?fit=1152%2C864&ssl=1&resize=350%2C200 1x, https:\/\/i0.wp.com\/mexicocodigorojo.com.mx\/wp-content\/uploads\/2021\/02\/img-20210221-wa0004475349263.jpg?fit=1152%2C864&ssl=1&resize=525%2C300 1.5x, https:\/\/i0.wp.com\/mexicocodigorojo.com.mx\/wp-content\/uploads\/2021\/02\/img-20210221-wa0004475349263.jpg?fit=1152%2C864&ssl=1&resize=700%2C400 2x, https:\/\/i0.wp.com\/mexicocodigorojo.com.mx\/wp-content\/uploads\/2021\/02\/img-20210221-wa0004475349263.jpg?fit=1152%2C864&ssl=1&resize=1050%2C600 3x"},"classes":[]},{"id":64772,"url":"https:\/\/mexicocodigorojo.com.mx\/?p=64772","url_meta":{"origin":64302,"position":3},"title":"SSP refuerza operativos de seguridad por Fiestas Patrias en Chiapas","author":"MexicoRojoCvmx","date":"septiembre 12, 2025","format":false,"excerpt":"Tuxtla Guti\u00e9rrez, Chiapas \u2013 La Secretar\u00eda de Seguridad del Pueblo (SSP) anunci\u00f3 la puesta en marcha de un dispositivo integral de seguridad durante las celebraciones de las Fiestas Patrias en Chiapas, que se desarrollar\u00e1n del 13 al 16 de septiembre en todo el estado. El operativo tiene como objetivo salvaguardar\u2026","rel":"","context":"En \u00abChiapas\u00bb","block_context":{"text":"Chiapas","link":"https:\/\/mexicocodigorojo.com.mx\/?cat=75"},"img":{"alt_text":"","src":"https:\/\/i0.wp.com\/mexicocodigorojo.com.mx\/wp-content\/uploads\/2025\/09\/WhatsApp-Image-2025-09-12-at-1.06.48-PM.jpeg?fit=1200%2C875&ssl=1&resize=350%2C200","width":350,"height":200,"srcset":"https:\/\/i0.wp.com\/mexicocodigorojo.com.mx\/wp-content\/uploads\/2025\/09\/WhatsApp-Image-2025-09-12-at-1.06.48-PM.jpeg?fit=1200%2C875&ssl=1&resize=350%2C200 1x, https:\/\/i0.wp.com\/mexicocodigorojo.com.mx\/wp-content\/uploads\/2025\/09\/WhatsApp-Image-2025-09-12-at-1.06.48-PM.jpeg?fit=1200%2C875&ssl=1&resize=525%2C300 1.5x, https:\/\/i0.wp.com\/mexicocodigorojo.com.mx\/wp-content\/uploads\/2025\/09\/WhatsApp-Image-2025-09-12-at-1.06.48-PM.jpeg?fit=1200%2C875&ssl=1&resize=700%2C400 2x, https:\/\/i0.wp.com\/mexicocodigorojo.com.mx\/wp-content\/uploads\/2025\/09\/WhatsApp-Image-2025-09-12-at-1.06.48-PM.jpeg?fit=1200%2C875&ssl=1&resize=1050%2C600 3x"},"classes":[]},{"id":62154,"url":"https:\/\/mexicocodigorojo.com.mx\/?p=62154","url_meta":{"origin":64302,"position":4},"title":"Liberan a ocho v\u00edctimas de trata de origen Colombiano en M\u00e9rida","author":"Staff","date":"julio 5, 2024","format":false,"excerpt":"La Fiscal\u00eda General de la Rep\u00fablica anunci\u00f3 el viernes la liberaci\u00f3n en M\u00e9rida, al sureste del pa\u00eds, de ocho personas de nacionalidad colombiana como v\u00edctimas de una presunta red de trata de personas. Hay dos personas detenidas y se aseguraron seis inmuebles \u2014tres domicilios y tres bares\u2014 de esa ciudad\u2026","rel":"","context":"En \u00abFeatured\u00bb","block_context":{"text":"Featured","link":"https:\/\/mexicocodigorojo.com.mx\/?cat=1724"},"img":{"alt_text":"","src":"https:\/\/i0.wp.com\/mexicocodigorojo.com.mx\/wp-content\/uploads\/2024\/07\/137876.jpg?fit=1200%2C839&ssl=1&resize=350%2C200","width":350,"height":200,"srcset":"https:\/\/i0.wp.com\/mexicocodigorojo.com.mx\/wp-content\/uploads\/2024\/07\/137876.jpg?fit=1200%2C839&ssl=1&resize=350%2C200 1x, https:\/\/i0.wp.com\/mexicocodigorojo.com.mx\/wp-content\/uploads\/2024\/07\/137876.jpg?fit=1200%2C839&ssl=1&resize=525%2C300 1.5x, https:\/\/i0.wp.com\/mexicocodigorojo.com.mx\/wp-content\/uploads\/2024\/07\/137876.jpg?fit=1200%2C839&ssl=1&resize=700%2C400 2x, https:\/\/i0.wp.com\/mexicocodigorojo.com.mx\/wp-content\/uploads\/2024\/07\/137876.jpg?fit=1200%2C839&ssl=1&resize=1050%2C600 3x"},"classes":[]},{"id":64778,"url":"https:\/\/mexicocodigorojo.com.mx\/?p=64778","url_meta":{"origin":64302,"position":5},"title":"SSP participa en desfile c\u00edvico-militar por el 215 aniversario de la Independencia de M\u00e9xico","author":"MexicoRojoCvmx","date":"septiembre 16, 2025","format":false,"excerpt":"Tuxtla Guti\u00e9rrez, Chiapas; 16 de septiembre de 2025. \u2013 La Secretar\u00eda de Seguridad del Pueblo (SSP), bajo el mando de su titular \u00d3scar Alberto Aparicio Avenda\u00f1o, particip\u00f3 en el Desfile C\u00edvico-Militar Conmemorativo por el 215 Aniversario de la Independencia de M\u00e9xico, realizado en la capital chiapaneca y encabezado por el\u2026","rel":"","context":"En \u00abChiapas\u00bb","block_context":{"text":"Chiapas","link":"https:\/\/mexicocodigorojo.com.mx\/?cat=75"},"img":{"alt_text":"","src":"https:\/\/i0.wp.com\/mexicocodigorojo.com.mx\/wp-content\/uploads\/2025\/09\/WhatsApp-Image-2025-09-17-at-6.56.41-AM.jpeg?fit=1040%2C694&ssl=1&resize=350%2C200","width":350,"height":200,"srcset":"https:\/\/i0.wp.com\/mexicocodigorojo.com.mx\/wp-content\/uploads\/2025\/09\/WhatsApp-Image-2025-09-17-at-6.56.41-AM.jpeg?fit=1040%2C694&ssl=1&resize=350%2C200 1x, https:\/\/i0.wp.com\/mexicocodigorojo.com.mx\/wp-content\/uploads\/2025\/09\/WhatsApp-Image-2025-09-17-at-6.56.41-AM.jpeg?fit=1040%2C694&ssl=1&resize=525%2C300 1.5x, https:\/\/i0.wp.com\/mexicocodigorojo.com.mx\/wp-content\/uploads\/2025\/09\/WhatsApp-Image-2025-09-17-at-6.56.41-AM.jpeg?fit=1040%2C694&ssl=1&resize=700%2C400 2x"},"classes":[]}],"jetpack_sharing_enabled":true,"jetpack_likes_enabled":true,"jetpack_shortlink":"https:\/\/wp.me\/p9TedA-gJ8","_links":{"self":[{"href":"https:\/\/mexicocodigorojo.com.mx\/index.php?rest_route=\/wp\/v2\/posts\/64302","targetHints":{"allow":["GET"]}}],"collection":[{"href":"https:\/\/mexicocodigorojo.com.mx\/index.php?rest_route=\/wp\/v2\/posts"}],"about":[{"href":"https:\/\/mexicocodigorojo.com.mx\/index.php?rest_route=\/wp\/v2\/types\/post"}],"author":[{"embeddable":true,"href":"https:\/\/mexicocodigorojo.com.mx\/index.php?rest_route=\/wp\/v2\/users\/21"}],"replies":[{"embeddable":true,"href":"https:\/\/mexicocodigorojo.com.mx\/index.php?rest_route=%2Fwp%2Fv2%2Fcomments&post=64302"}],"version-history":[{"count":1,"href":"https:\/\/mexicocodigorojo.com.mx\/index.php?rest_route=\/wp\/v2\/posts\/64302\/revisions"}],"predecessor-version":[{"id":64304,"href":"https:\/\/mexicocodigorojo.com.mx\/index.php?rest_route=\/wp\/v2\/posts\/64302\/revisions\/64304"}],"wp:featuredmedia":[{"embeddable":true,"href":"https:\/\/mexicocodigorojo.com.mx\/index.php?rest_route=\/wp\/v2\/media\/64303"}],"wp:attachment":[{"href":"https:\/\/mexicocodigorojo.com.mx\/index.php?rest_route=%2Fwp%2Fv2%2Fmedia&parent=64302"}],"wp:term":[{"taxonomy":"category","embeddable":true,"href":"https:\/\/mexicocodigorojo.com.mx\/index.php?rest_route=%2Fwp%2Fv2%2Fcategories&post=64302"},{"taxonomy":"post_tag","embeddable":true,"href":"https:\/\/mexicocodigorojo.com.mx\/index.php?rest_route=%2Fwp%2Fv2%2Ftags&post=64302"}],"curies":[{"name":"wp","href":"https:\/\/api.w.org\/{rel}","templated":true}]}}