{"id":64261,"date":"2025-06-10T15:01:05","date_gmt":"2025-06-10T21:01:05","guid":{"rendered":"https:\/\/mexicocodigorojo.com.mx\/?p=64261"},"modified":"2025-06-10T15:01:05","modified_gmt":"2025-06-10T21:01:05","slug":"camioneta-usada-por-criminales-en-la-mesilla-esta-registrada-a-contratista-del-gobierno-guatemalteco","status":"publish","type":"post","link":"https:\/\/mexicocodigorojo.com.mx\/?p=64261","title":{"rendered":"Camioneta usada por criminales en La Mesilla est\u00e1 registrada a contratista del gobierno guatemalteco"},"content":{"rendered":"\n<p>Tras el enfrentamiento armado ocurrido el pasado domingo en la frontera de La Mesilla, donde cuatro presuntos delincuentes fueron abatidos por fuerzas de seguridad mexicanas \u2014identificadas como \u00abPakales\u00bb\u2014, nuevas revelaciones han encendido las alarmas sobre posibles v\u00ednculos entre el crimen organizado y estructuras gubernamentales en Guatemala.<\/p>\n\n\n\n<p>Una de las camionetas utilizadas por los agresores, una Toyota Land Cruiser, est\u00e1 registrada a nombre de DS Guatemala S.A., una empresa que figura como proveedora oficial de la Municipalidad de Chiquimula desde diciembre de 2024. La informaci\u00f3n fue confirmada por medios guatemaltecos, quienes accedieron a los registros p\u00fablicos del Departamento de Tr\u00e1nsito.<\/p>\n\n\n\n<p>Adem\u00e1s del veh\u00edculo corporativo, otros autom\u00f3viles involucrados en el hecho \u2014incluyendo unidades con blindaje\u2014 est\u00e1n registrados a nombre de particulares identificados como H\u00e9ctor Adonis Hidalgo Lucas y Pascual L\u00f3pez Morales, cuyas actividades ahora est\u00e1n bajo revisi\u00f3n por parte de autoridades mexicanas y guatemaltecas.<\/p>\n\n\n\n<p>La Fiscal\u00eda General del Estado de Chiapas asegur\u00f3 cuatro veh\u00edculos, tres de ellos blindados, as\u00ed como armamento de alto calibre y chalecos antibalas, como parte del aseguramiento derivado del enfrentamiento.<\/p>\n\n\n\n<p>Mientras tanto, el alcalde de Chiquimula, Jos\u00e9 Ren\u00e9 Pinto Espa\u00f1a, se deslind\u00f3 de toda relaci\u00f3n con la empresa involucrada. \u201cNo s\u00e9 nada\u201d, dijo ante la prensa local. Pero el silencio institucional ya resulta ensordecedor, y la pregunta resuena tanto en Chiapas como al otro lado de la frontera:<br \/>\u00bfEstamos ante una red de protecci\u00f3n oficial al crimen transnacional?<\/p>\n\n\n\n<p>Las investigaciones apenas comienzan, pero el hallazgo de veh\u00edculos ligados a contratistas municipales en manos de un grupo armado en zona fronteriza plantea un escenario preocupante: la posible colusi\u00f3n entre estructuras p\u00fablicas y bandas criminales que operan entre M\u00e9xico y Guatemala, usando recursos legales como pantalla.<\/p>\n\n\n\n<p>El cruce entre pol\u00edtica, crimen y territorio vuelve a ponerse en evidencia. Y esta vez, la ruta del dinero y de los veh\u00edculos apunta hacia el coraz\u00f3n de una administraci\u00f3n municipal en Guatemala.<\/p>\n","protected":false},"excerpt":{"rendered":"<p>Tras el enfrentamiento armado ocurrido el pasado domingo en la frontera de La Mesilla, donde cuatro presuntos delincuentes fueron abatidos por fuerzas de seguridad mexicanas \u2014identificadas como \u00abPakales\u00bb\u2014, nuevas revelaciones han encendido las alarmas sobre posibles v\u00ednculos entre el crimen organizado y estructuras gubernamentales en Guatemala. Una de las camionetas utilizadas por los agresores, una [&hellip;]<\/p>\n","protected":false},"author":5,"featured_media":64260,"comment_status":"open","ping_status":"open","sticky":false,"template":"","format":"standard","meta":{"_uf_show_specific_survey":0,"_uf_disable_surveys":false,"advanced_seo_description":"","jetpack_seo_html_title":"","jetpack_seo_noindex":false,"jetpack_post_was_ever_published":false,"_jetpack_newsletter_access":"","_jetpack_dont_email_post_to_subs":false,"_jetpack_newsletter_tier_id":0,"_jetpack_memberships_contains_paywalled_content":false,"_jetpack_memberships_contains_paid_content":false,"footnotes":"","jetpack_publicize_message":"","jetpack_publicize_feature_enabled":true,"jetpack_social_post_already_shared":true,"jetpack_social_options":{"image_generator_settings":{"template":"highway","default_image_id":0,"font":"","enabled":false},"version":2}},"categories":[75,1724],"tags":[225],"class_list":{"0":"post-64261","1":"post","2":"type-post","3":"status-publish","4":"format-standard","5":"has-post-thumbnail","7":"category-chiapas","8":"category-featured","9":"tag-narcotrafico"},"jetpack_publicize_connections":[],"jetpack_featured_media_url":"https:\/\/i0.wp.com\/mexicocodigorojo.com.mx\/wp-content\/uploads\/2025\/06\/img_2757-1.jpg?fit=1440%2C1440&ssl=1","jetpack-related-posts":[{"id":64257,"url":"https:\/\/mexicocodigorojo.com.mx\/?p=64257","url_meta":{"origin":64261,"position":0},"title":"Pakales abatieron a cuatro implicados en la emboscada a polic\u00edas en Chiapas","author":"Staff","date":"junio 9, 2025","format":false,"excerpt":"Polic\u00edas federales y estatales abatieron este domingo en el municipio de Frontera Comalapa, fronterizo con Guatemala, a cuatro presuntos implicados en el ataque en que murieron cinco polic\u00edas el pasado lunes 2, donde el C\u00e1rtel Jalisco Nueva Generaci\u00f3n (CJNG) y el de Sinaloa se disputan la frontera, confirm\u00f3 la Secretar\u00eda\u2026","rel":"","context":"En \u00abChiapas\u00bb","block_context":{"text":"Chiapas","link":"https:\/\/mexicocodigorojo.com.mx\/?cat=75"},"img":{"alt_text":"","src":"https:\/\/i0.wp.com\/mexicocodigorojo.com.mx\/wp-content\/uploads\/2025\/06\/aaa1f1d4-c7f8-4abe-80d3-5cb1e9707f82-1.jpg?fit=1200%2C900&ssl=1&resize=350%2C200","width":350,"height":200,"srcset":"https:\/\/i0.wp.com\/mexicocodigorojo.com.mx\/wp-content\/uploads\/2025\/06\/aaa1f1d4-c7f8-4abe-80d3-5cb1e9707f82-1.jpg?fit=1200%2C900&ssl=1&resize=350%2C200 1x, https:\/\/i0.wp.com\/mexicocodigorojo.com.mx\/wp-content\/uploads\/2025\/06\/aaa1f1d4-c7f8-4abe-80d3-5cb1e9707f82-1.jpg?fit=1200%2C900&ssl=1&resize=525%2C300 1.5x, https:\/\/i0.wp.com\/mexicocodigorojo.com.mx\/wp-content\/uploads\/2025\/06\/aaa1f1d4-c7f8-4abe-80d3-5cb1e9707f82-1.jpg?fit=1200%2C900&ssl=1&resize=700%2C400 2x, https:\/\/i0.wp.com\/mexicocodigorojo.com.mx\/wp-content\/uploads\/2025\/06\/aaa1f1d4-c7f8-4abe-80d3-5cb1e9707f82-1.jpg?fit=1200%2C900&ssl=1&resize=1050%2C600 3x"},"classes":[]},{"id":53773,"url":"https:\/\/mexicocodigorojo.com.mx\/?p=53773","url_meta":{"origin":64261,"position":1},"title":"Ocupa Edomex primer lugar en sentencias por secuestro","author":"MexicoRojoCvmx","date":"agosto 22, 2022","format":false,"excerpt":"De enero a junio, en el Estado de M\u00e9xico se han obtenido 106 sentencias condenatorias contra responsables del delito de secuestro, por lo que la entidad ocupa el primer lugar a nivel nacional. La Fiscal\u00eda General de Justicia del Estado de M\u00e9xico (FGJEM) inform\u00f3 que de enero a agosto del\u2026","rel":"","context":"En \u00abEstado de M\u00e9xico\u00bb","block_context":{"text":"Estado de M\u00e9xico","link":"https:\/\/mexicocodigorojo.com.mx\/?cat=53"},"img":{"alt_text":"","src":"https:\/\/i0.wp.com\/mexicocodigorojo.com.mx\/wp-content\/uploads\/2022\/08\/5317040.jpg?fit=960%2C640&ssl=1&resize=350%2C200","width":350,"height":200,"srcset":"https:\/\/i0.wp.com\/mexicocodigorojo.com.mx\/wp-content\/uploads\/2022\/08\/5317040.jpg?fit=960%2C640&ssl=1&resize=350%2C200 1x, https:\/\/i0.wp.com\/mexicocodigorojo.com.mx\/wp-content\/uploads\/2022\/08\/5317040.jpg?fit=960%2C640&ssl=1&resize=525%2C300 1.5x, https:\/\/i0.wp.com\/mexicocodigorojo.com.mx\/wp-content\/uploads\/2022\/08\/5317040.jpg?fit=960%2C640&ssl=1&resize=700%2C400 2x"},"classes":[]},{"id":62035,"url":"https:\/\/mexicocodigorojo.com.mx\/?p=62035","url_meta":{"origin":64261,"position":2},"title":"VIDEO SICARIO ABATIDO EN CHIAPAS ERA UN KAIBIL DEL EJ\u00c9RCITO DE GUATEMALA","author":"MexicoRojo","date":"julio 7, 2024","format":false,"excerpt":"SICARIO ABATIDO EN CHIAPAS ERA UN KAIBIL DEL EJ\u00c9RCITO DE GUATEMALA \u00a0 \u00a0 \/ En sus redes presum\u00eda pertenecer a un grupo \u201cDelta\u201d. \u00a0 \u00a0 Oscar Guitz Can, un joven que fue miembro de la Brigada de Paracaidistas de las Fuerzas Armadas de Guatemala, es el primero de los 20\u2026","rel":"","context":"En \u00abChiapas\u00bb","block_context":{"text":"Chiapas","link":"https:\/\/mexicocodigorojo.com.mx\/?cat=75"},"img":{"alt_text":"","src":"https:\/\/i0.wp.com\/mexicocodigorojo.com.mx\/wp-content\/uploads\/2024\/07\/FB_IMG_1720290068269.jpg?fit=720%2C720&ssl=1&resize=350%2C200","width":350,"height":200,"srcset":"https:\/\/i0.wp.com\/mexicocodigorojo.com.mx\/wp-content\/uploads\/2024\/07\/FB_IMG_1720290068269.jpg?fit=720%2C720&ssl=1&resize=350%2C200 1x, https:\/\/i0.wp.com\/mexicocodigorojo.com.mx\/wp-content\/uploads\/2024\/07\/FB_IMG_1720290068269.jpg?fit=720%2C720&ssl=1&resize=525%2C300 1.5x, https:\/\/i0.wp.com\/mexicocodigorojo.com.mx\/wp-content\/uploads\/2024\/07\/FB_IMG_1720290068269.jpg?fit=720%2C720&ssl=1&resize=700%2C400 2x"},"classes":[]},{"id":17937,"url":"https:\/\/mexicocodigorojo.com.mx\/?p=17937","url_meta":{"origin":64261,"position":3},"title":"Despliegan operativo antimigrante a la frontera con Guatemala","author":"Staff","date":"junio 5, 2019","format":false,"excerpt":"Elementos federales de seguridad en coordinaci\u00f3n con el Instituto Nacional de Migraci\u00f3n (INM) implementaron este mi\u00e9rcoles un operativo en la cercan\u00eda de la frontera con Guatemala para frenar una caravana migrante que ingres\u00f3 a M\u00e9xico por la ma\u00f1ana. Luego de que al menos 500 centroamericanos cruzaron por Ciudad Hidalgo, que\u2026","rel":"","context":"En \u00abFeatured\u00bb","block_context":{"text":"Featured","link":"https:\/\/mexicocodigorojo.com.mx\/?cat=1724"},"img":{"alt_text":"","src":"https:\/\/i0.wp.com\/mexicocodigorojo.com.mx\/wp-content\/uploads\/2019\/06\/Detencion_Caravana-10_Fotor-696x465.jpg?fit=696%2C465&ssl=1&resize=350%2C200","width":350,"height":200,"srcset":"https:\/\/i0.wp.com\/mexicocodigorojo.com.mx\/wp-content\/uploads\/2019\/06\/Detencion_Caravana-10_Fotor-696x465.jpg?fit=696%2C465&ssl=1&resize=350%2C200 1x, https:\/\/i0.wp.com\/mexicocodigorojo.com.mx\/wp-content\/uploads\/2019\/06\/Detencion_Caravana-10_Fotor-696x465.jpg?fit=696%2C465&ssl=1&resize=525%2C300 1.5x"},"classes":[]},{"id":47607,"url":"https:\/\/mexicocodigorojo.com.mx\/?p=47607","url_meta":{"origin":64261,"position":4},"title":"REPATRIADOS LOS RESTOS DE 16 GUATEMALTECOS ASESINADOS EN CAMARGO","author":"Staff","date":"marzo 12, 2021","format":false,"excerpt":"Ciudad de Guatemala, 11 de marzo 2021.- Este viernes fueron repatriados los restos de los 16 guatemaltecos cuyos cuerpos fueron encontrados en el ejido Santa Anita, del municipio de Camargo. Desde inicios de esta semana, servidores p\u00fablicos del Gobierno de Tamaulipas y de la Fiscal\u00eda General de Justicia del Estado\u2026","rel":"","context":"En \u00abFeatured\u00bb","block_context":{"text":"Featured","link":"https:\/\/mexicocodigorojo.com.mx\/?cat=1724"},"img":{"alt_text":"","src":"https:\/\/i0.wp.com\/secureservercdn.net\/166.62.108.22\/cg1.af3.myftpupload.com\/wp-content\/uploads\/2021\/03\/img_20210312_08252156783086.jpg?resize=350%2C200&ssl=1","width":350,"height":200,"srcset":"https:\/\/i0.wp.com\/secureservercdn.net\/166.62.108.22\/cg1.af3.myftpupload.com\/wp-content\/uploads\/2021\/03\/img_20210312_08252156783086.jpg?resize=350%2C200&ssl=1 1x, https:\/\/i0.wp.com\/secureservercdn.net\/166.62.108.22\/cg1.af3.myftpupload.com\/wp-content\/uploads\/2021\/03\/img_20210312_08252156783086.jpg?resize=525%2C300&ssl=1 1.5x, https:\/\/i0.wp.com\/secureservercdn.net\/166.62.108.22\/cg1.af3.myftpupload.com\/wp-content\/uploads\/2021\/03\/img_20210312_08252156783086.jpg?resize=700%2C400&ssl=1 2x"},"classes":[]},{"id":9529,"url":"https:\/\/mexicocodigorojo.com.mx\/?p=9529","url_meta":{"origin":64261,"position":5},"title":"Detenidos dos probables responsables del homicidio de los m\u00fasicos de Los Norte\u00f1os de R\u00edo Bravo","author":"Staff","date":"noviembre 27, 2018","format":false,"excerpt":"Ciudad Victoria, Tamaulipas.- La Procuradur\u00eda General de Justicia de Tamaulipas informa que fueron detenidas dos personas como probables responsables del homicidio de dos m\u00fasicos de la agrupaci\u00f3n musical \u201cNorte\u00f1os de R\u00edo Bravo\u201d, ocurrido el pasado fin de semana. Derivado de una denuncia presentada ante el Agente del Ministerio P\u00fablico se\u2026","rel":"","context":"En \u00abTamaulipas\u00bb","block_context":{"text":"Tamaulipas","link":"https:\/\/mexicocodigorojo.com.mx\/?cat=2"},"img":{"alt_text":"","src":"https:\/\/i0.wp.com\/mexicocodigorojo.com.mx\/wp-content\/uploads\/2018\/11\/img-20181127-wa00987135084344647567380.jpg?resize=350%2C200&ssl=1","width":350,"height":200,"srcset":"https:\/\/i0.wp.com\/mexicocodigorojo.com.mx\/wp-content\/uploads\/2018\/11\/img-20181127-wa00987135084344647567380.jpg?resize=350%2C200&ssl=1 1x, https:\/\/i0.wp.com\/mexicocodigorojo.com.mx\/wp-content\/uploads\/2018\/11\/img-20181127-wa00987135084344647567380.jpg?resize=525%2C300&ssl=1 1.5x, https:\/\/i0.wp.com\/mexicocodigorojo.com.mx\/wp-content\/uploads\/2018\/11\/img-20181127-wa00987135084344647567380.jpg?resize=700%2C400&ssl=1 2x"},"classes":[]}],"jetpack_sharing_enabled":true,"jetpack_likes_enabled":true,"jetpack_shortlink":"https:\/\/wp.me\/p9TedA-gIt","_links":{"self":[{"href":"https:\/\/mexicocodigorojo.com.mx\/index.php?rest_route=\/wp\/v2\/posts\/64261","targetHints":{"allow":["GET"]}}],"collection":[{"href":"https:\/\/mexicocodigorojo.com.mx\/index.php?rest_route=\/wp\/v2\/posts"}],"about":[{"href":"https:\/\/mexicocodigorojo.com.mx\/index.php?rest_route=\/wp\/v2\/types\/post"}],"author":[{"embeddable":true,"href":"https:\/\/mexicocodigorojo.com.mx\/index.php?rest_route=\/wp\/v2\/users\/5"}],"replies":[{"embeddable":true,"href":"https:\/\/mexicocodigorojo.com.mx\/index.php?rest_route=%2Fwp%2Fv2%2Fcomments&post=64261"}],"version-history":[{"count":0,"href":"https:\/\/mexicocodigorojo.com.mx\/index.php?rest_route=\/wp\/v2\/posts\/64261\/revisions"}],"wp:featuredmedia":[{"embeddable":true,"href":"https:\/\/mexicocodigorojo.com.mx\/index.php?rest_route=\/wp\/v2\/media\/64260"}],"wp:attachment":[{"href":"https:\/\/mexicocodigorojo.com.mx\/index.php?rest_route=%2Fwp%2Fv2%2Fmedia&parent=64261"}],"wp:term":[{"taxonomy":"category","embeddable":true,"href":"https:\/\/mexicocodigorojo.com.mx\/index.php?rest_route=%2Fwp%2Fv2%2Fcategories&post=64261"},{"taxonomy":"post_tag","embeddable":true,"href":"https:\/\/mexicocodigorojo.com.mx\/index.php?rest_route=%2Fwp%2Fv2%2Ftags&post=64261"}],"curies":[{"name":"wp","href":"https:\/\/api.w.org\/{rel}","templated":true}]}}