{"id":64257,"date":"2025-06-09T07:08:43","date_gmt":"2025-06-09T13:08:43","guid":{"rendered":"https:\/\/mexicocodigorojo.com.mx\/?p=64257"},"modified":"2025-06-09T07:08:43","modified_gmt":"2025-06-09T13:08:43","slug":"pakales-abatieron-a-cuatro-implicados-en-la-emboscada-a-policias-en-chiapas","status":"publish","type":"post","link":"https:\/\/mexicocodigorojo.com.mx\/?p=64257","title":{"rendered":"Pakales abatieron a cuatro implicados en la emboscada a polic\u00edas en Chiapas"},"content":{"rendered":"\n<p>Polic\u00edas federales y estatales abatieron este domingo en el municipio de Frontera Comalapa, fronterizo con Guatemala, a cuatro presuntos implicados en el ataque en que murieron cinco polic\u00edas el pasado lunes 2, donde el C\u00e1rtel Jalisco Nueva Generaci\u00f3n (CJNG) y el de Sinaloa se disputan la frontera, confirm\u00f3 la Secretar\u00eda de Seguridad del Pueblo.<\/p>\n\n\n\n<p>Las fuerzas de seguridad estatales y federales aseguraron cuatro veh\u00edculos, tres con blindaje, tres armas largas AK-47 y 1 arma larga R15 con aditamento de lanzagranadas, se\u00f1al\u00f3 la dependencia en un comunicado.<\/p>\n\n\n\n<p>Un funcionario de seguridad que pidi\u00f3 la omisi\u00f3n de su nombre se\u00f1al\u00f3 que presuntamente los muertos eran integrantes del C\u00e1rtel Chiapas-Guatemala, un brazo armado del CJNG.<\/p>\n\n\n\n<p>La Secretar\u00eda de Seguridad estatal dijo que el operativo fue en respuesta a la emboscada en contra de elementos de la dependencia que \u201cfueron agredidos con armas de fuego y granadas de fragmentaci\u00f3n en la comunidad Las Champas, ubicada en el tramo carretero entre Ciudad Cuauht\u00e9moc y La Mesilla\u201d.<\/p>\n\n\n\n<p>De acuerdo con testimonios, el enfrentamiento que tuvo una duraci\u00f3n de m\u00e1s de dos horas en la zona fronteriza entre M\u00e9xico y Guatemala, espec\u00edficamente en las comunidades de Las Champas y La Mesilla, cerca de Ciudad Cuauht\u00e9moc, municipio de Frontera Comalapa, Chiapas, se registr\u00f3 entre elementos de la Fuerza de Reacci\u00f3n Inmediata Pakal, y de la Secretar\u00eda de Seguridad y Protecci\u00f3n Ciudadana y presuntos integrantes del crimen organizado.<\/p>\n\n\n\n<p>Desde que se registr\u00f3 el ataque a los elementos estatales, las autoridades desplegaron un operativo con m\u00e1s de mil efectivos, helic\u00f3pteros, unidades artilladas y drones.<\/p>\n\n\n\n<p>Los uniformados detuvieron a Jorge \u00abN\u201d \u2014un hombre que dicen particip\u00f3 en la emboscada a polic\u00edas\u2013 y a otras cinco personas relacionadas con el crimen organizado, y tambi\u00e9n a 10 civiles acusados de intentar bloquear caminos para frenar el avance de las fuerzas policiales, seg\u00fan la Fiscal\u00eda.<\/p>\n\n\n\n<h2 class=\"wp-block-heading\"><strong>Regi\u00f3n sumida en la violencia<\/strong><\/h2>\n\n\n\n<p>Frontera Comalapa es el paso obligado para las organizaciones criminales, ya que all\u00ed inician dos de seis rutas que la Secretar\u00eda de la Defensa Nacional ha se\u00f1alado que son utilizadas para el trasiego de drogas, armas y migrantes desde Centroam\u00e9rica hacia M\u00e9xico y Estados Unidos.<\/p>\n\n\n\n<p>Desde 2021 esa regi\u00f3n fronteriza se encuentra sumida en la violencia criminal por la disputa de los c\u00e1rteles, lo que ha derivado en ejecuciones, matanzas, desapariciones y desplazamientos forzados.<\/p>\n\n\n\n<p>Desde que asumi\u00f3 la gubernatura el pasado 8 de diciembre, el gobernador Eduardo Ram\u00edrez Aguilar declar\u00f3 un combate frontal a los c\u00e1rteles, y para ello cre\u00f3 un grupo de \u00e9lite denominado Fuerza de Reacci\u00f3n Inmediata Pakal, integrado en su mayor\u00eda por exagentes de la extinta Polic\u00eda Federal y exmilitares.<\/p>\n\n\n\n<p>La cifra de homicidios en la entidad ha disminuido significativamente, as\u00ed como el delito de extorsi\u00f3n. En mayo pasado se registraron 36 asesinatos, frente a m\u00e1s de 80 en el mismo periodo del a\u00f1o pasado, de acuerdo a datos del Secretariado Ejecutivo del Sistema Nacional de Seguridad P\u00fablica.<\/p>\n","protected":false},"excerpt":{"rendered":"<p>Polic\u00edas federales y estatales abatieron este domingo en el municipio de Frontera Comalapa, fronterizo con Guatemala, a cuatro presuntos implicados en el ataque en que murieron cinco polic\u00edas el pasado lunes 2, donde el C\u00e1rtel Jalisco Nueva Generaci\u00f3n (CJNG) y el de Sinaloa se disputan la frontera, confirm\u00f3 la Secretar\u00eda de Seguridad del Pueblo. Las [&hellip;]<\/p>\n","protected":false},"author":5,"featured_media":64256,"comment_status":"open","ping_status":"open","sticky":false,"template":"","format":"standard","meta":{"_uf_show_specific_survey":0,"_uf_disable_surveys":false,"advanced_seo_description":"","jetpack_seo_html_title":"","jetpack_seo_noindex":false,"jetpack_post_was_ever_published":false,"_jetpack_newsletter_access":"","_jetpack_dont_email_post_to_subs":false,"_jetpack_newsletter_tier_id":0,"_jetpack_memberships_contains_paywalled_content":false,"_jetpack_memberships_contains_paid_content":false,"footnotes":"","jetpack_publicize_message":"","jetpack_publicize_feature_enabled":true,"jetpack_social_post_already_shared":true,"jetpack_social_options":{"image_generator_settings":{"template":"highway","default_image_id":0,"font":"","enabled":false},"version":2}},"categories":[75,1724],"tags":[58,225],"class_list":{"0":"post-64257","1":"post","2":"type-post","3":"status-publish","4":"format-standard","5":"has-post-thumbnail","7":"category-chiapas","8":"category-featured","9":"tag-frontera","10":"tag-narcotrafico"},"jetpack_publicize_connections":[],"jetpack_featured_media_url":"https:\/\/i0.wp.com\/mexicocodigorojo.com.mx\/wp-content\/uploads\/2025\/06\/aaa1f1d4-c7f8-4abe-80d3-5cb1e9707f82-1.jpg?fit=1280%2C960&ssl=1","jetpack-related-posts":[{"id":57352,"url":"https:\/\/mexicocodigorojo.com.mx\/?p=57352","url_meta":{"origin":64257,"position":0},"title":"Federales acuden a zona de conflicto entre C\u00e1rtel de Sinaloa y CJNG en sierra de Chiapas","author":"Staff","date":"septiembre 25, 2023","format":false,"excerpt":"Unos 800 elementos de la Guardia Nacional, el Ej\u00e9rcito y polic\u00edas estatales se movilizaron este lunes en la regi\u00f3n de la Frontera y la Sierra Madre de Chiapas, donde dos grupos del crimen organizado se disputan el control de ese territorio desde hace dos a\u00f1os y que ha dejado miles\u2026","rel":"","context":"En \u00abChiapas\u00bb","block_context":{"text":"Chiapas","link":"https:\/\/mexicocodigorojo.com.mx\/?cat=75"},"img":{"alt_text":"","src":"https:\/\/i0.wp.com\/mexicocodigorojo.com.mx\/wp-content\/uploads\/2023\/09\/183144.jpeg?fit=1200%2C900&ssl=1&resize=350%2C200","width":350,"height":200,"srcset":"https:\/\/i0.wp.com\/mexicocodigorojo.com.mx\/wp-content\/uploads\/2023\/09\/183144.jpeg?fit=1200%2C900&ssl=1&resize=350%2C200 1x, https:\/\/i0.wp.com\/mexicocodigorojo.com.mx\/wp-content\/uploads\/2023\/09\/183144.jpeg?fit=1200%2C900&ssl=1&resize=525%2C300 1.5x, https:\/\/i0.wp.com\/mexicocodigorojo.com.mx\/wp-content\/uploads\/2023\/09\/183144.jpeg?fit=1200%2C900&ssl=1&resize=700%2C400 2x, https:\/\/i0.wp.com\/mexicocodigorojo.com.mx\/wp-content\/uploads\/2023\/09\/183144.jpeg?fit=1200%2C900&ssl=1&resize=1050%2C600 3x"},"classes":[]},{"id":64819,"url":"https:\/\/mexicocodigorojo.com.mx\/?p=64819","url_meta":{"origin":64257,"position":1},"title":"Capturan en Guatemala a \u201cEl Peque\u201d y lo entregan a autoridades de Chiapas","author":"Staff","date":"septiembre 30, 2025","format":false,"excerpt":"El presunto l\u00edder del C\u00e1rtel Chiapas\u2013Guatemala, ligado al CJNG, enfrentar\u00e1 cargos por homicidio, secuestro y extorsi\u00f3n. La captura cierra un cap\u00edtulo de violencia en la frontera sur que ha dejado m\u00e1s de 10 mil desplazados. En Guatemala fue capturado Roger Irabier Roblero L\u00f3pez, alias \u201cEl Peque\u201d, se\u00f1alado como presunto cabecilla\u2026","rel":"","context":"En \u00abChiapas\u00bb","block_context":{"text":"Chiapas","link":"https:\/\/mexicocodigorojo.com.mx\/?cat=75"},"img":{"alt_text":"","src":"https:\/\/i0.wp.com\/mexicocodigorojo.com.mx\/wp-content\/uploads\/2025\/09\/3a8ee65e-7ad6-42e0-a444-0bdf6536ee40.jpg?fit=800%2C600&ssl=1&resize=350%2C200","width":350,"height":200,"srcset":"https:\/\/i0.wp.com\/mexicocodigorojo.com.mx\/wp-content\/uploads\/2025\/09\/3a8ee65e-7ad6-42e0-a444-0bdf6536ee40.jpg?fit=800%2C600&ssl=1&resize=350%2C200 1x, https:\/\/i0.wp.com\/mexicocodigorojo.com.mx\/wp-content\/uploads\/2025\/09\/3a8ee65e-7ad6-42e0-a444-0bdf6536ee40.jpg?fit=800%2C600&ssl=1&resize=525%2C300 1.5x, https:\/\/i0.wp.com\/mexicocodigorojo.com.mx\/wp-content\/uploads\/2025\/09\/3a8ee65e-7ad6-42e0-a444-0bdf6536ee40.jpg?fit=800%2C600&ssl=1&resize=700%2C400 2x"},"classes":[]},{"id":24681,"url":"https:\/\/mexicocodigorojo.com.mx\/?p=24681","url_meta":{"origin":64257,"position":2},"title":"Detienen a cuatro y  rescatan a 279 migrantes en Chiapas","author":"Staff","date":"octubre 3, 2019","format":false,"excerpt":"En Chiapas fueron restacados 279 migrantes centroamericanos en dos eventos distintos, acciones en donde fueron detenidas cuatro personas Un total de\u00a0279 migrantes centroamericanos\u00a0fueron\u00a0rescatados\u00a0de cuatro\u00a0tratantes de personas\u00a0en dos eventos distintos en\u00a0Chiapas, en donde fueron\u00a0detenidas cuatro personas. Fueron agentes de la Polic\u00eda Federal quienes detuvieron a Leonardo \u201cN\u201d y Luis \u201cN\u201d\u00a0en el\u2026","rel":"","context":"En \u00abChiapas\u00bb","block_context":{"text":"Chiapas","link":"https:\/\/mexicocodigorojo.com.mx\/?cat=75"},"img":{"alt_text":"","src":"https:\/\/i0.wp.com\/mexicocodigorojo.com.mx\/wp-content\/uploads\/2019\/10\/migracion-inm.jpg?fit=980%2C550&ssl=1&resize=350%2C200","width":350,"height":200,"srcset":"https:\/\/i0.wp.com\/mexicocodigorojo.com.mx\/wp-content\/uploads\/2019\/10\/migracion-inm.jpg?fit=980%2C550&ssl=1&resize=350%2C200 1x, https:\/\/i0.wp.com\/mexicocodigorojo.com.mx\/wp-content\/uploads\/2019\/10\/migracion-inm.jpg?fit=980%2C550&ssl=1&resize=525%2C300 1.5x, https:\/\/i0.wp.com\/mexicocodigorojo.com.mx\/wp-content\/uploads\/2019\/10\/migracion-inm.jpg?fit=980%2C550&ssl=1&resize=700%2C400 2x"},"classes":[]},{"id":50040,"url":"https:\/\/mexicocodigorojo.com.mx\/?p=50040","url_meta":{"origin":64257,"position":3},"title":"CJNG asesina a \u2018El Junior\u2019, hijo de \u201cEl T\u00edo Gil\u2019, lugarteniente del C\u00e1rtel de Sinaloa en Chiapas","author":"Staff","date":"julio 8, 2021","format":false,"excerpt":"La tarde de este mi\u00e9rcoles fue ejecutado \u201cEl Junior\u201d, Gilberto Rivera Maravilla, alias \u201cEl Junior\u201d, hijo de Gilberto Rivera Amarillas, \u201cEl T\u00edo Gil\u201d -ex lugarteniente del del C\u00e1rtel de Sinaloa en Chiapas, que operaba en la frontera de M\u00e9xico con Guatemala hasta su captura, en 2016-, fue asesinado ayer mi\u00e9rcoles\u2026","rel":"","context":"En \u00abChiapas\u00bb","block_context":{"text":"Chiapas","link":"https:\/\/mexicocodigorojo.com.mx\/?cat=75"},"img":{"alt_text":"","src":"https:\/\/i0.wp.com\/mexicocodigorojo.com.mx\/wp-content\/uploads\/2021\/07\/tux.jpg?fit=768%2C432&ssl=1&resize=350%2C200","width":350,"height":200,"srcset":"https:\/\/i0.wp.com\/mexicocodigorojo.com.mx\/wp-content\/uploads\/2021\/07\/tux.jpg?fit=768%2C432&ssl=1&resize=350%2C200 1x, https:\/\/i0.wp.com\/mexicocodigorojo.com.mx\/wp-content\/uploads\/2021\/07\/tux.jpg?fit=768%2C432&ssl=1&resize=525%2C300 1.5x, https:\/\/i0.wp.com\/mexicocodigorojo.com.mx\/wp-content\/uploads\/2021\/07\/tux.jpg?fit=768%2C432&ssl=1&resize=700%2C400 2x"},"classes":[]},{"id":63619,"url":"https:\/\/mexicocodigorojo.com.mx\/?p=63619","url_meta":{"origin":64257,"position":4},"title":"Detienen al alcalde de Frontera Comalapa acusado de homicidio y desaparici\u00f3n forzada","author":"Staff","date":"enero 5, 2025","format":false,"excerpt":"El presidente municipal interino de Frontera Comalapa, Jos\u00e9 Antonio Villatoro Herrera, fue detenido en un operativo de la Fuerza de Reacci\u00f3n Inmediata Pakal (FRIP) junto a dos sujetos m\u00e1s. A los detenidos se les asegur\u00f3 un veh\u00edculo Volkswagen Amarok 4x4 y dos fusiles, uno calibre .223 y otro calibre 7.62,\u2026","rel":"","context":"En \u00abChiapas\u00bb","block_context":{"text":"Chiapas","link":"https:\/\/mexicocodigorojo.com.mx\/?cat=75"},"img":{"alt_text":"","src":"https:\/\/i0.wp.com\/mexicocodigorojo.com.mx\/wp-content\/uploads\/2025\/01\/214474.webp?fit=1200%2C900&ssl=1&resize=350%2C200","width":350,"height":200,"srcset":"https:\/\/i0.wp.com\/mexicocodigorojo.com.mx\/wp-content\/uploads\/2025\/01\/214474.webp?fit=1200%2C900&ssl=1&resize=350%2C200 1x, https:\/\/i0.wp.com\/mexicocodigorojo.com.mx\/wp-content\/uploads\/2025\/01\/214474.webp?fit=1200%2C900&ssl=1&resize=525%2C300 1.5x, https:\/\/i0.wp.com\/mexicocodigorojo.com.mx\/wp-content\/uploads\/2025\/01\/214474.webp?fit=1200%2C900&ssl=1&resize=700%2C400 2x, https:\/\/i0.wp.com\/mexicocodigorojo.com.mx\/wp-content\/uploads\/2025\/01\/214474.webp?fit=1200%2C900&ssl=1&resize=1050%2C600 3x"},"classes":[]},{"id":64590,"url":"https:\/\/mexicocodigorojo.com.mx\/?p=64590","url_meta":{"origin":64257,"position":5},"title":"Caen cinco presuntos del CJNG en Chiapas","author":"MexicoRojoCvmx","date":"agosto 17, 2025","format":false,"excerpt":"Un operativo interinstitucional en la autopista San Crist\u00f3bal de Las Casas\u2013Chiapa de Corzo permiti\u00f3 la captura de cinco personas que aseguraron pertenecer al C\u00e1rtel Jalisco Nueva Generaci\u00f3n; se les decomisaron drogas, equipo t\u00e1ctico y material con insignias del grupo criminal. En un golpe directo contra el crimen organizado, autoridades de\u2026","rel":"","context":"En \u00abChiapas\u00bb","block_context":{"text":"Chiapas","link":"https:\/\/mexicocodigorojo.com.mx\/?cat=75"},"img":{"alt_text":"","src":"https:\/\/i0.wp.com\/mexicocodigorojo.com.mx\/wp-content\/uploads\/2025\/08\/Chiapas.jpg?fit=678%2C349&ssl=1&resize=350%2C200","width":350,"height":200,"srcset":"https:\/\/i0.wp.com\/mexicocodigorojo.com.mx\/wp-content\/uploads\/2025\/08\/Chiapas.jpg?fit=678%2C349&ssl=1&resize=350%2C200 1x, https:\/\/i0.wp.com\/mexicocodigorojo.com.mx\/wp-content\/uploads\/2025\/08\/Chiapas.jpg?fit=678%2C349&ssl=1&resize=525%2C300 1.5x"},"classes":[]}],"jetpack_sharing_enabled":true,"jetpack_likes_enabled":true,"jetpack_shortlink":"https:\/\/wp.me\/p9TedA-gIp","_links":{"self":[{"href":"https:\/\/mexicocodigorojo.com.mx\/index.php?rest_route=\/wp\/v2\/posts\/64257","targetHints":{"allow":["GET"]}}],"collection":[{"href":"https:\/\/mexicocodigorojo.com.mx\/index.php?rest_route=\/wp\/v2\/posts"}],"about":[{"href":"https:\/\/mexicocodigorojo.com.mx\/index.php?rest_route=\/wp\/v2\/types\/post"}],"author":[{"embeddable":true,"href":"https:\/\/mexicocodigorojo.com.mx\/index.php?rest_route=\/wp\/v2\/users\/5"}],"replies":[{"embeddable":true,"href":"https:\/\/mexicocodigorojo.com.mx\/index.php?rest_route=%2Fwp%2Fv2%2Fcomments&post=64257"}],"version-history":[{"count":0,"href":"https:\/\/mexicocodigorojo.com.mx\/index.php?rest_route=\/wp\/v2\/posts\/64257\/revisions"}],"wp:featuredmedia":[{"embeddable":true,"href":"https:\/\/mexicocodigorojo.com.mx\/index.php?rest_route=\/wp\/v2\/media\/64256"}],"wp:attachment":[{"href":"https:\/\/mexicocodigorojo.com.mx\/index.php?rest_route=%2Fwp%2Fv2%2Fmedia&parent=64257"}],"wp:term":[{"taxonomy":"category","embeddable":true,"href":"https:\/\/mexicocodigorojo.com.mx\/index.php?rest_route=%2Fwp%2Fv2%2Fcategories&post=64257"},{"taxonomy":"post_tag","embeddable":true,"href":"https:\/\/mexicocodigorojo.com.mx\/index.php?rest_route=%2Fwp%2Fv2%2Ftags&post=64257"}],"curies":[{"name":"wp","href":"https:\/\/api.w.org\/{rel}","templated":true}]}}