{"id":64252,"date":"2025-06-02T17:22:46","date_gmt":"2025-06-02T23:22:46","guid":{"rendered":"https:\/\/mexicocodigorojo.com.mx\/?p=64252"},"modified":"2025-06-02T17:22:46","modified_gmt":"2025-06-02T23:22:46","slug":"emboscan-a-policias-estatales-en-frontera-comalapa-la-violencia-desafia-al-estado-en-chiapas","status":"publish","type":"post","link":"https:\/\/mexicocodigorojo.com.mx\/?p=64252","title":{"rendered":"Emboscan a polic\u00edas estatales en Frontera Comalapa: la violencia desaf\u00eda al Estado en Chiapas"},"content":{"rendered":"<p data-start=\"214\" data-end=\"575\"><strong data-start=\"214\" data-end=\"245\">Frontera Comalapa, Chiapas.<\/strong> \u2013 La violencia volvi\u00f3 a estallar en el coraz\u00f3n de la frontera sur. Este lunes, elementos de la Polic\u00eda Estatal fueron emboscados por presuntos integrantes de grupos armados en el tramo que conduce al ejido <em data-start=\"452\" data-end=\"467\">El Sabinalito<\/em>, en el municipio de Frontera Comalapa, una zona marcada por la disputa territorial entre bandas criminales.<\/p>\n<p data-start=\"577\" data-end=\"817\">El hecho fue confirmado por el gobernador del estado, <strong data-start=\"631\" data-end=\"658\">Eduardo Ram\u00edrez Aguilar<\/strong>, quien inform\u00f3 que el ataque ocurri\u00f3 durante un operativo de patrullaje y vigilancia en una zona considerada de alta prioridad por su nivel de conflictividad.<\/p>\n<blockquote data-start=\"819\" data-end=\"1064\">\n<p data-start=\"821\" data-end=\"1064\">\u201cAnte estos hechos, les afirmo que habr\u00e1 una respuesta clara y contundente con la aplicaci\u00f3n irrestricta de la ley. M\u00e1s tarde, el Gabinete de Seguridad proporcionar\u00e1 m\u00e1s informaci\u00f3n y detalles sobre la situaci\u00f3n\u201d, se\u00f1al\u00f3 el mandatario estatal.<\/p>\n<\/blockquote>\n<p data-start=\"1066\" data-end=\"1346\">Aunque a\u00fan no se ha revelado informaci\u00f3n oficial sobre bajas o heridos, fuentes cercanas a las fuerzas de seguridad indican que se trat\u00f3 de una <strong data-start=\"1210\" data-end=\"1231\">emboscada directa<\/strong>, ejecutada con armas de alto poder, en un terreno donde las autoridades han sido rebasadas en m\u00faltiples ocasiones.<\/p>\n<p data-start=\"1348\" data-end=\"1632\">Este ataque ocurre apenas d\u00edas despu\u00e9s de que la Secretar\u00eda de Seguridad del Pueblo presentara con bombo y platillo la unidad t\u00e1ctica \u201c<strong data-start=\"1483\" data-end=\"1492\">Kanan<\/strong>\u201d, un centro de comando m\u00f3vil enviado precisamente a esta regi\u00f3n, con la promesa de pacificar el \u00e1rea y recuperar el control del territorio.<\/p>\n<p data-start=\"1634\" data-end=\"1887\">La emboscada no solo desaf\u00eda al discurso oficial de paz y gobernabilidad, sino que evidencia la cruda realidad de una regi\u00f3n secuestrada por el crimen organizado, donde los uniformes ya no intimidan y las estrategias de contenci\u00f3n parecen insuficientes.<\/p>\n<p data-start=\"1889\" data-end=\"2287\">Frontera Comalapa se ha convertido en <strong data-start=\"1927\" data-end=\"1954\">epicentro del conflicto<\/strong> entre grupos criminales que disputan rutas de tr\u00e1fico de personas, drogas y armas. Las comunidades viven bajo un clima constante de miedo, desplazamientos forzados y bloqueos armados. La poblaci\u00f3n, atrapada entre la indiferencia institucional y la amenaza permanente de los grupos delictivos, exige respuestas m\u00e1s all\u00e1 del discurso.<\/p>\n<p data-start=\"2289\" data-end=\"2464\">En las pr\u00f3ximas horas se espera una declaraci\u00f3n formal del Gabinete de Seguridad. Mientras tanto, Chiapas amanece una vez m\u00e1s con la sombra de la violencia sobre sus monta\u00f1as.<\/p>\n","protected":false},"excerpt":{"rendered":"<p>Frontera Comalapa, Chiapas. \u2013 La violencia volvi\u00f3 a estallar en el coraz\u00f3n de la frontera sur. Este lunes, elementos de la Polic\u00eda Estatal fueron emboscados por presuntos integrantes de grupos armados en el tramo que conduce al ejido El Sabinalito, en el municipio de Frontera Comalapa, una zona marcada por la disputa territorial entre bandas [&hellip;]<\/p>\n","protected":false},"author":21,"featured_media":64253,"comment_status":"open","ping_status":"open","sticky":false,"template":"","format":"standard","meta":{"_uf_show_specific_survey":0,"_uf_disable_surveys":false,"advanced_seo_description":"","jetpack_seo_html_title":"","jetpack_seo_noindex":false,"jetpack_post_was_ever_published":false,"_jetpack_newsletter_access":"","_jetpack_dont_email_post_to_subs":false,"_jetpack_newsletter_tier_id":0,"_jetpack_memberships_contains_paywalled_content":false,"_jetpack_memberships_contains_paid_content":false,"footnotes":"","jetpack_publicize_message":"","jetpack_publicize_feature_enabled":true,"jetpack_social_post_already_shared":true,"jetpack_social_options":{"image_generator_settings":{"template":"highway","default_image_id":0,"font":"","enabled":false},"version":2}},"categories":[75,1724],"tags":[],"class_list":{"0":"post-64252","1":"post","2":"type-post","3":"status-publish","4":"format-standard","5":"has-post-thumbnail","7":"category-chiapas","8":"category-featured"},"jetpack_publicize_connections":[],"jetpack_featured_media_url":"https:\/\/i0.wp.com\/mexicocodigorojo.com.mx\/wp-content\/uploads\/2025\/06\/503573827_1307943484580567_7228549312965453168_n.jpg?fit=1440%2C1080&ssl=1","jetpack-related-posts":[{"id":57474,"url":"https:\/\/mexicocodigorojo.com.mx\/?p=57474","url_meta":{"origin":64252,"position":0},"title":"Habitantes de Chiapas acusan abandono del gobierno ante la violencia e impunidad del Narco","author":"Staff","date":"octubre 2, 2023","format":false,"excerpt":"Habitantes del municipio de Frontera Comalapa, en Chiapas, denunciaron este mi\u00e9rcoles el abandono del gobierno mexicano ante la violencia del narcotr\u00e1fico y grupos criminales. Esto debido a que durante los 17 d\u00edas en que se han intensificado las agresiones contra civiles en m\u00e1s de 11 municipios de la zona fronteriza\u2026","rel":"","context":"En \u00abChiapas\u00bb","block_context":{"text":"Chiapas","link":"https:\/\/mexicocodigorojo.com.mx\/?cat=75"},"img":{"alt_text":"","src":"https:\/\/i0.wp.com\/mexicocodigorojo.com.mx\/wp-content\/uploads\/2023\/10\/chiapasionate.jpg?fit=696%2C464&ssl=1&resize=350%2C200","width":350,"height":200,"srcset":"https:\/\/i0.wp.com\/mexicocodigorojo.com.mx\/wp-content\/uploads\/2023\/10\/chiapasionate.jpg?fit=696%2C464&ssl=1&resize=350%2C200 1x, https:\/\/i0.wp.com\/mexicocodigorojo.com.mx\/wp-content\/uploads\/2023\/10\/chiapasionate.jpg?fit=696%2C464&ssl=1&resize=525%2C300 1.5x"},"classes":[]},{"id":64819,"url":"https:\/\/mexicocodigorojo.com.mx\/?p=64819","url_meta":{"origin":64252,"position":1},"title":"Capturan en Guatemala a \u201cEl Peque\u201d y lo entregan a autoridades de Chiapas","author":"Staff","date":"septiembre 30, 2025","format":false,"excerpt":"El presunto l\u00edder del C\u00e1rtel Chiapas\u2013Guatemala, ligado al CJNG, enfrentar\u00e1 cargos por homicidio, secuestro y extorsi\u00f3n. La captura cierra un cap\u00edtulo de violencia en la frontera sur que ha dejado m\u00e1s de 10 mil desplazados. En Guatemala fue capturado Roger Irabier Roblero L\u00f3pez, alias \u201cEl Peque\u201d, se\u00f1alado como presunto cabecilla\u2026","rel":"","context":"En \u00abChiapas\u00bb","block_context":{"text":"Chiapas","link":"https:\/\/mexicocodigorojo.com.mx\/?cat=75"},"img":{"alt_text":"","src":"https:\/\/i0.wp.com\/mexicocodigorojo.com.mx\/wp-content\/uploads\/2025\/09\/3a8ee65e-7ad6-42e0-a444-0bdf6536ee40.jpg?fit=800%2C600&ssl=1&resize=350%2C200","width":350,"height":200,"srcset":"https:\/\/i0.wp.com\/mexicocodigorojo.com.mx\/wp-content\/uploads\/2025\/09\/3a8ee65e-7ad6-42e0-a444-0bdf6536ee40.jpg?fit=800%2C600&ssl=1&resize=350%2C200 1x, https:\/\/i0.wp.com\/mexicocodigorojo.com.mx\/wp-content\/uploads\/2025\/09\/3a8ee65e-7ad6-42e0-a444-0bdf6536ee40.jpg?fit=800%2C600&ssl=1&resize=525%2C300 1.5x, https:\/\/i0.wp.com\/mexicocodigorojo.com.mx\/wp-content\/uploads\/2025\/09\/3a8ee65e-7ad6-42e0-a444-0bdf6536ee40.jpg?fit=800%2C600&ssl=1&resize=700%2C400 2x"},"classes":[]},{"id":57352,"url":"https:\/\/mexicocodigorojo.com.mx\/?p=57352","url_meta":{"origin":64252,"position":2},"title":"Federales acuden a zona de conflicto entre C\u00e1rtel de Sinaloa y CJNG en sierra de Chiapas","author":"Staff","date":"septiembre 25, 2023","format":false,"excerpt":"Unos 800 elementos de la Guardia Nacional, el Ej\u00e9rcito y polic\u00edas estatales se movilizaron este lunes en la regi\u00f3n de la Frontera y la Sierra Madre de Chiapas, donde dos grupos del crimen organizado se disputan el control de ese territorio desde hace dos a\u00f1os y que ha dejado miles\u2026","rel":"","context":"En \u00abChiapas\u00bb","block_context":{"text":"Chiapas","link":"https:\/\/mexicocodigorojo.com.mx\/?cat=75"},"img":{"alt_text":"","src":"https:\/\/i0.wp.com\/mexicocodigorojo.com.mx\/wp-content\/uploads\/2023\/09\/183144.jpeg?fit=1200%2C900&ssl=1&resize=350%2C200","width":350,"height":200,"srcset":"https:\/\/i0.wp.com\/mexicocodigorojo.com.mx\/wp-content\/uploads\/2023\/09\/183144.jpeg?fit=1200%2C900&ssl=1&resize=350%2C200 1x, https:\/\/i0.wp.com\/mexicocodigorojo.com.mx\/wp-content\/uploads\/2023\/09\/183144.jpeg?fit=1200%2C900&ssl=1&resize=525%2C300 1.5x, https:\/\/i0.wp.com\/mexicocodigorojo.com.mx\/wp-content\/uploads\/2023\/09\/183144.jpeg?fit=1200%2C900&ssl=1&resize=700%2C400 2x, https:\/\/i0.wp.com\/mexicocodigorojo.com.mx\/wp-content\/uploads\/2023\/09\/183144.jpeg?fit=1200%2C900&ssl=1&resize=1050%2C600 3x"},"classes":[]},{"id":57340,"url":"https:\/\/mexicocodigorojo.com.mx\/?p=57340","url_meta":{"origin":64252,"position":3},"title":"Pobladores de Chiapas aplaudieron ingreso del C\u00e1rtel de Sinaloa","author":"Staff","date":"septiembre 25, 2023","format":false,"excerpt":"Como un pasillo, los dos arcenes de la carretera est\u00e1n ocupados por filas de gente que aguarda a que lleguen los coches. Son camionetas tipo Suburban con los cristales tintados y alguna pick up que en el parte trasera lleva de carga grupos de hombres armados. Al pasar tocan el\u2026","rel":"","context":"En \u00abChiapas\u00bb","block_context":{"text":"Chiapas","link":"https:\/\/mexicocodigorojo.com.mx\/?cat=75"},"img":{"alt_text":"","src":"https:\/\/i0.wp.com\/mexicocodigorojo.com.mx\/wp-content\/uploads\/2023\/09\/20230924073911932-0-2101997.jpg?fit=980%2C617&ssl=1&resize=350%2C200","width":350,"height":200,"srcset":"https:\/\/i0.wp.com\/mexicocodigorojo.com.mx\/wp-content\/uploads\/2023\/09\/20230924073911932-0-2101997.jpg?fit=980%2C617&ssl=1&resize=350%2C200 1x, https:\/\/i0.wp.com\/mexicocodigorojo.com.mx\/wp-content\/uploads\/2023\/09\/20230924073911932-0-2101997.jpg?fit=980%2C617&ssl=1&resize=525%2C300 1.5x, https:\/\/i0.wp.com\/mexicocodigorojo.com.mx\/wp-content\/uploads\/2023\/09\/20230924073911932-0-2101997.jpg?fit=980%2C617&ssl=1&resize=700%2C400 2x"},"classes":[]},{"id":63769,"url":"https:\/\/mexicocodigorojo.com.mx\/?p=63769","url_meta":{"origin":64252,"position":4},"title":"Detenci\u00f3n de Alcaldes en Chiapas: Una Lucha Contra la Corrupci\u00f3n y el Crimen Organizado","author":"MexicoRojoCvmx","date":"enero 30, 2025","format":false,"excerpt":"San Crist\u00f3bal de las Casas.- En un esfuerzo por erradicar la corrupci\u00f3n y los v\u00ednculos con el crimen organizado, la Polic\u00eda Estatal de Chiapas detuvo a Rosember L\u00f3pez Roblero, alcalde del municipio de Bella Vista. La detenci\u00f3n fue anunciada por el gobernador Eduardo Ram\u00edrez Aguilar a trav\u00e9s de un mensaje\u2026","rel":"","context":"En \u00abChiapas\u00bb","block_context":{"text":"Chiapas","link":"https:\/\/mexicocodigorojo.com.mx\/?cat=75"},"img":{"alt_text":"","src":"https:\/\/i0.wp.com\/mexicocodigorojo.com.mx\/wp-content\/uploads\/2025\/01\/Captura-de-pantalla-2025-01-30-150340.png?fit=1085%2C658&ssl=1&resize=350%2C200","width":350,"height":200,"srcset":"https:\/\/i0.wp.com\/mexicocodigorojo.com.mx\/wp-content\/uploads\/2025\/01\/Captura-de-pantalla-2025-01-30-150340.png?fit=1085%2C658&ssl=1&resize=350%2C200 1x, https:\/\/i0.wp.com\/mexicocodigorojo.com.mx\/wp-content\/uploads\/2025\/01\/Captura-de-pantalla-2025-01-30-150340.png?fit=1085%2C658&ssl=1&resize=525%2C300 1.5x, https:\/\/i0.wp.com\/mexicocodigorojo.com.mx\/wp-content\/uploads\/2025\/01\/Captura-de-pantalla-2025-01-30-150340.png?fit=1085%2C658&ssl=1&resize=700%2C400 2x, https:\/\/i0.wp.com\/mexicocodigorojo.com.mx\/wp-content\/uploads\/2025\/01\/Captura-de-pantalla-2025-01-30-150340.png?fit=1085%2C658&ssl=1&resize=1050%2C600 3x"},"classes":[]},{"id":63615,"url":"https:\/\/mexicocodigorojo.com.mx\/?p=63615","url_meta":{"origin":64252,"position":5},"title":"Reanudan b\u00fasqueda de excandidato desaparecido de Frontera Comalapa","author":"Staff","date":"enero 13, 2025","format":false,"excerpt":"La Fiscal\u00eda General de Chiapas y la Comisi\u00f3n Estatal de B\u00fasqueda reactivaron la b\u00fasqueda de Rey David Guti\u00e9rrez V\u00e1zquez, quien en las elecciones de 2024 fuera candidato del Partido del Trabajo (PT) a la presidencia municipal de Frontera Comalapa, y que el 27 de abril de ese mismo a\u00f1o fuera\u2026","rel":"","context":"En \u00abChiapas\u00bb","block_context":{"text":"Chiapas","link":"https:\/\/mexicocodigorojo.com.mx\/?cat=75"},"img":{"alt_text":"","src":"https:\/\/i0.wp.com\/mexicocodigorojo.com.mx\/wp-content\/uploads\/2025\/01\/f685x385-215031_252724_5050.webp?fit=685%2C385&ssl=1&resize=350%2C200","width":350,"height":200,"srcset":"https:\/\/i0.wp.com\/mexicocodigorojo.com.mx\/wp-content\/uploads\/2025\/01\/f685x385-215031_252724_5050.webp?fit=685%2C385&ssl=1&resize=350%2C200 1x, https:\/\/i0.wp.com\/mexicocodigorojo.com.mx\/wp-content\/uploads\/2025\/01\/f685x385-215031_252724_5050.webp?fit=685%2C385&ssl=1&resize=525%2C300 1.5x"},"classes":[]}],"jetpack_sharing_enabled":true,"jetpack_likes_enabled":true,"jetpack_shortlink":"https:\/\/wp.me\/p9TedA-gIk","_links":{"self":[{"href":"https:\/\/mexicocodigorojo.com.mx\/index.php?rest_route=\/wp\/v2\/posts\/64252","targetHints":{"allow":["GET"]}}],"collection":[{"href":"https:\/\/mexicocodigorojo.com.mx\/index.php?rest_route=\/wp\/v2\/posts"}],"about":[{"href":"https:\/\/mexicocodigorojo.com.mx\/index.php?rest_route=\/wp\/v2\/types\/post"}],"author":[{"embeddable":true,"href":"https:\/\/mexicocodigorojo.com.mx\/index.php?rest_route=\/wp\/v2\/users\/21"}],"replies":[{"embeddable":true,"href":"https:\/\/mexicocodigorojo.com.mx\/index.php?rest_route=%2Fwp%2Fv2%2Fcomments&post=64252"}],"version-history":[{"count":1,"href":"https:\/\/mexicocodigorojo.com.mx\/index.php?rest_route=\/wp\/v2\/posts\/64252\/revisions"}],"predecessor-version":[{"id":64254,"href":"https:\/\/mexicocodigorojo.com.mx\/index.php?rest_route=\/wp\/v2\/posts\/64252\/revisions\/64254"}],"wp:featuredmedia":[{"embeddable":true,"href":"https:\/\/mexicocodigorojo.com.mx\/index.php?rest_route=\/wp\/v2\/media\/64253"}],"wp:attachment":[{"href":"https:\/\/mexicocodigorojo.com.mx\/index.php?rest_route=%2Fwp%2Fv2%2Fmedia&parent=64252"}],"wp:term":[{"taxonomy":"category","embeddable":true,"href":"https:\/\/mexicocodigorojo.com.mx\/index.php?rest_route=%2Fwp%2Fv2%2Fcategories&post=64252"},{"taxonomy":"post_tag","embeddable":true,"href":"https:\/\/mexicocodigorojo.com.mx\/index.php?rest_route=%2Fwp%2Fv2%2Ftags&post=64252"}],"curies":[{"name":"wp","href":"https:\/\/api.w.org\/{rel}","templated":true}]}}