{"id":64249,"date":"2025-05-12T17:13:58","date_gmt":"2025-05-12T23:13:58","guid":{"rendered":"https:\/\/mexicocodigorojo.com.mx\/?p=64249"},"modified":"2025-06-02T17:15:19","modified_gmt":"2025-06-02T23:15:19","slug":"presentan-la-unidad-kanan-centro-movil-de-seguridad-para-zonas-vulnerables-de-chiapas","status":"publish","type":"post","link":"https:\/\/mexicocodigorojo.com.mx\/?p=64249","title":{"rendered":"Presentan la unidad Kanan: centro m\u00f3vil de seguridad para zonas vulnerables de Chiapas"},"content":{"rendered":"<p data-start=\"376\" data-end=\"820\">Con el objetivo de <strong data-start=\"395\" data-end=\"459\">garantizar seguridad en regiones hist\u00f3ricamente desatendidas<\/strong> y fortalecer la <strong data-start=\"476\" data-end=\"526\">gobernabilidad en zonas de alta vulnerabilidad<\/strong>, el gobierno de Chiapas, encabezado por <strong data-start=\"567\" data-end=\"594\">Eduardo Ram\u00edrez Aguilar<\/strong>, y la <strong data-start=\"601\" data-end=\"645\">Secretar\u00eda de Seguridad del Pueblo (SSP)<\/strong>, liderada por el doctor y piloto aviador <strong data-start=\"687\" data-end=\"722\">\u00d3scar Alberto Aparicio Avenda\u00f1o<\/strong>, presentaron la primera unidad <strong data-start=\"754\" data-end=\"763\">Kanan<\/strong>, una estructura m\u00f3vil de seguridad de \u00faltima generaci\u00f3n.<\/p>\n<hr data-start=\"822\" data-end=\"825\" \/>\n<h3 data-start=\"827\" data-end=\"887\">Tecnolog\u00eda, movilidad y autonom\u00eda para enfrentar riesgos<\/h3>\n<p data-start=\"889\" data-end=\"1088\"><strong data-start=\"889\" data-end=\"898\">Kanan<\/strong> \u2014nombre que en lengua maya significa \u201cproteger\u201d o \u201cguardianes\u201d\u2014 es una unidad <strong data-start=\"977\" data-end=\"995\">m\u00f3vil blindada<\/strong> de 40 pies de largo que funciona como un <strong data-start=\"1037\" data-end=\"1073\">Centro de Comando y Control (C2)<\/strong>, equipada con:<\/p>\n<ul data-start=\"1090\" data-end=\"1334\">\n<li data-start=\"1090\" data-end=\"1147\">\n<p data-start=\"1092\" data-end=\"1147\">Sistemas de <strong data-start=\"1104\" data-end=\"1145\">vigilancia y monitoreo en tiempo real<\/strong><\/p>\n<\/li>\n<li data-start=\"1148\" data-end=\"1178\">\n<p data-start=\"1150\" data-end=\"1178\"><strong data-start=\"1150\" data-end=\"1176\">Comunicaci\u00f3n satelital<\/strong><\/p>\n<\/li>\n<li data-start=\"1179\" data-end=\"1204\">\n<p data-start=\"1181\" data-end=\"1204\"><strong data-start=\"1181\" data-end=\"1202\">Energ\u00eda renovable<\/strong><\/p>\n<\/li>\n<li data-start=\"1205\" data-end=\"1284\">\n<p data-start=\"1207\" data-end=\"1284\">Dormitorios, cocina, sanitarios y espacios operativos para <strong data-start=\"1266\" data-end=\"1282\">18 elementos<\/strong><\/p>\n<\/li>\n<li data-start=\"1285\" data-end=\"1334\">\n<p data-start=\"1287\" data-end=\"1334\">Conexi\u00f3n directa al sistema <strong data-start=\"1315\" data-end=\"1334\">C5 Escudo Pakal<\/strong><\/p>\n<\/li>\n<\/ul>\n<p data-start=\"1336\" data-end=\"1535\">Su dise\u00f1o busca ofrecer <strong data-start=\"1360\" data-end=\"1399\">reacci\u00f3n inmediata ante emergencias<\/strong>, <strong data-start=\"1401\" data-end=\"1434\">mejores condiciones laborales<\/strong> a los elementos desplegados, y una presencia t\u00e1ctica s\u00f3lida sin depender de infraestructura externa.<\/p>\n<hr data-start=\"1537\" data-end=\"1540\" \/>\n<h3 data-start=\"1542\" data-end=\"1576\">Seguridad con visi\u00f3n de futuro<\/h3>\n<p data-start=\"1578\" data-end=\"1903\">Durante el evento, realizado con presencia de autoridades estatales y federales, <strong data-start=\"1659\" data-end=\"1680\">Aparicio Avenda\u00f1o<\/strong> destac\u00f3 que Kanan representa un <strong data-start=\"1713\" data-end=\"1755\">salto estrat\u00e9gico en seguridad p\u00fablica<\/strong>, al integrar tecnolog\u00eda, movilidad y dignidad operativa. Agradeci\u00f3 al gobernador por el respaldo y la inversi\u00f3n en este nuevo modelo de despliegue.<\/p>\n<p data-start=\"1905\" data-end=\"2154\">Por su parte, <strong data-start=\"1919\" data-end=\"1938\">Eduardo Ram\u00edrez<\/strong> ratific\u00f3 su apoyo a la SSP y reconoci\u00f3 los avances logrados con este tipo de innovaciones, asegurando que la seguridad ser\u00e1 una de las prioridades de su gobierno en esta <strong data-start=\"2109\" data-end=\"2122\">nueva ERA<\/strong> de transformaci\u00f3n para Chiapas.<\/p>\n<hr data-start=\"2156\" data-end=\"2159\" \/>\n<h3 data-start=\"2161\" data-end=\"2206\">Despliegue inicial y proyecciones futuras<\/h3>\n<p data-start=\"2208\" data-end=\"2348\">La primera unidad Kanan ser\u00e1 enviada al poblado de <strong data-start=\"2259\" data-end=\"2276\">El Sabinalito<\/strong> y se proyecta una <strong data-start=\"2295\" data-end=\"2333\">ampliaci\u00f3n progresiva del programa<\/strong>, incorporando:<\/p>\n<ul data-start=\"2350\" data-end=\"2548\">\n<li data-start=\"2350\" data-end=\"2391\">\n<p data-start=\"2352\" data-end=\"2391\">Nuevas unidades en zonas estrat\u00e9gicas<\/p>\n<\/li>\n<li data-start=\"2392\" data-end=\"2480\">\n<p data-start=\"2394\" data-end=\"2480\">Tecnolog\u00eda de <strong data-start=\"2408\" data-end=\"2478\">inteligencia artificial, reconocimiento facial y an\u00e1lisis de datos<\/strong><\/p>\n<\/li>\n<li data-start=\"2481\" data-end=\"2548\">\n<p data-start=\"2483\" data-end=\"2548\">Programas de <strong data-start=\"2496\" data-end=\"2521\">capacitaci\u00f3n continua<\/strong> para el personal operativo<\/p>\n<\/li>\n<\/ul>\n<hr data-start=\"2550\" data-end=\"2553\" \/>\n<h3 data-start=\"2555\" data-end=\"2597\">Paz con infraestructura y coordinaci\u00f3n<\/h3>\n<p data-start=\"2599\" data-end=\"2858\">Con esta estrategia, la <strong data-start=\"2623\" data-end=\"2661\">Secretar\u00eda de Seguridad del Pueblo<\/strong> reafirma su compromiso con una <strong data-start=\"2693\" data-end=\"2744\">seguridad eficiente, digna y cercana a la gente<\/strong>, llevando paz donde m\u00e1s se necesita y avanzando hacia un <strong data-start=\"2802\" data-end=\"2857\">nuevo modelo de atenci\u00f3n y respuesta ante el crimen<\/strong>.<\/p>\n","protected":false},"excerpt":{"rendered":"<p>Con el objetivo de garantizar seguridad en regiones hist\u00f3ricamente desatendidas y fortalecer la gobernabilidad en zonas de alta vulnerabilidad, el gobierno de Chiapas, encabezado por Eduardo Ram\u00edrez Aguilar, y la Secretar\u00eda de Seguridad del Pueblo (SSP), liderada por el doctor y piloto aviador \u00d3scar Alberto Aparicio Avenda\u00f1o, presentaron la primera unidad Kanan, una estructura m\u00f3vil [&hellip;]<\/p>\n","protected":false},"author":21,"featured_media":64250,"comment_status":"open","ping_status":"open","sticky":false,"template":"","format":"standard","meta":{"_uf_show_specific_survey":0,"_uf_disable_surveys":false,"advanced_seo_description":"","jetpack_seo_html_title":"","jetpack_seo_noindex":false,"jetpack_post_was_ever_published":false,"_jetpack_newsletter_access":"","_jetpack_dont_email_post_to_subs":false,"_jetpack_newsletter_tier_id":0,"_jetpack_memberships_contains_paywalled_content":false,"_jetpack_memberships_contains_paid_content":false,"footnotes":"","jetpack_publicize_message":"","jetpack_publicize_feature_enabled":true,"jetpack_social_post_already_shared":true,"jetpack_social_options":{"image_generator_settings":{"template":"highway","default_image_id":0,"font":"","enabled":false},"version":2}},"categories":[75],"tags":[],"class_list":{"0":"post-64249","1":"post","2":"type-post","3":"status-publish","4":"format-standard","5":"has-post-thumbnail","7":"category-chiapas"},"jetpack_publicize_connections":[],"jetpack_featured_media_url":"https:\/\/i0.wp.com\/mexicocodigorojo.com.mx\/wp-content\/uploads\/2025\/06\/nn146.jpg?fit=1440%2C959&ssl=1","jetpack-related-posts":[{"id":64252,"url":"https:\/\/mexicocodigorojo.com.mx\/?p=64252","url_meta":{"origin":64249,"position":0},"title":"Emboscan a polic\u00edas estatales en Frontera Comalapa: la violencia desaf\u00eda al Estado en Chiapas","author":"MexicoRojoCvmx","date":"junio 2, 2025","format":false,"excerpt":"Frontera Comalapa, Chiapas. \u2013 La violencia volvi\u00f3 a estallar en el coraz\u00f3n de la frontera sur. Este lunes, elementos de la Polic\u00eda Estatal fueron emboscados por presuntos integrantes de grupos armados en el tramo que conduce al ejido El Sabinalito, en el municipio de Frontera Comalapa, una zona marcada por\u2026","rel":"","context":"En \u00abChiapas\u00bb","block_context":{"text":"Chiapas","link":"https:\/\/mexicocodigorojo.com.mx\/?cat=75"},"img":{"alt_text":"","src":"https:\/\/i0.wp.com\/mexicocodigorojo.com.mx\/wp-content\/uploads\/2025\/06\/503573827_1307943484580567_7228549312965453168_n.jpg?fit=1200%2C900&ssl=1&resize=350%2C200","width":350,"height":200,"srcset":"https:\/\/i0.wp.com\/mexicocodigorojo.com.mx\/wp-content\/uploads\/2025\/06\/503573827_1307943484580567_7228549312965453168_n.jpg?fit=1200%2C900&ssl=1&resize=350%2C200 1x, https:\/\/i0.wp.com\/mexicocodigorojo.com.mx\/wp-content\/uploads\/2025\/06\/503573827_1307943484580567_7228549312965453168_n.jpg?fit=1200%2C900&ssl=1&resize=525%2C300 1.5x, https:\/\/i0.wp.com\/mexicocodigorojo.com.mx\/wp-content\/uploads\/2025\/06\/503573827_1307943484580567_7228549312965453168_n.jpg?fit=1200%2C900&ssl=1&resize=700%2C400 2x, https:\/\/i0.wp.com\/mexicocodigorojo.com.mx\/wp-content\/uploads\/2025\/06\/503573827_1307943484580567_7228549312965453168_n.jpg?fit=1200%2C900&ssl=1&resize=1050%2C600 3x"},"classes":[]},{"id":64669,"url":"https:\/\/mexicocodigorojo.com.mx\/?p=64669","url_meta":{"origin":64249,"position":1},"title":"Secretario de Seguridad del Pueblo marca un hito hist\u00f3rico al reunirse con la Polic\u00eda Rural de Huehuet\u00e1n","author":"MexicoRojoCvmx","date":"agosto 15, 2025","format":false,"excerpt":"Huehuet\u00e1n, Chiapas. \u2013 En un hecho sin precedentes para la seguridad en la entidad, el secretario de Seguridad del Pueblo, doctor y piloto aviador \u00d3scar Alberto Aparicio Avenda\u00f1o, se convirti\u00f3 en el primer titular de la dependencia en sostener una reuni\u00f3n formal con la Polic\u00eda Rural de la Zona Alta\u2026","rel":"","context":"En \u00abChiapas\u00bb","block_context":{"text":"Chiapas","link":"https:\/\/mexicocodigorojo.com.mx\/?cat=75"},"img":{"alt_text":"","src":"https:\/\/i0.wp.com\/mexicocodigorojo.com.mx\/wp-content\/uploads\/2025\/09\/nn452.jpg?fit=1200%2C673&ssl=1&resize=350%2C200","width":350,"height":200,"srcset":"https:\/\/i0.wp.com\/mexicocodigorojo.com.mx\/wp-content\/uploads\/2025\/09\/nn452.jpg?fit=1200%2C673&ssl=1&resize=350%2C200 1x, https:\/\/i0.wp.com\/mexicocodigorojo.com.mx\/wp-content\/uploads\/2025\/09\/nn452.jpg?fit=1200%2C673&ssl=1&resize=525%2C300 1.5x, https:\/\/i0.wp.com\/mexicocodigorojo.com.mx\/wp-content\/uploads\/2025\/09\/nn452.jpg?fit=1200%2C673&ssl=1&resize=700%2C400 2x, https:\/\/i0.wp.com\/mexicocodigorojo.com.mx\/wp-content\/uploads\/2025\/09\/nn452.jpg?fit=1200%2C673&ssl=1&resize=1050%2C600 3x"},"classes":[]},{"id":64996,"url":"https:\/\/mexicocodigorojo.com.mx\/?p=64996","url_meta":{"origin":64249,"position":2},"title":"\u201cCero Corrupci\u00f3n y Resultados Contundentes\u201d: Aparicio Avenda\u00f1o blinda la seguridad en Chiapas","author":"Staff","date":"diciembre 25, 2025","format":false,"excerpt":"Tuxtla Guti\u00e9rrez, Chiapas. \u2013 Bajo la premisa de que la seguridad es una prioridad compartida, la Secretar\u00eda de Seguridad del Pueblo (SSP), encabezada por su titular, \u00d3scar Alberto Aparicio Avenda\u00f1o, ha intensificado de manera permanente las acciones operativas en todo el territorio estatal. Mediante una presencia estrat\u00e9gica en carreteras y\u2026","rel":"","context":"En \u00abChiapas\u00bb","block_context":{"text":"Chiapas","link":"https:\/\/mexicocodigorojo.com.mx\/?cat=75"},"img":{"alt_text":"","src":"https:\/\/i0.wp.com\/mexicocodigorojo.com.mx\/wp-content\/uploads\/2025\/12\/d95e96a9-304d-440d-8231-3c4424bc01ad.jpg?fit=1200%2C801&ssl=1&resize=350%2C200","width":350,"height":200,"srcset":"https:\/\/i0.wp.com\/mexicocodigorojo.com.mx\/wp-content\/uploads\/2025\/12\/d95e96a9-304d-440d-8231-3c4424bc01ad.jpg?fit=1200%2C801&ssl=1&resize=350%2C200 1x, https:\/\/i0.wp.com\/mexicocodigorojo.com.mx\/wp-content\/uploads\/2025\/12\/d95e96a9-304d-440d-8231-3c4424bc01ad.jpg?fit=1200%2C801&ssl=1&resize=525%2C300 1.5x, https:\/\/i0.wp.com\/mexicocodigorojo.com.mx\/wp-content\/uploads\/2025\/12\/d95e96a9-304d-440d-8231-3c4424bc01ad.jpg?fit=1200%2C801&ssl=1&resize=700%2C400 2x, https:\/\/i0.wp.com\/mexicocodigorojo.com.mx\/wp-content\/uploads\/2025\/12\/d95e96a9-304d-440d-8231-3c4424bc01ad.jpg?fit=1200%2C801&ssl=1&resize=1050%2C600 3x"},"classes":[]},{"id":64056,"url":"https:\/\/mexicocodigorojo.com.mx\/?p=64056","url_meta":{"origin":64249,"position":3},"title":"San Juan Chamula: operativo de seguridad resguarda asamblea con 158 comunidades","author":"MexicoRojoCvmx","date":"abril 1, 2025","format":false,"excerpt":"San Juan Chamula, Chiapas. Un amplio operativo de seguridad fue desplegado este fin de semana en el municipio ind\u00edgena de San Juan Chamula, con el fin de garantizar la paz social durante una asamblea comunitaria que reuni\u00f3 a representantes de 158 comunidades tzotziles. El dispositivo fue encabezado por la Secretar\u00eda\u2026","rel":"","context":"En \u00abChiapas\u00bb","block_context":{"text":"Chiapas","link":"https:\/\/mexicocodigorojo.com.mx\/?cat=75"},"img":{"alt_text":"","src":"https:\/\/i0.wp.com\/mexicocodigorojo.com.mx\/wp-content\/uploads\/2025\/04\/Captura-de-pantalla-2025-04-01-170624.jpg?fit=977%2C546&ssl=1&resize=350%2C200","width":350,"height":200,"srcset":"https:\/\/i0.wp.com\/mexicocodigorojo.com.mx\/wp-content\/uploads\/2025\/04\/Captura-de-pantalla-2025-04-01-170624.jpg?fit=977%2C546&ssl=1&resize=350%2C200 1x, https:\/\/i0.wp.com\/mexicocodigorojo.com.mx\/wp-content\/uploads\/2025\/04\/Captura-de-pantalla-2025-04-01-170624.jpg?fit=977%2C546&ssl=1&resize=525%2C300 1.5x, https:\/\/i0.wp.com\/mexicocodigorojo.com.mx\/wp-content\/uploads\/2025\/04\/Captura-de-pantalla-2025-04-01-170624.jpg?fit=977%2C546&ssl=1&resize=700%2C400 2x"},"classes":[]},{"id":63867,"url":"https:\/\/mexicocodigorojo.com.mx\/?p=63867","url_meta":{"origin":64249,"position":4},"title":"Chiapas Innovar\u00e1 en Seguridad con Estrategias Proactivas y Comunitarias","author":"MexicoRojoCvmx","date":"febrero 25, 2025","format":false,"excerpt":"Chiapas se enfrenta a un cambio radical en su estrategia de seguridad con la llegada de \u00d3scar Alberto Aparicio Avenda\u00f1o al frente de la Secretar\u00eda de Seguridad del Pueblo. Aparicio, conocido por su amplia experiencia en t\u00e1cticas de seguridad y operaciones especiales, ahora pone el foco en la prevenci\u00f3n del\u2026","rel":"","context":"En \u00abChiapas\u00bb","block_context":{"text":"Chiapas","link":"https:\/\/mexicocodigorojo.com.mx\/?cat=75"},"img":{"alt_text":"","src":"https:\/\/i0.wp.com\/mexicocodigorojo.com.mx\/wp-content\/uploads\/2025\/02\/Captura-de-pantalla-2025-02-25-053822.png?fit=949%2C682&ssl=1&resize=350%2C200","width":350,"height":200,"srcset":"https:\/\/i0.wp.com\/mexicocodigorojo.com.mx\/wp-content\/uploads\/2025\/02\/Captura-de-pantalla-2025-02-25-053822.png?fit=949%2C682&ssl=1&resize=350%2C200 1x, https:\/\/i0.wp.com\/mexicocodigorojo.com.mx\/wp-content\/uploads\/2025\/02\/Captura-de-pantalla-2025-02-25-053822.png?fit=949%2C682&ssl=1&resize=525%2C300 1.5x, https:\/\/i0.wp.com\/mexicocodigorojo.com.mx\/wp-content\/uploads\/2025\/02\/Captura-de-pantalla-2025-02-25-053822.png?fit=949%2C682&ssl=1&resize=700%2C400 2x"},"classes":[]},{"id":64263,"url":"https:\/\/mexicocodigorojo.com.mx\/?p=64263","url_meta":{"origin":64249,"position":5},"title":"En Tuxtla, instalan Comit\u00e9 Vecinal de Seguridad del Pueblo para frenar delitos desde la organizaci\u00f3n ciudadana","author":"Staff","date":"junio 10, 2025","format":false,"excerpt":"La Secretar\u00eda de Seguridad del Pueblo (SSP) dio un paso m\u00e1s en su estrategia de proximidad al instalar un nuevo Comit\u00e9 Vecinal de Seguridad en la colonia La Misi\u00f3n, en Tuxtla Guti\u00e9rrez, Chiapas. La iniciativa busca frenar conductas delictivas desde la organizaci\u00f3n ciudadana, apelando a la vigilancia vecinal, la recuperaci\u00f3n\u2026","rel":"","context":"En \u00abChiapas\u00bb","block_context":{"text":"Chiapas","link":"https:\/\/mexicocodigorojo.com.mx\/?cat=75"},"img":{"alt_text":"","src":"https:\/\/i0.wp.com\/mexicocodigorojo.com.mx\/wp-content\/uploads\/2025\/06\/f11fcb3a-fb62-4009-9f21-83e58ab8c21c-1.jpg?fit=1200%2C900&ssl=1&resize=350%2C200","width":350,"height":200,"srcset":"https:\/\/i0.wp.com\/mexicocodigorojo.com.mx\/wp-content\/uploads\/2025\/06\/f11fcb3a-fb62-4009-9f21-83e58ab8c21c-1.jpg?fit=1200%2C900&ssl=1&resize=350%2C200 1x, https:\/\/i0.wp.com\/mexicocodigorojo.com.mx\/wp-content\/uploads\/2025\/06\/f11fcb3a-fb62-4009-9f21-83e58ab8c21c-1.jpg?fit=1200%2C900&ssl=1&resize=525%2C300 1.5x, https:\/\/i0.wp.com\/mexicocodigorojo.com.mx\/wp-content\/uploads\/2025\/06\/f11fcb3a-fb62-4009-9f21-83e58ab8c21c-1.jpg?fit=1200%2C900&ssl=1&resize=700%2C400 2x, https:\/\/i0.wp.com\/mexicocodigorojo.com.mx\/wp-content\/uploads\/2025\/06\/f11fcb3a-fb62-4009-9f21-83e58ab8c21c-1.jpg?fit=1200%2C900&ssl=1&resize=1050%2C600 3x"},"classes":[]}],"jetpack_sharing_enabled":true,"jetpack_likes_enabled":true,"jetpack_shortlink":"https:\/\/wp.me\/p9TedA-gIh","_links":{"self":[{"href":"https:\/\/mexicocodigorojo.com.mx\/index.php?rest_route=\/wp\/v2\/posts\/64249","targetHints":{"allow":["GET"]}}],"collection":[{"href":"https:\/\/mexicocodigorojo.com.mx\/index.php?rest_route=\/wp\/v2\/posts"}],"about":[{"href":"https:\/\/mexicocodigorojo.com.mx\/index.php?rest_route=\/wp\/v2\/types\/post"}],"author":[{"embeddable":true,"href":"https:\/\/mexicocodigorojo.com.mx\/index.php?rest_route=\/wp\/v2\/users\/21"}],"replies":[{"embeddable":true,"href":"https:\/\/mexicocodigorojo.com.mx\/index.php?rest_route=%2Fwp%2Fv2%2Fcomments&post=64249"}],"version-history":[{"count":1,"href":"https:\/\/mexicocodigorojo.com.mx\/index.php?rest_route=\/wp\/v2\/posts\/64249\/revisions"}],"predecessor-version":[{"id":64251,"href":"https:\/\/mexicocodigorojo.com.mx\/index.php?rest_route=\/wp\/v2\/posts\/64249\/revisions\/64251"}],"wp:featuredmedia":[{"embeddable":true,"href":"https:\/\/mexicocodigorojo.com.mx\/index.php?rest_route=\/wp\/v2\/media\/64250"}],"wp:attachment":[{"href":"https:\/\/mexicocodigorojo.com.mx\/index.php?rest_route=%2Fwp%2Fv2%2Fmedia&parent=64249"}],"wp:term":[{"taxonomy":"category","embeddable":true,"href":"https:\/\/mexicocodigorojo.com.mx\/index.php?rest_route=%2Fwp%2Fv2%2Fcategories&post=64249"},{"taxonomy":"post_tag","embeddable":true,"href":"https:\/\/mexicocodigorojo.com.mx\/index.php?rest_route=%2Fwp%2Fv2%2Ftags&post=64249"}],"curies":[{"name":"wp","href":"https:\/\/api.w.org\/{rel}","templated":true}]}}