{"id":64243,"date":"2025-05-10T17:07:02","date_gmt":"2025-05-10T23:07:02","guid":{"rendered":"https:\/\/mexicocodigorojo.com.mx\/?p=64243"},"modified":"2025-06-02T17:08:17","modified_gmt":"2025-06-02T23:08:17","slug":"ssp-chiapas-respalda-a-fuerzas-armadas-en-protesta-de-bandera-del-smn-2006","status":"publish","type":"post","link":"https:\/\/mexicocodigorojo.com.mx\/?p=64243","title":{"rendered":"SSP Chiapas respalda a Fuerzas Armadas en protesta de bandera del SMN 2006"},"content":{"rendered":"<p data-start=\"335\" data-end=\"699\">El <strong data-start=\"338\" data-end=\"396\">titular de la Secretar\u00eda de Seguridad del Pueblo (SSP)<\/strong> de Chiapas, <strong data-start=\"409\" data-end=\"444\">\u00d3scar Alberto Aparicio Avenda\u00f1o<\/strong>, particip\u00f3 en la <strong data-start=\"462\" data-end=\"545\">ceremonia de Protesta de Bandera del Servicio Militar Nacional (SMN) clase 2006<\/strong>, reafirmando el compromiso institucional con la <strong data-start=\"594\" data-end=\"627\">paz y la seguridad del estado<\/strong>, en un evento encabezado por el <strong data-start=\"660\" data-end=\"698\">gobernador Eduardo Ram\u00edrez Aguilar<\/strong>.<\/p>\n<p data-start=\"701\" data-end=\"1002\">La ceremonia se llev\u00f3 a cabo en el <strong data-start=\"736\" data-end=\"768\">Campo Militar 31 \u201cEl Sabino\u201d<\/strong>, en el municipio de <strong data-start=\"789\" data-end=\"804\">Berrioz\u00e1bal<\/strong>, donde tambi\u00e9n estuvo presente el <strong data-start=\"839\" data-end=\"905\">General de Brigada del Estado Mayor, Alejandro Vargas Gonz\u00e1lez<\/strong>, comandante interino de la <strong data-start=\"933\" data-end=\"959\">S\u00e9ptima Regi\u00f3n Militar<\/strong>, as\u00ed como autoridades civiles y militares.<\/p>\n<hr data-start=\"1004\" data-end=\"1007\" \/>\n<h3 data-start=\"1009\" data-end=\"1050\">Reconocimiento a la lealtad militar<\/h3>\n<p data-start=\"1052\" data-end=\"1339\">Durante su intervenci\u00f3n, Aparicio Avenda\u00f1o, quien adem\u00e1s es <strong data-start=\"1112\" data-end=\"1135\">doctor en seguridad<\/strong> y <strong data-start=\"1138\" data-end=\"1156\">piloto aviador<\/strong>, expres\u00f3 su reconocimiento al <strong data-start=\"1187\" data-end=\"1228\">profesionalismo, lealtad y disciplina<\/strong> de las Fuerzas Armadas, se\u00f1alando que su labor es esencial para la <strong data-start=\"1296\" data-end=\"1338\">pacificaci\u00f3n del territorio chiapaneco<\/strong>.<\/p>\n<blockquote data-start=\"1341\" data-end=\"1442\">\n<p data-start=\"1343\" data-end=\"1442\">\u201cEn cada soldado hay un compromiso con la patria y una vocaci\u00f3n por la defensa del pueblo\u201d, afirm\u00f3.<\/p>\n<\/blockquote>\n<p data-start=\"1444\" data-end=\"1707\">El titular de la SSP destac\u00f3 la coordinaci\u00f3n permanente entre las corporaciones civiles y militares, como pieza clave para <strong data-start=\"1567\" data-end=\"1602\">fortalecer la seguridad p\u00fablica<\/strong>, contener los factores de riesgo y <strong data-start=\"1638\" data-end=\"1673\">mantener el orden institucional<\/strong> en zonas estrat\u00e9gicas del estado.<\/p>\n<hr data-start=\"1709\" data-end=\"1712\" \/>\n<h3 data-start=\"1714\" data-end=\"1762\">Ceremonia nacional con enlace presidencial<\/h3>\n<p data-start=\"1764\" data-end=\"2089\">La ceremonia en Chiapas form\u00f3 parte de un acto <strong data-start=\"1811\" data-end=\"1834\">nacional simult\u00e1neo<\/strong>, enlazado en vivo con la <strong data-start=\"1860\" data-end=\"1903\">presidenta de M\u00e9xico, Claudia Sheinbaum<\/strong>, quien desde Puebla <strong data-start=\"1924\" data-end=\"1982\">tom\u00f3 protesta a 37 mil 442 soldados del SMN clase 2006<\/strong>, remisos y mujeres voluntarias, distribuidos en <strong data-start=\"2031\" data-end=\"2072\">168 centros de adiestramiento militar<\/strong> en todo el pa\u00eds.<\/p>\n<p data-start=\"2091\" data-end=\"2323\">El evento tambi\u00e9n conmemor\u00f3 el <strong data-start=\"2122\" data-end=\"2165\">163 aniversario de la Batalla de Puebla<\/strong>, reforzando el mensaje de que las nuevas generaciones de mexicanos est\u00e1n listas para <strong data-start=\"2251\" data-end=\"2322\">defender la soberan\u00eda, el estado de derecho y la seguridad nacional<\/strong>.<\/p>\n<p data-start=\"2325\" data-end=\"2551\">Con este tipo de actos, el Gobierno del Estado de Chiapas y sus instituciones de seguridad refrendan su respaldo al Ej\u00e9rcito Mexicano, construyendo <strong data-start=\"2473\" data-end=\"2550\">una ruta conjunta por la paz, la legalidad y el bienestar de la poblaci\u00f3n<\/strong>.<\/p>\n","protected":false},"excerpt":{"rendered":"<p>El titular de la Secretar\u00eda de Seguridad del Pueblo (SSP) de Chiapas, \u00d3scar Alberto Aparicio Avenda\u00f1o, particip\u00f3 en la ceremonia de Protesta de Bandera del Servicio Militar Nacional (SMN) clase 2006, reafirmando el compromiso institucional con la paz y la seguridad del estado, en un evento encabezado por el gobernador Eduardo Ram\u00edrez Aguilar. La ceremonia [&hellip;]<\/p>\n","protected":false},"author":21,"featured_media":64244,"comment_status":"open","ping_status":"open","sticky":false,"template":"","format":"standard","meta":{"_uf_show_specific_survey":0,"_uf_disable_surveys":false,"advanced_seo_description":"","jetpack_seo_html_title":"","jetpack_seo_noindex":false,"jetpack_post_was_ever_published":false,"_jetpack_newsletter_access":"","_jetpack_dont_email_post_to_subs":false,"_jetpack_newsletter_tier_id":0,"_jetpack_memberships_contains_paywalled_content":false,"_jetpack_memberships_contains_paid_content":false,"footnotes":"","jetpack_publicize_message":"","jetpack_publicize_feature_enabled":true,"jetpack_social_post_already_shared":true,"jetpack_social_options":{"image_generator_settings":{"template":"highway","default_image_id":0,"font":"","enabled":false},"version":2}},"categories":[75,1724],"tags":[],"class_list":{"0":"post-64243","1":"post","2":"type-post","3":"status-publish","4":"format-standard","5":"has-post-thumbnail","7":"category-chiapas","8":"category-featured"},"jetpack_publicize_connections":[],"jetpack_featured_media_url":"https:\/\/i0.wp.com\/mexicocodigorojo.com.mx\/wp-content\/uploads\/2025\/06\/nn130.jpg?fit=1438%2C806&ssl=1","jetpack-related-posts":[{"id":64775,"url":"https:\/\/mexicocodigorojo.com.mx\/?p=64775","url_meta":{"origin":64243,"position":0},"title":"SSP participa en la conmemoraci\u00f3n del 201 Aniversario de la Federaci\u00f3n de Chiapas a M\u00e9xico","author":"MexicoRojoCvmx","date":"septiembre 14, 2025","format":false,"excerpt":"Tuxtla Guti\u00e9rrez, Chiapas \u2013 En un acto solemne realizado en el Parque Bicentenario, frente al Monumento a la Federaci\u00f3n de Chiapas a M\u00e9xico, autoridades de los tres niveles de gobierno encabezaron la ceremonia por el 201 Aniversario de la Federaci\u00f3n de Chiapas a M\u00e9xico. El secretario de Seguridad del Pueblo,\u2026","rel":"","context":"En \u00abChiapas\u00bb","block_context":{"text":"Chiapas","link":"https:\/\/mexicocodigorojo.com.mx\/?cat=75"},"img":{"alt_text":"","src":"https:\/\/i0.wp.com\/mexicocodigorojo.com.mx\/wp-content\/uploads\/2025\/09\/WhatsApp-Image-2025-09-15-at-8.10.04-AM.jpeg?fit=1040%2C694&ssl=1&resize=350%2C200","width":350,"height":200,"srcset":"https:\/\/i0.wp.com\/mexicocodigorojo.com.mx\/wp-content\/uploads\/2025\/09\/WhatsApp-Image-2025-09-15-at-8.10.04-AM.jpeg?fit=1040%2C694&ssl=1&resize=350%2C200 1x, https:\/\/i0.wp.com\/mexicocodigorojo.com.mx\/wp-content\/uploads\/2025\/09\/WhatsApp-Image-2025-09-15-at-8.10.04-AM.jpeg?fit=1040%2C694&ssl=1&resize=525%2C300 1.5x, https:\/\/i0.wp.com\/mexicocodigorojo.com.mx\/wp-content\/uploads\/2025\/09\/WhatsApp-Image-2025-09-15-at-8.10.04-AM.jpeg?fit=1040%2C694&ssl=1&resize=700%2C400 2x"},"classes":[]},{"id":64778,"url":"https:\/\/mexicocodigorojo.com.mx\/?p=64778","url_meta":{"origin":64243,"position":1},"title":"SSP participa en desfile c\u00edvico-militar por el 215 aniversario de la Independencia de M\u00e9xico","author":"MexicoRojoCvmx","date":"septiembre 16, 2025","format":false,"excerpt":"Tuxtla Guti\u00e9rrez, Chiapas; 16 de septiembre de 2025. \u2013 La Secretar\u00eda de Seguridad del Pueblo (SSP), bajo el mando de su titular \u00d3scar Alberto Aparicio Avenda\u00f1o, particip\u00f3 en el Desfile C\u00edvico-Militar Conmemorativo por el 215 Aniversario de la Independencia de M\u00e9xico, realizado en la capital chiapaneca y encabezado por el\u2026","rel":"","context":"En \u00abChiapas\u00bb","block_context":{"text":"Chiapas","link":"https:\/\/mexicocodigorojo.com.mx\/?cat=75"},"img":{"alt_text":"","src":"https:\/\/i0.wp.com\/mexicocodigorojo.com.mx\/wp-content\/uploads\/2025\/09\/WhatsApp-Image-2025-09-17-at-6.56.41-AM.jpeg?fit=1040%2C694&ssl=1&resize=350%2C200","width":350,"height":200,"srcset":"https:\/\/i0.wp.com\/mexicocodigorojo.com.mx\/wp-content\/uploads\/2025\/09\/WhatsApp-Image-2025-09-17-at-6.56.41-AM.jpeg?fit=1040%2C694&ssl=1&resize=350%2C200 1x, https:\/\/i0.wp.com\/mexicocodigorojo.com.mx\/wp-content\/uploads\/2025\/09\/WhatsApp-Image-2025-09-17-at-6.56.41-AM.jpeg?fit=1040%2C694&ssl=1&resize=525%2C300 1.5x, https:\/\/i0.wp.com\/mexicocodigorojo.com.mx\/wp-content\/uploads\/2025\/09\/WhatsApp-Image-2025-09-17-at-6.56.41-AM.jpeg?fit=1040%2C694&ssl=1&resize=700%2C400 2x"},"classes":[]},{"id":64433,"url":"https:\/\/mexicocodigorojo.com.mx\/?p=64433","url_meta":{"origin":64243,"position":2},"title":"Con homenaje a la bandera, Chiapas fortalece identidad y profesionalizaci\u00f3n policial","author":"MexicoRojoCvmx","date":"julio 21, 2025","format":false,"excerpt":"Tuxtla Guti\u00e9rrez, Chis., 21 de julio de 2025. \u2013 La Secretar\u00eda de Seguridad del Pueblo (SSP) de Chiapas, encabezada por el doctor y piloto aviador \u00d3scar Alberto Aparicio Avenda\u00f1o, dio inicio a una nueva semana de actividades con un acto c\u00edvico de homenaje a la bandera en las instalaciones de\u2026","rel":"","context":"En \u00abChiapas\u00bb","block_context":{"text":"Chiapas","link":"https:\/\/mexicocodigorojo.com.mx\/?cat=75"},"img":{"alt_text":"","src":"https:\/\/i0.wp.com\/mexicocodigorojo.com.mx\/wp-content\/uploads\/2025\/07\/WhatsApp-Image-2025-07-21-at-12.23.12-PM.jpeg?fit=1200%2C800&ssl=1&resize=350%2C200","width":350,"height":200,"srcset":"https:\/\/i0.wp.com\/mexicocodigorojo.com.mx\/wp-content\/uploads\/2025\/07\/WhatsApp-Image-2025-07-21-at-12.23.12-PM.jpeg?fit=1200%2C800&ssl=1&resize=350%2C200 1x, https:\/\/i0.wp.com\/mexicocodigorojo.com.mx\/wp-content\/uploads\/2025\/07\/WhatsApp-Image-2025-07-21-at-12.23.12-PM.jpeg?fit=1200%2C800&ssl=1&resize=525%2C300 1.5x, https:\/\/i0.wp.com\/mexicocodigorojo.com.mx\/wp-content\/uploads\/2025\/07\/WhatsApp-Image-2025-07-21-at-12.23.12-PM.jpeg?fit=1200%2C800&ssl=1&resize=700%2C400 2x, https:\/\/i0.wp.com\/mexicocodigorojo.com.mx\/wp-content\/uploads\/2025\/07\/WhatsApp-Image-2025-07-21-at-12.23.12-PM.jpeg?fit=1200%2C800&ssl=1&resize=1050%2C600 3x"},"classes":[]},{"id":65042,"url":"https:\/\/mexicocodigorojo.com.mx\/?p=65042","url_meta":{"origin":64243,"position":3},"title":"Refuerza SSP seguridad en Chiapas: Se integran 100 nuevos elementos a la Fuerza Pakal","author":"Staff","date":"febrero 9, 2026","format":false,"excerpt":"Tuxtla Guti\u00e9rrez, Chiapas; 07 de febrero de 2026.\u2013 En un paso decisivo para consolidar la paz y el orden en la entidad, la Secretar\u00eda de Seguridad del Pueblo (SSP) anunci\u00f3 la incorporaci\u00f3n de 100 nuevos elementos a las filas de la Fuerza de Reacci\u00f3n Inmediata Pakal (FRIP). Esta acci\u00f3n, impulsada\u2026","rel":"","context":"En \u00abChiapas\u00bb","block_context":{"text":"Chiapas","link":"https:\/\/mexicocodigorojo.com.mx\/?cat=75"},"img":{"alt_text":"","src":"https:\/\/i0.wp.com\/mexicocodigorojo.com.mx\/wp-content\/uploads\/2026\/02\/6b352df6-3ce9-44d7-aabb-e046038d3ff8.jpg?fit=1200%2C801&ssl=1&resize=350%2C200","width":350,"height":200,"srcset":"https:\/\/i0.wp.com\/mexicocodigorojo.com.mx\/wp-content\/uploads\/2026\/02\/6b352df6-3ce9-44d7-aabb-e046038d3ff8.jpg?fit=1200%2C801&ssl=1&resize=350%2C200 1x, https:\/\/i0.wp.com\/mexicocodigorojo.com.mx\/wp-content\/uploads\/2026\/02\/6b352df6-3ce9-44d7-aabb-e046038d3ff8.jpg?fit=1200%2C801&ssl=1&resize=525%2C300 1.5x, https:\/\/i0.wp.com\/mexicocodigorojo.com.mx\/wp-content\/uploads\/2026\/02\/6b352df6-3ce9-44d7-aabb-e046038d3ff8.jpg?fit=1200%2C801&ssl=1&resize=700%2C400 2x, https:\/\/i0.wp.com\/mexicocodigorojo.com.mx\/wp-content\/uploads\/2026\/02\/6b352df6-3ce9-44d7-aabb-e046038d3ff8.jpg?fit=1200%2C801&ssl=1&resize=1050%2C600 3x"},"classes":[]},{"id":64805,"url":"https:\/\/mexicocodigorojo.com.mx\/?p=64805","url_meta":{"origin":64243,"position":4},"title":"SSP sostiene reuni\u00f3n con mandos en Tapachula para reforzar estrategias de seguridad","author":"MexicoRojoCvmx","date":"septiembre 25, 2025","format":false,"excerpt":"Tapachula, Chiapas; 25 de septiembre de 2025. \u2013 Con el prop\u00f3sito de fortalecer la estrategia de seguridad en la regi\u00f3n Soconusco, el secretario de Seguridad del Pueblo, \u00d3scar Alberto Aparicio Avenda\u00f1o, encabez\u00f3 una reuni\u00f3n de trabajo con mandos de la Secretar\u00eda de Seguridad del Pueblo (SSP), de la Fiscal\u00eda General\u2026","rel":"","context":"En \u00abChiapas\u00bb","block_context":{"text":"Chiapas","link":"https:\/\/mexicocodigorojo.com.mx\/?cat=75"},"img":{"alt_text":"","src":"https:\/\/i0.wp.com\/mexicocodigorojo.com.mx\/wp-content\/uploads\/2025\/09\/Captura-de-pantalla-2025-09-28-132034.jpg?fit=1200%2C635&ssl=1&resize=350%2C200","width":350,"height":200,"srcset":"https:\/\/i0.wp.com\/mexicocodigorojo.com.mx\/wp-content\/uploads\/2025\/09\/Captura-de-pantalla-2025-09-28-132034.jpg?fit=1200%2C635&ssl=1&resize=350%2C200 1x, https:\/\/i0.wp.com\/mexicocodigorojo.com.mx\/wp-content\/uploads\/2025\/09\/Captura-de-pantalla-2025-09-28-132034.jpg?fit=1200%2C635&ssl=1&resize=525%2C300 1.5x, https:\/\/i0.wp.com\/mexicocodigorojo.com.mx\/wp-content\/uploads\/2025\/09\/Captura-de-pantalla-2025-09-28-132034.jpg?fit=1200%2C635&ssl=1&resize=700%2C400 2x, https:\/\/i0.wp.com\/mexicocodigorojo.com.mx\/wp-content\/uploads\/2025\/09\/Captura-de-pantalla-2025-09-28-132034.jpg?fit=1200%2C635&ssl=1&resize=1050%2C600 3x"},"classes":[]},{"id":64117,"url":"https:\/\/mexicocodigorojo.com.mx\/?p=64117","url_meta":{"origin":64243,"position":5},"title":"Chiapas refuerza vigilancia tur\u00edstica: SSP mantiene mesa de seguridad permanente en Semana Santa","author":"MexicoRojoCvmx","date":"abril 18, 2025","format":false,"excerpt":"Tuxtla Guti\u00e9rrez, Chiapas. \u2014 Con la finalidad de garantizar unas vacaciones seguras para las familias chiapanecas y visitantes, la Secretar\u00eda de Seguridad del Pueblo (SSP), encabezada por el Dr. y piloto aviador \u00d3scar Alberto Aparicio Avenda\u00f1o, mantiene una sesi\u00f3n permanente con la Mesa de Seguridad Estatal, supervisando en tiempo real\u2026","rel":"","context":"En \u00abChiapas\u00bb","block_context":{"text":"Chiapas","link":"https:\/\/mexicocodigorojo.com.mx\/?cat=75"},"img":{"alt_text":"","src":"https:\/\/i0.wp.com\/mexicocodigorojo.com.mx\/wp-content\/uploads\/2025\/05\/Captura-de-pantalla-2025-05-02-112534.jpg?fit=1200%2C771&ssl=1&resize=350%2C200","width":350,"height":200,"srcset":"https:\/\/i0.wp.com\/mexicocodigorojo.com.mx\/wp-content\/uploads\/2025\/05\/Captura-de-pantalla-2025-05-02-112534.jpg?fit=1200%2C771&ssl=1&resize=350%2C200 1x, https:\/\/i0.wp.com\/mexicocodigorojo.com.mx\/wp-content\/uploads\/2025\/05\/Captura-de-pantalla-2025-05-02-112534.jpg?fit=1200%2C771&ssl=1&resize=525%2C300 1.5x, https:\/\/i0.wp.com\/mexicocodigorojo.com.mx\/wp-content\/uploads\/2025\/05\/Captura-de-pantalla-2025-05-02-112534.jpg?fit=1200%2C771&ssl=1&resize=700%2C400 2x, https:\/\/i0.wp.com\/mexicocodigorojo.com.mx\/wp-content\/uploads\/2025\/05\/Captura-de-pantalla-2025-05-02-112534.jpg?fit=1200%2C771&ssl=1&resize=1050%2C600 3x"},"classes":[]}],"jetpack_sharing_enabled":true,"jetpack_likes_enabled":true,"jetpack_shortlink":"https:\/\/wp.me\/p9TedA-gIb","_links":{"self":[{"href":"https:\/\/mexicocodigorojo.com.mx\/index.php?rest_route=\/wp\/v2\/posts\/64243","targetHints":{"allow":["GET"]}}],"collection":[{"href":"https:\/\/mexicocodigorojo.com.mx\/index.php?rest_route=\/wp\/v2\/posts"}],"about":[{"href":"https:\/\/mexicocodigorojo.com.mx\/index.php?rest_route=\/wp\/v2\/types\/post"}],"author":[{"embeddable":true,"href":"https:\/\/mexicocodigorojo.com.mx\/index.php?rest_route=\/wp\/v2\/users\/21"}],"replies":[{"embeddable":true,"href":"https:\/\/mexicocodigorojo.com.mx\/index.php?rest_route=%2Fwp%2Fv2%2Fcomments&post=64243"}],"version-history":[{"count":1,"href":"https:\/\/mexicocodigorojo.com.mx\/index.php?rest_route=\/wp\/v2\/posts\/64243\/revisions"}],"predecessor-version":[{"id":64245,"href":"https:\/\/mexicocodigorojo.com.mx\/index.php?rest_route=\/wp\/v2\/posts\/64243\/revisions\/64245"}],"wp:featuredmedia":[{"embeddable":true,"href":"https:\/\/mexicocodigorojo.com.mx\/index.php?rest_route=\/wp\/v2\/media\/64244"}],"wp:attachment":[{"href":"https:\/\/mexicocodigorojo.com.mx\/index.php?rest_route=%2Fwp%2Fv2%2Fmedia&parent=64243"}],"wp:term":[{"taxonomy":"category","embeddable":true,"href":"https:\/\/mexicocodigorojo.com.mx\/index.php?rest_route=%2Fwp%2Fv2%2Fcategories&post=64243"},{"taxonomy":"post_tag","embeddable":true,"href":"https:\/\/mexicocodigorojo.com.mx\/index.php?rest_route=%2Fwp%2Fv2%2Ftags&post=64243"}],"curies":[{"name":"wp","href":"https:\/\/api.w.org\/{rel}","templated":true}]}}