{"id":64234,"date":"2025-05-02T16:55:03","date_gmt":"2025-05-02T22:55:03","guid":{"rendered":"https:\/\/mexicocodigorojo.com.mx\/?p=64234"},"modified":"2025-06-02T16:57:01","modified_gmt":"2025-06-02T22:57:01","slug":"operativo-interinstitucional-libera-a-23-migrantes-en-chiapas","status":"publish","type":"post","link":"https:\/\/mexicocodigorojo.com.mx\/?p=64234","title":{"rendered":"Operativo interinstitucional libera a 23 migrantes en Chiapas"},"content":{"rendered":"<p data-start=\"311\" data-end=\"614\">En un <strong data-start=\"317\" data-end=\"357\">operativo coordinado de alto impacto<\/strong>, autoridades estatales y federales rescataron a <strong data-start=\"406\" data-end=\"422\">23 migrantes<\/strong> en el municipio de <strong data-start=\"442\" data-end=\"458\">Tuxtla Chico<\/strong>, Chiapas, como parte de las acciones para <strong data-start=\"501\" data-end=\"536\">combatir el tr\u00e1fico de personas<\/strong> y proteger los derechos humanos de quienes transitan por territorio mexicano.<\/p>\n<p data-start=\"616\" data-end=\"1190\">La acci\u00f3n fue liderada por la <strong data-start=\"646\" data-end=\"690\">Secretar\u00eda de Seguridad del Pueblo (SSP)<\/strong> a trav\u00e9s de la <strong data-start=\"706\" data-end=\"751\">Fuerza de Reacci\u00f3n Inmediata Pakal (FRIP)<\/strong>, en conjunto con la <strong data-start=\"772\" data-end=\"808\">Polic\u00eda Estatal Preventiva (PEP)<\/strong>, la <strong data-start=\"813\" data-end=\"849\">Polic\u00eda Estatal Fronteriza (PEF)<\/strong>, y en coordinaci\u00f3n con la <strong data-start=\"876\" data-end=\"938\">Agencia de Investigaci\u00f3n e Inteligencia Ministerial (AIIM)<\/strong> de la <strong data-start=\"945\" data-end=\"982\">Fiscal\u00eda General del Estado (FGE)<\/strong>. Tambi\u00e9n participaron la <strong data-start=\"1008\" data-end=\"1065\">Secretar\u00eda de Seguridad y Protecci\u00f3n Ciudadana (SSPC)<\/strong> del Gobierno Federal, el <strong data-start=\"1091\" data-end=\"1112\">Ej\u00e9rcito Mexicano<\/strong>, la <strong data-start=\"1117\" data-end=\"1142\">Guardia Nacional (GN)<\/strong> y el <strong data-start=\"1148\" data-end=\"1189\">Instituto Nacional de Migraci\u00f3n (INM)<\/strong>.<\/p>\n<hr data-start=\"1192\" data-end=\"1195\" \/>\n<h3 data-start=\"1197\" data-end=\"1246\">Acciones focalizadas y protecci\u00f3n a menores<\/h3>\n<p data-start=\"1248\" data-end=\"1609\">Durante el cumplimiento de <strong data-start=\"1275\" data-end=\"1304\">diligencias ministeriales<\/strong>, las fuerzas de seguridad aseguraron el per\u00edmetro en Tuxtla Chico, donde se logr\u00f3 la <strong data-start=\"1390\" data-end=\"1440\">liberaci\u00f3n de 21 adultos y dos menores de edad<\/strong>. Todos fueron trasladados de inmediato a las instalaciones del <strong data-start=\"1504\" data-end=\"1511\">INM<\/strong>, donde se inici\u00f3 el proceso de verificaci\u00f3n migratoria y la atenci\u00f3n humanitaria correspondiente.<\/p>\n<p data-start=\"1611\" data-end=\"1783\">Este operativo forma parte de una estrategia nacional para <strong data-start=\"1670\" data-end=\"1721\">detectar y frenar redes de tr\u00e1fico de migrantes<\/strong>, especialmente en los estados fronterizos del sur del pa\u00eds.<\/p>\n<hr data-start=\"1785\" data-end=\"1788\" \/>\n<h3 data-start=\"1790\" data-end=\"1856\">Coordinaci\u00f3n interinstitucional, clave para proteger la vida<\/h3>\n<p data-start=\"1858\" data-end=\"2134\">Con esta acci\u00f3n, la <strong data-start=\"1878\" data-end=\"1908\">SSP refrenda su compromiso<\/strong> de trabajar en estrecha colaboraci\u00f3n con las fuerzas armadas, instituciones de justicia y autoridades migratorias para <strong data-start=\"2028\" data-end=\"2086\">garantizar la seguridad, integridad y derechos humanos<\/strong> de personas en situaci\u00f3n de tr\u00e1nsito irregular.<\/p>\n<p data-start=\"2136\" data-end=\"2361\">El gobierno estatal ha subrayado que los operativos continuar\u00e1n con enfoque de <strong data-start=\"2215\" data-end=\"2261\">seguridad y respeto a los derechos humanos<\/strong>, priorizando la atenci\u00f3n a grupos vulnerables como <strong data-start=\"2313\" data-end=\"2360\">ni\u00f1os, mujeres y v\u00edctimas de redes de trata<\/strong>.<\/p>\n","protected":false},"excerpt":{"rendered":"<p>En un operativo coordinado de alto impacto, autoridades estatales y federales rescataron a 23 migrantes en el municipio de Tuxtla Chico, Chiapas, como parte de las acciones para combatir el tr\u00e1fico de personas y proteger los derechos humanos de quienes transitan por territorio mexicano. La acci\u00f3n fue liderada por la Secretar\u00eda de Seguridad del Pueblo [&hellip;]<\/p>\n","protected":false},"author":21,"featured_media":64235,"comment_status":"open","ping_status":"open","sticky":false,"template":"","format":"standard","meta":{"_uf_show_specific_survey":0,"_uf_disable_surveys":false,"advanced_seo_description":"","jetpack_seo_html_title":"","jetpack_seo_noindex":false,"jetpack_post_was_ever_published":false,"_jetpack_newsletter_access":"","_jetpack_dont_email_post_to_subs":false,"_jetpack_newsletter_tier_id":0,"_jetpack_memberships_contains_paywalled_content":false,"_jetpack_memberships_contains_paid_content":false,"footnotes":"","jetpack_publicize_message":"","jetpack_publicize_feature_enabled":true,"jetpack_social_post_already_shared":true,"jetpack_social_options":{"image_generator_settings":{"template":"highway","default_image_id":0,"font":"","enabled":false},"version":2}},"categories":[75,1724],"tags":[],"class_list":{"0":"post-64234","1":"post","2":"type-post","3":"status-publish","4":"format-standard","5":"has-post-thumbnail","7":"category-chiapas","8":"category-featured"},"jetpack_publicize_connections":[],"jetpack_featured_media_url":"https:\/\/i0.wp.com\/mexicocodigorojo.com.mx\/wp-content\/uploads\/2025\/06\/nn113.jpg?fit=1437%2C752&ssl=1","jetpack-related-posts":[{"id":24681,"url":"https:\/\/mexicocodigorojo.com.mx\/?p=24681","url_meta":{"origin":64234,"position":0},"title":"Detienen a cuatro y  rescatan a 279 migrantes en Chiapas","author":"Staff","date":"octubre 3, 2019","format":false,"excerpt":"En Chiapas fueron restacados 279 migrantes centroamericanos en dos eventos distintos, acciones en donde fueron detenidas cuatro personas Un total de\u00a0279 migrantes centroamericanos\u00a0fueron\u00a0rescatados\u00a0de cuatro\u00a0tratantes de personas\u00a0en dos eventos distintos en\u00a0Chiapas, en donde fueron\u00a0detenidas cuatro personas. Fueron agentes de la Polic\u00eda Federal quienes detuvieron a Leonardo \u201cN\u201d y Luis \u201cN\u201d\u00a0en el\u2026","rel":"","context":"En \u00abChiapas\u00bb","block_context":{"text":"Chiapas","link":"https:\/\/mexicocodigorojo.com.mx\/?cat=75"},"img":{"alt_text":"","src":"https:\/\/i0.wp.com\/mexicocodigorojo.com.mx\/wp-content\/uploads\/2019\/10\/migracion-inm.jpg?fit=980%2C550&ssl=1&resize=350%2C200","width":350,"height":200,"srcset":"https:\/\/i0.wp.com\/mexicocodigorojo.com.mx\/wp-content\/uploads\/2019\/10\/migracion-inm.jpg?fit=980%2C550&ssl=1&resize=350%2C200 1x, https:\/\/i0.wp.com\/mexicocodigorojo.com.mx\/wp-content\/uploads\/2019\/10\/migracion-inm.jpg?fit=980%2C550&ssl=1&resize=525%2C300 1.5x, https:\/\/i0.wp.com\/mexicocodigorojo.com.mx\/wp-content\/uploads\/2019\/10\/migracion-inm.jpg?fit=980%2C550&ssl=1&resize=700%2C400 2x"},"classes":[]},{"id":33287,"url":"https:\/\/mexicocodigorojo.com.mx\/?p=33287","url_meta":{"origin":64234,"position":1},"title":"Rescatan en Chiapas a 97 migrantes","author":"Staff","date":"febrero 23, 2020","format":false,"excerpt":"Tras una denuncia an\u00f3nima, la FGR rescat\u00f3 en Chiapas a 97 migrantes procedentes de Guatemala, El Salvador y Honduras; hay cuatro detenidos La\u00a0Fiscal\u00eda General de la Rep\u00fablica\u00a0(FGR) en\u00a0Chiapas\u00a0inici\u00f3 una investigaci\u00f3n contra cuatro personas, luego del\u00a0rescate\u00a0de 97\u00a0migrantes centroamericanos\u00a0que eran transportados en dos veh\u00edculos. El organismo aut\u00f3nomo se\u00f1al\u00f3 que elementos de la\u2026","rel":"","context":"En \u00abChiapas\u00bb","block_context":{"text":"Chiapas","link":"https:\/\/mexicocodigorojo.com.mx\/?cat=75"},"img":{"alt_text":"","src":"https:\/\/i0.wp.com\/mexicocodigorojo.com.mx\/wp-content\/uploads\/2020\/02\/rescate-de-migrantes-centroamericanos-en-chiapas.jpg?fit=980%2C550&ssl=1&resize=350%2C200","width":350,"height":200,"srcset":"https:\/\/i0.wp.com\/mexicocodigorojo.com.mx\/wp-content\/uploads\/2020\/02\/rescate-de-migrantes-centroamericanos-en-chiapas.jpg?fit=980%2C550&ssl=1&resize=350%2C200 1x, https:\/\/i0.wp.com\/mexicocodigorojo.com.mx\/wp-content\/uploads\/2020\/02\/rescate-de-migrantes-centroamericanos-en-chiapas.jpg?fit=980%2C550&ssl=1&resize=525%2C300 1.5x, https:\/\/i0.wp.com\/mexicocodigorojo.com.mx\/wp-content\/uploads\/2020\/02\/rescate-de-migrantes-centroamericanos-en-chiapas.jpg?fit=980%2C550&ssl=1&resize=700%2C400 2x"},"classes":[]},{"id":16239,"url":"https:\/\/mexicocodigorojo.com.mx\/?p=16239","url_meta":{"origin":64234,"position":2},"title":"Chiapas recibe nueva caravana migrante con cerca de tres mil centroamericanos","author":"Staff","date":"abril 12, 2019","format":false,"excerpt":"TUXTLA GUTI\u00c9RREZ, Chis.- Una nueva caravana con cerca de tres mil migrantes entre hombres, mujeres y ni\u00f1os, la mayor\u00eda de ellos hondure\u00f1os ingresaron esta madrugada a territorio mexicano en balsas por el r\u00edo Suchiate y muchos m\u00e1s por el puente fronterizo Rodolfo Robles. A seis meses del \u00e9xodo migratorio, otro\u2026","rel":"","context":"En \u00abChiapas\u00bb","block_context":{"text":"Chiapas","link":"https:\/\/mexicocodigorojo.com.mx\/?cat=75"},"img":{"alt_text":"","src":"https:\/\/i0.wp.com\/mexicocodigorojo.com.mx\/wp-content\/uploads\/2019\/04\/c4-1078x800.jpg?fit=1078%2C800&ssl=1&resize=350%2C200","width":350,"height":200,"srcset":"https:\/\/i0.wp.com\/mexicocodigorojo.com.mx\/wp-content\/uploads\/2019\/04\/c4-1078x800.jpg?fit=1078%2C800&ssl=1&resize=350%2C200 1x, https:\/\/i0.wp.com\/mexicocodigorojo.com.mx\/wp-content\/uploads\/2019\/04\/c4-1078x800.jpg?fit=1078%2C800&ssl=1&resize=525%2C300 1.5x, https:\/\/i0.wp.com\/mexicocodigorojo.com.mx\/wp-content\/uploads\/2019\/04\/c4-1078x800.jpg?fit=1078%2C800&ssl=1&resize=700%2C400 2x, https:\/\/i0.wp.com\/mexicocodigorojo.com.mx\/wp-content\/uploads\/2019\/04\/c4-1078x800.jpg?fit=1078%2C800&ssl=1&resize=1050%2C600 3x"},"classes":[]},{"id":58925,"url":"https:\/\/mexicocodigorojo.com.mx\/?p=58925","url_meta":{"origin":64234,"position":3},"title":"Amenazan a Subsecretario con asesinar a polic\u00edas en Chiapas por nexos con sus rivales","author":"Staff","date":"enero 24, 2024","format":false,"excerpt":"Chiapas, M\u00e9xico.- Presuntos sicarios del C\u00e1rtel de Chiapas amenazaron a Francisco Javier Orantes Abad\u00eda, subsecretario de la Polic\u00eda estatal, con matar a uniformados por presuntamente extorsionar a migrantes y estar coludido con un l\u00edder del C\u00e1rtel de Sinaloa. \"Francisco Orantes Abad\u00eda, alias 'El Panchito', mientras sigas protegiendo al 'G\u00fcero Pulseras'\u2026","rel":"","context":"En \u00abChiapas\u00bb","block_context":{"text":"Chiapas","link":"https:\/\/mexicocodigorojo.com.mx\/?cat=75"},"img":{"alt_text":"","src":"https:\/\/i0.wp.com\/mexicocodigorojo.com.mx\/wp-content\/uploads\/2024\/01\/20240122025840565-0-2144006.jpg?fit=980%2C617&ssl=1&resize=350%2C200","width":350,"height":200,"srcset":"https:\/\/i0.wp.com\/mexicocodigorojo.com.mx\/wp-content\/uploads\/2024\/01\/20240122025840565-0-2144006.jpg?fit=980%2C617&ssl=1&resize=350%2C200 1x, https:\/\/i0.wp.com\/mexicocodigorojo.com.mx\/wp-content\/uploads\/2024\/01\/20240122025840565-0-2144006.jpg?fit=980%2C617&ssl=1&resize=525%2C300 1.5x, https:\/\/i0.wp.com\/mexicocodigorojo.com.mx\/wp-content\/uploads\/2024\/01\/20240122025840565-0-2144006.jpg?fit=980%2C617&ssl=1&resize=700%2C400 2x"},"classes":[]},{"id":59310,"url":"https:\/\/mexicocodigorojo.com.mx\/?p=59310","url_meta":{"origin":64234,"position":4},"title":"Operativo fallido para rescatar a 95 migrantes en Tapachula","author":"Staff","date":"marzo 22, 2024","format":false,"excerpt":"Chiapas.- El\u00a0Ej\u00e9rcito\u00a0y la\u00a0Guardia Nacional\u00a0implementaron un\u00a0operativo de rescate\u00a0de los 95\u00a0migrantes\u00a0secuestrados por un\u00a0grupo criminal en Tapachula, sin embargo, al llegar al punto en el que permanec\u00edan cautivos, no hallaron a nadie. El despliegue de fuerzas de seguridad se dio despu\u00e9s de que habitantes de Puerto Madero, al sur de Chiapas, reportaron la\u2026","rel":"","context":"En \u00abChiapas\u00bb","block_context":{"text":"Chiapas","link":"https:\/\/mexicocodigorojo.com.mx\/?cat=75"},"img":{"alt_text":"","src":"https:\/\/i0.wp.com\/mexicocodigorojo.com.mx\/wp-content\/uploads\/2024\/03\/migrantes-chiapas-tapachula.jpg?fit=1200%2C620&ssl=1&resize=350%2C200","width":350,"height":200,"srcset":"https:\/\/i0.wp.com\/mexicocodigorojo.com.mx\/wp-content\/uploads\/2024\/03\/migrantes-chiapas-tapachula.jpg?fit=1200%2C620&ssl=1&resize=350%2C200 1x, https:\/\/i0.wp.com\/mexicocodigorojo.com.mx\/wp-content\/uploads\/2024\/03\/migrantes-chiapas-tapachula.jpg?fit=1200%2C620&ssl=1&resize=525%2C300 1.5x, https:\/\/i0.wp.com\/mexicocodigorojo.com.mx\/wp-content\/uploads\/2024\/03\/migrantes-chiapas-tapachula.jpg?fit=1200%2C620&ssl=1&resize=700%2C400 2x, https:\/\/i0.wp.com\/mexicocodigorojo.com.mx\/wp-content\/uploads\/2024\/03\/migrantes-chiapas-tapachula.jpg?fit=1200%2C620&ssl=1&resize=1050%2C600 3x"},"classes":[]},{"id":64791,"url":"https:\/\/mexicocodigorojo.com.mx\/?p=64791","url_meta":{"origin":64234,"position":5},"title":"Detienen a hombre armado por usurpaci\u00f3n de funciones y presuntos delitos contra la salud en Tuxtla Chico","author":"MexicoRojoCvmx","date":"septiembre 22, 2025","format":false,"excerpt":"Tuxtla Chico, Chiapas. \u2013 En un operativo interinstitucional, elementos de la Guardia Estatal Fronteriza, la Guardia Estatal Preventiva y la Fuerza de Reacci\u00f3n Inmediata Pakal (FRIP), en coordinaci\u00f3n con la Fiscal\u00eda General del Estado (FGE) y la Polic\u00eda Municipal, detuvieron a un hombre se\u00f1alado por los probables delitos de portaci\u00f3n\u2026","rel":"","context":"En \u00abChiapas\u00bb","block_context":{"text":"Chiapas","link":"https:\/\/mexicocodigorojo.com.mx\/?cat=75"},"img":{"alt_text":"","src":"https:\/\/i0.wp.com\/mexicocodigorojo.com.mx\/wp-content\/uploads\/2025\/09\/WhatsApp-Image-2025-09-22-at-6.55.09-AM.jpeg?fit=1200%2C675&ssl=1&resize=350%2C200","width":350,"height":200,"srcset":"https:\/\/i0.wp.com\/mexicocodigorojo.com.mx\/wp-content\/uploads\/2025\/09\/WhatsApp-Image-2025-09-22-at-6.55.09-AM.jpeg?fit=1200%2C675&ssl=1&resize=350%2C200 1x, https:\/\/i0.wp.com\/mexicocodigorojo.com.mx\/wp-content\/uploads\/2025\/09\/WhatsApp-Image-2025-09-22-at-6.55.09-AM.jpeg?fit=1200%2C675&ssl=1&resize=525%2C300 1.5x, https:\/\/i0.wp.com\/mexicocodigorojo.com.mx\/wp-content\/uploads\/2025\/09\/WhatsApp-Image-2025-09-22-at-6.55.09-AM.jpeg?fit=1200%2C675&ssl=1&resize=700%2C400 2x, https:\/\/i0.wp.com\/mexicocodigorojo.com.mx\/wp-content\/uploads\/2025\/09\/WhatsApp-Image-2025-09-22-at-6.55.09-AM.jpeg?fit=1200%2C675&ssl=1&resize=1050%2C600 3x"},"classes":[]}],"jetpack_sharing_enabled":true,"jetpack_likes_enabled":true,"jetpack_shortlink":"https:\/\/wp.me\/p9TedA-gI2","_links":{"self":[{"href":"https:\/\/mexicocodigorojo.com.mx\/index.php?rest_route=\/wp\/v2\/posts\/64234","targetHints":{"allow":["GET"]}}],"collection":[{"href":"https:\/\/mexicocodigorojo.com.mx\/index.php?rest_route=\/wp\/v2\/posts"}],"about":[{"href":"https:\/\/mexicocodigorojo.com.mx\/index.php?rest_route=\/wp\/v2\/types\/post"}],"author":[{"embeddable":true,"href":"https:\/\/mexicocodigorojo.com.mx\/index.php?rest_route=\/wp\/v2\/users\/21"}],"replies":[{"embeddable":true,"href":"https:\/\/mexicocodigorojo.com.mx\/index.php?rest_route=%2Fwp%2Fv2%2Fcomments&post=64234"}],"version-history":[{"count":1,"href":"https:\/\/mexicocodigorojo.com.mx\/index.php?rest_route=\/wp\/v2\/posts\/64234\/revisions"}],"predecessor-version":[{"id":64236,"href":"https:\/\/mexicocodigorojo.com.mx\/index.php?rest_route=\/wp\/v2\/posts\/64234\/revisions\/64236"}],"wp:featuredmedia":[{"embeddable":true,"href":"https:\/\/mexicocodigorojo.com.mx\/index.php?rest_route=\/wp\/v2\/media\/64235"}],"wp:attachment":[{"href":"https:\/\/mexicocodigorojo.com.mx\/index.php?rest_route=%2Fwp%2Fv2%2Fmedia&parent=64234"}],"wp:term":[{"taxonomy":"category","embeddable":true,"href":"https:\/\/mexicocodigorojo.com.mx\/index.php?rest_route=%2Fwp%2Fv2%2Fcategories&post=64234"},{"taxonomy":"post_tag","embeddable":true,"href":"https:\/\/mexicocodigorojo.com.mx\/index.php?rest_route=%2Fwp%2Fv2%2Ftags&post=64234"}],"curies":[{"name":"wp","href":"https:\/\/api.w.org\/{rel}","templated":true}]}}