{"id":64230,"date":"2025-06-02T16:51:48","date_gmt":"2025-06-02T22:51:48","guid":{"rendered":"https:\/\/mexicocodigorojo.com.mx\/?p=64230"},"modified":"2025-06-02T16:51:48","modified_gmt":"2025-06-02T22:51:48","slug":"desarticulan-celulas-de-extorsion-colombianas-que-operaban-con-prestamos-en-redes","status":"publish","type":"post","link":"https:\/\/mexicocodigorojo.com.mx\/?p=64230","title":{"rendered":"Desarticulan c\u00e9lulas de extorsi\u00f3n colombianas que operaban con pr\u00e9stamos en redes"},"content":{"rendered":"<p data-start=\"343\" data-end=\"698\"><strong data-start=\"343\" data-end=\"356\">Quer\u00e9taro<\/strong> refuerza su blindaje contra delitos cibern\u00e9ticos con un golpe certero. El <strong data-start=\"431\" data-end=\"468\">Secretario de Seguridad Ciudadana<\/strong>, <strong data-start=\"470\" data-end=\"491\">Iovan El\u00edas P\u00e9rez<\/strong>, inform\u00f3 que fueron <strong data-start=\"512\" data-end=\"553\">desarticuladas dos c\u00e9lulas delictivas<\/strong> compuestas por ciudadanos de nacionalidad <strong data-start=\"596\" data-end=\"610\">colombiana<\/strong>, quienes operaban bajo un esquema de <strong data-start=\"648\" data-end=\"669\">extorsi\u00f3n digital<\/strong> mediante pr\u00e9stamos expr\u00e9s.<\/p>\n<p data-start=\"700\" data-end=\"1049\">Estas organizaciones ofrec\u00edan <strong data-start=\"730\" data-end=\"758\">cr\u00e9ditos de f\u00e1cil acceso<\/strong> a trav\u00e9s de redes sociales, sin requerir garant\u00edas o documentos bancarios. A cambio, <strong data-start=\"844\" data-end=\"872\">obligaban a las v\u00edctimas<\/strong> a entregar el control total de sus <strong data-start=\"908\" data-end=\"950\">redes sociales y contactos telef\u00f3nicos<\/strong>, lo que les permit\u00eda presionar, hostigar y chantajear a quienes no pod\u00edan cumplir con los pagos.<\/p>\n<p data-start=\"1051\" data-end=\"1250\">\u201cEl fen\u00f3meno fue detectado a tiempo gracias a la colaboraci\u00f3n interinstitucional. Esta <strong data-start=\"1138\" data-end=\"1175\">modalidad de delito transnacional<\/strong> ha sido discutida incluso a nivel internacional\u201d, explic\u00f3 P\u00e9rez Hern\u00e1ndez.<\/p>\n<hr data-start=\"1252\" data-end=\"1255\" \/>\n<h3 data-start=\"1257\" data-end=\"1296\">Tecnolog\u00eda al servicio del delito<\/h3>\n<p data-start=\"1298\" data-end=\"1583\">Los extorsionadores operaban en Facebook, WhatsApp y otras plataformas con publicidad dirigida a personas en <strong data-start=\"1407\" data-end=\"1441\">situaci\u00f3n econ\u00f3mica vulnerable<\/strong>. Una vez que la v\u00edctima aceptaba el pr\u00e9stamo, era v\u00edctima de vigilancia constante, amenazas p\u00fablicas y mensajes a familiares o empleadores.<\/p>\n<p data-start=\"1585\" data-end=\"1865\">Ante el uso intensivo de herramientas digitales, <strong data-start=\"1634\" data-end=\"1642\">PoEs<\/strong>, en conjunto con la <strong data-start=\"1663\" data-end=\"1694\">Fiscal\u00eda General del Estado<\/strong> y el <strong data-start=\"1700\" data-end=\"1741\">Instituto Nacional de Migraci\u00f3n (INM)<\/strong>, iniciaron una estrategia conjunta para <strong data-start=\"1782\" data-end=\"1836\">detectar perfiles, cuentas y movimientos inusuales<\/strong> vinculados a estos grupos.<\/p>\n<p data-start=\"1867\" data-end=\"2081\">\u201cEsta no es una extorsi\u00f3n tradicional: es una forma de <strong data-start=\"1922\" data-end=\"1956\">violencia digital y financiera<\/strong>, que involucra manipulaci\u00f3n psicol\u00f3gica y uso indebido de datos personales\u201d, indic\u00f3 una fuente cercana a la investigaci\u00f3n.<\/p>\n<hr data-start=\"2083\" data-end=\"2086\" \/>\n<h3 data-start=\"2088\" data-end=\"2130\">Coordinaci\u00f3n, clave para la soluci\u00f3n<\/h3>\n<p data-start=\"2132\" data-end=\"2331\">El funcionario estatal destac\u00f3 que ya se trabaja con autoridades federales para <strong data-start=\"2212\" data-end=\"2247\">verificar el estatus migratorio<\/strong> de los presuntos responsables y evitar que sigan operando bajo otras identidades.<\/p>\n<p data-start=\"2333\" data-end=\"2550\">Adem\u00e1s, se han iniciado campa\u00f1as de <strong data-start=\"2369\" data-end=\"2393\">prevenci\u00f3n ciudadana<\/strong> para informar sobre los riesgos de aceptar pr\u00e9stamos no regulados, e impulsar mecanismos de <strong data-start=\"2486\" data-end=\"2506\">denuncia an\u00f3nima<\/strong> a trav\u00e9s del 089 y plataformas oficiales.<\/p>\n<p data-start=\"2552\" data-end=\"2736\">Quer\u00e9taro da as\u00ed un paso importante en la defensa del <strong data-start=\"2606\" data-end=\"2632\">ciberespacio ciudadano<\/strong>, mostrando que el trabajo <strong data-start=\"2659\" data-end=\"2673\">coordinado<\/strong> y la tecnolog\u00eda tambi\u00e9n pueden ser aliadas contra el crimen.<\/p>\n<blockquote data-start=\"2738\" data-end=\"2889\">\n<p data-start=\"2740\" data-end=\"2889\">La ciudadan\u00eda puede protegerse evitando compartir contrase\u00f1as, activando la verificaci\u00f3n en dos pasos y denunciando cualquier intento de extorsi\u00f3n.<\/p>\n<\/blockquote>\n","protected":false},"excerpt":{"rendered":"<p>Quer\u00e9taro refuerza su blindaje contra delitos cibern\u00e9ticos con un golpe certero. El Secretario de Seguridad Ciudadana, Iovan El\u00edas P\u00e9rez, inform\u00f3 que fueron desarticuladas dos c\u00e9lulas delictivas compuestas por ciudadanos de nacionalidad colombiana, quienes operaban bajo un esquema de extorsi\u00f3n digital mediante pr\u00e9stamos expr\u00e9s. Estas organizaciones ofrec\u00edan cr\u00e9ditos de f\u00e1cil acceso a trav\u00e9s de redes sociales, [&hellip;]<\/p>\n","protected":false},"author":21,"featured_media":64231,"comment_status":"open","ping_status":"open","sticky":false,"template":"","format":"standard","meta":{"_uf_show_specific_survey":0,"_uf_disable_surveys":false,"advanced_seo_description":"","jetpack_seo_html_title":"","jetpack_seo_noindex":false,"jetpack_seo_schema_type":"","_jetpack_newsletter_access":"","_jetpack_dont_email_post_to_subs":false,"_jetpack_newsletter_tier_id":0,"_jetpack_memberships_contains_paywalled_content":false,"_jetpack_feature_clip_id":0,"_jetpack_memberships_contains_paid_content":false,"footnotes":"","jetpack_publicize_message":"","jetpack_publicize_feature_enabled":true,"jetpack_social_post_already_shared":true,"jetpack_social_options":{"image_generator_settings":{"template":"highway","default_image_id":0,"font":"","enabled":false},"version":2},"jetpack_post_was_ever_published":false},"categories":[1724,109],"tags":[],"class_list":["post-64230","post","type-post","status-publish","format-standard","has-post-thumbnail","category-featured","category-queretaro"],"jetpack_publicize_connections":[],"jetpack-related-posts":[{"id":31004,"url":"https:\/\/mexicocodigorojo.com.mx\/?p=31004","url_meta":{"origin":64230,"position":0},"title":"Detienen a 24 por crimen organizado en Guanajuato","author":"Staff","date":"enero 20, 2020","format":false,"excerpt":"La FGE de Guanajuato y la SSP informaron la detenci\u00f3n de 24 miembros de c\u00e9lulas de la delincuencia organizada en los \u00faltimos cinco d\u00edas La Fiscal\u00eda General del Estado (FGE) de Guanajuato y la Secretar\u00eda de Seguridad P\u00fablica (SSP) comunicaron la detenci\u00f3n de\u00a024 miembros de c\u00e9lulas de la delincuencia organizada\u00a0en\u2026","rel":"","context":"En \u00abGuanajuato\u00bb","block_context":{"text":"Guanajuato","link":"https:\/\/mexicocodigorojo.com.mx\/?cat=18"},"img":{"alt_text":"","src":"https:\/\/i0.wp.com\/mexicocodigorojo.com.mx\/wp-content\/uploads\/2020\/01\/detienen-en-cinco-dias-a-24-miembros-de-grupos-delictivos-en-guanajuato.jpg?fit=980%2C550&ssl=1&resize=350%2C200","width":350,"height":200,"srcset":"https:\/\/i0.wp.com\/mexicocodigorojo.com.mx\/wp-content\/uploads\/2020\/01\/detienen-en-cinco-dias-a-24-miembros-de-grupos-delictivos-en-guanajuato.jpg?fit=980%2C550&ssl=1&resize=350%2C200 1x, https:\/\/i0.wp.com\/mexicocodigorojo.com.mx\/wp-content\/uploads\/2020\/01\/detienen-en-cinco-dias-a-24-miembros-de-grupos-delictivos-en-guanajuato.jpg?fit=980%2C550&ssl=1&resize=525%2C300 1.5x, https:\/\/i0.wp.com\/mexicocodigorojo.com.mx\/wp-content\/uploads\/2020\/01\/detienen-en-cinco-dias-a-24-miembros-de-grupos-delictivos-en-guanajuato.jpg?fit=980%2C550&ssl=1&resize=700%2C400 2x"},"classes":[]},{"id":64098,"url":"https:\/\/mexicocodigorojo.com.mx\/?p=64098","url_meta":{"origin":64230,"position":1},"title":"Cae red de pr\u00e9stamos \u201cGota a Gota\u201d en Tapachula; detenidos dos presuntos integrantes colombianos","author":"Staff","date":"abril 14, 2025","format":false,"excerpt":"SSP y FGE realizaron operativo conjunto en la regi\u00f3n Soconusco; los detenidos portaban droga, celulares con evidencia de amenazas y operaban en al menos tres municipios. Tapachula, Chiapas.\u2013 Dos presuntos integrantes de la red de pr\u00e9stamos ilegales conocida como \u201cGota a Gota\u201d fueron detenidos en un operativo conjunto de fuerzas\u2026","rel":"","context":"En \u00abChiapas\u00bb","block_context":{"text":"Chiapas","link":"https:\/\/mexicocodigorojo.com.mx\/?cat=75"},"img":{"alt_text":"","src":"https:\/\/i0.wp.com\/mexicocodigorojo.com.mx\/wp-content\/uploads\/2025\/04\/94ff1074-6214-47bb-8390-89450f1f4d82-1.jpg?fit=1080%2C810&ssl=1&resize=350%2C200","width":350,"height":200,"srcset":"https:\/\/i0.wp.com\/mexicocodigorojo.com.mx\/wp-content\/uploads\/2025\/04\/94ff1074-6214-47bb-8390-89450f1f4d82-1.jpg?fit=1080%2C810&ssl=1&resize=350%2C200 1x, https:\/\/i0.wp.com\/mexicocodigorojo.com.mx\/wp-content\/uploads\/2025\/04\/94ff1074-6214-47bb-8390-89450f1f4d82-1.jpg?fit=1080%2C810&ssl=1&resize=525%2C300 1.5x, https:\/\/i0.wp.com\/mexicocodigorojo.com.mx\/wp-content\/uploads\/2025\/04\/94ff1074-6214-47bb-8390-89450f1f4d82-1.jpg?fit=1080%2C810&ssl=1&resize=700%2C400 2x, https:\/\/i0.wp.com\/mexicocodigorojo.com.mx\/wp-content\/uploads\/2025\/04\/94ff1074-6214-47bb-8390-89450f1f4d82-1.jpg?fit=1080%2C810&ssl=1&resize=1050%2C600 3x"},"classes":[]},{"id":53967,"url":"https:\/\/mexicocodigorojo.com.mx\/?p=53967","url_meta":{"origin":64230,"position":2},"title":"Reportan accidente en la autopista M\u00e9xico-Quer\u00e9taro, a la altura de El Marqu\u00e9s","author":"MexicoRojoCvmx","date":"septiembre 8, 2022","format":false,"excerpt":"La ma\u00f1ana de este jueves, se registra un accidente en la autopista M\u00e9xico-Quer\u00e9taro, a la altura de La Piedad, en el municipio de El Marqu\u00e9s. De acuerdo con Protecci\u00f3n Civil, hay carga vial intensa, en el kil\u00f3metro 196, en direcci\u00f3n a Quer\u00e9taro, por lo que llaman a los automovilistas a\u2026","rel":"","context":"En \u00abFeatured\u00bb","block_context":{"text":"Featured","link":"https:\/\/mexicocodigorojo.com.mx\/?cat=1724"},"img":{"alt_text":"","src":"https:\/\/i0.wp.com\/mexicocodigorojo.com.mx\/wp-content\/uploads\/2022\/09\/Captura-de-pantalla-2022-09-08-102951.jpg?fit=1064%2C654&ssl=1&resize=350%2C200","width":350,"height":200,"srcset":"https:\/\/i0.wp.com\/mexicocodigorojo.com.mx\/wp-content\/uploads\/2022\/09\/Captura-de-pantalla-2022-09-08-102951.jpg?fit=1064%2C654&ssl=1&resize=350%2C200 1x, https:\/\/i0.wp.com\/mexicocodigorojo.com.mx\/wp-content\/uploads\/2022\/09\/Captura-de-pantalla-2022-09-08-102951.jpg?fit=1064%2C654&ssl=1&resize=525%2C300 1.5x, https:\/\/i0.wp.com\/mexicocodigorojo.com.mx\/wp-content\/uploads\/2022\/09\/Captura-de-pantalla-2022-09-08-102951.jpg?fit=1064%2C654&ssl=1&resize=700%2C400 2x, https:\/\/i0.wp.com\/mexicocodigorojo.com.mx\/wp-content\/uploads\/2022\/09\/Captura-de-pantalla-2022-09-08-102951.jpg?fit=1064%2C654&ssl=1&resize=1050%2C600 3x"},"classes":[]},{"id":4441,"url":"https:\/\/mexicocodigorojo.com.mx\/?p=4441","url_meta":{"origin":64230,"position":3},"title":"Alertan en redes sociales por falsos retenes en varios tramos carreteros","author":"Staff","date":"septiembre 28, 2018","format":false,"excerpt":"REGI\u00d3N.- Por medio de las redes sociales se les hace un llamado a los usuarios de las v\u00edas de comunicaci\u00f3n para que est\u00e9n alerta en los tramos: M\u00e9xico-Quer\u00e9taro, desde Tepej\u00ed del R\u00edo hasta San Juan del R\u00edo; Arco Norte, Puebla-La Tinaja; M\u00e9xico-Pachuca; M\u00e9xico-Tuxpan; tramo Ecatepec, las pir\u00e1mides de Tulancingo; ya\u2026","rel":"","context":"En \u00abFeatured\u00bb","block_context":{"text":"Featured","link":"https:\/\/mexicocodigorojo.com.mx\/?cat=1724"},"img":{"alt_text":"","src":"https:\/\/i0.wp.com\/mexicocodigorojo.com.mx\/wp-content\/uploads\/2018\/09\/3245F3F8-5281-4B68-86C7-C59FE284D394.jpeg?fit=729%2C483&ssl=1&resize=350%2C200","width":350,"height":200,"srcset":"https:\/\/i0.wp.com\/mexicocodigorojo.com.mx\/wp-content\/uploads\/2018\/09\/3245F3F8-5281-4B68-86C7-C59FE284D394.jpeg?fit=729%2C483&ssl=1&resize=350%2C200 1x, https:\/\/i0.wp.com\/mexicocodigorojo.com.mx\/wp-content\/uploads\/2018\/09\/3245F3F8-5281-4B68-86C7-C59FE284D394.jpeg?fit=729%2C483&ssl=1&resize=525%2C300 1.5x, https:\/\/i0.wp.com\/mexicocodigorojo.com.mx\/wp-content\/uploads\/2018\/09\/3245F3F8-5281-4B68-86C7-C59FE284D394.jpeg?fit=729%2C483&ssl=1&resize=700%2C400 2x"},"classes":[]},{"id":9090,"url":"https:\/\/mexicocodigorojo.com.mx\/?p=9090","url_meta":{"origin":64230,"position":4},"title":"Arrestan a 12 extorsionadores en Tamaulipas, operaban en la zona sur del estado","author":"Staff","date":"noviembre 18, 2018","format":false,"excerpt":"Ciudad Victoria, Tamaulipas.- La Procuradur\u00eda General de Justicia de Tamaulipas informa que derivada de la colaboraci\u00f3n con la Fiscal\u00eda de General del Estado de Chihuahua fueron detenidas 12 personas por el delito de extorsi\u00f3n agravada. Agentes de la Polic\u00eda Investigadora y elementos de la Polic\u00eda Ministerial de Chihuahua dieron cumplimiento\u2026","rel":"","context":"En \u00abTamaulipas\u00bb","block_context":{"text":"Tamaulipas","link":"https:\/\/mexicocodigorojo.com.mx\/?cat=2"},"img":{"alt_text":"","src":"https:\/\/i0.wp.com\/mexicocodigorojo.com.mx\/wp-content\/uploads\/2018\/11\/img-20181116-wa01647449019749122949674-1.jpg?resize=350%2C200&ssl=1","width":350,"height":200,"srcset":"https:\/\/i0.wp.com\/mexicocodigorojo.com.mx\/wp-content\/uploads\/2018\/11\/img-20181116-wa01647449019749122949674-1.jpg?resize=350%2C200&ssl=1 1x, https:\/\/i0.wp.com\/mexicocodigorojo.com.mx\/wp-content\/uploads\/2018\/11\/img-20181116-wa01647449019749122949674-1.jpg?resize=525%2C300&ssl=1 1.5x, https:\/\/i0.wp.com\/mexicocodigorojo.com.mx\/wp-content\/uploads\/2018\/11\/img-20181116-wa01647449019749122949674-1.jpg?resize=700%2C400&ssl=1 2x"},"classes":[]},{"id":17560,"url":"https:\/\/mexicocodigorojo.com.mx\/?p=17560","url_meta":{"origin":64230,"position":5},"title":"VIDEO Cae Helic\u00f3ptero de la SEMAR en la Sierra de Quer\u00e9taro y San Luis Potosi","author":"Staff","date":"mayo 25, 2019","format":false,"excerpt":"*El helic\u00f3ptero, modelo modelo MI-17, hab\u00eda sido desplegado para ayudar en los incendios forestales en la zona fronteriza con Quer\u00e9taro. La Secretar\u00eda de Marina inform\u00f3 en redes sociales del desplome este viernes de uno de sus helic\u00f3pteros en San Luis Potos\u00ed. La aeronave, modelo MI-17 hab\u00eda sido desplegada para combatir\u2026","rel":"","context":"En \u00abQuer\u00e9taro\u00bb","block_context":{"text":"Quer\u00e9taro","link":"https:\/\/mexicocodigorojo.com.mx\/?cat=109"},"img":{"alt_text":"","src":"https:\/\/i0.wp.com\/mexicocodigorojo.com.mx\/wp-content\/uploads\/2019\/05\/comunicado-de-semar-1779750146.jpeg?resize=350%2C200&ssl=1","width":350,"height":200,"srcset":"https:\/\/i0.wp.com\/mexicocodigorojo.com.mx\/wp-content\/uploads\/2019\/05\/comunicado-de-semar-1779750146.jpeg?resize=350%2C200&ssl=1 1x, https:\/\/i0.wp.com\/mexicocodigorojo.com.mx\/wp-content\/uploads\/2019\/05\/comunicado-de-semar-1779750146.jpeg?resize=525%2C300&ssl=1 1.5x"},"classes":[]}],"jetpack_sharing_enabled":true,"jetpack_likes_enabled":true,"jetpack_shortlink":"https:\/\/wp.me\/p9TedA-gHY","jetpack_featured_media_url":"https:\/\/i0.wp.com\/mexicocodigorojo.com.mx\/wp-content\/uploads\/2025\/06\/Captura-de-pantalla-2025-06-02-165056.jpg?fit=674%2C449&ssl=1","_links":{"self":[{"href":"https:\/\/mexicocodigorojo.com.mx\/index.php?rest_route=\/wp\/v2\/posts\/64230","targetHints":{"allow":["GET"]}}],"collection":[{"href":"https:\/\/mexicocodigorojo.com.mx\/index.php?rest_route=\/wp\/v2\/posts"}],"about":[{"href":"https:\/\/mexicocodigorojo.com.mx\/index.php?rest_route=\/wp\/v2\/types\/post"}],"author":[{"embeddable":true,"href":"https:\/\/mexicocodigorojo.com.mx\/index.php?rest_route=\/wp\/v2\/users\/21"}],"replies":[{"embeddable":true,"href":"https:\/\/mexicocodigorojo.com.mx\/index.php?rest_route=%2Fwp%2Fv2%2Fcomments&post=64230"}],"version-history":[{"count":1,"href":"https:\/\/mexicocodigorojo.com.mx\/index.php?rest_route=\/wp\/v2\/posts\/64230\/revisions"}],"predecessor-version":[{"id":64232,"href":"https:\/\/mexicocodigorojo.com.mx\/index.php?rest_route=\/wp\/v2\/posts\/64230\/revisions\/64232"}],"wp:featuredmedia":[{"embeddable":true,"href":"https:\/\/mexicocodigorojo.com.mx\/index.php?rest_route=\/wp\/v2\/media\/64231"}],"wp:attachment":[{"href":"https:\/\/mexicocodigorojo.com.mx\/index.php?rest_route=%2Fwp%2Fv2%2Fmedia&parent=64230"}],"wp:term":[{"taxonomy":"category","embeddable":true,"href":"https:\/\/mexicocodigorojo.com.mx\/index.php?rest_route=%2Fwp%2Fv2%2Fcategories&post=64230"},{"taxonomy":"post_tag","embeddable":true,"href":"https:\/\/mexicocodigorojo.com.mx\/index.php?rest_route=%2Fwp%2Fv2%2Ftags&post=64230"}],"curies":[{"name":"wp","href":"https:\/\/api.w.org\/{rel}","templated":true}]}}