{"id":64201,"date":"2025-05-21T12:30:26","date_gmt":"2025-05-21T18:30:26","guid":{"rendered":"https:\/\/mexicocodigorojo.com.mx\/?p=64201"},"modified":"2025-05-21T12:30:26","modified_gmt":"2025-05-21T18:30:26","slug":"la-onu-condena-el-asesinato-de-funcionarios-cercanos-a-clara-brugada","status":"publish","type":"post","link":"https:\/\/mexicocodigorojo.com.mx\/?p=64201","title":{"rendered":"La ONU condena el asesinato de funcionarios cercanos a Clara Brugada"},"content":{"rendered":"<p>La representaci\u00f3n de la ONU en M\u00e9xico, junto con la Oficina en M\u00e9xico del Alto Comisionado de las Naciones Unidas para los Derechos Humanos (ONUDH), se sumaron a la ola de repudio hacia el asesinato perpetrado hoy contra de Ximena Guzm\u00e1n y Jos\u00e9 Mu\u00f1oz, respectivos secretaria particular y asesor de la jefa de gobierno capitalino, Clara Brugada.<\/p>\n<p>En mensajes difundidos en redes sociales, las agencias internacionales lamentaron el ataque sucedido en la ma\u00f1ana de este martes 20 sobre la Calzada de Tlalpan \u2013a altura de la colonia Moderna&#8211;, mientras Guzm\u00e1n estaba en su carro y Mu\u00f1oz se encontraba a punto de subirse al veh\u00edculo. Un hombre con casco de motocicleta dispar\u00f3 contra los dos colaboradores cercanos de Brugada y huy\u00f3.<\/p>\n<p>\u201cNuestra solidaridad con sus familias. Reclamamos la importancia de una investigaci\u00f3n pronta y eficaz\u201d, urgi\u00f3 la ONU en M\u00e9xico, mientras la ONUDH expres\u00f3 su \u201cprofunda solidaridad\u201d con los familiares y seres queridos de las v\u00edctimas, cuyo asesinato caus\u00f3 conmoci\u00f3n en la capital.<\/p>\n","protected":false},"excerpt":{"rendered":"<p>La representaci\u00f3n de la ONU en M\u00e9xico, junto con la Oficina en M\u00e9xico del Alto Comisionado de las Naciones Unidas para los Derechos Humanos (ONUDH), se sumaron a la ola de repudio hacia el asesinato perpetrado hoy contra de Ximena Guzm\u00e1n y Jos\u00e9 Mu\u00f1oz, respectivos secretaria particular y asesor de la jefa de gobierno capitalino, [&hellip;]<\/p>\n","protected":false},"author":5,"featured_media":64202,"comment_status":"open","ping_status":"open","sticky":false,"template":"","format":"standard","meta":{"_uf_show_specific_survey":0,"_uf_disable_surveys":false,"advanced_seo_description":"","jetpack_seo_html_title":"","jetpack_seo_noindex":false,"jetpack_post_was_ever_published":false,"_jetpack_newsletter_access":"","_jetpack_dont_email_post_to_subs":false,"_jetpack_newsletter_tier_id":0,"_jetpack_memberships_contains_paywalled_content":false,"_jetpack_memberships_contains_paid_content":false,"footnotes":"","jetpack_publicize_message":"","jetpack_publicize_feature_enabled":true,"jetpack_social_post_already_shared":true,"jetpack_social_options":{"image_generator_settings":{"template":"highway","default_image_id":0,"font":"","enabled":false},"version":2}},"categories":[101,1724],"tags":[858],"class_list":{"0":"post-64201","1":"post","2":"type-post","3":"status-publish","4":"format-standard","5":"has-post-thumbnail","7":"category-ciudad-de-mexico","8":"category-featured","9":"tag-homicidio"},"jetpack_publicize_connections":[],"jetpack_featured_media_url":"https:\/\/i0.wp.com\/mexicocodigorojo.com.mx\/wp-content\/uploads\/2025\/05\/f1280x720-223460.webp?fit=1280%2C720&ssl=1","jetpack-related-posts":[{"id":51407,"url":"https:\/\/mexicocodigorojo.com.mx\/?p=51407","url_meta":{"origin":64201,"position":0},"title":"ONU-DH condena el asesinato del periodista Fredy L\u00f3pez","author":"Staff","date":"noviembre 2, 2021","format":false,"excerpt":"La oficina en M\u00e9xico de la Alta Comisionada de Naciones Unidas para los Derechos Humanos (ONU-DH) conden\u00f3 el asesinato del periodista Fredy L\u00f3pez Ar\u00e9valo en San Crist\u00f3bal de las Casas, Chiapas, as\u00ed como el ataque armado al director del medio digital \u201cDos Costas\u201d, Alfredo Cardoso Echeverr\u00eda, ocurrido en Acapulco, Guerrero.\u2026","rel":"","context":"En \u00abChiapas\u00bb","block_context":{"text":"Chiapas","link":"https:\/\/mexicocodigorojo.com.mx\/?cat=75"},"img":{"alt_text":"","src":"https:\/\/i0.wp.com\/mexicocodigorojo.com.mx\/wp-content\/uploads\/2021\/11\/fredy-lopez.jpg?fit=400%2C402&ssl=1&resize=350%2C200","width":350,"height":200},"classes":[]},{"id":9902,"url":"https:\/\/mexicocodigorojo.com.mx\/?p=9902","url_meta":{"origin":64201,"position":1},"title":"ONU-DH condena asesinato de periodista de Nayarit y la impunidad en casos anteriores","author":"Staff","date":"diciembre 4, 2018","format":false,"excerpt":"CIUDAD DE M\u00c9XICO (apro).- La Oficina de la Alta Comisionada de Naciones Unidas para los Derechos Humanos (ONU-DH) conden\u00f3 el asesinato del periodista Jes\u00fas Alejandro M\u00e1rquez Jim\u00e9nez, con el que suman 11 comunicadores ejecutados en 2018. En un comunicado, la ONU-DH urgi\u00f3 a las autoridades a \u201crealizar una pronta investigaci\u00f3n\u201d\u2026","rel":"","context":"En \u00abNayarit\u00bb","block_context":{"text":"Nayarit","link":"https:\/\/mexicocodigorojo.com.mx\/?cat=247"},"img":{"alt_text":"","src":"https:\/\/i0.wp.com\/mexicocodigorojo.com.mx\/wp-content\/uploads\/2018\/12\/chucho-1078x808-e1543964098568.jpg?fit=552%2C474&ssl=1&resize=350%2C200","width":350,"height":200,"srcset":"https:\/\/i0.wp.com\/mexicocodigorojo.com.mx\/wp-content\/uploads\/2018\/12\/chucho-1078x808-e1543964098568.jpg?fit=552%2C474&ssl=1&resize=350%2C200 1x, https:\/\/i0.wp.com\/mexicocodigorojo.com.mx\/wp-content\/uploads\/2018\/12\/chucho-1078x808-e1543964098568.jpg?fit=552%2C474&ssl=1&resize=525%2C300 1.5x"},"classes":[]},{"id":14978,"url":"https:\/\/mexicocodigorojo.com.mx\/?p=14978","url_meta":{"origin":64201,"position":2},"title":"EXTRADITAN A \u00abEL MONO MU\u00d1OZ\u00bb DE ESPA\u00d1A A LOS EEUU ERA OPERADOR FINANCIERO INTERNACIONAL DEL CARTEL DE LOS ZETAS","author":"Staff","date":"marzo 4, 2019","format":false,"excerpt":"EXTRADITAN A \"EL MONO MU\u00d1OZ\" DE ESPA\u00d1A A LOS EEUU ERA OPERADOR FINANCIERO INTERNACIONAL DEL CARTEL DE LOS ZETAS Juan Manuel Mu\u00f1oz Lu\u00e9vano, conocido como El Mono Mu\u00f1oz, fue trasladado de Espa\u00f1a a Estados Unidos, en donde ser\u00e1 juzgado por supuesto lavado de dinero y organizaci\u00f3n criminal. Autoridades americanas lo\u2026","rel":"","context":"En \u00abCoahuila\u00bb","block_context":{"text":"Coahuila","link":"https:\/\/mexicocodigorojo.com.mx\/?cat=27"},"img":{"alt_text":"","src":"https:\/\/i0.wp.com\/mexicocodigorojo.com.mx\/wp-content\/uploads\/2019\/03\/info_mono_1-640x10171549043796.jpg?resize=350%2C200&ssl=1","width":350,"height":200,"srcset":"https:\/\/i0.wp.com\/mexicocodigorojo.com.mx\/wp-content\/uploads\/2019\/03\/info_mono_1-640x10171549043796.jpg?resize=350%2C200&ssl=1 1x, https:\/\/i0.wp.com\/mexicocodigorojo.com.mx\/wp-content\/uploads\/2019\/03\/info_mono_1-640x10171549043796.jpg?resize=525%2C300&ssl=1 1.5x"},"classes":[]},{"id":17239,"url":"https:\/\/mexicocodigorojo.com.mx\/?p=17239","url_meta":{"origin":64201,"position":3},"title":"\u201cJavier Valdez\u201d desobedeci\u00f3 las \u00f3rdenes de los menores por eso lo mataron dijo El Licenciado frente \u00aba su compadre\u00bb","author":"Staff","date":"mayo 15, 2019","format":false,"excerpt":"\u201cJavier Valdez\u201d desobedeci\u00f3 las \u00f3rdenes de los menores por eso lo mataron dijo El Licenciado \"mi compadre supo del asesinato del periodista. El fiscal responsable habl\u00f3 de los avances del caso en M\u00e9xico El asesinato del periodista Javier Valdez (izquierda) surgi\u00f3 como tema en el juicio contra \"El Chapo\". La\u2026","rel":"","context":"En \u00abSinaloa\u00bb","block_context":{"text":"Sinaloa","link":"https:\/\/mexicocodigorojo.com.mx\/?cat=41"},"img":{"alt_text":"","src":"https:\/\/i0.wp.com\/mexicocodigorojo.com.mx\/wp-content\/uploads\/2019\/05\/descarga.jpeg?resize=350%2C200&ssl=1","width":350,"height":200},"classes":[]},{"id":32754,"url":"https:\/\/mexicocodigorojo.com.mx\/?p=32754","url_meta":{"origin":64201,"position":4},"title":"ONU-DH condena el homicidio de Ingrid Escamilla","author":"Staff","date":"febrero 12, 2020","format":false,"excerpt":"El representante en M\u00e9xico de ONU-DH pidi\u00f3 que los medios de comunicaci\u00f3n act\u00faen con una perspectiva en la que respeten los derechos de las v\u00edctimas Jes\u00fas Pe\u00f1a Palacios, representante en M\u00e9xico del Alto Comisionado de las Naciones Unidas para los Derechos Humanos (ONU-DH), conden\u00f3 el\u00a0homicidio\u00a0de\u00a0Ingrid\u00a0Escamilla,\u00a0ocurrido en la Ciudad de M\u00e9xico\u2026","rel":"","context":"En \u00abCiudad de M\u00e9xico\u00bb","block_context":{"text":"Ciudad de M\u00e9xico","link":"https:\/\/mexicocodigorojo.com.mx\/?cat=101"},"img":{"alt_text":"","src":"https:\/\/i0.wp.com\/mexicocodigorojo.com.mx\/wp-content\/uploads\/2020\/02\/ingrid-escamilla-fue-asesinada-por-su-pareja-sentimental-en-la-gam.jpg?fit=980%2C550&ssl=1&resize=350%2C200","width":350,"height":200,"srcset":"https:\/\/i0.wp.com\/mexicocodigorojo.com.mx\/wp-content\/uploads\/2020\/02\/ingrid-escamilla-fue-asesinada-por-su-pareja-sentimental-en-la-gam.jpg?fit=980%2C550&ssl=1&resize=350%2C200 1x, https:\/\/i0.wp.com\/mexicocodigorojo.com.mx\/wp-content\/uploads\/2020\/02\/ingrid-escamilla-fue-asesinada-por-su-pareja-sentimental-en-la-gam.jpg?fit=980%2C550&ssl=1&resize=525%2C300 1.5x, https:\/\/i0.wp.com\/mexicocodigorojo.com.mx\/wp-content\/uploads\/2020\/02\/ingrid-escamilla-fue-asesinada-por-su-pareja-sentimental-en-la-gam.jpg?fit=980%2C550&ssl=1&resize=700%2C400 2x"},"classes":[]},{"id":26295,"url":"https:\/\/mexicocodigorojo.com.mx\/?p=26295","url_meta":{"origin":64201,"position":5},"title":"En M\u00e9xico no hay orden de aprehensi\u00f3n contra Ovidio Guzm\u00e1n L\u00f3pez: Alfonso Durazo","author":"Staff","date":"noviembre 1, 2019","format":false,"excerpt":"Alfonso Durazo, titular de SSPC, dijo que aunque parezca incre\u00edble, Ovidio Guzm\u00e1n L\u00f3pez no tiene orden de aprehensi\u00f3n en M\u00e9xico Entre pancartas y protestas de panistas, el secretario de Seguridad y Protecci\u00f3n Ciudadana (SSPC),\u00a0Alfonso Durazo, se\u00f1al\u00f3 en la tribuna de la\u00a0C\u00e1mara de Diputados\u00a0que, aunque parezca incre\u00edble, el hijo de Joaqu\u00edn\u2026","rel":"","context":"En \u00abCiudad de M\u00e9xico\u00bb","block_context":{"text":"Ciudad de M\u00e9xico","link":"https:\/\/mexicocodigorojo.com.mx\/?cat=101"},"img":{"alt_text":"","src":"https:\/\/i0.wp.com\/mexicocodigorojo.com.mx\/wp-content\/uploads\/2019\/11\/culiacan-2-ovidio-guzman.jpg?fit=980%2C550&ssl=1&resize=350%2C200","width":350,"height":200,"srcset":"https:\/\/i0.wp.com\/mexicocodigorojo.com.mx\/wp-content\/uploads\/2019\/11\/culiacan-2-ovidio-guzman.jpg?fit=980%2C550&ssl=1&resize=350%2C200 1x, https:\/\/i0.wp.com\/mexicocodigorojo.com.mx\/wp-content\/uploads\/2019\/11\/culiacan-2-ovidio-guzman.jpg?fit=980%2C550&ssl=1&resize=525%2C300 1.5x, https:\/\/i0.wp.com\/mexicocodigorojo.com.mx\/wp-content\/uploads\/2019\/11\/culiacan-2-ovidio-guzman.jpg?fit=980%2C550&ssl=1&resize=700%2C400 2x"},"classes":[]}],"jetpack_sharing_enabled":true,"jetpack_likes_enabled":true,"jetpack_shortlink":"https:\/\/wp.me\/p9TedA-gHv","_links":{"self":[{"href":"https:\/\/mexicocodigorojo.com.mx\/index.php?rest_route=\/wp\/v2\/posts\/64201","targetHints":{"allow":["GET"]}}],"collection":[{"href":"https:\/\/mexicocodigorojo.com.mx\/index.php?rest_route=\/wp\/v2\/posts"}],"about":[{"href":"https:\/\/mexicocodigorojo.com.mx\/index.php?rest_route=\/wp\/v2\/types\/post"}],"author":[{"embeddable":true,"href":"https:\/\/mexicocodigorojo.com.mx\/index.php?rest_route=\/wp\/v2\/users\/5"}],"replies":[{"embeddable":true,"href":"https:\/\/mexicocodigorojo.com.mx\/index.php?rest_route=%2Fwp%2Fv2%2Fcomments&post=64201"}],"version-history":[{"count":1,"href":"https:\/\/mexicocodigorojo.com.mx\/index.php?rest_route=\/wp\/v2\/posts\/64201\/revisions"}],"predecessor-version":[{"id":64203,"href":"https:\/\/mexicocodigorojo.com.mx\/index.php?rest_route=\/wp\/v2\/posts\/64201\/revisions\/64203"}],"wp:featuredmedia":[{"embeddable":true,"href":"https:\/\/mexicocodigorojo.com.mx\/index.php?rest_route=\/wp\/v2\/media\/64202"}],"wp:attachment":[{"href":"https:\/\/mexicocodigorojo.com.mx\/index.php?rest_route=%2Fwp%2Fv2%2Fmedia&parent=64201"}],"wp:term":[{"taxonomy":"category","embeddable":true,"href":"https:\/\/mexicocodigorojo.com.mx\/index.php?rest_route=%2Fwp%2Fv2%2Fcategories&post=64201"},{"taxonomy":"post_tag","embeddable":true,"href":"https:\/\/mexicocodigorojo.com.mx\/index.php?rest_route=%2Fwp%2Fv2%2Ftags&post=64201"}],"curies":[{"name":"wp","href":"https:\/\/api.w.org\/{rel}","templated":true}]}}