{"id":64137,"date":"2025-05-02T13:10:12","date_gmt":"2025-05-02T19:10:12","guid":{"rendered":"https:\/\/mexicocodigorojo.com.mx\/?p=64137"},"modified":"2025-05-02T13:10:12","modified_gmt":"2025-05-02T19:10:12","slug":"refuerzan-vinculos-con-productores-de-cafe-en-chiapas-para-impulsar-seguridad-y-desarrollo-rural","status":"publish","type":"post","link":"https:\/\/mexicocodigorojo.com.mx\/?p=64137","title":{"rendered":"Refuerzan v\u00ednculos con productores de caf\u00e9 en Chiapas para impulsar seguridad y desarrollo rural"},"content":{"rendered":"<p class=\"\" data-start=\"204\" data-end=\"547\"><em data-start=\"204\" data-end=\"228\">Uni\u00f3n Ju\u00e1rez, Chiapas.<\/em> \u2014 En un encuentro clave para el fortalecimiento del desarrollo rural y la seguridad en la regi\u00f3n, el titular de la Secretar\u00eda de Seguridad del Pueblo, <strong data-start=\"380\" data-end=\"415\">\u00d3scar Alberto Aparicio Avenda\u00f1o<\/strong>, sostuvo una reuni\u00f3n de trabajo con integrantes de la <strong data-start=\"470\" data-end=\"546\">Uni\u00f3n Agr\u00edcola Regional de Productores de Caf\u00e9 Tacan\u00e1 de la Frontera Sur<\/strong>.<\/p>\n<p class=\"\" data-start=\"549\" data-end=\"839\">La reuni\u00f3n tuvo lugar este viernes y reuni\u00f3 a productores, representantes del sector cafetalero y autoridades de seguridad, con el objetivo de <strong data-start=\"692\" data-end=\"773\">consolidar un di\u00e1logo directo y fortalecer la colaboraci\u00f3n interinstitucional<\/strong> en beneficio de las comunidades productoras de caf\u00e9 en la regi\u00f3n.<\/p>\n<p class=\"\" data-start=\"841\" data-end=\"1104\">Aparicio Avenda\u00f1o destac\u00f3 que este tipo de encuentros permiten <strong data-start=\"904\" data-end=\"966\">construir puentes de confianza entre ciudadan\u00eda y gobierno<\/strong>, adem\u00e1s de generar acuerdos que impactan directamente en el bienestar econ\u00f3mico, social y en la seguridad de los territorios cafetaleros.<\/p>\n<p class=\"\" data-start=\"1106\" data-end=\"1361\">\u201cHoy m\u00e1s que nunca necesitamos trabajar de la mano con los productores, escuchar sus necesidades, identificar riesgos y, sobre todo, acompa\u00f1ar sus procesos con una pol\u00edtica de proximidad social y cero tolerancia a la delincuencia\u201d, declar\u00f3 el funcionario.<\/p>\n<p class=\"\" data-start=\"1363\" data-end=\"1422\">Durante la mesa de trabajo se abordaron temas clave como:<\/p>\n<ul data-start=\"1423\" data-end=\"1698\">\n<li class=\"\" data-start=\"1423\" data-end=\"1481\">\n<p class=\"\" data-start=\"1425\" data-end=\"1481\">La <strong data-start=\"1428\" data-end=\"1478\">protecci\u00f3n a las rutas de distribuci\u00f3n de caf\u00e9<\/strong>,<\/p>\n<\/li>\n<li class=\"\" data-start=\"1482\" data-end=\"1542\">\n<p class=\"\" data-start=\"1484\" data-end=\"1542\">La prevenci\u00f3n de delitos patrimoniales en zonas rurales,<\/p>\n<\/li>\n<li class=\"\" data-start=\"1543\" data-end=\"1617\">\n<p class=\"\" data-start=\"1545\" data-end=\"1617\">El impulso a la <strong data-start=\"1561\" data-end=\"1614\">econom\u00eda local a trav\u00e9s del orden y la paz social<\/strong>,<\/p>\n<\/li>\n<li class=\"\" data-start=\"1618\" data-end=\"1698\">\n<p class=\"\" data-start=\"1620\" data-end=\"1698\">Y el fortalecimiento del tejido comunitario para blindar la cadena productiva.<\/p>\n<\/li>\n<\/ul>\n<p class=\"\" data-start=\"1700\" data-end=\"1976\">Representantes de la Uni\u00f3n Agr\u00edcola Regional agradecieron la apertura y disposici\u00f3n de las autoridades, reconociendo que esta es una de las primeras ocasiones en que el sector cafetalero tiene un espacio formal de di\u00e1logo directo con la instancia de seguridad p\u00fablica estatal.<\/p>\n<p class=\"\" data-start=\"1978\" data-end=\"2212\">\u201cEstamos comprometidos con la tranquilidad de nuestras comunidades. El caf\u00e9 no solo es un cultivo, es nuestra vida, y queremos sembrarlo, cosecharlo y comercializarlo en paz\u201d, expres\u00f3 uno de los l\u00edderes cafetaleros durante la reuni\u00f3n.<\/p>\n<p class=\"\" data-start=\"2214\" data-end=\"2542\">La Secretar\u00eda de Seguridad del Pueblo reafirm\u00f3 que continuar\u00e1 con estas mesas de trabajo en distintos puntos del estado como parte de la estrategia de <strong data-start=\"2365\" data-end=\"2409\">seguridad rural y desarrollo comunitario<\/strong>, promovida por el gobernador <strong data-start=\"2439\" data-end=\"2466\">Eduardo Ram\u00edrez Aguilar<\/strong>, en el marco de su visi\u00f3n de un Chiapas con justicia social y paz duradera.<\/p>\n<p data-start=\"2214\" data-end=\"2542\"><img data-recalc-dims=\"1\" loading=\"lazy\" decoding=\"async\" data-attachment-id=\"64139\" data-permalink=\"https:\/\/mexicocodigorojo.com.mx\/?attachment_id=64139\" data-orig-file=\"https:\/\/i0.wp.com\/mexicocodigorojo.com.mx\/wp-content\/uploads\/2025\/05\/Gp9gfTeWUAAV6-I.jpg?fit=2048%2C1154&amp;ssl=1\" data-orig-size=\"2048,1154\" data-comments-opened=\"1\" data-image-meta=\"{&quot;aperture&quot;:&quot;0&quot;,&quot;credit&quot;:&quot;&quot;,&quot;camera&quot;:&quot;&quot;,&quot;caption&quot;:&quot;&quot;,&quot;created_timestamp&quot;:&quot;0&quot;,&quot;copyright&quot;:&quot;&quot;,&quot;focal_length&quot;:&quot;0&quot;,&quot;iso&quot;:&quot;0&quot;,&quot;shutter_speed&quot;:&quot;0&quot;,&quot;title&quot;:&quot;&quot;,&quot;orientation&quot;:&quot;0&quot;}\" data-image-title=\"Gp9gfTeWUAAV6-I\" data-image-description=\"\" data-image-caption=\"\" data-large-file=\"https:\/\/i0.wp.com\/mexicocodigorojo.com.mx\/wp-content\/uploads\/2025\/05\/Gp9gfTeWUAAV6-I.jpg?fit=696%2C392&amp;ssl=1\" class=\"alignnone wp-image-64139 size-full\" src=\"https:\/\/i0.wp.com\/mexicocodigorojo.com.mx\/wp-content\/uploads\/2025\/05\/Gp9gfTeWUAAV6-I.jpg?resize=696%2C392&#038;ssl=1\" alt=\"\" width=\"696\" height=\"392\" srcset=\"https:\/\/i0.wp.com\/mexicocodigorojo.com.mx\/wp-content\/uploads\/2025\/05\/Gp9gfTeWUAAV6-I.jpg?w=2048&amp;ssl=1 2048w, https:\/\/i0.wp.com\/mexicocodigorojo.com.mx\/wp-content\/uploads\/2025\/05\/Gp9gfTeWUAAV6-I.jpg?resize=300%2C169&amp;ssl=1 300w, https:\/\/i0.wp.com\/mexicocodigorojo.com.mx\/wp-content\/uploads\/2025\/05\/Gp9gfTeWUAAV6-I.jpg?resize=1024%2C577&amp;ssl=1 1024w, https:\/\/i0.wp.com\/mexicocodigorojo.com.mx\/wp-content\/uploads\/2025\/05\/Gp9gfTeWUAAV6-I.jpg?resize=768%2C433&amp;ssl=1 768w, https:\/\/i0.wp.com\/mexicocodigorojo.com.mx\/wp-content\/uploads\/2025\/05\/Gp9gfTeWUAAV6-I.jpg?resize=1536%2C866&amp;ssl=1 1536w, https:\/\/i0.wp.com\/mexicocodigorojo.com.mx\/wp-content\/uploads\/2025\/05\/Gp9gfTeWUAAV6-I.jpg?resize=745%2C420&amp;ssl=1 745w, https:\/\/i0.wp.com\/mexicocodigorojo.com.mx\/wp-content\/uploads\/2025\/05\/Gp9gfTeWUAAV6-I.jpg?resize=150%2C85&amp;ssl=1 150w, https:\/\/i0.wp.com\/mexicocodigorojo.com.mx\/wp-content\/uploads\/2025\/05\/Gp9gfTeWUAAV6-I.jpg?resize=696%2C392&amp;ssl=1 696w, https:\/\/i0.wp.com\/mexicocodigorojo.com.mx\/wp-content\/uploads\/2025\/05\/Gp9gfTeWUAAV6-I.jpg?resize=1068%2C602&amp;ssl=1 1068w, https:\/\/i0.wp.com\/mexicocodigorojo.com.mx\/wp-content\/uploads\/2025\/05\/Gp9gfTeWUAAV6-I.jpg?resize=1920%2C1082&amp;ssl=1 1920w, https:\/\/i0.wp.com\/mexicocodigorojo.com.mx\/wp-content\/uploads\/2025\/05\/Gp9gfTeWUAAV6-I.jpg?w=1392&amp;ssl=1 1392w\" sizes=\"auto, (max-width: 696px) 100vw, 696px\" \/> <img data-recalc-dims=\"1\" loading=\"lazy\" decoding=\"async\" data-attachment-id=\"64140\" data-permalink=\"https:\/\/mexicocodigorojo.com.mx\/?attachment_id=64140\" data-orig-file=\"https:\/\/i0.wp.com\/mexicocodigorojo.com.mx\/wp-content\/uploads\/2025\/05\/Gp9gfUGXQAAjZcs.jpg?fit=2048%2C1154&amp;ssl=1\" data-orig-size=\"2048,1154\" data-comments-opened=\"1\" data-image-meta=\"{&quot;aperture&quot;:&quot;0&quot;,&quot;credit&quot;:&quot;&quot;,&quot;camera&quot;:&quot;&quot;,&quot;caption&quot;:&quot;&quot;,&quot;created_timestamp&quot;:&quot;0&quot;,&quot;copyright&quot;:&quot;&quot;,&quot;focal_length&quot;:&quot;0&quot;,&quot;iso&quot;:&quot;0&quot;,&quot;shutter_speed&quot;:&quot;0&quot;,&quot;title&quot;:&quot;&quot;,&quot;orientation&quot;:&quot;0&quot;}\" data-image-title=\"Gp9gfUGXQAAjZcs\" data-image-description=\"\" data-image-caption=\"\" data-large-file=\"https:\/\/i0.wp.com\/mexicocodigorojo.com.mx\/wp-content\/uploads\/2025\/05\/Gp9gfUGXQAAjZcs.jpg?fit=696%2C392&amp;ssl=1\" class=\"alignnone wp-image-64140 size-full\" src=\"https:\/\/i0.wp.com\/mexicocodigorojo.com.mx\/wp-content\/uploads\/2025\/05\/Gp9gfUGXQAAjZcs.jpg?resize=696%2C392&#038;ssl=1\" alt=\"\" width=\"696\" height=\"392\" srcset=\"https:\/\/i0.wp.com\/mexicocodigorojo.com.mx\/wp-content\/uploads\/2025\/05\/Gp9gfUGXQAAjZcs.jpg?w=2048&amp;ssl=1 2048w, https:\/\/i0.wp.com\/mexicocodigorojo.com.mx\/wp-content\/uploads\/2025\/05\/Gp9gfUGXQAAjZcs.jpg?resize=300%2C169&amp;ssl=1 300w, https:\/\/i0.wp.com\/mexicocodigorojo.com.mx\/wp-content\/uploads\/2025\/05\/Gp9gfUGXQAAjZcs.jpg?resize=1024%2C577&amp;ssl=1 1024w, https:\/\/i0.wp.com\/mexicocodigorojo.com.mx\/wp-content\/uploads\/2025\/05\/Gp9gfUGXQAAjZcs.jpg?resize=768%2C433&amp;ssl=1 768w, https:\/\/i0.wp.com\/mexicocodigorojo.com.mx\/wp-content\/uploads\/2025\/05\/Gp9gfUGXQAAjZcs.jpg?resize=1536%2C866&amp;ssl=1 1536w, https:\/\/i0.wp.com\/mexicocodigorojo.com.mx\/wp-content\/uploads\/2025\/05\/Gp9gfUGXQAAjZcs.jpg?resize=745%2C420&amp;ssl=1 745w, https:\/\/i0.wp.com\/mexicocodigorojo.com.mx\/wp-content\/uploads\/2025\/05\/Gp9gfUGXQAAjZcs.jpg?resize=150%2C85&amp;ssl=1 150w, https:\/\/i0.wp.com\/mexicocodigorojo.com.mx\/wp-content\/uploads\/2025\/05\/Gp9gfUGXQAAjZcs.jpg?resize=696%2C392&amp;ssl=1 696w, https:\/\/i0.wp.com\/mexicocodigorojo.com.mx\/wp-content\/uploads\/2025\/05\/Gp9gfUGXQAAjZcs.jpg?resize=1068%2C602&amp;ssl=1 1068w, https:\/\/i0.wp.com\/mexicocodigorojo.com.mx\/wp-content\/uploads\/2025\/05\/Gp9gfUGXQAAjZcs.jpg?resize=1920%2C1082&amp;ssl=1 1920w, https:\/\/i0.wp.com\/mexicocodigorojo.com.mx\/wp-content\/uploads\/2025\/05\/Gp9gfUGXQAAjZcs.jpg?w=1392&amp;ssl=1 1392w\" sizes=\"auto, (max-width: 696px) 100vw, 696px\" \/><\/p>\n","protected":false},"excerpt":{"rendered":"<p>Uni\u00f3n Ju\u00e1rez, Chiapas. \u2014 En un encuentro clave para el fortalecimiento del desarrollo rural y la seguridad en la regi\u00f3n, el titular de la Secretar\u00eda de Seguridad del Pueblo, \u00d3scar Alberto Aparicio Avenda\u00f1o, sostuvo una reuni\u00f3n de trabajo con integrantes de la Uni\u00f3n Agr\u00edcola Regional de Productores de Caf\u00e9 Tacan\u00e1 de la Frontera Sur. La [&hellip;]<\/p>\n","protected":false},"author":21,"featured_media":64138,"comment_status":"open","ping_status":"open","sticky":false,"template":"","format":"standard","meta":{"_uf_show_specific_survey":0,"_uf_disable_surveys":false,"advanced_seo_description":"","jetpack_seo_html_title":"","jetpack_seo_noindex":false,"jetpack_post_was_ever_published":false,"_jetpack_newsletter_access":"","_jetpack_dont_email_post_to_subs":false,"_jetpack_newsletter_tier_id":0,"_jetpack_memberships_contains_paywalled_content":false,"_jetpack_memberships_contains_paid_content":false,"footnotes":"","jetpack_publicize_message":"","jetpack_publicize_feature_enabled":true,"jetpack_social_post_already_shared":true,"jetpack_social_options":{"image_generator_settings":{"template":"highway","default_image_id":0,"font":"","enabled":false},"version":2}},"categories":[75,1724],"tags":[],"class_list":{"0":"post-64137","1":"post","2":"type-post","3":"status-publish","4":"format-standard","5":"has-post-thumbnail","7":"category-chiapas","8":"category-featured"},"jetpack_publicize_connections":[],"jetpack_featured_media_url":"https:\/\/i0.wp.com\/mexicocodigorojo.com.mx\/wp-content\/uploads\/2025\/05\/Gp9gfUJWUAA8S-_.jpg?fit=1280%2C720&ssl=1","jetpack-related-posts":[{"id":64669,"url":"https:\/\/mexicocodigorojo.com.mx\/?p=64669","url_meta":{"origin":64137,"position":0},"title":"Secretario de Seguridad del Pueblo marca un hito hist\u00f3rico al reunirse con la Polic\u00eda Rural de Huehuet\u00e1n","author":"MexicoRojoCvmx","date":"agosto 15, 2025","format":false,"excerpt":"Huehuet\u00e1n, Chiapas. \u2013 En un hecho sin precedentes para la seguridad en la entidad, el secretario de Seguridad del Pueblo, doctor y piloto aviador \u00d3scar Alberto Aparicio Avenda\u00f1o, se convirti\u00f3 en el primer titular de la dependencia en sostener una reuni\u00f3n formal con la Polic\u00eda Rural de la Zona Alta\u2026","rel":"","context":"En \u00abChiapas\u00bb","block_context":{"text":"Chiapas","link":"https:\/\/mexicocodigorojo.com.mx\/?cat=75"},"img":{"alt_text":"","src":"https:\/\/i0.wp.com\/mexicocodigorojo.com.mx\/wp-content\/uploads\/2025\/09\/nn452.jpg?fit=1200%2C673&ssl=1&resize=350%2C200","width":350,"height":200,"srcset":"https:\/\/i0.wp.com\/mexicocodigorojo.com.mx\/wp-content\/uploads\/2025\/09\/nn452.jpg?fit=1200%2C673&ssl=1&resize=350%2C200 1x, https:\/\/i0.wp.com\/mexicocodigorojo.com.mx\/wp-content\/uploads\/2025\/09\/nn452.jpg?fit=1200%2C673&ssl=1&resize=525%2C300 1.5x, https:\/\/i0.wp.com\/mexicocodigorojo.com.mx\/wp-content\/uploads\/2025\/09\/nn452.jpg?fit=1200%2C673&ssl=1&resize=700%2C400 2x, https:\/\/i0.wp.com\/mexicocodigorojo.com.mx\/wp-content\/uploads\/2025\/09\/nn452.jpg?fit=1200%2C673&ssl=1&resize=1050%2C600 3x"},"classes":[]},{"id":64805,"url":"https:\/\/mexicocodigorojo.com.mx\/?p=64805","url_meta":{"origin":64137,"position":1},"title":"SSP sostiene reuni\u00f3n con mandos en Tapachula para reforzar estrategias de seguridad","author":"MexicoRojoCvmx","date":"septiembre 25, 2025","format":false,"excerpt":"Tapachula, Chiapas; 25 de septiembre de 2025. \u2013 Con el prop\u00f3sito de fortalecer la estrategia de seguridad en la regi\u00f3n Soconusco, el secretario de Seguridad del Pueblo, \u00d3scar Alberto Aparicio Avenda\u00f1o, encabez\u00f3 una reuni\u00f3n de trabajo con mandos de la Secretar\u00eda de Seguridad del Pueblo (SSP), de la Fiscal\u00eda General\u2026","rel":"","context":"En \u00abChiapas\u00bb","block_context":{"text":"Chiapas","link":"https:\/\/mexicocodigorojo.com.mx\/?cat=75"},"img":{"alt_text":"","src":"https:\/\/i0.wp.com\/mexicocodigorojo.com.mx\/wp-content\/uploads\/2025\/09\/Captura-de-pantalla-2025-09-28-132034.jpg?fit=1200%2C635&ssl=1&resize=350%2C200","width":350,"height":200,"srcset":"https:\/\/i0.wp.com\/mexicocodigorojo.com.mx\/wp-content\/uploads\/2025\/09\/Captura-de-pantalla-2025-09-28-132034.jpg?fit=1200%2C635&ssl=1&resize=350%2C200 1x, https:\/\/i0.wp.com\/mexicocodigorojo.com.mx\/wp-content\/uploads\/2025\/09\/Captura-de-pantalla-2025-09-28-132034.jpg?fit=1200%2C635&ssl=1&resize=525%2C300 1.5x, https:\/\/i0.wp.com\/mexicocodigorojo.com.mx\/wp-content\/uploads\/2025\/09\/Captura-de-pantalla-2025-09-28-132034.jpg?fit=1200%2C635&ssl=1&resize=700%2C400 2x, https:\/\/i0.wp.com\/mexicocodigorojo.com.mx\/wp-content\/uploads\/2025\/09\/Captura-de-pantalla-2025-09-28-132034.jpg?fit=1200%2C635&ssl=1&resize=1050%2C600 3x"},"classes":[]},{"id":64051,"url":"https:\/\/mexicocodigorojo.com.mx\/?p=64051","url_meta":{"origin":64137,"position":2},"title":"Chiapas refuerza seguridad en el Cerro Mactumatz\u00e1 para fomentar el turismo","author":"MexicoRojoCvmx","date":"abril 1, 2025","format":false,"excerpt":"El secretario de Seguridad del Pueblo (SSP), el doctor y piloto aviador \u00d3scar Alberto Aparicio Avenda\u00f1o, acompa\u00f1\u00f3 al gobernador de Chiapas, Eduardo Ram\u00edrez Aguilar, en un recorrido por el Cerro Mactumatz\u00e1, ubicado en Tuxtla Guti\u00e9rrez, para anunciar el reforzamiento de la seguridad en la zona. Durante la visita, el titular\u2026","rel":"","context":"En \u00abChiapas\u00bb","block_context":{"text":"Chiapas","link":"https:\/\/mexicocodigorojo.com.mx\/?cat=75"},"img":{"alt_text":"","src":"https:\/\/i0.wp.com\/mexicocodigorojo.com.mx\/wp-content\/uploads\/2025\/04\/1-SSP-1.webp?fit=600%2C400&ssl=1&resize=350%2C200","width":350,"height":200,"srcset":"https:\/\/i0.wp.com\/mexicocodigorojo.com.mx\/wp-content\/uploads\/2025\/04\/1-SSP-1.webp?fit=600%2C400&ssl=1&resize=350%2C200 1x, https:\/\/i0.wp.com\/mexicocodigorojo.com.mx\/wp-content\/uploads\/2025\/04\/1-SSP-1.webp?fit=600%2C400&ssl=1&resize=525%2C300 1.5x"},"classes":[]},{"id":64587,"url":"https:\/\/mexicocodigorojo.com.mx\/?p=64587","url_meta":{"origin":64137,"position":3},"title":"Seguridad y turismo blindados en Chiapas","author":"MexicoRojoCvmx","date":"agosto 17, 2025","format":false,"excerpt":"En un movimiento coordinado, el secretario de Seguridad del Pueblo, \u00d3scar Alberto Aparicio Avenda\u00f1o, encabez\u00f3 un recorrido interinstitucional de supervisi\u00f3n junto al fiscal General del Estado, Jorge Luis Llaven Abarca, la secretaria de Turismo, Maru Culebro y autoridades municipales, con el prop\u00f3sito de fortalecer las medidas de seguridad en los\u2026","rel":"","context":"En \u00abChiapas\u00bb","block_context":{"text":"Chiapas","link":"https:\/\/mexicocodigorojo.com.mx\/?cat=75"},"img":{"alt_text":"","src":"https:\/\/i0.wp.com\/mexicocodigorojo.com.mx\/wp-content\/uploads\/2025\/08\/Captura-de-pantalla-2025-08-17-114749.jpg?fit=1200%2C671&ssl=1&resize=350%2C200","width":350,"height":200,"srcset":"https:\/\/i0.wp.com\/mexicocodigorojo.com.mx\/wp-content\/uploads\/2025\/08\/Captura-de-pantalla-2025-08-17-114749.jpg?fit=1200%2C671&ssl=1&resize=350%2C200 1x, https:\/\/i0.wp.com\/mexicocodigorojo.com.mx\/wp-content\/uploads\/2025\/08\/Captura-de-pantalla-2025-08-17-114749.jpg?fit=1200%2C671&ssl=1&resize=525%2C300 1.5x, https:\/\/i0.wp.com\/mexicocodigorojo.com.mx\/wp-content\/uploads\/2025\/08\/Captura-de-pantalla-2025-08-17-114749.jpg?fit=1200%2C671&ssl=1&resize=700%2C400 2x, https:\/\/i0.wp.com\/mexicocodigorojo.com.mx\/wp-content\/uploads\/2025\/08\/Captura-de-pantalla-2025-08-17-114749.jpg?fit=1200%2C671&ssl=1&resize=1050%2C600 3x"},"classes":[]},{"id":65121,"url":"https:\/\/mexicocodigorojo.com.mx\/?p=65121","url_meta":{"origin":64137,"position":4},"title":"Chiapas se consolida como referente nacional en seguridad bajo el liderazgo de \u00d3scar Alberto Aparicio","author":"Staff","date":"marzo 6, 2026","format":false,"excerpt":"TUXTLA GUTI\u00c9RREZ, CHIAPAS; 04 de marzo de 2026.\u2013 En un ejercicio de transparencia y an\u00e1lisis estrat\u00e9gico, el Secretario de Seguridad del Pueblo, \u00d3scar Alberto Aparicio Avenda\u00f1o, destac\u00f3 que Chiapas hoy se posiciona como un modelo de seguridad a nivel nacional. Durante la presentaci\u00f3n del libro \u201cChiapas en el camino de\u2026","rel":"","context":"En \u00abChiapas\u00bb","block_context":{"text":"Chiapas","link":"https:\/\/mexicocodigorojo.com.mx\/?cat=75"},"img":{"alt_text":"","src":"https:\/\/i0.wp.com\/mexicocodigorojo.com.mx\/wp-content\/uploads\/2026\/03\/62942cf9-49f9-4085-82ce-1e120b77d24e.jpg?fit=1200%2C756&ssl=1&resize=350%2C200","width":350,"height":200,"srcset":"https:\/\/i0.wp.com\/mexicocodigorojo.com.mx\/wp-content\/uploads\/2026\/03\/62942cf9-49f9-4085-82ce-1e120b77d24e.jpg?fit=1200%2C756&ssl=1&resize=350%2C200 1x, https:\/\/i0.wp.com\/mexicocodigorojo.com.mx\/wp-content\/uploads\/2026\/03\/62942cf9-49f9-4085-82ce-1e120b77d24e.jpg?fit=1200%2C756&ssl=1&resize=525%2C300 1.5x, https:\/\/i0.wp.com\/mexicocodigorojo.com.mx\/wp-content\/uploads\/2026\/03\/62942cf9-49f9-4085-82ce-1e120b77d24e.jpg?fit=1200%2C756&ssl=1&resize=700%2C400 2x, https:\/\/i0.wp.com\/mexicocodigorojo.com.mx\/wp-content\/uploads\/2026\/03\/62942cf9-49f9-4085-82ce-1e120b77d24e.jpg?fit=1200%2C756&ssl=1&resize=1050%2C600 3x"},"classes":[]},{"id":64366,"url":"https:\/\/mexicocodigorojo.com.mx\/?p=64366","url_meta":{"origin":64137,"position":5},"title":"La seguridad en Chiapas tiene un nuevo rostro\u201d: \u00d3scar Aparicio Avenda\u00f1o","author":"MexicoRojoCvmx","date":"julio 5, 2025","format":false,"excerpt":"Tuxtla Guti\u00e9rrez, Chiapas.\u2013 En el marco de las estrategias de fortalecimiento institucional y prevenci\u00f3n del delito, el secretario de Seguridad del Pueblo, doctor y piloto aviador \u00d3scar Alberto Aparicio Avenda\u00f1o, encabez\u00f3 la primera reuni\u00f3n de trabajo convocada por la Subsecretar\u00eda Vial Preventiva y de Turismo, con la participaci\u00f3n de autoridades\u2026","rel":"","context":"En \u00abChiapas\u00bb","block_context":{"text":"Chiapas","link":"https:\/\/mexicocodigorojo.com.mx\/?cat=75"},"img":{"alt_text":"","src":"https:\/\/i0.wp.com\/mexicocodigorojo.com.mx\/wp-content\/uploads\/2025\/07\/WhatsApp-Image-2025-07-05-at-6.52.26-AM.jpeg?fit=1200%2C673&ssl=1&resize=350%2C200","width":350,"height":200,"srcset":"https:\/\/i0.wp.com\/mexicocodigorojo.com.mx\/wp-content\/uploads\/2025\/07\/WhatsApp-Image-2025-07-05-at-6.52.26-AM.jpeg?fit=1200%2C673&ssl=1&resize=350%2C200 1x, https:\/\/i0.wp.com\/mexicocodigorojo.com.mx\/wp-content\/uploads\/2025\/07\/WhatsApp-Image-2025-07-05-at-6.52.26-AM.jpeg?fit=1200%2C673&ssl=1&resize=525%2C300 1.5x, https:\/\/i0.wp.com\/mexicocodigorojo.com.mx\/wp-content\/uploads\/2025\/07\/WhatsApp-Image-2025-07-05-at-6.52.26-AM.jpeg?fit=1200%2C673&ssl=1&resize=700%2C400 2x, https:\/\/i0.wp.com\/mexicocodigorojo.com.mx\/wp-content\/uploads\/2025\/07\/WhatsApp-Image-2025-07-05-at-6.52.26-AM.jpeg?fit=1200%2C673&ssl=1&resize=1050%2C600 3x"},"classes":[]}],"jetpack_sharing_enabled":true,"jetpack_likes_enabled":true,"jetpack_shortlink":"https:\/\/wp.me\/p9TedA-gGt","_links":{"self":[{"href":"https:\/\/mexicocodigorojo.com.mx\/index.php?rest_route=\/wp\/v2\/posts\/64137","targetHints":{"allow":["GET"]}}],"collection":[{"href":"https:\/\/mexicocodigorojo.com.mx\/index.php?rest_route=\/wp\/v2\/posts"}],"about":[{"href":"https:\/\/mexicocodigorojo.com.mx\/index.php?rest_route=\/wp\/v2\/types\/post"}],"author":[{"embeddable":true,"href":"https:\/\/mexicocodigorojo.com.mx\/index.php?rest_route=\/wp\/v2\/users\/21"}],"replies":[{"embeddable":true,"href":"https:\/\/mexicocodigorojo.com.mx\/index.php?rest_route=%2Fwp%2Fv2%2Fcomments&post=64137"}],"version-history":[{"count":1,"href":"https:\/\/mexicocodigorojo.com.mx\/index.php?rest_route=\/wp\/v2\/posts\/64137\/revisions"}],"predecessor-version":[{"id":64141,"href":"https:\/\/mexicocodigorojo.com.mx\/index.php?rest_route=\/wp\/v2\/posts\/64137\/revisions\/64141"}],"wp:featuredmedia":[{"embeddable":true,"href":"https:\/\/mexicocodigorojo.com.mx\/index.php?rest_route=\/wp\/v2\/media\/64138"}],"wp:attachment":[{"href":"https:\/\/mexicocodigorojo.com.mx\/index.php?rest_route=%2Fwp%2Fv2%2Fmedia&parent=64137"}],"wp:term":[{"taxonomy":"category","embeddable":true,"href":"https:\/\/mexicocodigorojo.com.mx\/index.php?rest_route=%2Fwp%2Fv2%2Fcategories&post=64137"},{"taxonomy":"post_tag","embeddable":true,"href":"https:\/\/mexicocodigorojo.com.mx\/index.php?rest_route=%2Fwp%2Fv2%2Ftags&post=64137"}],"curies":[{"name":"wp","href":"https:\/\/api.w.org\/{rel}","templated":true}]}}