{"id":64129,"date":"2025-05-02T12:34:04","date_gmt":"2025-05-02T18:34:04","guid":{"rendered":"https:\/\/mexicocodigorojo.com.mx\/?p=64129"},"modified":"2025-05-02T12:41:21","modified_gmt":"2025-05-02T18:41:21","slug":"detienen-a-presuntos-asesinos-de-madre-buscadora-maria-del-carmen-morales-en-jalisco","status":"publish","type":"post","link":"https:\/\/mexicocodigorojo.com.mx\/?p=64129","title":{"rendered":"Detienen a presuntos asesinos de madre buscadora Mar\u00eda del Carmen Morales en Jalisco"},"content":{"rendered":"<p class=\"\" data-start=\"386\" data-end=\"817\"><em data-start=\"386\" data-end=\"409\">Guadalajara, Jalisco.<\/em> \u2014 La Fiscal\u00eda del Estado de Jalisco confirm\u00f3 este jueves la detenci\u00f3n de <strong data-start=\"483\" data-end=\"502\">Juan Manuel \u201cN\u201d<\/strong>, de 27 a\u00f1os, y <strong data-start=\"518\" data-end=\"535\">Jos\u00e9 Luis \u201cN\u201d<\/strong>, de 24, presuntos responsables del asesinato de <strong data-start=\"584\" data-end=\"612\">Mar\u00eda del Carmen Morales<\/strong>, integrante del colectivo <strong data-start=\"639\" data-end=\"674\">Guerreros Buscadores de Jalisco<\/strong>, y su hijo, <strong data-start=\"687\" data-end=\"719\">Jaime Daniel Ram\u00edrez Morales<\/strong>, crimen ocurrido el pasado 23 de abril en el Fraccionamiento Las Villas, en Tlajomulco de Z\u00fa\u00f1iga.<\/p>\n<p class=\"\" data-start=\"819\" data-end=\"1228\">Los hechos sucedieron alrededor de las 23:20 horas, cuando madre e hijo salieron de su domicilio para recoger agua en un parque cercano. En ese momento fueron interceptados por los agresores que viajaban en una motocicleta con placas de Michoac\u00e1n. <strong data-start=\"1067\" data-end=\"1084\">Jos\u00e9 Luis \u201cN\u201d<\/strong>, seg\u00fan las investigaciones, descendi\u00f3 del veh\u00edculo y dispar\u00f3 directamente contra las v\u00edctimas, para despu\u00e9s huir junto con <strong data-start=\"1208\" data-end=\"1227\">Juan Manuel \u201cN\u201d<\/strong>.<\/p>\n<p class=\"\" data-start=\"1230\" data-end=\"1599\">La <strong data-start=\"1233\" data-end=\"1302\">Unidad de Investigaci\u00f3n Especializada en Homicidios Intencionales<\/strong> integr\u00f3 pruebas clave que permitieron al Ministerio P\u00fablico solicitar y obtener \u00f3rdenes de aprehensi\u00f3n contra ambos sujetos, quienes fueron localizados y detenidos en el mismo municipio de <strong data-start=\"1492\" data-end=\"1506\">Tlajomulco<\/strong>. Ambos ya fueron trasladados al penal de <strong data-start=\"1548\" data-end=\"1565\">Puente Grande<\/strong>, donde enfrentar\u00e1n proceso penal.<\/p>\n<p class=\"\" data-start=\"1601\" data-end=\"2025\">Adem\u00e1s del doble homicidio, la Fiscal\u00eda estatal investiga su posible participaci\u00f3n en otros cr\u00edmenes, incluyendo una tentativa de feminicidio y homicidio calificado ocurrido el <strong data-start=\"1778\" data-end=\"1802\">7 de octubre de 2024<\/strong>, as\u00ed como otro asesinato cometido el <strong data-start=\"1840\" data-end=\"1873\">13 de diciembre del mismo a\u00f1o<\/strong>. Incluso, se les vincula con al menos <strong data-start=\"1912\" data-end=\"1943\">diez privaciones de la vida<\/strong> m\u00e1s, lo que podr\u00eda convertirlos en parte de una red criminal activa en la regi\u00f3n.<\/p>\n<p class=\"\" data-start=\"2027\" data-end=\"2334\">El colectivo <strong data-start=\"2040\" data-end=\"2075\">Guerreros Buscadores de Jalisco<\/strong> reconoci\u00f3 la captura como un avance significativo: <em data-start=\"2127\" data-end=\"2304\">\u201cHoy es un d\u00eda importante en la b\u00fasqueda de justicia para nuestra compa\u00f1era Buscadora Mar\u00eda del Carmen y su familia. Aunque nada mitiga el dolor, es un paso hacia la justicia\u201d<\/em>, expresaron en un comunicado.<\/p>\n<p class=\"\" data-start=\"2336\" data-end=\"2623\">El grupo tambi\u00e9n agradeci\u00f3 la intervenci\u00f3n de la Fiscal\u00eda estatal, de la secretaria de Gobernaci\u00f3n <strong data-start=\"2435\" data-end=\"2459\">Rosa Icela Rodr\u00edguez<\/strong>, del subsecretario de Derechos Humanos <strong data-start=\"2499\" data-end=\"2516\">Arturo Medina<\/strong>, y del gobernador <strong data-start=\"2535\" data-end=\"2550\">Pablo Lemus<\/strong>, destacando que cumplieron su palabra al mantenerse pendientes del caso.<\/p>\n<p class=\"\" data-start=\"2625\" data-end=\"2856\">A pesar del avance, el colectivo record\u00f3 que a\u00fan falta localizar al <strong data-start=\"2693\" data-end=\"2719\">otro hijo desaparecido<\/strong> de Mar\u00eda del Carmen y a miles de personas m\u00e1s: <em data-start=\"2767\" data-end=\"2842\">\u201cSeguiremos luchando por la verdad y la justicia para todas las v\u00edctimas\u201d<\/em>, concluyeron.<\/p>\n","protected":false},"excerpt":{"rendered":"<p>Guadalajara, Jalisco. \u2014 La Fiscal\u00eda del Estado de Jalisco confirm\u00f3 este jueves la detenci\u00f3n de Juan Manuel \u201cN\u201d, de 27 a\u00f1os, y Jos\u00e9 Luis \u201cN\u201d, de 24, presuntos responsables del asesinato de Mar\u00eda del Carmen Morales, integrante del colectivo Guerreros Buscadores de Jalisco, y su hijo, Jaime Daniel Ram\u00edrez Morales, crimen ocurrido el pasado 23 [&hellip;]<\/p>\n","protected":false},"author":21,"featured_media":64130,"comment_status":"open","ping_status":"open","sticky":false,"template":"","format":"standard","meta":{"_uf_show_specific_survey":0,"_uf_disable_surveys":false,"advanced_seo_description":"","jetpack_seo_html_title":"","jetpack_seo_noindex":false,"jetpack_post_was_ever_published":false,"_jetpack_newsletter_access":"","_jetpack_dont_email_post_to_subs":false,"_jetpack_newsletter_tier_id":0,"_jetpack_memberships_contains_paywalled_content":false,"_jetpack_memberships_contains_paid_content":false,"footnotes":"","jetpack_publicize_message":"","jetpack_publicize_feature_enabled":true,"jetpack_social_post_already_shared":true,"jetpack_social_options":{"image_generator_settings":{"template":"highway","default_image_id":0,"font":"","enabled":false},"version":2}},"categories":[1724,8],"tags":[],"class_list":{"0":"post-64129","1":"post","2":"type-post","3":"status-publish","4":"format-standard","5":"has-post-thumbnail","7":"category-featured","8":"category-jalisco"},"jetpack_publicize_connections":[],"jetpack_featured_media_url":"https:\/\/i0.wp.com\/mexicocodigorojo.com.mx\/wp-content\/uploads\/2025\/05\/Captura-de-pantalla-2025-05-02-123328.jpg?fit=1088%2C660&ssl=1","jetpack-related-posts":[{"id":4575,"url":"https:\/\/mexicocodigorojo.com.mx\/?p=4575","url_meta":{"origin":64129,"position":0},"title":"Su hijo fue disuelto en acido y esta entre los cad\u00e1veres en Jalisco,su nieto de 18 a\u00f1os podr\u00eda ser el num. 166","author":"Staff","date":"septiembre 29, 2018","format":false,"excerpt":"D\u00eda tras d\u00eda, las historias a cerca de los cientos de cad\u00e1veres que se localizan al interior del anfiteatro metropolitano en Jalisco, empiezan a salir a La Luz p\u00fablica, cientos de historias en medio de la tragedia, que han vivido muchas de las familias de diversas partes del pa\u00eds, que\u2026","rel":"","context":"En \u00abJalisco\u00bb","block_context":{"text":"Jalisco","link":"https:\/\/mexicocodigorojo.com.mx\/?cat=8"},"img":{"alt_text":"","src":"","width":0,"height":0},"classes":[]},{"id":33284,"url":"https:\/\/mexicocodigorojo.com.mx\/?p=33284","url_meta":{"origin":64129,"position":1},"title":"Asesina a su esposa y se suicida en Jalisco","author":"Staff","date":"febrero 23, 2020","format":false,"excerpt":"Vecinos de la colonia Bosques de Tonal\u00e1 reportaron al 911 a un \"hombre agresivo\"; al llegar las autoridades encontraron los cad\u00e1veres del matrimonio Una\u00a0mujer\u00a0de nombre Perla Alejandra \u201cN\u201d fue\u00a0asesinada\u00a0a manos de su\u00a0pareja, identificado como \u00c1ngel Ismael \u201cN\u201d, en el estado de Jalisco. La\u00a0Comisar\u00eda de Seguridad P\u00fablica\u00a0Tonal\u00e1\u00a0inform\u00f3 que elementos de la\u2026","rel":"","context":"En \u00abJalisco\u00bb","block_context":{"text":"Jalisco","link":"https:\/\/mexicocodigorojo.com.mx\/?cat=8"},"img":{"alt_text":"","src":"https:\/\/i0.wp.com\/mexicocodigorojo.com.mx\/wp-content\/uploads\/2020\/02\/peritos-forenses-de-jalisco.jpg?fit=958%2C550&ssl=1&resize=350%2C200","width":350,"height":200,"srcset":"https:\/\/i0.wp.com\/mexicocodigorojo.com.mx\/wp-content\/uploads\/2020\/02\/peritos-forenses-de-jalisco.jpg?fit=958%2C550&ssl=1&resize=350%2C200 1x, https:\/\/i0.wp.com\/mexicocodigorojo.com.mx\/wp-content\/uploads\/2020\/02\/peritos-forenses-de-jalisco.jpg?fit=958%2C550&ssl=1&resize=525%2C300 1.5x, https:\/\/i0.wp.com\/mexicocodigorojo.com.mx\/wp-content\/uploads\/2020\/02\/peritos-forenses-de-jalisco.jpg?fit=958%2C550&ssl=1&resize=700%2C400 2x"},"classes":[]},{"id":32847,"url":"https:\/\/mexicocodigorojo.com.mx\/?p=32847","url_meta":{"origin":64129,"position":2},"title":"Detienen a 3 integrantes del C\u00e1rtel Jalisco Nueva Generaci\u00f3n en Edomex","author":"Staff","date":"febrero 13, 2020","format":false,"excerpt":"Tres presuntos miembros del C\u00e1rtel Jalisco Nueva Generaci\u00f3n (CJNG) fueron detenidos por el delito de homicidio en el municipio de Zumpango, Estado de M\u00e9xico. Francisco Javier \u201cN\u201d, alias \u201cEl cachorro\u201d; Ashli Axel \u201cN\u201d, alias \u201cEl caballero\u201d y Aar\u00f3n \u201cN\u201d, fueron asegurados por la fiscal\u00eda mexiquense sobre la carretera de Melchor\u2026","rel":"","context":"En \u00abEstado de M\u00e9xico\u00bb","block_context":{"text":"Estado de M\u00e9xico","link":"https:\/\/mexicocodigorojo.com.mx\/?cat=53"},"img":{"alt_text":"","src":"","width":0,"height":0},"classes":[]},{"id":18825,"url":"https:\/\/mexicocodigorojo.com.mx\/?p=18825","url_meta":{"origin":64129,"position":3},"title":"Confirman cifra de muertos en Jalisco; \u201csano y salvo\u201d estudiante desaparecido","author":"Staff","date":"junio 22, 2019","format":false,"excerpt":"Las autoridades de Jalisco\u00a0informaron que fueron decomisadas 10 armas largas y dos granadas que no estallaron Luego de los hechos de violencia de la ma\u00f1ana de este viernes en\u00a0Tlajomulco de Zu\u00f1iga, autoridades de Jalisco ofrecieron una conferencia de prensa donde confirmaron que el saldo del ataque fue de dos presuntos\u2026","rel":"","context":"En \u00abJalisco\u00bb","block_context":{"text":"Jalisco","link":"https:\/\/mexicocodigorojo.com.mx\/?cat=8"},"img":{"alt_text":"","src":"https:\/\/i0.wp.com\/mexicocodigorojo.com.mx\/wp-content\/uploads\/2019\/06\/fiscalia-jalisco.png?fit=980%2C550&ssl=1&resize=350%2C200","width":350,"height":200,"srcset":"https:\/\/i0.wp.com\/mexicocodigorojo.com.mx\/wp-content\/uploads\/2019\/06\/fiscalia-jalisco.png?fit=980%2C550&ssl=1&resize=350%2C200 1x, https:\/\/i0.wp.com\/mexicocodigorojo.com.mx\/wp-content\/uploads\/2019\/06\/fiscalia-jalisco.png?fit=980%2C550&ssl=1&resize=525%2C300 1.5x, https:\/\/i0.wp.com\/mexicocodigorojo.com.mx\/wp-content\/uploads\/2019\/06\/fiscalia-jalisco.png?fit=980%2C550&ssl=1&resize=700%2C400 2x"},"classes":[]},{"id":7700,"url":"https:\/\/mexicocodigorojo.com.mx\/?p=7700","url_meta":{"origin":64129,"position":4},"title":"CDG DEJA DESCUARTIZADO EN PLAYA DEL CARMEN","author":"Staff","date":"octubre 31, 2018","format":false,"excerpt":"Gracias a la llamada an\u00f3nima, fue hallado en la colonia Pedregal, frente a la Plaza Las Am\u00e9ricas, un cuerpo descuartizado y en dos bolsas negras pl\u00e1sticas, junto a dos cartulinas donde los autores del crimen se dicen ser del C\u00e1rtel del Golfo, y la v\u00edctima presuntamente era del C\u00e1rtel Jalisco\u2026","rel":"","context":"En \u00abQuintana Roo\u00bb","block_context":{"text":"Quintana Roo","link":"https:\/\/mexicocodigorojo.com.mx\/?cat=151"},"img":{"alt_text":"","src":"https:\/\/i0.wp.com\/mexicocodigorojo.com.mx\/wp-content\/uploads\/2018\/10\/Sin-t%C3%ADtulo-13-1.jpg?fit=640%2C343&ssl=1&resize=350%2C200","width":350,"height":200,"srcset":"https:\/\/i0.wp.com\/mexicocodigorojo.com.mx\/wp-content\/uploads\/2018\/10\/Sin-t%C3%ADtulo-13-1.jpg?fit=640%2C343&ssl=1&resize=350%2C200 1x, https:\/\/i0.wp.com\/mexicocodigorojo.com.mx\/wp-content\/uploads\/2018\/10\/Sin-t%C3%ADtulo-13-1.jpg?fit=640%2C343&ssl=1&resize=525%2C300 1.5x"},"classes":[]},{"id":36575,"url":"https:\/\/mexicocodigorojo.com.mx\/?p=36575","url_meta":{"origin":64129,"position":5},"title":"Operativo en Jalisco deja dos muertos y seis heridos","author":"Staff","date":"abril 8, 2020","format":false,"excerpt":"JALISCO.- Un operativo en el que participaron militares y personal de la Fiscal\u00eda del estado\u00a0dej\u00f3 un saldo preliminar de seis presuntos delincuentes lesionados, dos fallecidos y siete personas liberadas, en la colonia Los Olivos, en Tlaquepaque. Los militares fueron recibidos a balazos alrededor de las tres de la madrugada cuando\u2026","rel":"","context":"En \u00abJalisco\u00bb","block_context":{"text":"Jalisco","link":"https:\/\/mexicocodigorojo.com.mx\/?cat=8"},"img":{"alt_text":"","src":"https:\/\/i0.wp.com\/mexicocodigorojo.com.mx\/wp-content\/uploads\/2020\/04\/operativo-870x522-1.jpg?fit=870%2C522&ssl=1&resize=350%2C200","width":350,"height":200,"srcset":"https:\/\/i0.wp.com\/mexicocodigorojo.com.mx\/wp-content\/uploads\/2020\/04\/operativo-870x522-1.jpg?fit=870%2C522&ssl=1&resize=350%2C200 1x, https:\/\/i0.wp.com\/mexicocodigorojo.com.mx\/wp-content\/uploads\/2020\/04\/operativo-870x522-1.jpg?fit=870%2C522&ssl=1&resize=525%2C300 1.5x, https:\/\/i0.wp.com\/mexicocodigorojo.com.mx\/wp-content\/uploads\/2020\/04\/operativo-870x522-1.jpg?fit=870%2C522&ssl=1&resize=700%2C400 2x"},"classes":[]}],"jetpack_sharing_enabled":true,"jetpack_likes_enabled":true,"jetpack_shortlink":"https:\/\/wp.me\/p9TedA-gGl","_links":{"self":[{"href":"https:\/\/mexicocodigorojo.com.mx\/index.php?rest_route=\/wp\/v2\/posts\/64129","targetHints":{"allow":["GET"]}}],"collection":[{"href":"https:\/\/mexicocodigorojo.com.mx\/index.php?rest_route=\/wp\/v2\/posts"}],"about":[{"href":"https:\/\/mexicocodigorojo.com.mx\/index.php?rest_route=\/wp\/v2\/types\/post"}],"author":[{"embeddable":true,"href":"https:\/\/mexicocodigorojo.com.mx\/index.php?rest_route=\/wp\/v2\/users\/21"}],"replies":[{"embeddable":true,"href":"https:\/\/mexicocodigorojo.com.mx\/index.php?rest_route=%2Fwp%2Fv2%2Fcomments&post=64129"}],"version-history":[{"count":1,"href":"https:\/\/mexicocodigorojo.com.mx\/index.php?rest_route=\/wp\/v2\/posts\/64129\/revisions"}],"predecessor-version":[{"id":64131,"href":"https:\/\/mexicocodigorojo.com.mx\/index.php?rest_route=\/wp\/v2\/posts\/64129\/revisions\/64131"}],"wp:featuredmedia":[{"embeddable":true,"href":"https:\/\/mexicocodigorojo.com.mx\/index.php?rest_route=\/wp\/v2\/media\/64130"}],"wp:attachment":[{"href":"https:\/\/mexicocodigorojo.com.mx\/index.php?rest_route=%2Fwp%2Fv2%2Fmedia&parent=64129"}],"wp:term":[{"taxonomy":"category","embeddable":true,"href":"https:\/\/mexicocodigorojo.com.mx\/index.php?rest_route=%2Fwp%2Fv2%2Fcategories&post=64129"},{"taxonomy":"post_tag","embeddable":true,"href":"https:\/\/mexicocodigorojo.com.mx\/index.php?rest_route=%2Fwp%2Fv2%2Ftags&post=64129"}],"curies":[{"name":"wp","href":"https:\/\/api.w.org\/{rel}","templated":true}]}}