{"id":64105,"date":"2025-04-15T18:02:03","date_gmt":"2025-04-16T00:02:03","guid":{"rendered":"https:\/\/mexicocodigorojo.com.mx\/?p=64105"},"modified":"2025-04-15T18:02:03","modified_gmt":"2025-04-16T00:02:03","slug":"rescatan-a-21-personas-privadas-de-su-libertad-en-reynosa","status":"publish","type":"post","link":"https:\/\/mexicocodigorojo.com.mx\/?p=64105","title":{"rendered":"RESCATAN A 21 PERSONAS PRIVADAS DE SU LIBERTAD EN REYNOSA"},"content":{"rendered":"\n<p>Reynosa, Tamaulipas.- La Guardia Estatal logr\u00f3 rescatar a 21 personas, entre ellos dos menores, que se encontraban privados de la libertad y los manten\u00edan en una casa de seguridad en la colonia Balcones de Alcal\u00e1 en Reynosa, Tamaulipas.<\/p>\n\n\n\n<p>Hasta el momento, la Vocer\u00eda de Seguridad del estado, no ha brindado informaci\u00f3n oficial sobre estos hechos sin embargo, Jos\u00e9 Andr\u00e9s M\u00e9ndez \u00d1eco, integrante del&nbsp;<strong>Colectivo Amor por los Desaparecidos en Tamaulipas<\/strong>, dio a conocer que en el caso de los menores, no se contaba con una denuncia por desaparici\u00f3n, sin embargo, su familia los estaba buscando.<\/p>\n\n\n\n<p>\u00abMe notificaron v\u00eda anonima de 21 personas que estaban privadas de la libertad por lo que hicimos lo conducente al informar a las autoridades, me pasaron nombres, edades y de d\u00f3nde eran originarios, para nosotros es muy triste que haya menores de edad, una adolescente de 13 a\u00f1os y un var\u00f3n de 15 que no ten\u00edan denuncia por desaparici\u00f3n sin embargo su familia los estaba buscando\u00bb.<\/p>\n\n\n\n<p class=\"amp-sc__font-paragraph\">M\u00e9ndez \u00d1eco indic\u00f3 que de 8 de las personas rescatadas, se contaba con&nbsp;<strong>reporte de desaparici\u00f3n&nbsp;<\/strong>por medio del Colectivo Amor por los Desaparecidos quienes al saber del rescate, contactaron a la familia de estas personas.<\/p>\n\n\n\n<p class=\"amp-sc__font-paragraph\">\u00abCabe se\u00f1alar que contactamos a la familia, les hemos dicho que est\u00e1n bien, los mandaron a la Fiscal\u00eda para que rindieran su declaraci\u00f3n, esto fue por un operativo que realiz\u00f3 la Guardia Estatal y la Fiscal\u00eda de Tamaulipas, si bien es cierto no se ha dado un comunicado oficial por parte de la Vocer\u00eda, no sabemos el porqu\u00e9, pero es informaci\u00f3n fidedigna y ya los familiares est\u00e1n con ellos, al menos 8 ya est\u00e1n en sus casas\u00bb.<\/p>\n\n\n\n<p>El resto de los rescatados dijo, est\u00e1n&nbsp;<strong>protegidos y resguardados por la Fiscal\u00eda de Tamaulipas <\/strong>por lo que est\u00e1n pidiendo a los familiares, env\u00eden un mensaje a la p\u00e1gina del colectivo para ser referidos con las autoridades competentes.<\/p>\n\n\n\n<p class=\"amp-sc__font-paragraph\">\u00abLos estamos remitiendo con la Fiscal\u00eda para que les hagan el protocolo de identificaci\u00f3n y se libere la denuncia como desaparecidos y se inicie otra por privaci\u00f3n ilegal de la libertad, cabe mencionar que dos personas ten\u00edan&nbsp;<strong>deshidrataci\u00f3n severa&nbsp;<\/strong>y est\u00e1n en un hospital de la ciudad\u00bb.<\/p>\n\n\n\n<p class=\"amp-sc__font-paragraph\">El activista coment\u00f3 que se tiene la hip\u00f3tesis que estas personas fueron privadas de la libertad para que realizaran&nbsp;<strong>trabajos forzados<\/strong>&nbsp;o se trataba de personas que pensaban cruzar hacia Estados Unidos.<\/p>\n\n\n\n<p class=\"amp-sc__font-paragraph\">\u00abNo hay personas detenidas hasta el momento, se est\u00e1n haciendo las investigaciones correspondientes, nosotros pensamos que la Fiscal\u00eda debe hacer lo oportuno, tambi\u00e9n la Guardia Nacional y Estatal deben hacer rondines para detectar estas casas de seguridad y garantizar la seguridad de los ciudadanos y de las personas que est\u00e1n de paso\u00bb.<\/p>\n\n\n\n<p class=\"amp-sc__font-paragraph\"><strong>Del estado de Veracruz fueron restacados:<\/strong>Angel Solano Acevedo de 39 a\u00f1os, Ad\u00e1n Ram\u00edrez Santiago de 35 a\u00f1os,&nbsp;<strong>de Chiapas:<\/strong>Oscar Espinosa Polanco de 31 a\u00f1os, de Jalisco, Dulce Mar\u00eda Gonibarea de 29 a\u00f1os, Efr\u00e9n Ram\u00edrez de 47 a\u00f1os, Ricardo Enrique L\u00f3pez Adriano de 64 a\u00f1os, Ricardo Cruz Gabriel de 36 a\u00f1os y&nbsp;<strong>Acapulco, Guerrero,<\/strong>&nbsp;Atadeo Nava Viviano de 41 a\u00f1os.<\/p>\n\n\n\n<p><strong>De Reynosa<\/strong>, fueron rescatados: Andr\u00e9s Eduardo Bola\u00f1os Mart\u00ednez, Ram\u00f3n Maldonado Robles de 44 a\u00f1os, Ulises Francisco Trevi\u00f1o M\u00e9ndez de 29 a\u00f1os, Francisco Javier Sandoval Herrera de 25 a\u00f1os, Benito Riberas Ju\u00e1rez de 32 a\u00f1os, Jos\u00e9 Alfredo Escobedo Santiago de 39 a\u00f1os,&nbsp;<strong>de Tampico<\/strong>, Paulete Gonz\u00e1lez Maerques de 37 a\u00f1os, C\u00e9sar Francisco G\u00e1mez de 33 a\u00f1os y de Rio Bravo, Orbin Moreno Diaz, de 28 a\u00f1os, Aldair Cabrera Cruz de 30 a\u00f1os, todos ellos del estado de Tamaulipas.<\/p>\n","protected":false},"excerpt":{"rendered":"<p>La Guardia Estatal localiz\u00f3 una casa de seguridad en la colonia Balcones de Alcal\u00e1; algunas v\u00edctimas ten\u00edan reporte de desaparici\u00f3n y otras presentaban deshidrataci\u00f3n severa<\/p>\n","protected":false},"author":5,"featured_media":64104,"comment_status":"open","ping_status":"open","sticky":false,"template":"","format":"standard","meta":{"_uf_show_specific_survey":0,"_uf_disable_surveys":false,"advanced_seo_description":"","jetpack_seo_html_title":"","jetpack_seo_noindex":false,"jetpack_post_was_ever_published":false,"_jetpack_newsletter_access":"","_jetpack_dont_email_post_to_subs":false,"_jetpack_newsletter_tier_id":0,"_jetpack_memberships_contains_paywalled_content":false,"_jetpack_memberships_contains_paid_content":false,"footnotes":"","jetpack_publicize_message":"","jetpack_publicize_feature_enabled":true,"jetpack_social_post_already_shared":true,"jetpack_social_options":{"image_generator_settings":{"template":"highway","default_image_id":0,"font":"","enabled":false},"version":2}},"categories":[1724,2],"tags":[30],"class_list":{"0":"post-64105","1":"post","2":"type-post","3":"status-publish","4":"format-standard","5":"has-post-thumbnail","7":"category-featured","8":"category-tamaulipas","9":"tag-secuestro"},"jetpack_publicize_connections":[],"jetpack_featured_media_url":"https:\/\/i0.wp.com\/mexicocodigorojo.com.mx\/wp-content\/uploads\/2025\/04\/img_6736-2.jpg?fit=400%2C247&ssl=1","jetpack-related-posts":[{"id":21530,"url":"https:\/\/mexicocodigorojo.com.mx\/?p=21530","url_meta":{"origin":64105,"position":0},"title":"Abaten a dos y liberan a plagiados en Reynosa","author":"Staff","date":"agosto 8, 2019","format":false,"excerpt":"Al menos\u00a0dos\u00a0hombres\u00a0armados\u00a0abatidos y var\u00edas personas liberadas entre ellos menores de edad, es el saldo de un\u00a0enfrentamiento registrado la noche del domingo en una de las colonias del poniente de la ciudad. Los hechos se registraron a las 22:00 horas en la calle Vista Alegre de la colonia Vista Hermosa a\u2026","rel":"","context":"En \u00abTamaulipas\u00bb","block_context":{"text":"Tamaulipas","link":"https:\/\/mexicocodigorojo.com.mx\/?cat=2"},"img":{"alt_text":"","src":"https:\/\/i0.wp.com\/mexicocodigorojo.com.mx\/wp-content\/uploads\/2019\/08\/quefue2019080501-focus-min0.07-min0.05-628-524.jpg?fit=628%2C524&ssl=1&resize=350%2C200","width":350,"height":200,"srcset":"https:\/\/i0.wp.com\/mexicocodigorojo.com.mx\/wp-content\/uploads\/2019\/08\/quefue2019080501-focus-min0.07-min0.05-628-524.jpg?fit=628%2C524&ssl=1&resize=350%2C200 1x, https:\/\/i0.wp.com\/mexicocodigorojo.com.mx\/wp-content\/uploads\/2019\/08\/quefue2019080501-focus-min0.07-min0.05-628-524.jpg?fit=628%2C524&ssl=1&resize=525%2C300 1.5x"},"classes":[]},{"id":58626,"url":"https:\/\/mexicocodigorojo.com.mx\/?p=58626","url_meta":{"origin":64105,"position":1},"title":"Guardia Estatal libera a 13 inmigrantes privados de la libertad en Reynosa Tamaulipas","author":"MexicoRojo","date":"diciembre 15, 2023","format":false,"excerpt":"Reynosa, Tamaulipas.- En atenci\u00f3n a un reporte del C5 personal de la Guardia Estatal en el municipio de Reynosa liber\u00f3 a 13 personas de origen extranjero que se encontraban privadas de la libertad en un hotel de esta ciudad fronteriza, asimismo, asegur\u00f3 a dos presuntos responsables. \u00a0 \u00a0 A su\u2026","rel":"","context":"En \u00abFeatured\u00bb","block_context":{"text":"Featured","link":"https:\/\/mexicocodigorojo.com.mx\/?cat=1724"},"img":{"alt_text":"","src":"https:\/\/i0.wp.com\/mexicocodigorojo.com.mx\/wp-content\/uploads\/2023\/12\/IMG-20231215-WA0259.jpg?fit=1152%2C519&ssl=1&resize=350%2C200","width":350,"height":200,"srcset":"https:\/\/i0.wp.com\/mexicocodigorojo.com.mx\/wp-content\/uploads\/2023\/12\/IMG-20231215-WA0259.jpg?fit=1152%2C519&ssl=1&resize=350%2C200 1x, https:\/\/i0.wp.com\/mexicocodigorojo.com.mx\/wp-content\/uploads\/2023\/12\/IMG-20231215-WA0259.jpg?fit=1152%2C519&ssl=1&resize=525%2C300 1.5x, https:\/\/i0.wp.com\/mexicocodigorojo.com.mx\/wp-content\/uploads\/2023\/12\/IMG-20231215-WA0259.jpg?fit=1152%2C519&ssl=1&resize=700%2C400 2x, https:\/\/i0.wp.com\/mexicocodigorojo.com.mx\/wp-content\/uploads\/2023\/12\/IMG-20231215-WA0259.jpg?fit=1152%2C519&ssl=1&resize=1050%2C600 3x"},"classes":[]},{"id":24878,"url":"https:\/\/mexicocodigorojo.com.mx\/?p=24878","url_meta":{"origin":64105,"position":2},"title":"Polic\u00edas Estatales liberan a 5 secuestrados tras enfrentamiento contra cuatro camionetas en Reynosa","author":"Staff","date":"octubre 7, 2019","format":false,"excerpt":"Reynosa, Tamaulipas. - El Gobierno del Estado a trav\u00e9s de la Secretar\u00eda de Seguridad P\u00fablica informa que, la noche de este domingo 6 de octubre en este municipio, personal de la Polic\u00eda Estatal liber\u00f3 a 5 personas que se encontraban privadas de su libertad y asegur\u00f3 la camioneta. Aproximadamente a\u2026","rel":"","context":"En \u00abTamaulipas\u00bb","block_context":{"text":"Tamaulipas","link":"https:\/\/mexicocodigorojo.com.mx\/?cat=2"},"img":{"alt_text":"","src":"https:\/\/i0.wp.com\/mexicocodigorojo.com.mx\/wp-content\/uploads\/2019\/10\/71533699_706248803188243_8471211516866068480_n.jpg?fit=960%2C720&ssl=1&resize=350%2C200","width":350,"height":200,"srcset":"https:\/\/i0.wp.com\/mexicocodigorojo.com.mx\/wp-content\/uploads\/2019\/10\/71533699_706248803188243_8471211516866068480_n.jpg?fit=960%2C720&ssl=1&resize=350%2C200 1x, https:\/\/i0.wp.com\/mexicocodigorojo.com.mx\/wp-content\/uploads\/2019\/10\/71533699_706248803188243_8471211516866068480_n.jpg?fit=960%2C720&ssl=1&resize=525%2C300 1.5x, https:\/\/i0.wp.com\/mexicocodigorojo.com.mx\/wp-content\/uploads\/2019\/10\/71533699_706248803188243_8471211516866068480_n.jpg?fit=960%2C720&ssl=1&resize=700%2C400 2x"},"classes":[]},{"id":34284,"url":"https:\/\/mexicocodigorojo.com.mx\/?p=34284","url_meta":{"origin":64105,"position":3},"title":"Rescatan a 7 centroamericanos en Reynosa","author":"Staff","date":"marzo 6, 2020","format":false,"excerpt":"Reynosa, Tamaulipas.- La Fiscal\u00eda General de Justicia de Tamaulipas informa que Agentes de la Polic\u00eda Investigadora, con apoyo de elementos de la Coordinaci\u00f3n Estatal de la Polic\u00eda Federal, Divisi\u00f3n Gendarmer\u00eda, en transici\u00f3n a la Guardia Nacional, rescataron a 4 mujeres y 3 hombres de origen centroamericano. Derivado de un reporte\u2026","rel":"","context":"En \u00abTamaulipas\u00bb","block_context":{"text":"Tamaulipas","link":"https:\/\/mexicocodigorojo.com.mx\/?cat=2"},"img":{"alt_text":"","src":"","width":0,"height":0},"classes":[]},{"id":2936,"url":"https:\/\/mexicocodigorojo.com.mx\/?p=2936","url_meta":{"origin":64105,"position":4},"title":"Caen dos secuestradores en Reynosa","author":"Staff","date":"septiembre 14, 2018","format":false,"excerpt":"Septiembre 14 de 2018 PGJE -326-2018 Reynosa, Tamaulipas.- El Grupo de Coordinaci\u00f3n Tamaulipas informa que fueron detenidos Jonat\u00e1n Heli \u201cN\u201d, de 30 a\u00f1os de edad, y El\u00edas Alberto \u201cN\u201d, de 26 a\u00f1os de edad, por el delito de secuestro. Tras la denuncia oportuna de parte de familiares de personas privadas\u2026","rel":"","context":"En \u00abTamaulipas\u00bb","block_context":{"text":"Tamaulipas","link":"https:\/\/mexicocodigorojo.com.mx\/?cat=2"},"img":{"alt_text":"","src":"https:\/\/i0.wp.com\/mexicocodigorojo.com.mx\/wp-content\/uploads\/2018\/09\/BE4C85F3-A899-4CA3-B2D8-8ABC5CDC6CF1.jpeg?fit=1200%2C1200&ssl=1&resize=350%2C200","width":350,"height":200,"srcset":"https:\/\/i0.wp.com\/mexicocodigorojo.com.mx\/wp-content\/uploads\/2018\/09\/BE4C85F3-A899-4CA3-B2D8-8ABC5CDC6CF1.jpeg?fit=1200%2C1200&ssl=1&resize=350%2C200 1x, https:\/\/i0.wp.com\/mexicocodigorojo.com.mx\/wp-content\/uploads\/2018\/09\/BE4C85F3-A899-4CA3-B2D8-8ABC5CDC6CF1.jpeg?fit=1200%2C1200&ssl=1&resize=525%2C300 1.5x, https:\/\/i0.wp.com\/mexicocodigorojo.com.mx\/wp-content\/uploads\/2018\/09\/BE4C85F3-A899-4CA3-B2D8-8ABC5CDC6CF1.jpeg?fit=1200%2C1200&ssl=1&resize=700%2C400 2x, https:\/\/i0.wp.com\/mexicocodigorojo.com.mx\/wp-content\/uploads\/2018\/09\/BE4C85F3-A899-4CA3-B2D8-8ABC5CDC6CF1.jpeg?fit=1200%2C1200&ssl=1&resize=1050%2C600 3x"},"classes":[]},{"id":52218,"url":"https:\/\/mexicocodigorojo.com.mx\/?p=52218","url_meta":{"origin":64105,"position":5},"title":"Polic\u00edas estatales liberaron a 15 migrantes privados de su libertad en Reynosa","author":"Staff","date":"enero 13, 2022","format":false,"excerpt":"Reynosa, Tamaulipas. \u2013 El Gobierno del Estado a trav\u00e9s de la Secretar\u00eda de Seguridad P\u00fablica informa que, como resultado de las acciones de seguridad y vigilancia en el municipio de Reynosa, la madrugada de este jueves 13 de enero, personal de la Polic\u00eda Estatal liber\u00f3 a 15 personas de origen\u2026","rel":"","context":"En \u00abFeatured\u00bb","block_context":{"text":"Featured","link":"https:\/\/mexicocodigorojo.com.mx\/?cat=1724"},"img":{"alt_text":"","src":"https:\/\/i0.wp.com\/mexicocodigorojo.com.mx\/wp-content\/uploads\/2022\/01\/271893672_387713336487617_5948904959673203751_n.jpg?fit=1200%2C817&ssl=1&resize=350%2C200","width":350,"height":200,"srcset":"https:\/\/i0.wp.com\/mexicocodigorojo.com.mx\/wp-content\/uploads\/2022\/01\/271893672_387713336487617_5948904959673203751_n.jpg?fit=1200%2C817&ssl=1&resize=350%2C200 1x, https:\/\/i0.wp.com\/mexicocodigorojo.com.mx\/wp-content\/uploads\/2022\/01\/271893672_387713336487617_5948904959673203751_n.jpg?fit=1200%2C817&ssl=1&resize=525%2C300 1.5x, https:\/\/i0.wp.com\/mexicocodigorojo.com.mx\/wp-content\/uploads\/2022\/01\/271893672_387713336487617_5948904959673203751_n.jpg?fit=1200%2C817&ssl=1&resize=700%2C400 2x, https:\/\/i0.wp.com\/mexicocodigorojo.com.mx\/wp-content\/uploads\/2022\/01\/271893672_387713336487617_5948904959673203751_n.jpg?fit=1200%2C817&ssl=1&resize=1050%2C600 3x"},"classes":[]}],"jetpack_sharing_enabled":true,"jetpack_likes_enabled":true,"jetpack_shortlink":"https:\/\/wp.me\/p9TedA-gFX","_links":{"self":[{"href":"https:\/\/mexicocodigorojo.com.mx\/index.php?rest_route=\/wp\/v2\/posts\/64105","targetHints":{"allow":["GET"]}}],"collection":[{"href":"https:\/\/mexicocodigorojo.com.mx\/index.php?rest_route=\/wp\/v2\/posts"}],"about":[{"href":"https:\/\/mexicocodigorojo.com.mx\/index.php?rest_route=\/wp\/v2\/types\/post"}],"author":[{"embeddable":true,"href":"https:\/\/mexicocodigorojo.com.mx\/index.php?rest_route=\/wp\/v2\/users\/5"}],"replies":[{"embeddable":true,"href":"https:\/\/mexicocodigorojo.com.mx\/index.php?rest_route=%2Fwp%2Fv2%2Fcomments&post=64105"}],"version-history":[{"count":0,"href":"https:\/\/mexicocodigorojo.com.mx\/index.php?rest_route=\/wp\/v2\/posts\/64105\/revisions"}],"wp:featuredmedia":[{"embeddable":true,"href":"https:\/\/mexicocodigorojo.com.mx\/index.php?rest_route=\/wp\/v2\/media\/64104"}],"wp:attachment":[{"href":"https:\/\/mexicocodigorojo.com.mx\/index.php?rest_route=%2Fwp%2Fv2%2Fmedia&parent=64105"}],"wp:term":[{"taxonomy":"category","embeddable":true,"href":"https:\/\/mexicocodigorojo.com.mx\/index.php?rest_route=%2Fwp%2Fv2%2Fcategories&post=64105"},{"taxonomy":"post_tag","embeddable":true,"href":"https:\/\/mexicocodigorojo.com.mx\/index.php?rest_route=%2Fwp%2Fv2%2Ftags&post=64105"}],"curies":[{"name":"wp","href":"https:\/\/api.w.org\/{rel}","templated":true}]}}