{"id":64039,"date":"2025-03-25T06:27:37","date_gmt":"2025-03-25T12:27:37","guid":{"rendered":"https:\/\/mexicocodigorojo.com.mx\/?p=64039"},"modified":"2025-03-25T06:27:37","modified_gmt":"2025-03-25T12:27:37","slug":"luto-en-nuevo-laredo-fatal-accidente-cuesta-la-vida-a-12-de-la-familia-martinez","status":"publish","type":"post","link":"https:\/\/mexicocodigorojo.com.mx\/?p=64039","title":{"rendered":"Luto en Nuevo Laredo: Fatal Accidente Cuesta la Vida a 12 de la Familia Mart\u00ednez"},"content":{"rendered":"<p class=\"\" data-start=\"0\" data-end=\"343\"><strong data-start=\"0\" data-end=\"30\">Nuevo Laredo, Tamaulipas.-<\/strong> En un tr\u00e1gico accidente en Nuevo Le\u00f3n, la familia Mart\u00ednez de Nuevo Laredo, Tamaulipas, perdi\u00f3 a 12 de sus integrantes cuando la camioneta en que viajaban cay\u00f3 a un barranco y se incendi\u00f3. El accidente ocurri\u00f3 mientras la familia disfrutaba de un paseo en el paraje conocido como la Cola de Caballo en Monterrey.<\/p>\n<p class=\"\" data-start=\"345\" data-end=\"758\">Los familiares y amigos, devastados por la p\u00e9rdida, han compartido su dolor y algunas fotograf\u00edas del viaje en redes sociales. Ren\u00e9 H Nimmerfall, un cercano amigo de la familia, expres\u00f3 en Facebook su profundo dolor: \u00abPerd\u00ed no solo a mis amigos, eran mi familia, familia que con el tiempo me consideraron uno m\u00e1s de los Mart\u00ednez. Vivir\u00e1n siempre en mi coraz\u00f3n y en mis pensamientos estar\u00e1n por siempre\u00bb, escribi\u00f3.<\/p>\n<p class=\"\" data-start=\"760\" data-end=\"1126\">Adem\u00e1s de los fallecidos, cuatro personas est\u00e1n siendo tratadas en el Hospital General de Montemorelos, Nuevo Le\u00f3n. Seg\u00fan informes, la familia hab\u00eda pasado el fin de semana en el ejido Santa Anita, de donde son originarios, en el municipio de Doctor Arroyo, Nuevo Le\u00f3n, y regresaban a su hogar en la colonia El Campanario en Nuevo Laredo cuando ocurri\u00f3 el accidente.<\/p>\n<p class=\"\" data-start=\"1128\" data-end=\"1445\">El veh\u00edculo, una camioneta tipo Van con 16 integrantes de la familia, se sali\u00f3 del camino en la altura de la Cola de Caballo, cayendo a un barranco y comenzando a incendiarse en el proceso. La \u00faltima fotograf\u00eda tomada por la familia antes del accidente tambi\u00e9n ha sido compartida en redes, conmoviendo a la comunidad.<\/p>\n<p class=\"\" data-start=\"1447\" data-end=\"1690\">Autoridades y l\u00edderes locales, incluido Am\u00e9rico Villarreal, han expresado sus condolencias y ofrecido apoyo a los afectados por este desafortunado suceso. La comunidad se une en duelo y apoyo a la familia Mart\u00ednez durante este dif\u00edcil momento.<\/p>\n","protected":false},"excerpt":{"rendered":"<p>Nuevo Laredo, Tamaulipas.- En un tr\u00e1gico accidente en Nuevo Le\u00f3n, la familia Mart\u00ednez de Nuevo Laredo, Tamaulipas, perdi\u00f3 a 12 de sus integrantes cuando la camioneta en que viajaban cay\u00f3 a un barranco y se incendi\u00f3. El accidente ocurri\u00f3 mientras la familia disfrutaba de un paseo en el paraje conocido como la Cola de Caballo [&hellip;]<\/p>\n","protected":false},"author":21,"featured_media":64040,"comment_status":"open","ping_status":"open","sticky":false,"template":"","format":"standard","meta":{"_uf_show_specific_survey":0,"_uf_disable_surveys":false,"advanced_seo_description":"","jetpack_seo_html_title":"","jetpack_seo_noindex":false,"jetpack_post_was_ever_published":false,"_jetpack_newsletter_access":"","_jetpack_dont_email_post_to_subs":false,"_jetpack_newsletter_tier_id":0,"_jetpack_memberships_contains_paywalled_content":false,"_jetpack_memberships_contains_paid_content":false,"footnotes":"","jetpack_publicize_message":"","jetpack_publicize_feature_enabled":true,"jetpack_social_post_already_shared":true,"jetpack_social_options":{"image_generator_settings":{"template":"highway","default_image_id":0,"font":"","enabled":false},"version":2}},"categories":[1724,2],"tags":[],"class_list":{"0":"post-64039","1":"post","2":"type-post","3":"status-publish","4":"format-standard","5":"has-post-thumbnail","7":"category-featured","8":"category-tamaulipas"},"jetpack_publicize_connections":[],"jetpack_featured_media_url":"https:\/\/i0.wp.com\/mexicocodigorojo.com.mx\/wp-content\/uploads\/2025\/03\/Captura-de-pantalla-2025-03-25-062610.jpg?fit=975%2C571&ssl=1","jetpack-related-posts":[{"id":52493,"url":"https:\/\/mexicocodigorojo.com.mx\/?p=52493","url_meta":{"origin":64039,"position":0},"title":"Hallan calcinado a \u2018El Mijis\u2019, muri\u00f3 en accidente automovil\u00edstico en Tamaulipas, confirma Fiscal\u00eda","author":"Staff","date":"marzo 4, 2022","format":false,"excerpt":"Pedro C\u00e9sar Carrizales Becerra, alias \u2018El Mijis\u2019, falleci\u00f3 en un accidente automovil\u00edstico en Nuevo Laredo, Tamaulipas, confirmaron las pruebas antropol\u00f3gicas de identificaci\u00f3n humana y gen\u00e9tica realizadas por peritos forenses de la Guardia Nacional. Frida Guerrera, activista y amiga de \u2018El Mijis\u2019, explic\u00f3 que tras una reuni\u00f3n con autoridades de la\u2026","rel":"","context":"En \u00abFeatured\u00bb","block_context":{"text":"Featured","link":"https:\/\/mexicocodigorojo.com.mx\/?cat=1724"},"img":{"alt_text":"","src":"https:\/\/i0.wp.com\/mexicocodigorojo.com.mx\/wp-content\/uploads\/2022\/03\/mijis-1-960x506-1.jpg?fit=960%2C506&ssl=1&resize=350%2C200","width":350,"height":200,"srcset":"https:\/\/i0.wp.com\/mexicocodigorojo.com.mx\/wp-content\/uploads\/2022\/03\/mijis-1-960x506-1.jpg?fit=960%2C506&ssl=1&resize=350%2C200 1x, https:\/\/i0.wp.com\/mexicocodigorojo.com.mx\/wp-content\/uploads\/2022\/03\/mijis-1-960x506-1.jpg?fit=960%2C506&ssl=1&resize=525%2C300 1.5x, https:\/\/i0.wp.com\/mexicocodigorojo.com.mx\/wp-content\/uploads\/2022\/03\/mijis-1-960x506-1.jpg?fit=960%2C506&ssl=1&resize=700%2C400 2x"},"classes":[]},{"id":12205,"url":"https:\/\/mexicocodigorojo.com.mx\/?p=12205","url_meta":{"origin":64039,"position":1},"title":"El Mixteco El Cabo del  Ejercito que muri\u00f3 en la emboscada del CDN a unos km de Nuevo Laredo Tamaulipas","author":"Staff","date":"enero 13, 2019","format":false,"excerpt":"El Mixteco El Cabo del Ejercito que muri\u00f3 en la emboscada del CDN a unos km de Nuevo Laredo Tamaulipas A unos cuantos kilometros de Nuevo Laredo en un enfrentamiento con delincuentes, un militar nativo de la Mixteca Poblana perdi\u00f3 la vida ; los reportes indicaron que en el lugar\u2026","rel":"","context":"En \u00abTamaulipas\u00bb","block_context":{"text":"Tamaulipas","link":"https:\/\/mexicocodigorojo.com.mx\/?cat=2"},"img":{"alt_text":"","src":"","width":0,"height":0},"classes":[]},{"id":22606,"url":"https:\/\/mexicocodigorojo.com.mx\/?p=22606","url_meta":{"origin":64039,"position":2},"title":"DESPIDEN CON HONORES A POLICIA QUE MURI\u00d3 EN EL ATAQUE ARMADO DEL CDN EN NUEVO LAREDO","author":"Staff","date":"agosto 25, 2019","format":false,"excerpt":"La Secretar\u00eda de Seguridad P\u00fablica despidi\u00f3 con honores al Polic\u00eda Estatal Ra\u00fal \u201cN\u201d, quien falleciera la madrugada del viernes 23 de agosto en el municipio de Nuevo Laredo, hechos donde adem\u00e1s dos polic\u00edas resultaron heridos. Ra\u00fal \u201cN\u201d ten\u00eda 25 a\u00f1os de edad y formaba parte de la Polic\u00eda Estatal desde\u2026","rel":"","context":"En \u00abTamaulipas\u00bb","block_context":{"text":"Tamaulipas","link":"https:\/\/mexicocodigorojo.com.mx\/?cat=2"},"img":{"alt_text":"","src":"https:\/\/i0.wp.com\/mexicocodigorojo.com.mx\/wp-content\/uploads\/2019\/08\/img_1929.jpg?fit=850%2C500&ssl=1&resize=350%2C200","width":350,"height":200,"srcset":"https:\/\/i0.wp.com\/mexicocodigorojo.com.mx\/wp-content\/uploads\/2019\/08\/img_1929.jpg?fit=850%2C500&ssl=1&resize=350%2C200 1x, https:\/\/i0.wp.com\/mexicocodigorojo.com.mx\/wp-content\/uploads\/2019\/08\/img_1929.jpg?fit=850%2C500&ssl=1&resize=525%2C300 1.5x, https:\/\/i0.wp.com\/mexicocodigorojo.com.mx\/wp-content\/uploads\/2019\/08\/img_1929.jpg?fit=850%2C500&ssl=1&resize=700%2C400 2x"},"classes":[]},{"id":49725,"url":"https:\/\/mexicocodigorojo.com.mx\/?p=49725","url_meta":{"origin":64039,"position":3},"title":"Los Zetas Secuestran Familia Texana en los Limites de Nuevo Le\u00f3n y Tamaulipas","author":"Staff","date":"junio 20, 2021","format":false,"excerpt":"Sicarios de uno de los c\u00e1rteles de la droga m\u00e1s violentos de M\u00e9xico han secuestrado a tres miembros de una familia Texana que viajaban por un estado fronterizo hacia los Estados Unidos. El secuestro tuvo lugar en una zona controlada por una facci\u00f3n de Los Zetas. Se cree que el\u2026","rel":"","context":"En \u00abFeatured\u00bb","block_context":{"text":"Featured","link":"https:\/\/mexicocodigorojo.com.mx\/?cat=1724"},"img":{"alt_text":"","src":"https:\/\/i0.wp.com\/mexicocodigorojo.com.mx\/wp-content\/uploads\/2021\/06\/Missing-Texas-family.jpg?fit=640%2C480&ssl=1&resize=350%2C200","width":350,"height":200,"srcset":"https:\/\/i0.wp.com\/mexicocodigorojo.com.mx\/wp-content\/uploads\/2021\/06\/Missing-Texas-family.jpg?fit=640%2C480&ssl=1&resize=350%2C200 1x, https:\/\/i0.wp.com\/mexicocodigorojo.com.mx\/wp-content\/uploads\/2021\/06\/Missing-Texas-family.jpg?fit=640%2C480&ssl=1&resize=525%2C300 1.5x"},"classes":[]},{"id":63048,"url":"https:\/\/mexicocodigorojo.com.mx\/?p=63048","url_meta":{"origin":64039,"position":4},"title":"Muere enfermera del IMSS frente a su familia en tiroteo entre militares y criminales en Nuevo Laredo","author":"Staff","date":"octubre 14, 2024","format":false,"excerpt":"Yuricie Rivera Elizalde, de 45 a\u00f1os, perdi\u00f3 la vida tras ser alcanzada por una bala perdida durante un enfrentamiento entre militares y criminales en Nuevo Laredo, Tamaulipas. La madre de familia, quien trabajaba como enfermera del IMSS, viajaba junto a su esposo y su hijo de 9 a\u00f1os cuando ocurri\u00f3\u2026","rel":"","context":"En \u00abFeatured\u00bb","block_context":{"text":"Featured","link":"https:\/\/mexicocodigorojo.com.mx\/?cat=1724"},"img":{"alt_text":"","src":"","width":0,"height":0},"classes":[]},{"id":28636,"url":"https:\/\/mexicocodigorojo.com.mx\/?p=28636","url_meta":{"origin":64039,"position":5},"title":"\u2018Parec\u00eda escena extra\u00edda de un filme de horror\u2019, triturado en Nuevo Laredo","author":"Staff","date":"diciembre 12, 2019","format":false,"excerpt":"Nada se pudo hacer por Jos\u00e9 Alberto, cuyos compa\u00f1eros lamentaron su p\u00e9rdida irreparable Por CARLOS TIJERINA Su cuerpo qued\u00f3 destrozado. A sus 35 a\u00f1os, Jos\u00e9 Alberto, un buen trabajador como lo calificaron algunos de sus compa\u00f1eros, muri\u00f3 en la empresa AMPASA. Se resbal\u00f3 en forma accidental y cay\u00f3 a una\u2026","rel":"","context":"En \u00abTamaulipas\u00bb","block_context":{"text":"Tamaulipas","link":"https:\/\/mexicocodigorojo.com.mx\/?cat=2"},"img":{"alt_text":"","src":"https:\/\/i0.wp.com\/mexicocodigorojo.com.mx\/wp-content\/uploads\/2019\/12\/triturado-nld-450x405.jpg?fit=450%2C405&ssl=1&resize=350%2C200","width":350,"height":200},"classes":[]}],"jetpack_sharing_enabled":true,"jetpack_likes_enabled":true,"jetpack_shortlink":"https:\/\/wp.me\/p9TedA-gET","_links":{"self":[{"href":"https:\/\/mexicocodigorojo.com.mx\/index.php?rest_route=\/wp\/v2\/posts\/64039","targetHints":{"allow":["GET"]}}],"collection":[{"href":"https:\/\/mexicocodigorojo.com.mx\/index.php?rest_route=\/wp\/v2\/posts"}],"about":[{"href":"https:\/\/mexicocodigorojo.com.mx\/index.php?rest_route=\/wp\/v2\/types\/post"}],"author":[{"embeddable":true,"href":"https:\/\/mexicocodigorojo.com.mx\/index.php?rest_route=\/wp\/v2\/users\/21"}],"replies":[{"embeddable":true,"href":"https:\/\/mexicocodigorojo.com.mx\/index.php?rest_route=%2Fwp%2Fv2%2Fcomments&post=64039"}],"version-history":[{"count":1,"href":"https:\/\/mexicocodigorojo.com.mx\/index.php?rest_route=\/wp\/v2\/posts\/64039\/revisions"}],"predecessor-version":[{"id":64041,"href":"https:\/\/mexicocodigorojo.com.mx\/index.php?rest_route=\/wp\/v2\/posts\/64039\/revisions\/64041"}],"wp:featuredmedia":[{"embeddable":true,"href":"https:\/\/mexicocodigorojo.com.mx\/index.php?rest_route=\/wp\/v2\/media\/64040"}],"wp:attachment":[{"href":"https:\/\/mexicocodigorojo.com.mx\/index.php?rest_route=%2Fwp%2Fv2%2Fmedia&parent=64039"}],"wp:term":[{"taxonomy":"category","embeddable":true,"href":"https:\/\/mexicocodigorojo.com.mx\/index.php?rest_route=%2Fwp%2Fv2%2Fcategories&post=64039"},{"taxonomy":"post_tag","embeddable":true,"href":"https:\/\/mexicocodigorojo.com.mx\/index.php?rest_route=%2Fwp%2Fv2%2Ftags&post=64039"}],"curies":[{"name":"wp","href":"https:\/\/api.w.org\/{rel}","templated":true}]}}