{"id":64033,"date":"2025-03-25T05:59:13","date_gmt":"2025-03-25T11:59:13","guid":{"rendered":"https:\/\/mexicocodigorojo.com.mx\/?p=64033"},"modified":"2025-03-25T05:59:13","modified_gmt":"2025-03-25T11:59:13","slug":"detienen-a-responsables-del-asesinato-de-menores-en-sinaloa","status":"publish","type":"post","link":"https:\/\/mexicocodigorojo.com.mx\/?p=64033","title":{"rendered":"Detienen a Responsables del Asesinato de Menores en Sinaloa"},"content":{"rendered":"<p class=\"\" data-start=\"273\" data-end=\"635\">En una operaci\u00f3n destacada, <strong data-start=\"301\" data-end=\"324\">Omar Garc\u00eda Harfuch<\/strong>, titular de la Secretar\u00eda de Seguridad y Protecci\u00f3n Ciudadana (SSPC), inform\u00f3 sobre la detenci\u00f3n de Jesse \u00abN\u00bb, alias \u00abJessy\u00bb, y Juan Carlos \u00abN\u00bb, alias \u00abCholo\u00bb, en Culiac\u00e1n, Sinaloa. Estos individuos son presuntos miembros de una c\u00e9lula delictiva implicada en homicidios, secuestros y tr\u00e1fico de armas y drogas.<\/p>\n<p class=\"\" data-start=\"637\" data-end=\"1104\">El operativo, coordinado por el <strong data-start=\"669\" data-end=\"694\">Gabinete de Seguridad<\/strong>, cont\u00f3 con la participaci\u00f3n de elementos de la Secretar\u00eda de Defensa y la <strong data-start=\"769\" data-end=\"789\">Guardia Nacional<\/strong>. Durante los cateos realizados por la Fiscal\u00eda General de la Rep\u00fablica (FGR) en tres inmuebles, se aseguraron 20 kg de coca\u00edna, precursores qu\u00edmicos, cristal, 10 armas, cargadores y seis veh\u00edculos, tres de ellos blindados. \u00abEsto es resultado del fortalecimiento de la seguridad en Sinaloa\u00bb, destac\u00f3 Garc\u00eda Harfuch.<\/p>\n<p class=\"\" data-start=\"1106\" data-end=\"1470\">El arresto de estos individuos est\u00e1 directamente relacionado con el tr\u00e1gico caso de los hermanos Gael Antonio y Alexander, quienes fueron asesinados en enero durante un intento de robo de veh\u00edculo que termin\u00f3 en una persecuci\u00f3n armada. El ataque provoc\u00f3 la muerte inmediata de su padre, Antonio de Jes\u00fas \u00abN\u00bb, y lesiones graves a otro menor que sigue hospitalizado.<\/p>\n<p class=\"\" data-start=\"1472\" data-end=\"1797\">El hecho ocurri\u00f3 el 19 de enero, cuando los delincuentes dispararon contra el coche de la familia. Gael Antonio, de doce a\u00f1os, muri\u00f3 horas despu\u00e9s en el hospital tras ser operado de emergencia por heridas en el abdomen y el t\u00f3rax. Dos d\u00edas m\u00e1s tarde, Alexander, de nueve a\u00f1os, tambi\u00e9n falleci\u00f3 debido a las lesiones sufridas.<\/p>\n<p class=\"\" data-start=\"1799\" data-end=\"2229\">La noticia del asesinato de los menores caus\u00f3 una profunda conmoci\u00f3n en la comunidad, desencadenando protestas y marchas en demanda de justicia y medidas m\u00e1s efectivas de seguridad por parte de las autoridades locales. El 23 de enero, cientos de ciudadanos se congregaron en una marcha de protesta, y m\u00e1s tarde, una segunda marcha por la paz exig\u00eda justicia para los menores y la renuncia del gobernador estatal, Rub\u00e9n Rocha Moya.<\/p>\n<p class=\"\" data-start=\"2231\" data-end=\"2653\">Este caso pone de relieve los desaf\u00edos que enfrenta Sinaloa en t\u00e9rminos de seguridad y la importancia de operativos efectivos como el liderado por la SSPC. La detenci\u00f3n de estos sospechosos no solo representa un paso adelante en la lucha contra la delincuencia organizada sino tambi\u00e9n un esfuerzo por restaurar la paz y la seguridad en la regi\u00f3n, asegurando que los responsables de actos tan atroces enfrenten la justicia.<\/p>\n","protected":false},"excerpt":{"rendered":"<p>En una operaci\u00f3n destacada, Omar Garc\u00eda Harfuch, titular de la Secretar\u00eda de Seguridad y Protecci\u00f3n Ciudadana (SSPC), inform\u00f3 sobre la detenci\u00f3n de Jesse \u00abN\u00bb, alias \u00abJessy\u00bb, y Juan Carlos \u00abN\u00bb, alias \u00abCholo\u00bb, en Culiac\u00e1n, Sinaloa. Estos individuos son presuntos miembros de una c\u00e9lula delictiva implicada en homicidios, secuestros y tr\u00e1fico de armas y drogas. El [&hellip;]<\/p>\n","protected":false},"author":21,"featured_media":64034,"comment_status":"open","ping_status":"open","sticky":false,"template":"","format":"standard","meta":{"_uf_show_specific_survey":0,"_uf_disable_surveys":false,"advanced_seo_description":"","jetpack_seo_html_title":"","jetpack_seo_noindex":false,"jetpack_post_was_ever_published":false,"_jetpack_newsletter_access":"","_jetpack_dont_email_post_to_subs":false,"_jetpack_newsletter_tier_id":0,"_jetpack_memberships_contains_paywalled_content":false,"_jetpack_memberships_contains_paid_content":false,"footnotes":"","jetpack_publicize_message":"","jetpack_publicize_feature_enabled":true,"jetpack_social_post_already_shared":true,"jetpack_social_options":{"image_generator_settings":{"template":"highway","default_image_id":0,"font":"","enabled":false},"version":2}},"categories":[1724,41],"tags":[],"class_list":{"0":"post-64033","1":"post","2":"type-post","3":"status-publish","4":"format-standard","5":"has-post-thumbnail","7":"category-featured","8":"category-sinaloa"},"jetpack_publicize_connections":[],"jetpack_featured_media_url":"https:\/\/i0.wp.com\/mexicocodigorojo.com.mx\/wp-content\/uploads\/2025\/03\/Captura-de-pantalla-2025-03-24-202906.jpg?fit=1193%2C727&ssl=1","jetpack-related-posts":[{"id":64578,"url":"https:\/\/mexicocodigorojo.com.mx\/?p=64578","url_meta":{"origin":64033,"position":0},"title":"Gobierno federal presume baja de homicidios y capturas clave en primeros 10 meses de Sheinbaum","author":"MexicoRojoCvmx","date":"agosto 13, 2025","format":false,"excerpt":"Ciudad de M\u00e9xico.\u2014 El titular de la Secretar\u00eda de Seguridad y Protecci\u00f3n Ciudadana (SSPC), Omar Garc\u00eda Harfuch, inform\u00f3 que en los primeros 10 meses del gobierno de la presidenta Claudia Sheinbaum los homicidios dolosos disminuyeron 25.3% respecto a septiembre de 2024, seg\u00fan datos del Secretariado Ejecutivo del Sistema Nacional de\u2026","rel":"","context":"En \u00abCiudad de M\u00e9xico\u00bb","block_context":{"text":"Ciudad de M\u00e9xico","link":"https:\/\/mexicocodigorojo.com.mx\/?cat=101"},"img":{"alt_text":"","src":"https:\/\/i0.wp.com\/mexicocodigorojo.com.mx\/wp-content\/uploads\/2025\/08\/Captura-de-pantalla-2025-08-13-073207.jpg?fit=1079%2C656&ssl=1&resize=350%2C200","width":350,"height":200,"srcset":"https:\/\/i0.wp.com\/mexicocodigorojo.com.mx\/wp-content\/uploads\/2025\/08\/Captura-de-pantalla-2025-08-13-073207.jpg?fit=1079%2C656&ssl=1&resize=350%2C200 1x, https:\/\/i0.wp.com\/mexicocodigorojo.com.mx\/wp-content\/uploads\/2025\/08\/Captura-de-pantalla-2025-08-13-073207.jpg?fit=1079%2C656&ssl=1&resize=525%2C300 1.5x, https:\/\/i0.wp.com\/mexicocodigorojo.com.mx\/wp-content\/uploads\/2025\/08\/Captura-de-pantalla-2025-08-13-073207.jpg?fit=1079%2C656&ssl=1&resize=700%2C400 2x, https:\/\/i0.wp.com\/mexicocodigorojo.com.mx\/wp-content\/uploads\/2025\/08\/Captura-de-pantalla-2025-08-13-073207.jpg?fit=1079%2C656&ssl=1&resize=1050%2C600 3x"},"classes":[]},{"id":40310,"url":"https:\/\/mexicocodigorojo.com.mx\/?p=40310","url_meta":{"origin":64033,"position":1},"title":"Arrestan a tres m\u00e1s en Tl\u00e1huac por atentado a Garc\u00eda Harfuch","author":"Staff","date":"junio 28, 2020","format":false,"excerpt":"Elementos de Inteligencia de la Secretar\u00eda de Seguridad Ciudadana de CDMX detuvieron a tres personas m\u00e1s por el atentado a Omar Garc\u00eda Harfuch CIUDAD DE M\u00c9XICO. Elementos de Inteligencia de la Secretar\u00eda de Seguridad Ciudadana de la Ciudad de M\u00e9xico\u00a0detuvieron a tres personas m\u00e1s por el atentado a Omar Garc\u00eda\u2026","rel":"","context":"En \u00abCiudad de M\u00e9xico\u00bb","block_context":{"text":"Ciudad de M\u00e9xico","link":"https:\/\/mexicocodigorojo.com.mx\/?cat=101"},"img":{"alt_text":"","src":"https:\/\/i0.wp.com\/mexicocodigorojo.com.mx\/wp-content\/uploads\/2020\/06\/2388837.jpg?fit=664%2C498&ssl=1&resize=350%2C200","width":350,"height":200,"srcset":"https:\/\/i0.wp.com\/mexicocodigorojo.com.mx\/wp-content\/uploads\/2020\/06\/2388837.jpg?fit=664%2C498&ssl=1&resize=350%2C200 1x, https:\/\/i0.wp.com\/mexicocodigorojo.com.mx\/wp-content\/uploads\/2020\/06\/2388837.jpg?fit=664%2C498&ssl=1&resize=525%2C300 1.5x"},"classes":[]},{"id":57860,"url":"https:\/\/mexicocodigorojo.com.mx\/?p=57860","url_meta":{"origin":64033,"position":2},"title":"FOTOS REAPARECE EL \u00abMINI LIC\u00bb Y SE\u00d1ALA A GARCIA HARFUCH DE HABER COLABORADO CON EL CDS","author":"MexicoRojo","date":"octubre 26, 2023","format":false,"excerpt":"Revelan im\u00e1genes in\u00e9ditas de D\u00e1maso L\u00f3pez Serrano, el Minilic, identificado por la Fiscal\u00eda Especial para la Atenci\u00f3n de Delitos cometidos contra de la Libertad de Expresi\u00f3n (FEADLE) como autor intelectual del asesinato del periodista Javier Valdez C\u00e1rdenas. \u00a0 \u00a0 Por su cooperaci\u00f3n con Estados Unidos y su acuerdo de culpabilidad,\u2026","rel":"","context":"En \u00abFeatured\u00bb","block_context":{"text":"Featured","link":"https:\/\/mexicocodigorojo.com.mx\/?cat=1724"},"img":{"alt_text":"","src":"https:\/\/i0.wp.com\/mexicocodigorojo.com.mx\/wp-content\/uploads\/2023\/10\/20231026_191204.jpg?fit=1171%2C1200&ssl=1&resize=350%2C200","width":350,"height":200,"srcset":"https:\/\/i0.wp.com\/mexicocodigorojo.com.mx\/wp-content\/uploads\/2023\/10\/20231026_191204.jpg?fit=1171%2C1200&ssl=1&resize=350%2C200 1x, https:\/\/i0.wp.com\/mexicocodigorojo.com.mx\/wp-content\/uploads\/2023\/10\/20231026_191204.jpg?fit=1171%2C1200&ssl=1&resize=525%2C300 1.5x, https:\/\/i0.wp.com\/mexicocodigorojo.com.mx\/wp-content\/uploads\/2023\/10\/20231026_191204.jpg?fit=1171%2C1200&ssl=1&resize=700%2C400 2x, https:\/\/i0.wp.com\/mexicocodigorojo.com.mx\/wp-content\/uploads\/2023\/10\/20231026_191204.jpg?fit=1171%2C1200&ssl=1&resize=1050%2C600 3x"},"classes":[]},{"id":63487,"url":"https:\/\/mexicocodigorojo.com.mx\/?p=63487","url_meta":{"origin":64033,"position":3},"title":"Detienen al \u2018Tigre\u2019, objetivo prioritario en Quintana Roo","author":"Staff","date":"diciembre 19, 2024","format":false,"excerpt":"El titular de la Secretar\u00eda de Seguridad Ciudadana, Omar Garc\u00eda Harfuch, anunci\u00f3 la detenci\u00f3n de\u00a0Miguel \u00c1ngel \u2018N\u2019, alias El\u00a0Tigre. El sujeto es\u00a0l\u00edder del C\u00e1rtel de Sinaloa\u00a0y se desempe\u00f1\u00f3 como como\u00a0director general de la Polic\u00eda de Investigaci\u00f3n de la Fiscal\u00eda de Quintana Roo. \u2018Gracias a la coordinaci\u00f3n entre instituciones del gabinete\u2026","rel":"","context":"En \u00abFeatured\u00bb","block_context":{"text":"Featured","link":"https:\/\/mexicocodigorojo.com.mx\/?cat=1724"},"img":{"alt_text":"","src":"https:\/\/mexicocodigorojo.com.mx\/wp-content\/uploads\/2024\/12\/GNDCDJJJF5E5VOLXAZFBXR75WM.avif","width":350,"height":200,"srcset":"https:\/\/mexicocodigorojo.com.mx\/wp-content\/uploads\/2024\/12\/GNDCDJJJF5E5VOLXAZFBXR75WM.avif 1x, https:\/\/mexicocodigorojo.com.mx\/wp-content\/uploads\/2024\/12\/GNDCDJJJF5E5VOLXAZFBXR75WM.avif 1.5x, https:\/\/mexicocodigorojo.com.mx\/wp-content\/uploads\/2024\/12\/GNDCDJJJF5E5VOLXAZFBXR75WM.avif 2x, https:\/\/mexicocodigorojo.com.mx\/wp-content\/uploads\/2024\/12\/GNDCDJJJF5E5VOLXAZFBXR75WM.avif 3x"},"classes":[]},{"id":63436,"url":"https:\/\/mexicocodigorojo.com.mx\/?p=63436","url_meta":{"origin":64033,"position":4},"title":"Ejecutan en Culiac\u00e1n al youtuber Leobardo Aispuro, \u00abEl Gordo Peruci\u00bb","author":"Staff","date":"diciembre 10, 2024","format":false,"excerpt":"El youtuber Leobardo Aispuro, conocido como \"El Gordo Peruci\",\u00a0fue asesinado la noche de este lunes por disparos de arma de fuego\u00a0en la colonia 21 de Marzo, en Culiac\u00e1n, Sinaloa.\u00a0 El joven fue atacado afuera de una vivienda ubicada en la intersecci\u00f3n de la avenida Coronel Calixto Pe\u00f1a y la calle\u2026","rel":"","context":"En \u00abFeatured\u00bb","block_context":{"text":"Featured","link":"https:\/\/mexicocodigorojo.com.mx\/?cat=1724"},"img":{"alt_text":"","src":"https:\/\/i0.wp.com\/mexicocodigorojo.com.mx\/wp-content\/uploads\/2024\/12\/img_2647-1.jpg?fit=739%2C415&ssl=1&resize=350%2C200","width":350,"height":200,"srcset":"https:\/\/i0.wp.com\/mexicocodigorojo.com.mx\/wp-content\/uploads\/2024\/12\/img_2647-1.jpg?fit=739%2C415&ssl=1&resize=350%2C200 1x, https:\/\/i0.wp.com\/mexicocodigorojo.com.mx\/wp-content\/uploads\/2024\/12\/img_2647-1.jpg?fit=739%2C415&ssl=1&resize=525%2C300 1.5x, https:\/\/i0.wp.com\/mexicocodigorojo.com.mx\/wp-content\/uploads\/2024\/12\/img_2647-1.jpg?fit=739%2C415&ssl=1&resize=700%2C400 2x"},"classes":[]},{"id":63733,"url":"https:\/\/mexicocodigorojo.com.mx\/?p=63733","url_meta":{"origin":64033,"position":5},"title":"Gobierno Federal Intensifica Acciones Contra la Violencia en Sinaloa; Desarticulan Operativo de &#8216;Los Chapitos","author":"MexicoRojoCvmx","date":"enero 28, 2025","format":false,"excerpt":"Durante la reciente presentaci\u00f3n del informe de seguridad, la presidenta Claudia Sheinbaum resalt\u00f3 la continua coordinaci\u00f3n con los gobiernos estatales para combatir la violencia en Sinaloa, sin entrar en detalles sobre el apoyo al gobernador Rub\u00e9n Rocha, ante las acusaciones de nexos previos con criminales. El secretario de Seguridad P\u00fablica\u2026","rel":"","context":"En \u00abCiudad de M\u00e9xico\u00bb","block_context":{"text":"Ciudad de M\u00e9xico","link":"https:\/\/mexicocodigorojo.com.mx\/?cat=101"},"img":{"alt_text":"","src":"https:\/\/i0.wp.com\/mexicocodigorojo.com.mx\/wp-content\/uploads\/2025\/01\/AA1y0V7j.jpg?fit=768%2C512&ssl=1&resize=350%2C200","width":350,"height":200,"srcset":"https:\/\/i0.wp.com\/mexicocodigorojo.com.mx\/wp-content\/uploads\/2025\/01\/AA1y0V7j.jpg?fit=768%2C512&ssl=1&resize=350%2C200 1x, https:\/\/i0.wp.com\/mexicocodigorojo.com.mx\/wp-content\/uploads\/2025\/01\/AA1y0V7j.jpg?fit=768%2C512&ssl=1&resize=525%2C300 1.5x, https:\/\/i0.wp.com\/mexicocodigorojo.com.mx\/wp-content\/uploads\/2025\/01\/AA1y0V7j.jpg?fit=768%2C512&ssl=1&resize=700%2C400 2x"},"classes":[]}],"jetpack_sharing_enabled":true,"jetpack_likes_enabled":true,"jetpack_shortlink":"https:\/\/wp.me\/p9TedA-gEN","_links":{"self":[{"href":"https:\/\/mexicocodigorojo.com.mx\/index.php?rest_route=\/wp\/v2\/posts\/64033","targetHints":{"allow":["GET"]}}],"collection":[{"href":"https:\/\/mexicocodigorojo.com.mx\/index.php?rest_route=\/wp\/v2\/posts"}],"about":[{"href":"https:\/\/mexicocodigorojo.com.mx\/index.php?rest_route=\/wp\/v2\/types\/post"}],"author":[{"embeddable":true,"href":"https:\/\/mexicocodigorojo.com.mx\/index.php?rest_route=\/wp\/v2\/users\/21"}],"replies":[{"embeddable":true,"href":"https:\/\/mexicocodigorojo.com.mx\/index.php?rest_route=%2Fwp%2Fv2%2Fcomments&post=64033"}],"version-history":[{"count":1,"href":"https:\/\/mexicocodigorojo.com.mx\/index.php?rest_route=\/wp\/v2\/posts\/64033\/revisions"}],"predecessor-version":[{"id":64035,"href":"https:\/\/mexicocodigorojo.com.mx\/index.php?rest_route=\/wp\/v2\/posts\/64033\/revisions\/64035"}],"wp:featuredmedia":[{"embeddable":true,"href":"https:\/\/mexicocodigorojo.com.mx\/index.php?rest_route=\/wp\/v2\/media\/64034"}],"wp:attachment":[{"href":"https:\/\/mexicocodigorojo.com.mx\/index.php?rest_route=%2Fwp%2Fv2%2Fmedia&parent=64033"}],"wp:term":[{"taxonomy":"category","embeddable":true,"href":"https:\/\/mexicocodigorojo.com.mx\/index.php?rest_route=%2Fwp%2Fv2%2Fcategories&post=64033"},{"taxonomy":"post_tag","embeddable":true,"href":"https:\/\/mexicocodigorojo.com.mx\/index.php?rest_route=%2Fwp%2Fv2%2Ftags&post=64033"}],"curies":[{"name":"wp","href":"https:\/\/api.w.org\/{rel}","templated":true}]}}